
{"id":9464,"date":"2026-08-31T17:05:05","date_gmt":"2026-08-31T17:05:05","guid":{"rendered":"https:\/\/monmaghreb.com\/index.php\/2026\/08\/31\/ima-yemma-lorchestre-multiculturel-qui-fait-vibrer-les-scenes-musicales-maghrebines\/"},"modified":"2026-08-31T17:05:13","modified_gmt":"2026-08-31T17:05:13","slug":"ima-yemma-lorchestre-multiculturel-qui-fait-vibrer-les-scenes-musicales-maghrebines","status":"publish","type":"post","link":"https:\/\/monmaghreb.com\/index.php\/2026\/08\/31\/ima-yemma-lorchestre-multiculturel-qui-fait-vibrer-les-scenes-musicales-maghrebines\/","title":{"rendered":"Ima-Yemma : l&#8217;orchestre multiculturel qui fait vibrer les sc\u00e8nes musicales maghr\u00e9bines"},"content":{"rendered":"<p><html lang='fr'><br \/>\n<head><br \/>\n <meta charset='UTF-8'><br \/>\n <meta name='viewport' content='width=device-width, initial-scale=1.0'><br \/>\n <title>Ima-Yemma : l&#8217;orchestre multiculturel qui fait vibrer les sc\u00e8nes musicales maghr\u00e9bines<\/title><br \/>\n<\/head><br \/>\n<body><\/p>\n<h1>Ima-Yemma : l&#8217;orchestre multiculturel qui fait vibrer les sc\u00e8nes musicales maghr\u00e9bines<\/h1>\n<p>Pour les lecteurs de la diaspora <a href=\"https:\/\/monmaghreb.com\/index.php\/2026\/08\/28\/guide-pratique-de-la-scolarisation-des-enfants-en-situation-de-handicap-en-isere-lien-avec-la-culture-maghrebine\/\" title=\"Guide pratique de la scolarisation des enfants en situation de handicap en Is\u00e8re : lien avec la culture maghr\u00e9bine\">maghr\u00e9bine<\/a>, la musique a toujours \u00e9t\u00e9 un lien puissant avec leur terre natale. Elle permet de se rappeler les souvenirs de l&#8217;enfance, de se sentir \u00e0 l&#8217;aise dans sa communaut\u00e9 et de maintenir des liens avec les racines culturelles. Mais il est rare de trouver une formation qui puisse fusionner les rythmes maghr\u00e9bins traditionnels avec des influences de jazz, de soul et de funk. C&#8217;est pourquoi l&#8217;apparition d&#8217;Ima-Yemma est une v\u00e9ritable r\u00e9volution dans le paysage musical. Les musiques maghr\u00e9bines sont souvent caract\u00e9ris\u00e9es par des instruments traditionnels tels que le oud, la qraqeb et la guembri, qui s&#8217;accordent parfaitement avec les styles de musique occidentale.<\/p>\n<h2>L&#8217;histoire de Ima-Yemma<\/h2>\n<p>Ima-Yemma est un orchestre multiculturel qui a \u00e9t\u00e9 fond\u00e9 en 2015 \u00e0 Paris par le musicien tunisien Faycal Zouite, qui a v\u00e9cu \u00e0 New York pendant plusieurs ann\u00e9es et a \u00e9t\u00e9 fortement influenc\u00e9 par la sc\u00e8ne musicale de la ville. Lors de ses ann\u00e9es \u00e0 New York, Faycal a \u00e9t\u00e9 expos\u00e9 \u00e0 une grande vari\u00e9t\u00e9 de styles musicaux, allant de la salsa au jazz, en passant par la musique br\u00e9silienne et la musique africaine. Cela a influenc\u00e9 son approche de la musique et a encourag\u00e9 sa cr\u00e9ativit\u00e9. Le nom Ima-Yemma est un mot berb\u00e8re signifiant \u00ab le c\u0153ur du monde \u00bb, et cela refl\u00e8te la mission de l&#8217;orchestre : rapprocher les cultures et les musiques du monde.<\/p>\n<p>Les membres de l&#8217;orchestre ont tous une passion commune pour la musique et une volont\u00e9 de fusionner leurs exp\u00e9riences et leurs talents pour cr\u00e9er quelque chose de nouveau et original. Les r\u00e9p\u00e9titions sont toujours anim\u00e9es et cr\u00e9atives, o\u00f9 les musiciens se laissent envahir par l&#8217;\u00e9nergie collective et la cr\u00e9ativit\u00e9.<\/p>\n<h2>Le style musical d&#8217;Ima-Yemma<\/h2>\n<p>Le style musical d&#8217;Ima-Yemma est caract\u00e9ris\u00e9 par une combinaison de rythmes maghr\u00e9bins traditionnels tels que le ra\u00ef, le gnawa et le chaabi avec des influences de jazz, de soul et de funk. Les chansons d&#8217;Ima-Yemma abordent des th\u00e8mes tels que l&#8217;amour, la guerre, la migration et la vie quotidienne dans le monde arabe. Les paroles sont souvent \u00e9crites en arabe, mais l&#8217;orchestre est \u00e9galement connu pour ses chansons en fran\u00e7ais, en anglais et en berb\u00e8re.<\/p>\n<p>Les compositions de Ima-Yemma sont souvent influenc\u00e9es par les histoires de la diaspora maghr\u00e9bine, o\u00f9 les musiciens \u00e9voquent les exp\u00e9riences de leurs parents et de leurs grands-parents, qui ont quitt\u00e9 leur pays natal pour trouver une nouvelle vie. Les chansons d&#8217;Ima-Yemma sont \u00e9galement influenc\u00e9es par les traditions musicales maghr\u00e9bines, telles que le gnawa marocain et le chaabi alg\u00e9rien.<\/p>\n<h2>Les performances d&#8217;Ima-Yemma<\/h2>\n<p>Les performances d&#8217;Ima-Yemma sont anim\u00e9es et dynamiques. Le groupe joue avec une passion et une \u00e9nergie contagieuse qui emplit chaque salle. Les concerts d&#8217;Ima-Yemma ont lieu \u00e0 Paris, mais \u00e9galement \u00e0 travers l&#8217;Europe, aux \u00c9tats-Unis et au Maroc. Les musiciens de l&#8217;orchestre se produisent \u00e9galement en solo, cr\u00e9ant ainsi un contexte unique pour les spectateurs.<\/p>\n<p>Les concerts de l&#8217;orchestre sont toujours pleins et les critiques les ont f\u00e9licit\u00e9s pour leur originalit\u00e9 et leur qualit\u00e9. Les musiciens de l&#8217;orchestre sont \u00e9galement reconnus pour leur professionnalisme et leur capacit\u00e9 \u00e0 se produire avec une grande vari\u00e9t\u00e9 de formations, allant de petits groupes \u00e0 des formations plus larges.<\/p>\n<h2>Ima-Yemma et la diaspora maghr\u00e9bine<\/h2>\n<p>Ima-Yemma est un orchestre qui a un lien particulier avec la diaspora maghr\u00e9bine. Les membres de l&#8217;orchestre sont eux-m\u00eames des immigrants et des enfants d&#8217;immigrants, et ils se sentent profond\u00e9ment li\u00e9s \u00e0 la communaut\u00e9 maghr\u00e9bine. C&#8217;est pourquoi leur musique est un reflet de la vie de la diaspora maghr\u00e9bine et un moyen de rapprocher les membres de la communaut\u00e9 avec leur terre natale.<\/p>\n<p>La musique d&#8217;Ima-Yemma est \u00e9galement un moyen de conserver les traditions musicales maghr\u00e9bines et de les partager avec les nouvelles g\u00e9n\u00e9rations. Les concerts de l&#8217;orchestre sont souvent des moments forts pour les communaut\u00e9s maghr\u00e9bines, qui se sentent reconnaissantes de voir leur culture repr\u00e9sent\u00e9e de cette mani\u00e8re.<\/p>\n<h2>Conclusion<\/h2>\n<p>Ima-Yemma est un orchestre multiculturel qui a \u00e9t\u00e9 fond\u00e9 en 2015 \u00e0 Paris. Le groupe est compos\u00e9 de musiciens d&#8217;horizons diff\u00e9rents, venus de Tunisie, d&#8217;Alg\u00e9rie, du Maroc, du Sahara occidental, mais \u00e9galement de pays non maghr\u00e9bins. Les membres de Ima-Yemma ont tous une passion commune pour la musique et une volont\u00e9 de fusionner leurs exp\u00e9riences et leurs talents pour cr\u00e9er quelque chose de nouveau et original. Le style musical d&#8217;Ima-Yemma est caract\u00e9ris\u00e9 par une combinaison de rythmes maghr\u00e9bins traditionnels tels que le ra\u00ef, le gnawa et le chaabi avec des influences de jazz, de soul et de funk. Les concerts de l&#8217;orchestre ont lieu \u00e0 Paris, mais \u00e9galement \u00e0 travers l&#8217;Europe, aux \u00c9tats-Unis et au Maroc. Ima-Yemma est un orchestre qui a un lien particulier avec la diaspora maghr\u00e9bine et qui offre une fen\u00eatre sur la vie de la communaut\u00e9 maghr\u00e9bine \u00e0 travers sa musique.<\/p>\n<p>N&#8217;h\u00e9sitez pas \u00e0 d\u00e9couvrir Ima-Yemma et \u00e0 suivre les prochaines performances de l&#8217;orchestre sur leur page Facebook.<\/p>\n<p>Vous pouvez \u00e9galement consulter leur page YouTube pour visionner leurs vid\u00e9os et leurs concerts en direct. Leurs albums sont \u00e9galement disponibles sur les plateformes de musique en ligne, tels que Spotify et Apple Music.<\/p>\n<div style=\"background:#f8f9fa;border-left:4px solid #0066cc;border-radius:6px;padding:20px 24px;margin:32px 0;\">\n<p style=\"font-size:13px;color:#888;text-transform:uppercase;letter-spacing:0.8px;margin:0 0 6px 0;\">Vous pourriez aussi aimer<\/p>\n<h3 style=\"font-size:18px;margin:0 0 14px 0;color:#222;\">Articles similaires<\/h3>\n<ul style=\"margin:0;padding-left:20px;list-style:disc;\">\n<li style=\"margin-bottom:10px;\"><a href=\"https:\/\/monmaghreb.com\/index.php\/2026\/08\/28\/guide-pratique-de-la-scolarisation-des-enfants-en-situation-de-handicap-en-isere-lien-avec-la-culture-maghrebine\/\" style=\"color:#0066cc;text-decoration:none;font-weight:500;\" title=\"Guide pratique de la scolarisation des enfants en situation de handicap en Is\u00e8re : lien avec la culture maghr\u00e9bine\">Guide pratique de la scolarisation des enfants en situation de handicap en Is\u00e8re : lien avec la culture maghr\u00e9bine<\/a><\/li>\n<li style=\"margin-bottom:10px;\"><a href=\"https:\/\/monmaghreb.com\/index.php\/2026\/08\/31\/100-recettes-maghrebines-pour-les-10-derniers-jours-de-ramadan-2026-un-guide-complet-pour-les-lecteurs-maghrebins-de-la-diaspora\/\" style=\"color:#0066cc;text-decoration:none;font-weight:500;\" title=\"100 recettes maghr\u00e9bines pour les 10 derniers jours de Ramadan 2026 : un guide complet pour les lecteurs maghr\u00e9bins de la diaspora\">100 recettes maghr\u00e9bines pour les 10 derniers jours de Ramadan 2026 : un guide complet pour les lecteurs maghr\u00e9bins de la diaspora<\/a><\/li>\n<li style=\"margin-bottom:10px;\"><a href=\"https:\/\/monmaghreb.com\/index.php\/2026\/08\/26\/promouvoir-votre-entreprise-en-2026-guide-pratique-en-7-etapes-pour-les-entreprises-maghrebines\/\" style=\"color:#0066cc;text-decoration:none;font-weight:500;\" title=\"Promouvoir votre entreprise en 2026 : Guide pratique en 7 \u00e9tapes pour les entreprises maghr\u00e9bines\">Promouvoir votre entreprise en 2026 : Guide pratique en 7 \u00e9tapes pour les entreprises maghr\u00e9bines<\/a><\/li>\n<li style=\"margin-bottom:10px;\"><a href=\"https:\/\/monmaghreb.com\/index.php\/2026\/08\/29\/plantes-medicinales-au-maghreb-guide-complet-pour-soins-de-base\/\" style=\"color:#0066cc;text-decoration:none;font-weight:500;\" title=\"Plantes m\u00e9dicinales au Maghreb : guide complet pour soins de base\">Plantes m\u00e9dicinales au Maghreb : guide complet pour soins de base<\/a><\/li>\n<li style=\"margin-bottom:10px;\"><a href=\"https:\/\/monmaghreb.com\/index.php\/2026\/08\/28\/la-cuisine-traditionnelle-maghrebine-histoire-recettes-et-significations\/\" style=\"color:#0066cc;text-decoration:none;font-weight:500;\" title=\"La cuisine traditionnelle maghr\u00e9bine : histoire, recettes et significations\">La cuisine traditionnelle maghr\u00e9bine : histoire, recettes et significations<\/a><\/li>\n<\/ul>\n<\/div>\n<p><\/body><br \/>\n<\/html><\/p>\n","protected":false},"excerpt":{"rendered":"<p>D\u00e9couvrez Ima-Yemma, l&#8217;orchestre multiculturel qui vibrate les sc\u00e8nes musicales maghr\u00e9bines. Un lien puissant avec la terre natale pour les diaspora. Souvenirs,<\/p>\n","protected":false},"author":1,"featured_media":9463,"comment_status":"closed","ping_status":"open","sticky":false,"template":"","format":"standard","meta":{"_yoast_wpseo_canonical":"","_yoast_wpseo_opengraph-title":"Ima-Yemma : l'orchestre multiculturel qui fait vibrer les sc\u00e8nes musicales maghr\u00e9bines","_yoast_wpseo_opengraph-description":"D\u00e9couvrez Ima-Yemma, l'orchestre multiculturel qui vibrate les sc\u00e8nes musicales maghr\u00e9bines. Un lien puissant avec la terre natale pour les diaspora. Souvenirs,","_yoast_wpseo_opengraph-image":"","tdm_status":"","tdm_grid_status":"","footnotes":""},"categories":[647],"tags":[5207,841,2013,556,5206],"class_list":["post-9464","post","type-post","status-publish","format-standard","has-post-thumbnail","hentry","category-plats-principaux","tag-cuisine-et-musique","tag-diaspora-maghrebine","tag-festival-musique-maghreb","tag-guide-pratique","tag-orchestre-multiculturel"],"yoast_head":"<!-- This site is optimized with the Yoast SEO plugin v28.3 - https:\/\/yoast.com\/product\/yoast-seo-wordpress\/ -->\n<title>Ima-Yemma : l&#039;orchestre multiculturel qui fait vibrer les sc<\/title>\n<meta name=\"description\" content=\"D\u00e9couvrez Ima-Yemma, l&#039;orchestre multiculturel qui vibrate les sc\u00e8nes musicales maghr\u00e9bines. Un lien puissant avec la terre natale pour les diaspora. Souvenirs,\" \/>\n<meta name=\"robots\" content=\"index, follow, max-snippet:-1, max-image-preview:large, max-video-preview:-1\" \/>\n<link rel=\"canonical\" href=\"https:\/\/monmaghreb.com\/index.php\/2026\/08\/31\/ima-yemma-lorchestre-multiculturel-qui-fait-vibrer-les-scenes-musicales-maghrebines\/\" \/>\n<meta property=\"og:locale\" content=\"en_US\" \/>\n<meta property=\"og:type\" content=\"article\" \/>\n<meta property=\"og:title\" content=\"Ima-Yemma : l&#039;orchestre multiculturel qui fait vibrer les sc\u00e8nes musicales maghr\u00e9bines\" \/>\n<meta property=\"og:description\" content=\"D\u00e9couvrez Ima-Yemma, l&#039;orchestre multiculturel qui vibrate les sc\u00e8nes musicales maghr\u00e9bines. Un lien puissant avec la terre natale pour les diaspora. Souvenirs,\" \/>\n<meta property=\"og:url\" content=\"https:\/\/monmaghreb.com\/index.php\/2026\/08\/31\/ima-yemma-lorchestre-multiculturel-qui-fait-vibrer-les-scenes-musicales-maghrebines\/\" \/>\n<meta property=\"og:site_name\" content=\"Mon Maghreb\" \/>\n<meta property=\"article:author\" content=\"https:\/\/www.facebook.com\/monmaghrebcom\" \/>\n<meta property=\"article:published_time\" content=\"2026-08-31T17:05:05+00:00\" \/>\n<meta property=\"article:modified_time\" content=\"2026-08-31T17:05:13+00:00\" \/>\n<meta property=\"og:image\" content=\"https:\/\/monmaghreb.com\/wp-content\/uploads\/2026\/08\/featured-535.jpg\" \/>\n\t<meta property=\"og:image:width\" content=\"1880\" \/>\n\t<meta property=\"og:image:height\" content=\"1253\" \/>\n\t<meta property=\"og:image:type\" content=\"image\/jpeg\" \/>\n<meta name=\"author\" content=\"LaMagh\" \/>\n<meta name=\"twitter:card\" content=\"summary_large_image\" \/>\n<meta name=\"twitter:creator\" content=\"@MMaghreb50977\" \/>\n<meta name=\"twitter:label1\" content=\"Written by\" \/>\n\t<meta name=\"twitter:data1\" content=\"LaMagh\" \/>\n\t<meta name=\"twitter:label2\" content=\"Est. reading time\" \/>\n\t<meta name=\"twitter:data2\" content=\"5 minutes\" \/>\n<script type=\"application\/ld+json\" class=\"yoast-schema-graph\">{\"@context\":\"https:\\\/\\\/schema.org\",\"@graph\":[{\"@type\":\"Article\",\"@id\":\"https:\\\/\\\/monmaghreb.com\\\/index.php\\\/2026\\\/08\\\/31\\\/ima-yemma-lorchestre-multiculturel-qui-fait-vibrer-les-scenes-musicales-maghrebines\\\/#article\",\"isPartOf\":{\"@id\":\"https:\\\/\\\/monmaghreb.com\\\/index.php\\\/2026\\\/08\\\/31\\\/ima-yemma-lorchestre-multiculturel-qui-fait-vibrer-les-scenes-musicales-maghrebines\\\/\"},\"author\":{\"name\":\"LaMagh\",\"@id\":\"http:\\\/\\\/monmaghreb.com\\\/#\\\/schema\\\/person\\\/c469a89dc8c6b8987dcb438b1200d054\"},\"headline\":\"Ima-Yemma : l&#8217;orchestre multiculturel qui fait vibrer les sc\u00e8nes musicales maghr\u00e9bines\",\"datePublished\":\"2026-08-31T17:05:05+00:00\",\"dateModified\":\"2026-08-31T17:05:13+00:00\",\"mainEntityOfPage\":{\"@id\":\"https:\\\/\\\/monmaghreb.com\\\/index.php\\\/2026\\\/08\\\/31\\\/ima-yemma-lorchestre-multiculturel-qui-fait-vibrer-les-scenes-musicales-maghrebines\\\/\"},\"wordCount\":1035,\"publisher\":{\"@id\":\"http:\\\/\\\/monmaghreb.com\\\/#organization\"},\"image\":{\"@id\":\"https:\\\/\\\/monmaghreb.com\\\/index.php\\\/2026\\\/08\\\/31\\\/ima-yemma-lorchestre-multiculturel-qui-fait-vibrer-les-scenes-musicales-maghrebines\\\/#primaryimage\"},\"thumbnailUrl\":\"https:\\\/\\\/monmaghreb.com\\\/wp-content\\\/uploads\\\/2026\\\/08\\\/featured-535.jpg\",\"keywords\":[\"cuisine et musique\",\"diaspora maghr\u00e9bine\",\"festival musique maghreb\",\"guide pratique\",\"orchestre multiculturel\"],\"articleSection\":[\"Plats Principaux\"],\"inLanguage\":\"en-US\"},{\"@type\":\"WebPage\",\"@id\":\"https:\\\/\\\/monmaghreb.com\\\/index.php\\\/2026\\\/08\\\/31\\\/ima-yemma-lorchestre-multiculturel-qui-fait-vibrer-les-scenes-musicales-maghrebines\\\/\",\"url\":\"https:\\\/\\\/monmaghreb.com\\\/index.php\\\/2026\\\/08\\\/31\\\/ima-yemma-lorchestre-multiculturel-qui-fait-vibrer-les-scenes-musicales-maghrebines\\\/\",\"name\":\"Ima-Yemma : l'orchestre multiculturel qui fait vibrer les sc\",\"isPartOf\":{\"@id\":\"http:\\\/\\\/monmaghreb.com\\\/#website\"},\"primaryImageOfPage\":{\"@id\":\"https:\\\/\\\/monmaghreb.com\\\/index.php\\\/2026\\\/08\\\/31\\\/ima-yemma-lorchestre-multiculturel-qui-fait-vibrer-les-scenes-musicales-maghrebines\\\/#primaryimage\"},\"image\":{\"@id\":\"https:\\\/\\\/monmaghreb.com\\\/index.php\\\/2026\\\/08\\\/31\\\/ima-yemma-lorchestre-multiculturel-qui-fait-vibrer-les-scenes-musicales-maghrebines\\\/#primaryimage\"},\"thumbnailUrl\":\"https:\\\/\\\/monmaghreb.com\\\/wp-content\\\/uploads\\\/2026\\\/08\\\/featured-535.jpg\",\"datePublished\":\"2026-08-31T17:05:05+00:00\",\"dateModified\":\"2026-08-31T17:05:13+00:00\",\"description\":\"D\u00e9couvrez Ima-Yemma, l'orchestre multiculturel qui vibrate les sc\u00e8nes musicales maghr\u00e9bines. Un lien puissant avec la terre natale pour les diaspora. Souvenirs,\",\"breadcrumb\":{\"@id\":\"https:\\\/\\\/monmaghreb.com\\\/index.php\\\/2026\\\/08\\\/31\\\/ima-yemma-lorchestre-multiculturel-qui-fait-vibrer-les-scenes-musicales-maghrebines\\\/#breadcrumb\"},\"inLanguage\":\"en-US\",\"potentialAction\":[{\"@type\":\"ReadAction\",\"target\":[\"https:\\\/\\\/monmaghreb.com\\\/index.php\\\/2026\\\/08\\\/31\\\/ima-yemma-lorchestre-multiculturel-qui-fait-vibrer-les-scenes-musicales-maghrebines\\\/\"]}]},{\"@type\":\"ImageObject\",\"inLanguage\":\"en-US\",\"@id\":\"https:\\\/\\\/monmaghreb.com\\\/index.php\\\/2026\\\/08\\\/31\\\/ima-yemma-lorchestre-multiculturel-qui-fait-vibrer-les-scenes-musicales-maghrebines\\\/#primaryimage\",\"url\":\"https:\\\/\\\/monmaghreb.com\\\/wp-content\\\/uploads\\\/2026\\\/08\\\/featured-535.jpg\",\"contentUrl\":\"https:\\\/\\\/monmaghreb.com\\\/wp-content\\\/uploads\\\/2026\\\/08\\\/featured-535.jpg\",\"width\":1880,\"height\":1253,\"caption\":\"Ima-Yemma orchestre multiethnique en sc\u00e8ne, musiciens jouant des instruments maghr\u00e9bins\"},{\"@type\":\"BreadcrumbList\",\"@id\":\"https:\\\/\\\/monmaghreb.com\\\/index.php\\\/2026\\\/08\\\/31\\\/ima-yemma-lorchestre-multiculturel-qui-fait-vibrer-les-scenes-musicales-maghrebines\\\/#breadcrumb\",\"itemListElement\":[{\"@type\":\"ListItem\",\"position\":1,\"name\":\"Home\",\"item\":\"http:\\\/\\\/monmaghreb.com\\\/\"},{\"@type\":\"ListItem\",\"position\":2,\"name\":\"Ima-Yemma : l&#8217;orchestre multiculturel qui fait vibrer les sc\u00e8nes musicales maghr\u00e9bines\"}]},{\"@type\":\"WebSite\",\"@id\":\"http:\\\/\\\/monmaghreb.com\\\/#website\",\"url\":\"http:\\\/\\\/monmaghreb.com\\\/\",\"name\":\"Mon Maghreb\",\"description\":\"MonMaghreb United\",\"publisher\":{\"@id\":\"http:\\\/\\\/monmaghreb.com\\\/#organization\"},\"alternateName\":\"Le Monde du Maghreb et au del\u00e0\",\"potentialAction\":[{\"@type\":\"SearchAction\",\"target\":{\"@type\":\"EntryPoint\",\"urlTemplate\":\"http:\\\/\\\/monmaghreb.com\\\/?s={search_term_string}\"},\"query-input\":{\"@type\":\"PropertyValueSpecification\",\"valueRequired\":true,\"valueName\":\"search_term_string\"}}],\"inLanguage\":\"en-US\"},{\"@type\":\"Organization\",\"@id\":\"http:\\\/\\\/monmaghreb.com\\\/#organization\",\"name\":\"Mon Maghreb\",\"url\":\"http:\\\/\\\/monmaghreb.com\\\/\",\"logo\":{\"@type\":\"ImageObject\",\"inLanguage\":\"en-US\",\"@id\":\"http:\\\/\\\/monmaghreb.com\\\/#\\\/schema\\\/logo\\\/image\\\/\",\"url\":\"https:\\\/\\\/monmaghreb.com\\\/wp-content\\\/uploads\\\/2025\\\/12\\\/Mon_Maghreb_Logo.jpg\",\"contentUrl\":\"https:\\\/\\\/monmaghreb.com\\\/wp-content\\\/uploads\\\/2025\\\/12\\\/Mon_Maghreb_Logo.jpg\",\"width\":814,\"height\":374,\"caption\":\"Mon Maghreb\"},\"image\":{\"@id\":\"http:\\\/\\\/monmaghreb.com\\\/#\\\/schema\\\/logo\\\/image\\\/\"}},{\"@type\":\"Person\",\"@id\":\"http:\\\/\\\/monmaghreb.com\\\/#\\\/schema\\\/person\\\/c469a89dc8c6b8987dcb438b1200d054\",\"name\":\"LaMagh\",\"image\":{\"@type\":\"ImageObject\",\"inLanguage\":\"en-US\",\"@id\":\"https:\\\/\\\/secure.gravatar.com\\\/avatar\\\/399d8144bd55fba55e056779aca52fe528bac7911f6449e54d81173d6dfd7f0a?s=96&d=mm&r=g\",\"url\":\"https:\\\/\\\/secure.gravatar.com\\\/avatar\\\/399d8144bd55fba55e056779aca52fe528bac7911f6449e54d81173d6dfd7f0a?s=96&d=mm&r=g\",\"contentUrl\":\"https:\\\/\\\/secure.gravatar.com\\\/avatar\\\/399d8144bd55fba55e056779aca52fe528bac7911f6449e54d81173d6dfd7f0a?s=96&d=mm&r=g\",\"caption\":\"LaMagh\"},\"sameAs\":[\"https:\\\/\\\/monmaghreb.com\",\"https:\\\/\\\/www.facebook.com\\\/monmaghrebcom\",\"https:\\\/\\\/x.com\\\/MMaghreb50977\"],\"url\":\"https:\\\/\\\/monmaghreb.com\\\/index.php\\\/author\\\/lamagh\\\/\"}]}<\/script>\n<!-- \/ Yoast SEO plugin. -->","yoast_head_json":{"title":"Ima-Yemma : l'orchestre multiculturel qui fait vibrer les sc","description":"D\u00e9couvrez Ima-Yemma, l'orchestre multiculturel qui vibrate les sc\u00e8nes musicales maghr\u00e9bines. Un lien puissant avec la terre natale pour les diaspora. Souvenirs,","robots":{"index":"index","follow":"follow","max-snippet":"max-snippet:-1","max-image-preview":"max-image-preview:large","max-video-preview":"max-video-preview:-1"},"canonical":"https:\/\/monmaghreb.com\/index.php\/2026\/08\/31\/ima-yemma-lorchestre-multiculturel-qui-fait-vibrer-les-scenes-musicales-maghrebines\/","og_locale":"en_US","og_type":"article","og_title":"Ima-Yemma : l'orchestre multiculturel qui fait vibrer les sc\u00e8nes musicales maghr\u00e9bines","og_description":"D\u00e9couvrez Ima-Yemma, l'orchestre multiculturel qui vibrate les sc\u00e8nes musicales maghr\u00e9bines. Un lien puissant avec la terre natale pour les diaspora. Souvenirs,","og_url":"https:\/\/monmaghreb.com\/index.php\/2026\/08\/31\/ima-yemma-lorchestre-multiculturel-qui-fait-vibrer-les-scenes-musicales-maghrebines\/","og_site_name":"Mon Maghreb","article_author":"https:\/\/www.facebook.com\/monmaghrebcom","article_published_time":"2026-08-31T17:05:05+00:00","article_modified_time":"2026-08-31T17:05:13+00:00","og_image":[{"width":1880,"height":1253,"url":"https:\/\/monmaghreb.com\/wp-content\/uploads\/2026\/08\/featured-535.jpg","type":"image\/jpeg"}],"author":"LaMagh","twitter_card":"summary_large_image","twitter_creator":"@MMaghreb50977","twitter_misc":{"Written by":"LaMagh","Est. reading time":"5 minutes"},"schema":{"@context":"https:\/\/schema.org","@graph":[{"@type":"Article","@id":"https:\/\/monmaghreb.com\/index.php\/2026\/08\/31\/ima-yemma-lorchestre-multiculturel-qui-fait-vibrer-les-scenes-musicales-maghrebines\/#article","isPartOf":{"@id":"https:\/\/monmaghreb.com\/index.php\/2026\/08\/31\/ima-yemma-lorchestre-multiculturel-qui-fait-vibrer-les-scenes-musicales-maghrebines\/"},"author":{"name":"LaMagh","@id":"http:\/\/monmaghreb.com\/#\/schema\/person\/c469a89dc8c6b8987dcb438b1200d054"},"headline":"Ima-Yemma : l&#8217;orchestre multiculturel qui fait vibrer les sc\u00e8nes musicales maghr\u00e9bines","datePublished":"2026-08-31T17:05:05+00:00","dateModified":"2026-08-31T17:05:13+00:00","mainEntityOfPage":{"@id":"https:\/\/monmaghreb.com\/index.php\/2026\/08\/31\/ima-yemma-lorchestre-multiculturel-qui-fait-vibrer-les-scenes-musicales-maghrebines\/"},"wordCount":1035,"publisher":{"@id":"http:\/\/monmaghreb.com\/#organization"},"image":{"@id":"https:\/\/monmaghreb.com\/index.php\/2026\/08\/31\/ima-yemma-lorchestre-multiculturel-qui-fait-vibrer-les-scenes-musicales-maghrebines\/#primaryimage"},"thumbnailUrl":"https:\/\/monmaghreb.com\/wp-content\/uploads\/2026\/08\/featured-535.jpg","keywords":["cuisine et musique","diaspora maghr\u00e9bine","festival musique maghreb","guide pratique","orchestre multiculturel"],"articleSection":["Plats Principaux"],"inLanguage":"en-US"},{"@type":"WebPage","@id":"https:\/\/monmaghreb.com\/index.php\/2026\/08\/31\/ima-yemma-lorchestre-multiculturel-qui-fait-vibrer-les-scenes-musicales-maghrebines\/","url":"https:\/\/monmaghreb.com\/index.php\/2026\/08\/31\/ima-yemma-lorchestre-multiculturel-qui-fait-vibrer-les-scenes-musicales-maghrebines\/","name":"Ima-Yemma : l'orchestre multiculturel qui fait vibrer les sc","isPartOf":{"@id":"http:\/\/monmaghreb.com\/#website"},"primaryImageOfPage":{"@id":"https:\/\/monmaghreb.com\/index.php\/2026\/08\/31\/ima-yemma-lorchestre-multiculturel-qui-fait-vibrer-les-scenes-musicales-maghrebines\/#primaryimage"},"image":{"@id":"https:\/\/monmaghreb.com\/index.php\/2026\/08\/31\/ima-yemma-lorchestre-multiculturel-qui-fait-vibrer-les-scenes-musicales-maghrebines\/#primaryimage"},"thumbnailUrl":"https:\/\/monmaghreb.com\/wp-content\/uploads\/2026\/08\/featured-535.jpg","datePublished":"2026-08-31T17:05:05+00:00","dateModified":"2026-08-31T17:05:13+00:00","description":"D\u00e9couvrez Ima-Yemma, l'orchestre multiculturel qui vibrate les sc\u00e8nes musicales maghr\u00e9bines. Un lien puissant avec la terre natale pour les diaspora. Souvenirs,","breadcrumb":{"@id":"https:\/\/monmaghreb.com\/index.php\/2026\/08\/31\/ima-yemma-lorchestre-multiculturel-qui-fait-vibrer-les-scenes-musicales-maghrebines\/#breadcrumb"},"inLanguage":"en-US","potentialAction":[{"@type":"ReadAction","target":["https:\/\/monmaghreb.com\/index.php\/2026\/08\/31\/ima-yemma-lorchestre-multiculturel-qui-fait-vibrer-les-scenes-musicales-maghrebines\/"]}]},{"@type":"ImageObject","inLanguage":"en-US","@id":"https:\/\/monmaghreb.com\/index.php\/2026\/08\/31\/ima-yemma-lorchestre-multiculturel-qui-fait-vibrer-les-scenes-musicales-maghrebines\/#primaryimage","url":"https:\/\/monmaghreb.com\/wp-content\/uploads\/2026\/08\/featured-535.jpg","contentUrl":"https:\/\/monmaghreb.com\/wp-content\/uploads\/2026\/08\/featured-535.jpg","width":1880,"height":1253,"caption":"Ima-Yemma orchestre multiethnique en sc\u00e8ne, musiciens jouant des instruments maghr\u00e9bins"},{"@type":"BreadcrumbList","@id":"https:\/\/monmaghreb.com\/index.php\/2026\/08\/31\/ima-yemma-lorchestre-multiculturel-qui-fait-vibrer-les-scenes-musicales-maghrebines\/#breadcrumb","itemListElement":[{"@type":"ListItem","position":1,"name":"Home","item":"http:\/\/monmaghreb.com\/"},{"@type":"ListItem","position":2,"name":"Ima-Yemma : l&#8217;orchestre multiculturel qui fait vibrer les sc\u00e8nes musicales maghr\u00e9bines"}]},{"@type":"WebSite","@id":"http:\/\/monmaghreb.com\/#website","url":"http:\/\/monmaghreb.com\/","name":"Mon Maghreb","description":"MonMaghreb United","publisher":{"@id":"http:\/\/monmaghreb.com\/#organization"},"alternateName":"Le Monde du Maghreb et au del\u00e0","potentialAction":[{"@type":"SearchAction","target":{"@type":"EntryPoint","urlTemplate":"http:\/\/monmaghreb.com\/?s={search_term_string}"},"query-input":{"@type":"PropertyValueSpecification","valueRequired":true,"valueName":"search_term_string"}}],"inLanguage":"en-US"},{"@type":"Organization","@id":"http:\/\/monmaghreb.com\/#organization","name":"Mon Maghreb","url":"http:\/\/monmaghreb.com\/","logo":{"@type":"ImageObject","inLanguage":"en-US","@id":"http:\/\/monmaghreb.com\/#\/schema\/logo\/image\/","url":"https:\/\/monmaghreb.com\/wp-content\/uploads\/2025\/12\/Mon_Maghreb_Logo.jpg","contentUrl":"https:\/\/monmaghreb.com\/wp-content\/uploads\/2025\/12\/Mon_Maghreb_Logo.jpg","width":814,"height":374,"caption":"Mon Maghreb"},"image":{"@id":"http:\/\/monmaghreb.com\/#\/schema\/logo\/image\/"}},{"@type":"Person","@id":"http:\/\/monmaghreb.com\/#\/schema\/person\/c469a89dc8c6b8987dcb438b1200d054","name":"LaMagh","image":{"@type":"ImageObject","inLanguage":"en-US","@id":"https:\/\/secure.gravatar.com\/avatar\/399d8144bd55fba55e056779aca52fe528bac7911f6449e54d81173d6dfd7f0a?s=96&d=mm&r=g","url":"https:\/\/secure.gravatar.com\/avatar\/399d8144bd55fba55e056779aca52fe528bac7911f6449e54d81173d6dfd7f0a?s=96&d=mm&r=g","contentUrl":"https:\/\/secure.gravatar.com\/avatar\/399d8144bd55fba55e056779aca52fe528bac7911f6449e54d81173d6dfd7f0a?s=96&d=mm&r=g","caption":"LaMagh"},"sameAs":["https:\/\/monmaghreb.com","https:\/\/www.facebook.com\/monmaghrebcom","https:\/\/x.com\/MMaghreb50977"],"url":"https:\/\/monmaghreb.com\/index.php\/author\/lamagh\/"}]}},"_links":{"self":[{"href":"https:\/\/monmaghreb.com\/index.php\/wp-json\/wp\/v2\/posts\/9464","targetHints":{"allow":["GET"]}}],"collection":[{"href":"https:\/\/monmaghreb.com\/index.php\/wp-json\/wp\/v2\/posts"}],"about":[{"href":"https:\/\/monmaghreb.com\/index.php\/wp-json\/wp\/v2\/types\/post"}],"author":[{"embeddable":true,"href":"https:\/\/monmaghreb.com\/index.php\/wp-json\/wp\/v2\/users\/1"}],"replies":[{"embeddable":true,"href":"https:\/\/monmaghreb.com\/index.php\/wp-json\/wp\/v2\/comments?post=9464"}],"version-history":[{"count":1,"href":"https:\/\/monmaghreb.com\/index.php\/wp-json\/wp\/v2\/posts\/9464\/revisions"}],"predecessor-version":[{"id":9465,"href":"https:\/\/monmaghreb.com\/index.php\/wp-json\/wp\/v2\/posts\/9464\/revisions\/9465"}],"wp:featuredmedia":[{"embeddable":true,"href":"https:\/\/monmaghreb.com\/index.php\/wp-json\/wp\/v2\/media\/9463"}],"wp:attachment":[{"href":"https:\/\/monmaghreb.com\/index.php\/wp-json\/wp\/v2\/media?parent=9464"}],"wp:term":[{"taxonomy":"category","embeddable":true,"href":"https:\/\/monmaghreb.com\/index.php\/wp-json\/wp\/v2\/categories?post=9464"},{"taxonomy":"post_tag","embeddable":true,"href":"https:\/\/monmaghreb.com\/index.php\/wp-json\/wp\/v2\/tags?post=9464"}],"curies":[{"name":"wp","href":"https:\/\/api.w.org\/{rel}","templated":true}]}}