
{"id":9470,"date":"2026-08-31T17:49:50","date_gmt":"2026-08-31T17:49:50","guid":{"rendered":"https:\/\/monmaghreb.com\/index.php\/2026\/08\/31\/hommage-posthume-a-abdelmadjid-meskoud-licone-du-chaabi-maghrebin\/"},"modified":"2026-08-31T17:49:59","modified_gmt":"2026-08-31T17:49:59","slug":"hommage-posthume-a-abdelmadjid-meskoud-licone-du-chaabi-maghrebin","status":"publish","type":"post","link":"https:\/\/monmaghreb.com\/index.php\/2026\/08\/31\/hommage-posthume-a-abdelmadjid-meskoud-licone-du-chaabi-maghrebin\/","title":{"rendered":"Hommage posthume \u00e0 Abdelmadjid Meskoud, l&#8217;ic\u00f4ne du cha\u00e2bi maghr\u00e9bin"},"content":{"rendered":"<p><!DOCTYPE html><br \/>\n<html lang='fr'><br \/>\n<head><br \/>\n <meta charset='UTF-8'><br \/>\n <title>Abdelmadjid Meskoud : l&#8217;ic\u00f4ne du cha\u00e2bi maghr\u00e9bin<\/title><br \/>\n<\/head><br \/>\n<body><\/p>\n<h1>Abdelmadjid Meskoud : l&#8217;ic\u00f4ne du cha\u00e2bi maghr\u00e9bin<\/h1>\n<p>Abdelmadjid Meskoud, un nom qui \u00e9voque instantan\u00e9ment les souvenirs de l&#8217;Alg\u00e9rie et de son patrimoine musical. N\u00e9 en 1938 \u00e0 Oran, en Alg\u00e9rie, et d\u00e9c\u00e9d\u00e9 en 2005, il est l&#8217;un des chanteurs de cha\u00e2bi les plus influents du Maghreb. Sa voix unique et son style inimitable ont laiss\u00e9 leur marque sur la musique arabe, inspirant des g\u00e9n\u00e9rations de chanteurs et de musiciens.<\/p>\n<h2>La vie d&#8217;Abdelmadjid Meskoud<\/h2>\n<p>N\u00e9 dans une famille modeste, Meskoud a grandi dans un environnement riche en musique et en culture. Il a commenc\u00e9 sa carri\u00e8re musicale dans les ann\u00e9es 1950 en tant que chanteur de rai, une forme de musique arabe proche du cha\u00e2bi. Sa voix puissante et sa passion pour la musique ont rapidement attir\u00e9 l&#8217;attention, et il est devenu rapidement un chanteur populaire en Alg\u00e9rie.<\/p>\n<p>En 1966, Meskoud a quitt\u00e9 l&#8217;Alg\u00e9rie pour s&#8217;installer en France, o\u00f9 il a continu\u00e9 sa carri\u00e8re musicale et a connu un grand succ\u00e8s. Il a utilis\u00e9 sa musique pour promouvoir les id\u00e9es nationalistes alg\u00e9riennes et a \u00e9t\u00e9 un symbole de r\u00e9sistance pour les Alg\u00e9riens en diaspora.<\/p>\n<p>Malgr\u00e9 les d\u00e9fis et les difficult\u00e9s rencontr\u00e9es, Meskoud est rest\u00e9 fid\u00e8le \u00e0 son art et \u00e0 son h\u00e9ritage culturel. Il a utilis\u00e9 sa musique pour promouvoir la culture alg\u00e9rienne et la musique arabe, et a encourag\u00e9 de nombreux jeunes chanteurs \u00e0 suivre ses pas.<\/p>\n<h2>La carri\u00e8re musicale d&#8217;Abdelmadjid Meskoud<\/h2>\n<p>Meskoud a enregistr\u00e9 plus de 50 albums pendant sa carri\u00e8re. Il \u00e9tait particuli\u00e8rement appr\u00e9ci\u00e9 pour ses chansons de protestation et de patriotisme, qui ont inspir\u00e9 des g\u00e9n\u00e9rations de jeunes Alg\u00e9riens.<\/p>\n<p>Ses chansons les plus c\u00e9l\u00e8bres sont probablement &#8216;El Hadj El Madjboob&#8217;, &#8216;Lalla El Oued&#8217;, &#8216;El Moghreb El Aksa&#8217; et &#8216;Ya Rayah&#8217;, qui ont fusionn\u00e9 les \u00e9l\u00e9ments traditionnels de la musique arabe avec des influences modernes et des textes po\u00e9tiques.<\/p>\n<p>Meskoud a \u00e9galement collabor\u00e9 avec d&#8217;autres artistes c\u00e9l\u00e8bres, tels que Cheb Hasni, Rachid Taha et Faudel, cr\u00e9ant des morceaux qui ont marqu\u00e9 l&#8217;histoire de la musique arabe.<\/p>\n<h2>L&#8217;influence d&#8217;Abdelmadjid Meskoud sur la musique arabe<\/h2>\n<p>Meskoud a marqu\u00e9 l&#8217;histoire de la musique arabe avec son style unique et son \u00e9nergie sc\u00e9nique. Sa voix et sa musique ont \u00e9t\u00e9 une source d&#8217;inspiration pour des g\u00e9n\u00e9rations de chanteurs de cha\u00e2bi.<\/p>\n<p>Son influence s&#8217;\u00e9tend \u00e9galement \u00e0 d&#8217;autres genres de musique, tels que le ra\u00ef, le rai moderne et la musique pop arabe. De nombreux artistes ont \u00e9t\u00e9 influenc\u00e9s par son style et ses paroles, qui ont trait\u00e9 des th\u00e8mes tels que l&#8217;amour, la patrie et la r\u00e9sistance.<\/p>\n<h2>L&#8217;impact d&#8217;Abdelmadjid Meskoud sur la diaspora <a href=\"https:\/\/monmaghreb.com\/index.php\/2026\/08\/28\/la-cuisine-traditionnelle-maghrebine-histoire-recettes-et-significations\/\" title=\"La cuisine traditionnelle maghr\u00e9bine : histoire, recettes et significations\">maghr\u00e9bine<\/a><\/h2>\n<p>Meskoud a \u00e9t\u00e9 un symbole de r\u00e9sistance pour les Alg\u00e9riens en diaspora. Sa musique a \u00e9t\u00e9 une source d&#8217;espoir et de fiert\u00e9 pour les communaut\u00e9s maghr\u00e9bines en dehors de leur pays natal.<\/p>\n<p>Son succ\u00e8s a permis \u00e0 la musique arabe de gagner en popularit\u00e9 dans le monde entier et de devenir plus accessible pour les communaut\u00e9s maghr\u00e9bines en diaspora.<\/p>\n<h2>Hommage posthume \u00e0 Abdelmadjid Meskoud<\/h2>\n<p>Il y a des ann\u00e9es, Meskoud a laiss\u00e9 un h\u00e9ritage musical immense et inoubliable. Il continue \u00e0 inspirer de nombreux chanteurs de cha\u00e2bi et de ra\u00ef, dont les \u00e9crits et les performances refl\u00e8tent son influence.<\/p>\n<p>Nous appelons \u00e0 tous les lecteurs maghr\u00e9bins de la diaspora \u00e0 \u00e9couter la musique de Meskoud et \u00e0 le reconnaitre comme l&#8217;ic\u00f4ne du cha\u00e2bi maghr\u00e9bin qu&#8217;il \u00e9tait. Sa musique est un t\u00e9moignage de l&#8217;amour et de la passion qu&#8217;il a \u00e9prouv\u00e9s pour la culture alg\u00e9rienne et la musique arabe.<\/p>\n<p>La musique de Meskoud est un h\u00e9ritage qui appartient \u00e0 tout le Maghreb, et qui continue \u00e0 inspirer de nouvelles g\u00e9n\u00e9rations de musiciens et de chanteurs.<\/p>\n<div style=\"background:#f8f9fa;border-left:4px solid #0066cc;border-radius:6px;padding:20px 24px;margin:32px 0;\">\n<p style=\"font-size:13px;color:#888;text-transform:uppercase;letter-spacing:0.8px;margin:0 0 6px 0;\">Vous pourriez aussi aimer<\/p>\n<h3 style=\"font-size:18px;margin:0 0 14px 0;color:#222;\">Articles similaires<\/h3>\n<ul style=\"margin:0;padding-left:20px;list-style:disc;\">\n<li style=\"margin-bottom:10px;\"><a href=\"https:\/\/monmaghreb.com\/index.php\/2026\/08\/28\/la-cuisine-traditionnelle-maghrebine-histoire-recettes-et-significations\/\" style=\"color:#0066cc;text-decoration:none;font-weight:500;\" title=\"La cuisine traditionnelle maghr\u00e9bine : histoire, recettes et significations\">La cuisine traditionnelle maghr\u00e9bine : histoire, recettes et significations<\/a><\/li>\n<li style=\"margin-bottom:10px;\"><a href=\"https:\/\/monmaghreb.com\/index.php\/2026\/08\/27\/le-maroc-en-coupe-du-monde-une-histoire-et-un-impact-sur-la-communaute-maghrebine\/\" style=\"color:#0066cc;text-decoration:none;font-weight:500;\" title=\"Le Maroc en Coupe du monde : une histoire et un impact sur la communaut\u00e9 maghr\u00e9bine\">Le Maroc en Coupe du monde : une histoire et un impact sur la communaut\u00e9 maghr\u00e9bine<\/a><\/li>\n<li style=\"margin-bottom:10px;\"><a href=\"https:\/\/monmaghreb.com\/index.php\/2026\/08\/30\/ima-yemma-decouvrez-comment-les-orchestres-fusionnent-le-chaabi-la-soul-americaine-et-le-klezmer\/\" style=\"color:#0066cc;text-decoration:none;font-weight:500;\" title=\"Ima-Yemma : d\u00e9couvrez comment les orchestres fusionnent le cha\u00e2bi, la soul am\u00e9ricaine et le klezmer\">Ima-Yemma : d\u00e9couvrez comment les orchestres fusionnent le cha\u00e2bi, la soul am\u00e9ricaine et le klezmer<\/a><\/li>\n<li style=\"margin-bottom:10px;\"><a href=\"https:\/\/monmaghreb.com\/index.php\/2026\/08\/29\/serenite-beaute-decouvrez-le-hammam-maghrebin-de-cormeilles-en-parisis-un-reveil-de-sensations\/\" style=\"color:#0066cc;text-decoration:none;font-weight:500;\" title=\"S\u00e9r\u00e9nit\u00e9 Beaut\u00e9 : d\u00e9couvrez le hammam maghr\u00e9bin de Cormeilles-en-Parisis, un r\u00e9veil de sensations\">S\u00e9r\u00e9nit\u00e9 Beaut\u00e9 : d\u00e9couvrez le hammam maghr\u00e9bin de Cormeilles-en-Parisis, un r\u00e9veil de sensations<\/a><\/li>\n<li style=\"margin-bottom:10px;\"><a href=\"https:\/\/monmaghreb.com\/index.php\/2026\/08\/31\/la-fete-de-la-musique-2026-a-la-cite-du-cinema-le-guide-complet-pour-les-musiques-du-monde\/\" style=\"color:#0066cc;text-decoration:none;font-weight:500;\" title=\"La F\u00eate de la Musique 2026 \u00e0 la Cit\u00e9 du cin\u00e9ma : le guide complet pour les musiques du monde\">La F\u00eate de la Musique 2026 \u00e0 la Cit\u00e9 du cin\u00e9ma : le guide complet pour les musiques du monde<\/a><\/li>\n<\/ul>\n<\/div>\n<p><\/body><br \/>\n<\/html><\/p>\n","protected":false},"excerpt":{"rendered":"<p>D\u00e9couvrez le chanteur de cha\u00e2bi maghr\u00e9bin Abdelmadjid Meskoud, l&#8217;ic\u00f4ne de la musique arabe. Un portrait passionnant.<\/p>\n","protected":false},"author":1,"featured_media":9469,"comment_status":"closed","ping_status":"open","sticky":false,"template":"","format":"standard","meta":{"_yoast_wpseo_canonical":"","_yoast_wpseo_opengraph-title":"Hommage posthume \u00e0 Abdelmadjid Meskoud, l'ic\u00f4ne du cha\u00e2bi maghr\u00e9bin","_yoast_wpseo_opengraph-description":"D\u00e9couvrez le chanteur de cha\u00e2bi maghr\u00e9bin Abdelmadjid Meskoud, l'ic\u00f4ne de la musique arabe. Un portrait passionnant.","_yoast_wpseo_opengraph-image":"","tdm_status":"","tdm_grid_status":"","footnotes":""},"categories":[652],"tags":[1424,2034,269,5093,333],"class_list":["post-9470","post","type-post","status-publish","format-standard","has-post-thumbnail","hentry","category-histoire-patrimoine","tag-accident-aerien-algerie","tag-aita-chaabi","tag-biographie","tag-culture-histoire","tag-musique-maghrebine"],"yoast_head":"<!-- This site is optimized with the Yoast SEO plugin v28.3 - https:\/\/yoast.com\/product\/yoast-seo-wordpress\/ -->\n<title>Hommage posthume \u00e0 Abdelmadjid Meskoud, l&#039;ic\u00f4ne du cha\u00e2bi ma<\/title>\n<meta name=\"description\" content=\"D\u00e9couvrez le chanteur de cha\u00e2bi maghr\u00e9bin Abdelmadjid Meskoud, l&#039;ic\u00f4ne de la musique arabe. Un portrait passionnant.\" \/>\n<meta name=\"robots\" content=\"index, follow, max-snippet:-1, max-image-preview:large, max-video-preview:-1\" \/>\n<link rel=\"canonical\" href=\"https:\/\/monmaghreb.com\/index.php\/2026\/08\/31\/hommage-posthume-a-abdelmadjid-meskoud-licone-du-chaabi-maghrebin\/\" \/>\n<meta property=\"og:locale\" content=\"en_US\" \/>\n<meta property=\"og:type\" content=\"article\" \/>\n<meta property=\"og:title\" content=\"Hommage posthume \u00e0 Abdelmadjid Meskoud, l&#039;ic\u00f4ne du cha\u00e2bi maghr\u00e9bin\" \/>\n<meta property=\"og:description\" content=\"D\u00e9couvrez le chanteur de cha\u00e2bi maghr\u00e9bin Abdelmadjid Meskoud, l&#039;ic\u00f4ne de la musique arabe. Un portrait passionnant.\" \/>\n<meta property=\"og:url\" content=\"https:\/\/monmaghreb.com\/index.php\/2026\/08\/31\/hommage-posthume-a-abdelmadjid-meskoud-licone-du-chaabi-maghrebin\/\" \/>\n<meta property=\"og:site_name\" content=\"Mon Maghreb\" \/>\n<meta property=\"article:author\" content=\"https:\/\/www.facebook.com\/monmaghrebcom\" \/>\n<meta property=\"article:published_time\" content=\"2026-08-31T17:49:50+00:00\" \/>\n<meta property=\"article:modified_time\" content=\"2026-08-31T17:49:59+00:00\" \/>\n<meta property=\"og:image\" content=\"https:\/\/monmaghreb.com\/wp-content\/uploads\/2026\/08\/featured-537.jpg\" \/>\n\t<meta property=\"og:image:width\" content=\"1880\" \/>\n\t<meta property=\"og:image:height\" content=\"1253\" \/>\n\t<meta property=\"og:image:type\" content=\"image\/jpeg\" \/>\n<meta name=\"author\" content=\"LaMagh\" \/>\n<meta name=\"twitter:card\" content=\"summary_large_image\" \/>\n<meta name=\"twitter:creator\" content=\"@MMaghreb50977\" \/>\n<meta name=\"twitter:label1\" content=\"Written by\" \/>\n\t<meta name=\"twitter:data1\" content=\"LaMagh\" \/>\n\t<meta name=\"twitter:label2\" content=\"Est. reading time\" \/>\n\t<meta name=\"twitter:data2\" content=\"4 minutes\" \/>\n<script type=\"application\/ld+json\" class=\"yoast-schema-graph\">{\"@context\":\"https:\\\/\\\/schema.org\",\"@graph\":[{\"@type\":\"Article\",\"@id\":\"https:\\\/\\\/monmaghreb.com\\\/index.php\\\/2026\\\/08\\\/31\\\/hommage-posthume-a-abdelmadjid-meskoud-licone-du-chaabi-maghrebin\\\/#article\",\"isPartOf\":{\"@id\":\"https:\\\/\\\/monmaghreb.com\\\/index.php\\\/2026\\\/08\\\/31\\\/hommage-posthume-a-abdelmadjid-meskoud-licone-du-chaabi-maghrebin\\\/\"},\"author\":{\"name\":\"LaMagh\",\"@id\":\"http:\\\/\\\/monmaghreb.com\\\/#\\\/schema\\\/person\\\/c469a89dc8c6b8987dcb438b1200d054\"},\"headline\":\"Hommage posthume \u00e0 Abdelmadjid Meskoud, l&#8217;ic\u00f4ne du cha\u00e2bi maghr\u00e9bin\",\"datePublished\":\"2026-08-31T17:49:50+00:00\",\"dateModified\":\"2026-08-31T17:49:59+00:00\",\"mainEntityOfPage\":{\"@id\":\"https:\\\/\\\/monmaghreb.com\\\/index.php\\\/2026\\\/08\\\/31\\\/hommage-posthume-a-abdelmadjid-meskoud-licone-du-chaabi-maghrebin\\\/\"},\"wordCount\":777,\"publisher\":{\"@id\":\"http:\\\/\\\/monmaghreb.com\\\/#organization\"},\"image\":{\"@id\":\"https:\\\/\\\/monmaghreb.com\\\/index.php\\\/2026\\\/08\\\/31\\\/hommage-posthume-a-abdelmadjid-meskoud-licone-du-chaabi-maghrebin\\\/#primaryimage\"},\"thumbnailUrl\":\"https:\\\/\\\/monmaghreb.com\\\/wp-content\\\/uploads\\\/2026\\\/08\\\/featured-537.jpg\",\"keywords\":[\"accident a\u00e9rien alg\u00e9rie\",\"a\u00efta chaabi\",\"Biographie\",\"culture histoire\",\"Musique maghr\u00e9bine\"],\"articleSection\":[\"Histoire &amp; Patrimoine\"],\"inLanguage\":\"en-US\"},{\"@type\":\"WebPage\",\"@id\":\"https:\\\/\\\/monmaghreb.com\\\/index.php\\\/2026\\\/08\\\/31\\\/hommage-posthume-a-abdelmadjid-meskoud-licone-du-chaabi-maghrebin\\\/\",\"url\":\"https:\\\/\\\/monmaghreb.com\\\/index.php\\\/2026\\\/08\\\/31\\\/hommage-posthume-a-abdelmadjid-meskoud-licone-du-chaabi-maghrebin\\\/\",\"name\":\"Hommage posthume \u00e0 Abdelmadjid Meskoud, l'ic\u00f4ne du cha\u00e2bi ma\",\"isPartOf\":{\"@id\":\"http:\\\/\\\/monmaghreb.com\\\/#website\"},\"primaryImageOfPage\":{\"@id\":\"https:\\\/\\\/monmaghreb.com\\\/index.php\\\/2026\\\/08\\\/31\\\/hommage-posthume-a-abdelmadjid-meskoud-licone-du-chaabi-maghrebin\\\/#primaryimage\"},\"image\":{\"@id\":\"https:\\\/\\\/monmaghreb.com\\\/index.php\\\/2026\\\/08\\\/31\\\/hommage-posthume-a-abdelmadjid-meskoud-licone-du-chaabi-maghrebin\\\/#primaryimage\"},\"thumbnailUrl\":\"https:\\\/\\\/monmaghreb.com\\\/wp-content\\\/uploads\\\/2026\\\/08\\\/featured-537.jpg\",\"datePublished\":\"2026-08-31T17:49:50+00:00\",\"dateModified\":\"2026-08-31T17:49:59+00:00\",\"description\":\"D\u00e9couvrez le chanteur de cha\u00e2bi maghr\u00e9bin Abdelmadjid Meskoud, l'ic\u00f4ne de la musique arabe. Un portrait passionnant.\",\"breadcrumb\":{\"@id\":\"https:\\\/\\\/monmaghreb.com\\\/index.php\\\/2026\\\/08\\\/31\\\/hommage-posthume-a-abdelmadjid-meskoud-licone-du-chaabi-maghrebin\\\/#breadcrumb\"},\"inLanguage\":\"en-US\",\"potentialAction\":[{\"@type\":\"ReadAction\",\"target\":[\"https:\\\/\\\/monmaghreb.com\\\/index.php\\\/2026\\\/08\\\/31\\\/hommage-posthume-a-abdelmadjid-meskoud-licone-du-chaabi-maghrebin\\\/\"]}]},{\"@type\":\"ImageObject\",\"inLanguage\":\"en-US\",\"@id\":\"https:\\\/\\\/monmaghreb.com\\\/index.php\\\/2026\\\/08\\\/31\\\/hommage-posthume-a-abdelmadjid-meskoud-licone-du-chaabi-maghrebin\\\/#primaryimage\",\"url\":\"https:\\\/\\\/monmaghreb.com\\\/wp-content\\\/uploads\\\/2026\\\/08\\\/featured-537.jpg\",\"contentUrl\":\"https:\\\/\\\/monmaghreb.com\\\/wp-content\\\/uploads\\\/2026\\\/08\\\/featured-537.jpg\",\"width\":1880,\"height\":1253,\"caption\":\"Abdelmadjid Meskoud chantant sur sc\u00e8ne en alg\u00e9rie\"},{\"@type\":\"BreadcrumbList\",\"@id\":\"https:\\\/\\\/monmaghreb.com\\\/index.php\\\/2026\\\/08\\\/31\\\/hommage-posthume-a-abdelmadjid-meskoud-licone-du-chaabi-maghrebin\\\/#breadcrumb\",\"itemListElement\":[{\"@type\":\"ListItem\",\"position\":1,\"name\":\"Home\",\"item\":\"http:\\\/\\\/monmaghreb.com\\\/\"},{\"@type\":\"ListItem\",\"position\":2,\"name\":\"Hommage posthume \u00e0 Abdelmadjid Meskoud, l&#8217;ic\u00f4ne du cha\u00e2bi maghr\u00e9bin\"}]},{\"@type\":\"WebSite\",\"@id\":\"http:\\\/\\\/monmaghreb.com\\\/#website\",\"url\":\"http:\\\/\\\/monmaghreb.com\\\/\",\"name\":\"Mon Maghreb\",\"description\":\"MonMaghreb United\",\"publisher\":{\"@id\":\"http:\\\/\\\/monmaghreb.com\\\/#organization\"},\"alternateName\":\"Le Monde du Maghreb et au del\u00e0\",\"potentialAction\":[{\"@type\":\"SearchAction\",\"target\":{\"@type\":\"EntryPoint\",\"urlTemplate\":\"http:\\\/\\\/monmaghreb.com\\\/?s={search_term_string}\"},\"query-input\":{\"@type\":\"PropertyValueSpecification\",\"valueRequired\":true,\"valueName\":\"search_term_string\"}}],\"inLanguage\":\"en-US\"},{\"@type\":\"Organization\",\"@id\":\"http:\\\/\\\/monmaghreb.com\\\/#organization\",\"name\":\"Mon Maghreb\",\"url\":\"http:\\\/\\\/monmaghreb.com\\\/\",\"logo\":{\"@type\":\"ImageObject\",\"inLanguage\":\"en-US\",\"@id\":\"http:\\\/\\\/monmaghreb.com\\\/#\\\/schema\\\/logo\\\/image\\\/\",\"url\":\"https:\\\/\\\/monmaghreb.com\\\/wp-content\\\/uploads\\\/2025\\\/12\\\/Mon_Maghreb_Logo.jpg\",\"contentUrl\":\"https:\\\/\\\/monmaghreb.com\\\/wp-content\\\/uploads\\\/2025\\\/12\\\/Mon_Maghreb_Logo.jpg\",\"width\":814,\"height\":374,\"caption\":\"Mon Maghreb\"},\"image\":{\"@id\":\"http:\\\/\\\/monmaghreb.com\\\/#\\\/schema\\\/logo\\\/image\\\/\"}},{\"@type\":\"Person\",\"@id\":\"http:\\\/\\\/monmaghreb.com\\\/#\\\/schema\\\/person\\\/c469a89dc8c6b8987dcb438b1200d054\",\"name\":\"LaMagh\",\"image\":{\"@type\":\"ImageObject\",\"inLanguage\":\"en-US\",\"@id\":\"https:\\\/\\\/secure.gravatar.com\\\/avatar\\\/399d8144bd55fba55e056779aca52fe528bac7911f6449e54d81173d6dfd7f0a?s=96&d=mm&r=g\",\"url\":\"https:\\\/\\\/secure.gravatar.com\\\/avatar\\\/399d8144bd55fba55e056779aca52fe528bac7911f6449e54d81173d6dfd7f0a?s=96&d=mm&r=g\",\"contentUrl\":\"https:\\\/\\\/secure.gravatar.com\\\/avatar\\\/399d8144bd55fba55e056779aca52fe528bac7911f6449e54d81173d6dfd7f0a?s=96&d=mm&r=g\",\"caption\":\"LaMagh\"},\"sameAs\":[\"https:\\\/\\\/monmaghreb.com\",\"https:\\\/\\\/www.facebook.com\\\/monmaghrebcom\",\"https:\\\/\\\/x.com\\\/MMaghreb50977\"],\"url\":\"https:\\\/\\\/monmaghreb.com\\\/index.php\\\/author\\\/lamagh\\\/\"}]}<\/script>\n<!-- \/ Yoast SEO plugin. -->","yoast_head_json":{"title":"Hommage posthume \u00e0 Abdelmadjid Meskoud, l'ic\u00f4ne du cha\u00e2bi ma","description":"D\u00e9couvrez le chanteur de cha\u00e2bi maghr\u00e9bin Abdelmadjid Meskoud, l'ic\u00f4ne de la musique arabe. Un portrait passionnant.","robots":{"index":"index","follow":"follow","max-snippet":"max-snippet:-1","max-image-preview":"max-image-preview:large","max-video-preview":"max-video-preview:-1"},"canonical":"https:\/\/monmaghreb.com\/index.php\/2026\/08\/31\/hommage-posthume-a-abdelmadjid-meskoud-licone-du-chaabi-maghrebin\/","og_locale":"en_US","og_type":"article","og_title":"Hommage posthume \u00e0 Abdelmadjid Meskoud, l'ic\u00f4ne du cha\u00e2bi maghr\u00e9bin","og_description":"D\u00e9couvrez le chanteur de cha\u00e2bi maghr\u00e9bin Abdelmadjid Meskoud, l'ic\u00f4ne de la musique arabe. Un portrait passionnant.","og_url":"https:\/\/monmaghreb.com\/index.php\/2026\/08\/31\/hommage-posthume-a-abdelmadjid-meskoud-licone-du-chaabi-maghrebin\/","og_site_name":"Mon Maghreb","article_author":"https:\/\/www.facebook.com\/monmaghrebcom","article_published_time":"2026-08-31T17:49:50+00:00","article_modified_time":"2026-08-31T17:49:59+00:00","og_image":[{"width":1880,"height":1253,"url":"https:\/\/monmaghreb.com\/wp-content\/uploads\/2026\/08\/featured-537.jpg","type":"image\/jpeg"}],"author":"LaMagh","twitter_card":"summary_large_image","twitter_creator":"@MMaghreb50977","twitter_misc":{"Written by":"LaMagh","Est. reading time":"4 minutes"},"schema":{"@context":"https:\/\/schema.org","@graph":[{"@type":"Article","@id":"https:\/\/monmaghreb.com\/index.php\/2026\/08\/31\/hommage-posthume-a-abdelmadjid-meskoud-licone-du-chaabi-maghrebin\/#article","isPartOf":{"@id":"https:\/\/monmaghreb.com\/index.php\/2026\/08\/31\/hommage-posthume-a-abdelmadjid-meskoud-licone-du-chaabi-maghrebin\/"},"author":{"name":"LaMagh","@id":"http:\/\/monmaghreb.com\/#\/schema\/person\/c469a89dc8c6b8987dcb438b1200d054"},"headline":"Hommage posthume \u00e0 Abdelmadjid Meskoud, l&#8217;ic\u00f4ne du cha\u00e2bi maghr\u00e9bin","datePublished":"2026-08-31T17:49:50+00:00","dateModified":"2026-08-31T17:49:59+00:00","mainEntityOfPage":{"@id":"https:\/\/monmaghreb.com\/index.php\/2026\/08\/31\/hommage-posthume-a-abdelmadjid-meskoud-licone-du-chaabi-maghrebin\/"},"wordCount":777,"publisher":{"@id":"http:\/\/monmaghreb.com\/#organization"},"image":{"@id":"https:\/\/monmaghreb.com\/index.php\/2026\/08\/31\/hommage-posthume-a-abdelmadjid-meskoud-licone-du-chaabi-maghrebin\/#primaryimage"},"thumbnailUrl":"https:\/\/monmaghreb.com\/wp-content\/uploads\/2026\/08\/featured-537.jpg","keywords":["accident a\u00e9rien alg\u00e9rie","a\u00efta chaabi","Biographie","culture histoire","Musique maghr\u00e9bine"],"articleSection":["Histoire &amp; Patrimoine"],"inLanguage":"en-US"},{"@type":"WebPage","@id":"https:\/\/monmaghreb.com\/index.php\/2026\/08\/31\/hommage-posthume-a-abdelmadjid-meskoud-licone-du-chaabi-maghrebin\/","url":"https:\/\/monmaghreb.com\/index.php\/2026\/08\/31\/hommage-posthume-a-abdelmadjid-meskoud-licone-du-chaabi-maghrebin\/","name":"Hommage posthume \u00e0 Abdelmadjid Meskoud, l'ic\u00f4ne du cha\u00e2bi ma","isPartOf":{"@id":"http:\/\/monmaghreb.com\/#website"},"primaryImageOfPage":{"@id":"https:\/\/monmaghreb.com\/index.php\/2026\/08\/31\/hommage-posthume-a-abdelmadjid-meskoud-licone-du-chaabi-maghrebin\/#primaryimage"},"image":{"@id":"https:\/\/monmaghreb.com\/index.php\/2026\/08\/31\/hommage-posthume-a-abdelmadjid-meskoud-licone-du-chaabi-maghrebin\/#primaryimage"},"thumbnailUrl":"https:\/\/monmaghreb.com\/wp-content\/uploads\/2026\/08\/featured-537.jpg","datePublished":"2026-08-31T17:49:50+00:00","dateModified":"2026-08-31T17:49:59+00:00","description":"D\u00e9couvrez le chanteur de cha\u00e2bi maghr\u00e9bin Abdelmadjid Meskoud, l'ic\u00f4ne de la musique arabe. Un portrait passionnant.","breadcrumb":{"@id":"https:\/\/monmaghreb.com\/index.php\/2026\/08\/31\/hommage-posthume-a-abdelmadjid-meskoud-licone-du-chaabi-maghrebin\/#breadcrumb"},"inLanguage":"en-US","potentialAction":[{"@type":"ReadAction","target":["https:\/\/monmaghreb.com\/index.php\/2026\/08\/31\/hommage-posthume-a-abdelmadjid-meskoud-licone-du-chaabi-maghrebin\/"]}]},{"@type":"ImageObject","inLanguage":"en-US","@id":"https:\/\/monmaghreb.com\/index.php\/2026\/08\/31\/hommage-posthume-a-abdelmadjid-meskoud-licone-du-chaabi-maghrebin\/#primaryimage","url":"https:\/\/monmaghreb.com\/wp-content\/uploads\/2026\/08\/featured-537.jpg","contentUrl":"https:\/\/monmaghreb.com\/wp-content\/uploads\/2026\/08\/featured-537.jpg","width":1880,"height":1253,"caption":"Abdelmadjid Meskoud chantant sur sc\u00e8ne en alg\u00e9rie"},{"@type":"BreadcrumbList","@id":"https:\/\/monmaghreb.com\/index.php\/2026\/08\/31\/hommage-posthume-a-abdelmadjid-meskoud-licone-du-chaabi-maghrebin\/#breadcrumb","itemListElement":[{"@type":"ListItem","position":1,"name":"Home","item":"http:\/\/monmaghreb.com\/"},{"@type":"ListItem","position":2,"name":"Hommage posthume \u00e0 Abdelmadjid Meskoud, l&#8217;ic\u00f4ne du cha\u00e2bi maghr\u00e9bin"}]},{"@type":"WebSite","@id":"http:\/\/monmaghreb.com\/#website","url":"http:\/\/monmaghreb.com\/","name":"Mon Maghreb","description":"MonMaghreb United","publisher":{"@id":"http:\/\/monmaghreb.com\/#organization"},"alternateName":"Le Monde du Maghreb et au del\u00e0","potentialAction":[{"@type":"SearchAction","target":{"@type":"EntryPoint","urlTemplate":"http:\/\/monmaghreb.com\/?s={search_term_string}"},"query-input":{"@type":"PropertyValueSpecification","valueRequired":true,"valueName":"search_term_string"}}],"inLanguage":"en-US"},{"@type":"Organization","@id":"http:\/\/monmaghreb.com\/#organization","name":"Mon Maghreb","url":"http:\/\/monmaghreb.com\/","logo":{"@type":"ImageObject","inLanguage":"en-US","@id":"http:\/\/monmaghreb.com\/#\/schema\/logo\/image\/","url":"https:\/\/monmaghreb.com\/wp-content\/uploads\/2025\/12\/Mon_Maghreb_Logo.jpg","contentUrl":"https:\/\/monmaghreb.com\/wp-content\/uploads\/2025\/12\/Mon_Maghreb_Logo.jpg","width":814,"height":374,"caption":"Mon Maghreb"},"image":{"@id":"http:\/\/monmaghreb.com\/#\/schema\/logo\/image\/"}},{"@type":"Person","@id":"http:\/\/monmaghreb.com\/#\/schema\/person\/c469a89dc8c6b8987dcb438b1200d054","name":"LaMagh","image":{"@type":"ImageObject","inLanguage":"en-US","@id":"https:\/\/secure.gravatar.com\/avatar\/399d8144bd55fba55e056779aca52fe528bac7911f6449e54d81173d6dfd7f0a?s=96&d=mm&r=g","url":"https:\/\/secure.gravatar.com\/avatar\/399d8144bd55fba55e056779aca52fe528bac7911f6449e54d81173d6dfd7f0a?s=96&d=mm&r=g","contentUrl":"https:\/\/secure.gravatar.com\/avatar\/399d8144bd55fba55e056779aca52fe528bac7911f6449e54d81173d6dfd7f0a?s=96&d=mm&r=g","caption":"LaMagh"},"sameAs":["https:\/\/monmaghreb.com","https:\/\/www.facebook.com\/monmaghrebcom","https:\/\/x.com\/MMaghreb50977"],"url":"https:\/\/monmaghreb.com\/index.php\/author\/lamagh\/"}]}},"_links":{"self":[{"href":"https:\/\/monmaghreb.com\/index.php\/wp-json\/wp\/v2\/posts\/9470","targetHints":{"allow":["GET"]}}],"collection":[{"href":"https:\/\/monmaghreb.com\/index.php\/wp-json\/wp\/v2\/posts"}],"about":[{"href":"https:\/\/monmaghreb.com\/index.php\/wp-json\/wp\/v2\/types\/post"}],"author":[{"embeddable":true,"href":"https:\/\/monmaghreb.com\/index.php\/wp-json\/wp\/v2\/users\/1"}],"replies":[{"embeddable":true,"href":"https:\/\/monmaghreb.com\/index.php\/wp-json\/wp\/v2\/comments?post=9470"}],"version-history":[{"count":1,"href":"https:\/\/monmaghreb.com\/index.php\/wp-json\/wp\/v2\/posts\/9470\/revisions"}],"predecessor-version":[{"id":9471,"href":"https:\/\/monmaghreb.com\/index.php\/wp-json\/wp\/v2\/posts\/9470\/revisions\/9471"}],"wp:featuredmedia":[{"embeddable":true,"href":"https:\/\/monmaghreb.com\/index.php\/wp-json\/wp\/v2\/media\/9469"}],"wp:attachment":[{"href":"https:\/\/monmaghreb.com\/index.php\/wp-json\/wp\/v2\/media?parent=9470"}],"wp:term":[{"taxonomy":"category","embeddable":true,"href":"https:\/\/monmaghreb.com\/index.php\/wp-json\/wp\/v2\/categories?post=9470"},{"taxonomy":"post_tag","embeddable":true,"href":"https:\/\/monmaghreb.com\/index.php\/wp-json\/wp\/v2\/tags?post=9470"}],"curies":[{"name":"wp","href":"https:\/\/api.w.org\/{rel}","templated":true}]}}