
{"id":9476,"date":"2026-08-31T18:35:04","date_gmt":"2026-08-31T18:35:04","guid":{"rendered":"https:\/\/monmaghreb.com\/index.php\/2026\/08\/31\/fes-la-canicule-passee-la-renaissance-du-tourisme-au-coeur-de-la-medina\/"},"modified":"2026-08-31T18:35:12","modified_gmt":"2026-08-31T18:35:12","slug":"fes-la-canicule-passee-la-renaissance-du-tourisme-au-coeur-de-la-medina","status":"publish","type":"post","link":"https:\/\/monmaghreb.com\/index.php\/2026\/08\/31\/fes-la-canicule-passee-la-renaissance-du-tourisme-au-coeur-de-la-medina\/","title":{"rendered":"F\u00e8s : la canicule pass\u00e9e, la renaissance du tourisme au c\u0153ur de la m\u00e9dina"},"content":{"rendered":"<p><!DOCTYPE html><br \/>\n<html lang='fr'><br \/>\n<head><br \/>\n <meta charset='UTF-8'><br \/>\n <meta name='viewport' content='width=device-width, initial-scale=1.0'><br \/>\n <title>F\u00e8s : la canicule pass\u00e9e, la renaissance du tourisme au c\u0153ur de la m\u00e9dina<\/title><br \/>\n<\/head><br \/>\n<body><\/p>\n<h1>F\u00e8s : la canicule pass\u00e9e, la renaissance du tourisme au c\u0153ur de la m\u00e9dina<\/h1>\n<p>L&#8217;\u00e9t\u00e9 2022 a \u00e9t\u00e9 marqu\u00e9 par une canicule extr\u00eame en Tunisie, mais cette crise a \u00e9t\u00e9 surmont\u00e9e avec courage et r\u00e9silience. Maintenant que la temp\u00e9rature descend et que la ville de F\u00e8s reprend son \u00e9clat, c&#8217;est l&#8217;occasion de relancer la visite de cette ville magique qui, avec sa m\u00e9dina d\u00e9clar\u00e9e patrimoine mondial, ne manque pas de charme. La m\u00e9dina de F\u00e8s est en effet un endroit unique, o\u00f9 l&#8217;on peut d\u00e9couvrir des rues sinueuses, des palais, des mosqu\u00e9es et des bazars qui offrent une exp\u00e9rience unique et authentique de la culture marocaine.<\/p>\n<h2>1. Les effets de la canicule sur F\u00e8s<\/h2>\n<p>Bien que la ville de F\u00e8s ait \u00e9t\u00e9 touch\u00e9e par la canicule, elle a r\u00e9ussi \u00e0 r\u00e9parer les dommages et \u00e0 continuer \u00e0 accueillir des milliers de visiteurs chaque ann\u00e9e. Les agriculteurs locaux ont toutefois vu leur r\u00e9colte d\u00e9truite par les chaleurs extr\u00eames, ce qui a eu des cons\u00e9quences \u00e9conomiques importantes. Cependant, gr\u00e2ce \u00e0 l&#8217;effort collectif des habitants de F\u00e8s, tout a \u00e9t\u00e9 r\u00e9par\u00e9 rapidement, et la ville est de retour \u00e0 ses activit\u00e9s normales.<\/p>\n<p>La canicule a cependant eu quelques effets n\u00e9gatifs sur la ville, comme la d\u00e9gradation de certains sites historiques et des zones r\u00e9sidentielles. Cependant, la ville a montr\u00e9 une grande r\u00e9silience et a r\u00e9ussi \u00e0 r\u00e9parer les dommages.<\/p>\n<h2>2. La m\u00e9dina de F\u00e8s, un patrimoine mondial<\/h2>\n<p>La m\u00e9dina de F\u00e8s est d\u00e9clar\u00e9e patrimoine mondial de l&#8217;UNESCO depuis 1981. Elle est connue pour ses rues sinueuses, ses palais, ses mosqu\u00e9es et ses bazars qui offrent une exp\u00e9rience unique et authentique de la culture marocaine. La m\u00e9dina de F\u00e8s est \u00e9galement connue pour ses ateliers d&#8217;artisans, o\u00f9 les visiteurs peuvent voir des potiers, des cuivriers, des dentelliers et des tisserands travailler sur des produits d&#8217;exception.<\/p>\n<p>Le quartier de Bou Inania, \u00e0 l&#8217;int\u00e9rieur de la m\u00e9dina, est un des endroits les plus populaires pour les visiteurs. Il abrite un tombeau de marbre et un patio magnifique, ainsi qu&#8217;un jardin avec un bassin de fontaine. Les visiteurs peuvent \u00e9galement visiter le mus\u00e9e Dar Batha, qui abrite une grande collection de peintures et de poteries marocaines.<\/p>\n<h2>3. Les attractions touristiques de F\u00e8s<\/h2>\n<p>F\u00e8s est riche en attractions touristiques. Les visiteurs peuvent visiter le palais Bou Inania, le palais Dar el Makhzen, la mosqu\u00e9e de Bou Inania et la mosqu\u00e9e al-Attarine. Les touristes peuvent \u00e9galement visiter le Jardin Jnan Sbil, qui est un endroit id\u00e9al pour \u00e9chapper \u00e0 la chaleur de la ville et se ressourcer.<\/p>\n<p>Les touristes peuvent \u00e9galement visiter la mosqu\u00e9e al-Qarawiyyin, l&#8217;une des plus anciennes mosqu\u00e9es de l&#8217;islam et la premi\u00e8re universit\u00e9 en Afrique du Nord. Les visiteurs peuvent \u00e9galement prendre une promenade dans les rues sinueuses de la m\u00e9dina et visiter les diff\u00e9rents ateliers d&#8217;artisans.<\/p>\n<h2>4. Les activit\u00e9s \u00e0 F\u00e8s<\/h2>\n<p>Il y a de nombreuses activit\u00e9s \u00e0 F\u00e8s pour les visiteurs qui veulent d\u00e9couvrir la ville. Les touristes peuvent prendre une promenade dans les rues sinueuses de la m\u00e9dina et visiter les diff\u00e9rents ateliers d&#8217;artisans. Ils peuvent \u00e9galement visiter les souks, les march\u00e9s de la ville o\u00f9 ils peuvent trouver des souvenirs, des tissus, des poteries et des objets d&#8217;art.<\/p>\n<p>Les visiteurs peuvent \u00e9galement prendre une excursion \u00e0 l&#8217;ext\u00e9rieur de la ville pour visiter les ch\u00e2teaux de Volubilis et de Moulay Idriss II. Ils peuvent \u00e9galement prendre un cours de cuisine marocaine pour apprendre \u00e0 pr\u00e9parer les plats locaux.<\/p>\n<h2>5. Comment pr\u00e9parer votre visite \u00e0 F\u00e8s<\/h2>\n<p>Il est important de pr\u00e9parer votre visite \u00e0 F\u00e8s pour que vous ayez une exp\u00e9rience plaisante et enrichissante. Voici quelques conseils pour vous aider \u00e0 pr\u00e9parer votre visite :<\/p>\n<ul>\n<li>Reservez une chambre dans un h\u00f4tel de la m\u00e9dina pour que vous soyez proche des attractions touristiques et des sites historiques.<\/li>\n<li>Emportez des chaussures confortables et un chapeau pour prot\u00e9ger contre la chaleur.<\/li>\n<li>Essayez d&#8217;apprendre quelques mots arabes pour interagir avec les habitants de la ville.<\/li>\n<li>Avez un guide pour vous aider \u00e0 d\u00e9couvrir la ville et les diff\u00e9rents sites historiques.<\/li>\n<\/ul>\n<h2>Conclusion<\/h2>\n<p>F\u00e8s est une ville magique qui ne manque pas de charme. Ses rues sinueuses, ses palais, ses mosqu\u00e9es et ses bazars offrent une exp\u00e9rience unique et authentique de la culture marocaine. Maintenant que la canicule est pass\u00e9e, c&#8217;est l&#8217;occasion de relancer la visite de cette ville magique et de d\u00e9couvrir toute son histoire et sa culture. N&#8217;h\u00e9sitez pas \u00e0 planifier votre visite \u00e0 F\u00e8s et \u00e0 d\u00e9couvrir une nouvelle exp\u00e9rience.<\/p>\n<p>Il est temps de d\u00e9couvrir la ville de F\u00e8s, avec ses rues sinueuses, ses palais, ses mosqu\u00e9es et ses bazars qui offrent une exp\u00e9rience unique et authentique de la culture marocaine. La m\u00e9dina de F\u00e8s est un endroit unique, o\u00f9 l&#8217;on peut d\u00e9couvrir des rues sinueuses, des palais, des mosqu\u00e9es et des bazars qui offrent une exp\u00e9rience unique et authentique de la culture marocaine.<\/p>\n<div style=\"background:#f8f9fa;border-left:4px solid #0066cc;border-radius:6px;padding:20px 24px;margin:32px 0;\">\n<p style=\"font-size:13px;color:#888;text-transform:uppercase;letter-spacing:0.8px;margin:0 0 6px 0;\">Vous pourriez aussi aimer<\/p>\n<h3 style=\"font-size:18px;margin:0 0 14px 0;color:#222;\">Articles similaires<\/h3>\n<ul style=\"margin:0;padding-left:20px;list-style:disc;\">\n<li style=\"margin-bottom:10px;\"><a href=\"https:\/\/monmaghreb.com\/index.php\/2026\/08\/28\/rentree-scolaire-guide-pratique-pour-inscrire-votre-enfant-en-algerie-tunisie-ou-maroc-sans-vaccination\/\" style=\"color:#0066cc;text-decoration:none;font-weight:500;\" title=\"Rentr\u00e9e scolaire : guide pratique pour inscrire votre enfant en Alg\u00e9rie, Tunisie ou Maroc sans vaccination\">Rentr\u00e9e scolaire : guide pratique pour inscrire votre enfant en Alg\u00e9rie, Tunisie ou Maroc sans vaccination<\/a><\/li>\n<li style=\"margin-bottom:10px;\"><a href=\"https:\/\/monmaghreb.com\/index.php\/2026\/08\/31\/la-fete-de-la-musique-2026-a-la-cite-du-cinema-le-guide-complet-pour-les-musiques-du-monde\/\" style=\"color:#0066cc;text-decoration:none;font-weight:500;\" title=\"La F\u00eate de la Musique 2026 \u00e0 la Cit\u00e9 du cin\u00e9ma : le guide complet pour les musiques du monde\">La F\u00eate de la Musique 2026 \u00e0 la Cit\u00e9 du cin\u00e9ma : le guide complet pour les musiques du monde<\/a><\/li>\n<li style=\"margin-bottom:10px;\"><a href=\"https:\/\/monmaghreb.com\/index.php\/2026\/08\/31\/100-recettes-maghrebines-pour-les-10-derniers-jours-de-ramadan-2026-un-guide-complet-pour-les-lecteurs-maghrebins-de-la-diaspora\/\" style=\"color:#0066cc;text-decoration:none;font-weight:500;\" title=\"100 recettes maghr\u00e9bines pour les 10 derniers jours de Ramadan 2026 : un guide complet pour les lecteurs maghr\u00e9bins de la diaspora\">100 recettes maghr\u00e9bines pour les 10 derniers jours de Ramadan 2026 : un guide complet pour les lecteurs maghr\u00e9bins de la diaspora<\/a><\/li>\n<li style=\"margin-bottom:10px;\"><a href=\"https:\/\/monmaghreb.com\/index.php\/2026\/08\/30\/le-nouveau-nonce-en-algerie-les-attentes-autour-du-potentiel-voyage-du-pape\/\" style=\"color:#0066cc;text-decoration:none;font-weight:500;\" title=\"Le nouveau nonce en Alg\u00e9rie : les attentes autour du potentiel voyage du pape\">Le nouveau nonce en Alg\u00e9rie : les attentes autour du potentiel voyage du pape<\/a><\/li>\n<li style=\"margin-bottom:10px;\"><a href=\"https:\/\/monmaghreb.com\/index.php\/2026\/08\/30\/le-mariage-des-muong-a-ninh-binh-un-patrimoine-national-immateriel-a-decouvrir\/\" style=\"color:#0066cc;text-decoration:none;font-weight:500;\" title=\"Le mariage des Muong \u00e0 Ninh Binh : un patrimoine national immateriel \u00e0 d\u00e9couvrir\">Le mariage des Muong \u00e0 Ninh Binh : un patrimoine national immateriel \u00e0 d\u00e9couvrir<\/a><\/li>\n<\/ul>\n<\/div>\n<p><\/body><br \/>\n<\/html><\/p>\n","protected":false},"excerpt":{"rendered":"<p>D\u00e9couvrez la renaissance du tourisme \u00e0 Fes apr\u00e8s la canicule. Visitez la m\u00e9dina d\u00e9clar\u00e9e patrimoine mondial.<\/p>\n","protected":false},"author":1,"featured_media":9475,"comment_status":"closed","ping_status":"open","sticky":false,"template":"","format":"standard","meta":{"_yoast_wpseo_canonical":"","_yoast_wpseo_opengraph-title":"F\u00e8s : la canicule pass\u00e9e, la renaissance du tourisme au c\u0153ur de la m\u00e9dina","_yoast_wpseo_opengraph-description":"D\u00e9couvrez la renaissance du tourisme \u00e0 Fes apr\u00e8s la canicule. Visitez la m\u00e9dina d\u00e9clar\u00e9e patrimoine mondial.","_yoast_wpseo_opengraph-image":"","tdm_status":"","tdm_grid_status":"","footnotes":""},"categories":[652],"tags":[46,4599,5208,2707,1278],"class_list":["post-9476","post","type-post","status-publish","format-standard","has-post-thumbnail","hentry","category-histoire-patrimoine","tag-voyage","tag-algeria-travel-guide","tag-fes-medina","tag-patrimoine-mondial","tag-tunisie-tourisme"],"yoast_head":"<!-- This site is optimized with the Yoast SEO plugin v28.3 - https:\/\/yoast.com\/product\/yoast-seo-wordpress\/ -->\n<title>F\u00e8s : la canicule pass\u00e9e, la renaissance du tourisme au c\u0153ur<\/title>\n<meta name=\"description\" content=\"D\u00e9couvrez la renaissance du tourisme \u00e0 Fes apr\u00e8s la canicule. Visitez la m\u00e9dina d\u00e9clar\u00e9e patrimoine mondial.\" \/>\n<meta name=\"robots\" content=\"index, follow, max-snippet:-1, max-image-preview:large, max-video-preview:-1\" \/>\n<link rel=\"canonical\" href=\"https:\/\/monmaghreb.com\/index.php\/2026\/08\/31\/fes-la-canicule-passee-la-renaissance-du-tourisme-au-coeur-de-la-medina\/\" \/>\n<meta property=\"og:locale\" content=\"en_US\" \/>\n<meta property=\"og:type\" content=\"article\" \/>\n<meta property=\"og:title\" content=\"F\u00e8s : la canicule pass\u00e9e, la renaissance du tourisme au c\u0153ur de la m\u00e9dina\" \/>\n<meta property=\"og:description\" content=\"D\u00e9couvrez la renaissance du tourisme \u00e0 Fes apr\u00e8s la canicule. Visitez la m\u00e9dina d\u00e9clar\u00e9e patrimoine mondial.\" \/>\n<meta property=\"og:url\" content=\"https:\/\/monmaghreb.com\/index.php\/2026\/08\/31\/fes-la-canicule-passee-la-renaissance-du-tourisme-au-coeur-de-la-medina\/\" \/>\n<meta property=\"og:site_name\" content=\"Mon Maghreb\" \/>\n<meta property=\"article:author\" content=\"https:\/\/www.facebook.com\/monmaghrebcom\" \/>\n<meta property=\"article:published_time\" content=\"2026-08-31T18:35:04+00:00\" \/>\n<meta property=\"article:modified_time\" content=\"2026-08-31T18:35:12+00:00\" \/>\n<meta property=\"og:image\" content=\"https:\/\/monmaghreb.com\/wp-content\/uploads\/2026\/08\/featured-539.jpg\" \/>\n\t<meta property=\"og:image:width\" content=\"1880\" \/>\n\t<meta property=\"og:image:height\" content=\"1146\" \/>\n\t<meta property=\"og:image:type\" content=\"image\/jpeg\" \/>\n<meta name=\"author\" content=\"LaMagh\" \/>\n<meta name=\"twitter:card\" content=\"summary_large_image\" \/>\n<meta name=\"twitter:creator\" content=\"@MMaghreb50977\" \/>\n<meta name=\"twitter:label1\" content=\"Written by\" \/>\n\t<meta name=\"twitter:data1\" content=\"LaMagh\" \/>\n\t<meta name=\"twitter:label2\" content=\"Est. reading time\" \/>\n\t<meta name=\"twitter:data2\" content=\"5 minutes\" \/>\n<script type=\"application\/ld+json\" class=\"yoast-schema-graph\">{\"@context\":\"https:\\\/\\\/schema.org\",\"@graph\":[{\"@type\":\"Article\",\"@id\":\"https:\\\/\\\/monmaghreb.com\\\/index.php\\\/2026\\\/08\\\/31\\\/fes-la-canicule-passee-la-renaissance-du-tourisme-au-coeur-de-la-medina\\\/#article\",\"isPartOf\":{\"@id\":\"https:\\\/\\\/monmaghreb.com\\\/index.php\\\/2026\\\/08\\\/31\\\/fes-la-canicule-passee-la-renaissance-du-tourisme-au-coeur-de-la-medina\\\/\"},\"author\":{\"name\":\"LaMagh\",\"@id\":\"http:\\\/\\\/monmaghreb.com\\\/#\\\/schema\\\/person\\\/c469a89dc8c6b8987dcb438b1200d054\"},\"headline\":\"F\u00e8s : la canicule pass\u00e9e, la renaissance du tourisme au c\u0153ur de la m\u00e9dina\",\"datePublished\":\"2026-08-31T18:35:04+00:00\",\"dateModified\":\"2026-08-31T18:35:12+00:00\",\"mainEntityOfPage\":{\"@id\":\"https:\\\/\\\/monmaghreb.com\\\/index.php\\\/2026\\\/08\\\/31\\\/fes-la-canicule-passee-la-renaissance-du-tourisme-au-coeur-de-la-medina\\\/\"},\"wordCount\":1012,\"publisher\":{\"@id\":\"http:\\\/\\\/monmaghreb.com\\\/#organization\"},\"image\":{\"@id\":\"https:\\\/\\\/monmaghreb.com\\\/index.php\\\/2026\\\/08\\\/31\\\/fes-la-canicule-passee-la-renaissance-du-tourisme-au-coeur-de-la-medina\\\/#primaryimage\"},\"thumbnailUrl\":\"https:\\\/\\\/monmaghreb.com\\\/wp-content\\\/uploads\\\/2026\\\/08\\\/featured-539.jpg\",\"keywords\":[\"\\\"voyage\\\"\",\"algeria travel guide\",\"fes m\u00e9dina\",\"patrimoine mondial\",\"tunisie tourisme\"],\"articleSection\":[\"Histoire &amp; Patrimoine\"],\"inLanguage\":\"en-US\"},{\"@type\":\"WebPage\",\"@id\":\"https:\\\/\\\/monmaghreb.com\\\/index.php\\\/2026\\\/08\\\/31\\\/fes-la-canicule-passee-la-renaissance-du-tourisme-au-coeur-de-la-medina\\\/\",\"url\":\"https:\\\/\\\/monmaghreb.com\\\/index.php\\\/2026\\\/08\\\/31\\\/fes-la-canicule-passee-la-renaissance-du-tourisme-au-coeur-de-la-medina\\\/\",\"name\":\"F\u00e8s : la canicule pass\u00e9e, la renaissance du tourisme au c\u0153ur\",\"isPartOf\":{\"@id\":\"http:\\\/\\\/monmaghreb.com\\\/#website\"},\"primaryImageOfPage\":{\"@id\":\"https:\\\/\\\/monmaghreb.com\\\/index.php\\\/2026\\\/08\\\/31\\\/fes-la-canicule-passee-la-renaissance-du-tourisme-au-coeur-de-la-medina\\\/#primaryimage\"},\"image\":{\"@id\":\"https:\\\/\\\/monmaghreb.com\\\/index.php\\\/2026\\\/08\\\/31\\\/fes-la-canicule-passee-la-renaissance-du-tourisme-au-coeur-de-la-medina\\\/#primaryimage\"},\"thumbnailUrl\":\"https:\\\/\\\/monmaghreb.com\\\/wp-content\\\/uploads\\\/2026\\\/08\\\/featured-539.jpg\",\"datePublished\":\"2026-08-31T18:35:04+00:00\",\"dateModified\":\"2026-08-31T18:35:12+00:00\",\"description\":\"D\u00e9couvrez la renaissance du tourisme \u00e0 Fes apr\u00e8s la canicule. Visitez la m\u00e9dina d\u00e9clar\u00e9e patrimoine mondial.\",\"breadcrumb\":{\"@id\":\"https:\\\/\\\/monmaghreb.com\\\/index.php\\\/2026\\\/08\\\/31\\\/fes-la-canicule-passee-la-renaissance-du-tourisme-au-coeur-de-la-medina\\\/#breadcrumb\"},\"inLanguage\":\"en-US\",\"potentialAction\":[{\"@type\":\"ReadAction\",\"target\":[\"https:\\\/\\\/monmaghreb.com\\\/index.php\\\/2026\\\/08\\\/31\\\/fes-la-canicule-passee-la-renaissance-du-tourisme-au-coeur-de-la-medina\\\/\"]}]},{\"@type\":\"ImageObject\",\"inLanguage\":\"en-US\",\"@id\":\"https:\\\/\\\/monmaghreb.com\\\/index.php\\\/2026\\\/08\\\/31\\\/fes-la-canicule-passee-la-renaissance-du-tourisme-au-coeur-de-la-medina\\\/#primaryimage\",\"url\":\"https:\\\/\\\/monmaghreb.com\\\/wp-content\\\/uploads\\\/2026\\\/08\\\/featured-539.jpg\",\"contentUrl\":\"https:\\\/\\\/monmaghreb.com\\\/wp-content\\\/uploads\\\/2026\\\/08\\\/featured-539.jpg\",\"width\":1880,\"height\":1146,\"caption\":\"Famille explorant la m\u00e9dina de Fes en Tunisie\"},{\"@type\":\"BreadcrumbList\",\"@id\":\"https:\\\/\\\/monmaghreb.com\\\/index.php\\\/2026\\\/08\\\/31\\\/fes-la-canicule-passee-la-renaissance-du-tourisme-au-coeur-de-la-medina\\\/#breadcrumb\",\"itemListElement\":[{\"@type\":\"ListItem\",\"position\":1,\"name\":\"Home\",\"item\":\"http:\\\/\\\/monmaghreb.com\\\/\"},{\"@type\":\"ListItem\",\"position\":2,\"name\":\"F\u00e8s : la canicule pass\u00e9e, la renaissance du tourisme au c\u0153ur de la m\u00e9dina\"}]},{\"@type\":\"WebSite\",\"@id\":\"http:\\\/\\\/monmaghreb.com\\\/#website\",\"url\":\"http:\\\/\\\/monmaghreb.com\\\/\",\"name\":\"Mon Maghreb\",\"description\":\"MonMaghreb United\",\"publisher\":{\"@id\":\"http:\\\/\\\/monmaghreb.com\\\/#organization\"},\"alternateName\":\"Le Monde du Maghreb et au del\u00e0\",\"potentialAction\":[{\"@type\":\"SearchAction\",\"target\":{\"@type\":\"EntryPoint\",\"urlTemplate\":\"http:\\\/\\\/monmaghreb.com\\\/?s={search_term_string}\"},\"query-input\":{\"@type\":\"PropertyValueSpecification\",\"valueRequired\":true,\"valueName\":\"search_term_string\"}}],\"inLanguage\":\"en-US\"},{\"@type\":\"Organization\",\"@id\":\"http:\\\/\\\/monmaghreb.com\\\/#organization\",\"name\":\"Mon Maghreb\",\"url\":\"http:\\\/\\\/monmaghreb.com\\\/\",\"logo\":{\"@type\":\"ImageObject\",\"inLanguage\":\"en-US\",\"@id\":\"http:\\\/\\\/monmaghreb.com\\\/#\\\/schema\\\/logo\\\/image\\\/\",\"url\":\"https:\\\/\\\/monmaghreb.com\\\/wp-content\\\/uploads\\\/2025\\\/12\\\/Mon_Maghreb_Logo.jpg\",\"contentUrl\":\"https:\\\/\\\/monmaghreb.com\\\/wp-content\\\/uploads\\\/2025\\\/12\\\/Mon_Maghreb_Logo.jpg\",\"width\":814,\"height\":374,\"caption\":\"Mon Maghreb\"},\"image\":{\"@id\":\"http:\\\/\\\/monmaghreb.com\\\/#\\\/schema\\\/logo\\\/image\\\/\"}},{\"@type\":\"Person\",\"@id\":\"http:\\\/\\\/monmaghreb.com\\\/#\\\/schema\\\/person\\\/c469a89dc8c6b8987dcb438b1200d054\",\"name\":\"LaMagh\",\"image\":{\"@type\":\"ImageObject\",\"inLanguage\":\"en-US\",\"@id\":\"https:\\\/\\\/secure.gravatar.com\\\/avatar\\\/399d8144bd55fba55e056779aca52fe528bac7911f6449e54d81173d6dfd7f0a?s=96&d=mm&r=g\",\"url\":\"https:\\\/\\\/secure.gravatar.com\\\/avatar\\\/399d8144bd55fba55e056779aca52fe528bac7911f6449e54d81173d6dfd7f0a?s=96&d=mm&r=g\",\"contentUrl\":\"https:\\\/\\\/secure.gravatar.com\\\/avatar\\\/399d8144bd55fba55e056779aca52fe528bac7911f6449e54d81173d6dfd7f0a?s=96&d=mm&r=g\",\"caption\":\"LaMagh\"},\"sameAs\":[\"https:\\\/\\\/monmaghreb.com\",\"https:\\\/\\\/www.facebook.com\\\/monmaghrebcom\",\"https:\\\/\\\/x.com\\\/MMaghreb50977\"],\"url\":\"https:\\\/\\\/monmaghreb.com\\\/index.php\\\/author\\\/lamagh\\\/\"}]}<\/script>\n<!-- \/ Yoast SEO plugin. -->","yoast_head_json":{"title":"F\u00e8s : la canicule pass\u00e9e, la renaissance du tourisme au c\u0153ur","description":"D\u00e9couvrez la renaissance du tourisme \u00e0 Fes apr\u00e8s la canicule. Visitez la m\u00e9dina d\u00e9clar\u00e9e patrimoine mondial.","robots":{"index":"index","follow":"follow","max-snippet":"max-snippet:-1","max-image-preview":"max-image-preview:large","max-video-preview":"max-video-preview:-1"},"canonical":"https:\/\/monmaghreb.com\/index.php\/2026\/08\/31\/fes-la-canicule-passee-la-renaissance-du-tourisme-au-coeur-de-la-medina\/","og_locale":"en_US","og_type":"article","og_title":"F\u00e8s : la canicule pass\u00e9e, la renaissance du tourisme au c\u0153ur de la m\u00e9dina","og_description":"D\u00e9couvrez la renaissance du tourisme \u00e0 Fes apr\u00e8s la canicule. Visitez la m\u00e9dina d\u00e9clar\u00e9e patrimoine mondial.","og_url":"https:\/\/monmaghreb.com\/index.php\/2026\/08\/31\/fes-la-canicule-passee-la-renaissance-du-tourisme-au-coeur-de-la-medina\/","og_site_name":"Mon Maghreb","article_author":"https:\/\/www.facebook.com\/monmaghrebcom","article_published_time":"2026-08-31T18:35:04+00:00","article_modified_time":"2026-08-31T18:35:12+00:00","og_image":[{"width":1880,"height":1146,"url":"https:\/\/monmaghreb.com\/wp-content\/uploads\/2026\/08\/featured-539.jpg","type":"image\/jpeg"}],"author":"LaMagh","twitter_card":"summary_large_image","twitter_creator":"@MMaghreb50977","twitter_misc":{"Written by":"LaMagh","Est. reading time":"5 minutes"},"schema":{"@context":"https:\/\/schema.org","@graph":[{"@type":"Article","@id":"https:\/\/monmaghreb.com\/index.php\/2026\/08\/31\/fes-la-canicule-passee-la-renaissance-du-tourisme-au-coeur-de-la-medina\/#article","isPartOf":{"@id":"https:\/\/monmaghreb.com\/index.php\/2026\/08\/31\/fes-la-canicule-passee-la-renaissance-du-tourisme-au-coeur-de-la-medina\/"},"author":{"name":"LaMagh","@id":"http:\/\/monmaghreb.com\/#\/schema\/person\/c469a89dc8c6b8987dcb438b1200d054"},"headline":"F\u00e8s : la canicule pass\u00e9e, la renaissance du tourisme au c\u0153ur de la m\u00e9dina","datePublished":"2026-08-31T18:35:04+00:00","dateModified":"2026-08-31T18:35:12+00:00","mainEntityOfPage":{"@id":"https:\/\/monmaghreb.com\/index.php\/2026\/08\/31\/fes-la-canicule-passee-la-renaissance-du-tourisme-au-coeur-de-la-medina\/"},"wordCount":1012,"publisher":{"@id":"http:\/\/monmaghreb.com\/#organization"},"image":{"@id":"https:\/\/monmaghreb.com\/index.php\/2026\/08\/31\/fes-la-canicule-passee-la-renaissance-du-tourisme-au-coeur-de-la-medina\/#primaryimage"},"thumbnailUrl":"https:\/\/monmaghreb.com\/wp-content\/uploads\/2026\/08\/featured-539.jpg","keywords":["\"voyage\"","algeria travel guide","fes m\u00e9dina","patrimoine mondial","tunisie tourisme"],"articleSection":["Histoire &amp; Patrimoine"],"inLanguage":"en-US"},{"@type":"WebPage","@id":"https:\/\/monmaghreb.com\/index.php\/2026\/08\/31\/fes-la-canicule-passee-la-renaissance-du-tourisme-au-coeur-de-la-medina\/","url":"https:\/\/monmaghreb.com\/index.php\/2026\/08\/31\/fes-la-canicule-passee-la-renaissance-du-tourisme-au-coeur-de-la-medina\/","name":"F\u00e8s : la canicule pass\u00e9e, la renaissance du tourisme au c\u0153ur","isPartOf":{"@id":"http:\/\/monmaghreb.com\/#website"},"primaryImageOfPage":{"@id":"https:\/\/monmaghreb.com\/index.php\/2026\/08\/31\/fes-la-canicule-passee-la-renaissance-du-tourisme-au-coeur-de-la-medina\/#primaryimage"},"image":{"@id":"https:\/\/monmaghreb.com\/index.php\/2026\/08\/31\/fes-la-canicule-passee-la-renaissance-du-tourisme-au-coeur-de-la-medina\/#primaryimage"},"thumbnailUrl":"https:\/\/monmaghreb.com\/wp-content\/uploads\/2026\/08\/featured-539.jpg","datePublished":"2026-08-31T18:35:04+00:00","dateModified":"2026-08-31T18:35:12+00:00","description":"D\u00e9couvrez la renaissance du tourisme \u00e0 Fes apr\u00e8s la canicule. Visitez la m\u00e9dina d\u00e9clar\u00e9e patrimoine mondial.","breadcrumb":{"@id":"https:\/\/monmaghreb.com\/index.php\/2026\/08\/31\/fes-la-canicule-passee-la-renaissance-du-tourisme-au-coeur-de-la-medina\/#breadcrumb"},"inLanguage":"en-US","potentialAction":[{"@type":"ReadAction","target":["https:\/\/monmaghreb.com\/index.php\/2026\/08\/31\/fes-la-canicule-passee-la-renaissance-du-tourisme-au-coeur-de-la-medina\/"]}]},{"@type":"ImageObject","inLanguage":"en-US","@id":"https:\/\/monmaghreb.com\/index.php\/2026\/08\/31\/fes-la-canicule-passee-la-renaissance-du-tourisme-au-coeur-de-la-medina\/#primaryimage","url":"https:\/\/monmaghreb.com\/wp-content\/uploads\/2026\/08\/featured-539.jpg","contentUrl":"https:\/\/monmaghreb.com\/wp-content\/uploads\/2026\/08\/featured-539.jpg","width":1880,"height":1146,"caption":"Famille explorant la m\u00e9dina de Fes en Tunisie"},{"@type":"BreadcrumbList","@id":"https:\/\/monmaghreb.com\/index.php\/2026\/08\/31\/fes-la-canicule-passee-la-renaissance-du-tourisme-au-coeur-de-la-medina\/#breadcrumb","itemListElement":[{"@type":"ListItem","position":1,"name":"Home","item":"http:\/\/monmaghreb.com\/"},{"@type":"ListItem","position":2,"name":"F\u00e8s : la canicule pass\u00e9e, la renaissance du tourisme au c\u0153ur de la m\u00e9dina"}]},{"@type":"WebSite","@id":"http:\/\/monmaghreb.com\/#website","url":"http:\/\/monmaghreb.com\/","name":"Mon Maghreb","description":"MonMaghreb United","publisher":{"@id":"http:\/\/monmaghreb.com\/#organization"},"alternateName":"Le Monde du Maghreb et au del\u00e0","potentialAction":[{"@type":"SearchAction","target":{"@type":"EntryPoint","urlTemplate":"http:\/\/monmaghreb.com\/?s={search_term_string}"},"query-input":{"@type":"PropertyValueSpecification","valueRequired":true,"valueName":"search_term_string"}}],"inLanguage":"en-US"},{"@type":"Organization","@id":"http:\/\/monmaghreb.com\/#organization","name":"Mon Maghreb","url":"http:\/\/monmaghreb.com\/","logo":{"@type":"ImageObject","inLanguage":"en-US","@id":"http:\/\/monmaghreb.com\/#\/schema\/logo\/image\/","url":"https:\/\/monmaghreb.com\/wp-content\/uploads\/2025\/12\/Mon_Maghreb_Logo.jpg","contentUrl":"https:\/\/monmaghreb.com\/wp-content\/uploads\/2025\/12\/Mon_Maghreb_Logo.jpg","width":814,"height":374,"caption":"Mon Maghreb"},"image":{"@id":"http:\/\/monmaghreb.com\/#\/schema\/logo\/image\/"}},{"@type":"Person","@id":"http:\/\/monmaghreb.com\/#\/schema\/person\/c469a89dc8c6b8987dcb438b1200d054","name":"LaMagh","image":{"@type":"ImageObject","inLanguage":"en-US","@id":"https:\/\/secure.gravatar.com\/avatar\/399d8144bd55fba55e056779aca52fe528bac7911f6449e54d81173d6dfd7f0a?s=96&d=mm&r=g","url":"https:\/\/secure.gravatar.com\/avatar\/399d8144bd55fba55e056779aca52fe528bac7911f6449e54d81173d6dfd7f0a?s=96&d=mm&r=g","contentUrl":"https:\/\/secure.gravatar.com\/avatar\/399d8144bd55fba55e056779aca52fe528bac7911f6449e54d81173d6dfd7f0a?s=96&d=mm&r=g","caption":"LaMagh"},"sameAs":["https:\/\/monmaghreb.com","https:\/\/www.facebook.com\/monmaghrebcom","https:\/\/x.com\/MMaghreb50977"],"url":"https:\/\/monmaghreb.com\/index.php\/author\/lamagh\/"}]}},"_links":{"self":[{"href":"https:\/\/monmaghreb.com\/index.php\/wp-json\/wp\/v2\/posts\/9476","targetHints":{"allow":["GET"]}}],"collection":[{"href":"https:\/\/monmaghreb.com\/index.php\/wp-json\/wp\/v2\/posts"}],"about":[{"href":"https:\/\/monmaghreb.com\/index.php\/wp-json\/wp\/v2\/types\/post"}],"author":[{"embeddable":true,"href":"https:\/\/monmaghreb.com\/index.php\/wp-json\/wp\/v2\/users\/1"}],"replies":[{"embeddable":true,"href":"https:\/\/monmaghreb.com\/index.php\/wp-json\/wp\/v2\/comments?post=9476"}],"version-history":[{"count":1,"href":"https:\/\/monmaghreb.com\/index.php\/wp-json\/wp\/v2\/posts\/9476\/revisions"}],"predecessor-version":[{"id":9477,"href":"https:\/\/monmaghreb.com\/index.php\/wp-json\/wp\/v2\/posts\/9476\/revisions\/9477"}],"wp:featuredmedia":[{"embeddable":true,"href":"https:\/\/monmaghreb.com\/index.php\/wp-json\/wp\/v2\/media\/9475"}],"wp:attachment":[{"href":"https:\/\/monmaghreb.com\/index.php\/wp-json\/wp\/v2\/media?parent=9476"}],"wp:term":[{"taxonomy":"category","embeddable":true,"href":"https:\/\/monmaghreb.com\/index.php\/wp-json\/wp\/v2\/categories?post=9476"},{"taxonomy":"post_tag","embeddable":true,"href":"https:\/\/monmaghreb.com\/index.php\/wp-json\/wp\/v2\/tags?post=9476"}],"curies":[{"name":"wp","href":"https:\/\/api.w.org\/{rel}","templated":true}]}}