{"id":948,"date":"2026-03-10T03:25:11","date_gmt":"2026-03-10T03:25:11","guid":{"rendered":"https:\/\/monmaghreb.com\/?p=948"},"modified":"2026-03-10T03:26:01","modified_gmt":"2026-03-10T03:26:01","slug":"restitution-memorielle-les-armes-de-lemir-abdelkader-bientot-de-retour-en-algerie","status":"publish","type":"post","link":"https:\/\/monmaghreb.com\/index.php\/2026\/03\/10\/restitution-memorielle-les-armes-de-lemir-abdelkader-bientot-de-retour-en-algerie\/","title":{"rendered":"Restitution M\u00e9morielle : Les Armes de l\u2019\u00c9mir Abdelkader Bient\u00f4t de Retour en Alg\u00e9rie"},"content":{"rendered":"\n<h1 class=\"wp-block-heading\">Restitution M\u00e9morielle : Les Armes de l\u2019\u00c9mir Abdelkader Bient\u00f4t de Retour en Alg\u00e9rie<\/h1>\n\n\n\n<p>La restitution prochaine des armes de l\u2019\u00c9mir Abdelkader constitue une avanc\u00e9e majeure dans la r\u00e9appropriation du <strong>patrimoine historique alg\u00e9rien spoli\u00e9<\/strong> durant la colonisation fran\u00e7aise. Ce geste, hautement symbolique, intervient dans un contexte diplomatique fragile entre Paris et Alger, mais il ouvre une nouvelle \u00e9tape dans le long processus de <strong>r\u00e9conciliation m\u00e9morielle<\/strong>. Plus qu\u2019un simple transfert d\u2019objets, il s\u2019agit d\u2019un acte de justice historique qui relance le d\u00e9bat sur la <strong>restitution coloniale<\/strong> et la reconnaissance des violences du pass\u00e9.<\/p>\n\n\n\n<h2 class=\"wp-block-heading\">L\u2019\u00c9mir Abdelkader : Un H\u00e9ros National, Un Humaniste Universel<\/h2>\n\n\n\n<p>Pour comprendre la port\u00e9e de cette restitution, il faut revenir sur la figure exceptionnelle de <strong>l\u2019\u00c9mir Abdelkader (1808\u20111883)<\/strong>. Chef militaire, th\u00e9ologien soufi, philosophe et homme d\u2019\u00c9tat, il fut l\u2019un des premiers \u00e0 organiser une r\u00e9sistance structur\u00e9e contre l\u2019invasion fran\u00e7aise d\u00e8s 1832. Visionnaire, il mit en place une administration moderne, une arm\u00e9e disciplin\u00e9e et une diplomatie active, posant les bases d\u2019un proto\u2011\u00c9tat alg\u00e9rien.<\/p>\n\n\n\n<p>Apr\u00e8s sa reddition en 1847, il fut emprisonn\u00e9 en France avant d\u2019\u00eatre exil\u00e9 au Proche\u2011Orient. \u00c0 Damas, il se distingua en 1860 en prot\u00e9geant des milliers de chr\u00e9tiens lors de massacres interconfessionnels, un acte salu\u00e9 par Victor Hugo, Napol\u00e9on III et de nombreuses personnalit\u00e9s europ\u00e9ennes. Aujourd\u2019hui, Abdelkader incarne \u00e0 la fois la <strong>r\u00e9sistance alg\u00e9rienne<\/strong>, l\u2019unit\u00e9 nationale et le dialogue entre les cultures.<\/p>\n\n\n\n<p>Ses armes ne sont donc pas de simples artefacts militaires : elles symbolisent l\u2019h\u00e9ritage d\u2019un leader spirituel et politique dont l\u2019influence d\u00e9passe largement les fronti\u00e8res alg\u00e9riennes.<\/p>\n\n\n\n<h2 class=\"wp-block-heading\">Une Annonce Forte pour la Diplomatie Alg\u00e9rienne<\/h2>\n\n\n\n<p>Selon l\u2019historien Benjamin Stora, copr\u00e9sident de la commission mixte d\u2019historiens alg\u00e9ro\u2011fran\u00e7aise, les armes de l\u2019\u00c9mir seront \u00ab prochainement \u00bb restitu\u00e9es \u00e0 l\u2019Alg\u00e9rie. Expos\u00e9es d\u00e9but mars 2026 \u00e0 Stains (Seine\u2011Saint\u2011Denis), ces pi\u00e8ces ont suscit\u00e9 une vive \u00e9motion au sein de la diaspora alg\u00e9rienne. L\u2019exposition a permis de sensibiliser le public \u00e0 leur valeur patrimoniale et \u00e0 leur importance dans la <strong>m\u00e9moire collective alg\u00e9rienne<\/strong>.<\/p>\n\n\n\n<p>Cette restitution constitue une victoire symbolique pour Alger, qui multiplie depuis plusieurs ann\u00e9es les d\u00e9marches pour r\u00e9cup\u00e9rer son <strong>patrimoine culturel dispers\u00e9<\/strong> dans les mus\u00e9es et collections priv\u00e9es fran\u00e7aises.<\/p>\n\n\n\n<figure class=\"wp-block-image size-large\"><img loading=\"lazy\" decoding=\"async\" width=\"1024\" height=\"536\" src=\"http:\/\/monmaghreb.com\/wp-content\/uploads\/2026\/03\/armes-emir-abdelkader-restitution-patrimoine-algerien-1024x536.jpg\" alt=\"Armes historiques de l\u2019\u00c9mir Abdelkader restitu\u00e9es \u00e0 l\u2019Alg\u00e9rie, symbole du patrimoine alg\u00e9rien spoli\u00e9 durant la colonisation.\" class=\"wp-image-950\" srcset=\"https:\/\/monmaghreb.com\/wp-content\/uploads\/2026\/03\/armes-emir-abdelkader-restitution-patrimoine-algerien-1024x536.jpg 1024w, https:\/\/monmaghreb.com\/wp-content\/uploads\/2026\/03\/armes-emir-abdelkader-restitution-patrimoine-algerien-300x157.jpg 300w, https:\/\/monmaghreb.com\/wp-content\/uploads\/2026\/03\/armes-emir-abdelkader-restitution-patrimoine-algerien-768x402.jpg 768w, https:\/\/monmaghreb.com\/wp-content\/uploads\/2026\/03\/armes-emir-abdelkader-restitution-patrimoine-algerien-803x420.jpg 803w, https:\/\/monmaghreb.com\/wp-content\/uploads\/2026\/03\/armes-emir-abdelkader-restitution-patrimoine-algerien-640x335.jpg 640w, https:\/\/monmaghreb.com\/wp-content\/uploads\/2026\/03\/armes-emir-abdelkader-restitution-patrimoine-algerien-681x356.jpg 681w, https:\/\/monmaghreb.com\/wp-content\/uploads\/2026\/03\/armes-emir-abdelkader-restitution-patrimoine-algerien.jpg 1200w\" sizes=\"auto, (max-width: 1024px) 100vw, 1024px\" \/><figcaption class=\"wp-element-caption\">Armes de l\u2019\u00c9mir Abdelkader, au c\u0153ur du processus de restitution du patrimoine alg\u00e9rien.<\/figcaption><\/figure>\n\n\n\n<h2 class=\"wp-block-heading\">Une Acquisition Ing\u00e9nieuse : L\u2019Initiative d\u2019une Association Alg\u00e9rienne<\/h2>\n\n\n\n<p>Contrairement \u00e0 d\u2019autres biens culturels bloqu\u00e9s par le principe d\u2019inali\u00e9nabilit\u00e9 des collections publiques fran\u00e7aises, ces armes ont \u00e9t\u00e9 acquises par une association d\u00e9di\u00e9e \u00e0 la sauvegarde du patrimoine alg\u00e9rien. Cette strat\u00e9gie permet de contourner les obstacles juridiques qui freinent encore le retour d\u2019objets majeurs tels que :<\/p>\n\n\n\n<ul class=\"wp-block-list\">\n<li>l\u2019\u00e9p\u00e9e de l\u2019\u00c9mir Abdelkader,<\/li>\n\n\n\n<li>son burnous,<\/li>\n\n\n\n<li>son Coran personnel,<\/li>\n\n\n\n<li>le canon Baba Merzoug, symbole de la d\u00e9fense d\u2019Alger en 1830.<\/li>\n<\/ul>\n\n\n\n<p>En n\u00e9gociant directement avec des collectionneurs priv\u00e9s, l\u2019association ouvre une voie alternative pour d\u2019autres restitutions futures. Ce mod\u00e8le pourrait devenir un pr\u00e9c\u00e9dent important dans la lutte contre la <strong>spoliation coloniale<\/strong>.<\/p>\n\n\n\n<h2 class=\"wp-block-heading\">La Commission Mixte Alg\u00e9ro\u2011Fran\u00e7aise : Entre Avanc\u00e9es et Blocages<\/h2>\n\n\n\n<p>Cr\u00e9\u00e9e en 2022 par Abdelmadjid Tebboune et Emmanuel Macron, la commission mixte d\u2019historiens travaille \u00e0 apaiser les m\u00e9moires de la colonisation. En mai 2024, Alger a remis \u00e0 Paris une liste d\u00e9taill\u00e9e de biens culturels \u00e0 restituer, parmi lesquels :<\/p>\n\n\n\n<ul class=\"wp-block-list\">\n<li>l\u2019\u00e9p\u00e9e et le burnous de l\u2019\u00c9mir Abdelkader,<\/li>\n\n\n\n<li>son Coran personnel,<\/li>\n\n\n\n<li>le canon Baba Merzoug,<\/li>\n\n\n\n<li>les cl\u00e9s historiques de Constantine et d\u2019Alger.<\/li>\n<\/ul>\n\n\n\n<p>Malgr\u00e9 les engagements politiques, les avanc\u00e9es restent lentes. En avril 2025, Benjamin Stora exprimait publiquement son impatience face \u00e0 l\u2019absence de restitutions concr\u00e8tes. Ces lenteurs illustrent les tensions persistantes autour de la <strong>m\u00e9moire coloniale<\/strong> et les obstacles juridiques encore en vigueur en France.<\/p>\n\n\n\n<h2 class=\"wp-block-heading\">Un Geste Symbolique dans un Contexte Diplomatique Fragile<\/h2>\n\n\n\n<p>Le retour des armes intervient alors que les <strong>relations franco\u2011alg\u00e9riennes<\/strong> traversent une p\u00e9riode de crispation, notamment depuis le revirement fran\u00e7ais sur la question du Sahara occidental en 2024. Dans ce climat tendu, la m\u00e9moire historique demeure l\u2019un des rares terrains de dialogue encore possible entre les deux pays.<\/p>\n\n\n\n<p>Pour l\u2019Alg\u00e9rie, cette restitution n\u2019est pas un cadeau diplomatique, mais une r\u00e9paration l\u00e9gitime. Elle s\u2019inscrit dans une strat\u00e9gie plus large de <strong>d\u00e9colonisation culturelle<\/strong> visant \u00e0 r\u00e9cup\u00e9rer les archives, les restes humains et les objets spoli\u00e9s durant les 132 ann\u00e9es de colonisation.<\/p>\n\n\n\n<p>Pour la France, ce geste montre que le processus de r\u00e9conciliation n\u2019est pas totalement paralys\u00e9 et pourrait ouvrir la voie \u00e0 d\u2019autres avanc\u00e9es.<\/p>\n\n\n\n<h2 class=\"wp-block-heading\">Perspectives : Vers une Nouvelle \u00c9tape de la Coop\u00e9ration Culturelle ?<\/h2>\n\n\n\n<p>La date officielle de la c\u00e9r\u00e9monie de remise n\u2019a pas encore \u00e9t\u00e9 annonc\u00e9e, mais l\u2019\u00e9v\u00e9nement s\u2019annonce historique. Il pourrait se tenir au Mus\u00e9e national du Moudjahid ou au Palais de la Culture \u00e0 Alger, en pr\u00e9sence de responsables des deux pays.<\/p>\n\n\n\n<p>Cette restitution pourrait relancer les discussions sur :<\/p>\n\n\n\n<ul class=\"wp-block-list\">\n<li>la r\u00e9forme du cadre l\u00e9gal fran\u00e7ais,<\/li>\n\n\n\n<li>la restitution des archives coloniales,<\/li>\n\n\n\n<li>le retour des restes humains conserv\u00e9s dans les mus\u00e9es,<\/li>\n\n\n\n<li>la coop\u00e9ration culturelle et scientifique entre les deux nations.<\/li>\n<\/ul>\n\n\n\n<h2 class=\"wp-block-heading\">Conclusion : Une Restitution Qui R\u00e9pare et Qui Rassemble<\/h2>\n\n\n\n<p>Le retour des armes de l\u2019\u00c9mir Abdelkader d\u00e9passe la simple dimension mat\u00e9rielle. Il touche au c\u0153ur de la <strong>m\u00e9moire alg\u00e9rienne<\/strong>, \u00e0 la dignit\u00e9 d\u2019un peuple et \u00e0 la reconnaissance d\u2019un pass\u00e9 douloureux. Dans un monde o\u00f9 les tensions identitaires et historiques ressurgissent, ce geste rappelle que la reconnaissance du pass\u00e9 est indispensable pour construire un avenir apais\u00e9 et coop\u00e9ratif.<\/p>\n\n\n\n<script type=\"application\/ld+json\">\n{\n  \"@context\": \"https:\/\/schema.org\",\n  \"@type\": \"NewsArticle\",\n  \"mainEntityOfPage\": {\n    \"@type\": \"WebPage\",\n    \"@id\": \"https:\/\/ton-site.com\/emir-abdelkader-restitution-armes\"\n  },\n  \"headline\": \"Restitution M\u00e9morielle : Les Armes de l\u2019\u00c9mir Abdelkader Bient\u00f4t de Retour en Alg\u00e9rie\",\n  \"description\": \"La restitution des armes de l\u2019\u00c9mir Abdelkader marque une \u00e9tape cl\u00e9 pour la m\u00e9moire alg\u00e9rienne, la justice historique et les relations franco\u2011alg\u00e9riennes.\",\n  \"image\": [\n    \"https:\/\/ton-site.com\/wp-content\/uploads\/2026\/03\/emir-abdelkader-armes.jpg\"\n  ],\n  \"author\": {\n    \"@type\": \"Person\",\n    \"name\": \"Rachid\",\n    \"url\": \"https:\/\/ton-site.com\/auteur\/rachid\"\n  },\n  \"publisher\": {\n    \"@type\": \"Organization\",\n    \"name\": \"Ton Site\",\n    \"logo\": {\n      \"@type\": \"ImageObject\",\n      \"url\": \"https:\/\/ton-site.com\/wp-content\/uploads\/2026\/03\/logo.png\"\n    }\n  },\n  \"datePublished\": \"2026-03-09T23:00:00-05:00\",\n  \"dateModified\": \"2026-03-09T23:00:00-05:00\",\n  \"articleSection\": \"Histoire, Patrimoine, Alg\u00e9rie, Relations internationales\",\n  \"keywords\": [\n    \"\u00c9mir Abdelkader\",\n    \"restitution coloniale\",\n    \"patrimoine alg\u00e9rien\",\n    \"m\u00e9moire coloniale\",\n    \"relations franco-alg\u00e9riennes\",\n    \"spoliation coloniale\",\n    \"histoire de l\u2019Alg\u00e9rie\",\n    \"biens culturels alg\u00e9riens\"\n  ]\n}\n<\/script>\n\n\n\n\n\n<p><\/p>\n","protected":false},"excerpt":{"rendered":"<p>La restitution des armes de l\u2019\u00c9mir Abdelkader marque un tournant historique pour la m\u00e9moire alg\u00e9rienne et les relations franco\u2011alg\u00e9riennes. Un geste symbolique qui relance le d\u00e9bat sur la restitution des biens culturels spoli\u00e9s durant la colonisation.<\/p>\n","protected":false},"author":1,"featured_media":951,"comment_status":"closed","ping_status":"open","sticky":false,"template":"","format":"standard","meta":{"_yoast_wpseo_focuskw":"","_yoast_wpseo_title":"","_yoast_wpseo_metadesc":"La restitution des armes de l\u2019\u00c9mir Abdelkader marque une \u00e9tape cl\u00e9 pour la m\u00e9moire alg\u00e9rienne, la justice historique et les relations franco\u2011alg\u00e9riennes.","_yoast_wpseo_canonical":"","_yoast_wpseo_opengraph-title":"","_yoast_wpseo_opengraph-description":"","_yoast_wpseo_opengraph-image":"","tdm_status":"","tdm_grid_status":"","footnotes":""},"categories":[91,652],"tags":[495,707,704,708,611,700,703,709,701,698,705,702,699,706,697],"class_list":["post-948","post","type-post","status-publish","format-standard","has-post-thumbnail","hentry","category-culture","category-histoire-patrimoine","tag-baba-merzoug","tag-biens-culturels","tag-biens-culturels-algeriens","tag-colonisation-francaise","tag-diaspora-algerienne","tag-emir-abdelkader","tag-histoire-de-lalgerie","tag-justice-historique","tag-memoire-coloniale","tag-patrimoine-algerien","tag-relations-franco-algeriennes-2","tag-relations-franco-algeriennes","tag-restitution-coloniale","tag-spoliation","tag-spoliation-coloniale"],"yoast_head":"<!-- This site is optimized with the Yoast SEO plugin v27.4 - https:\/\/yoast.com\/product\/yoast-seo-wordpress\/ -->\n<title>Restitution M\u00e9morielle : Les Armes de l\u2019\u00c9mir Abdelkader Bient\u00f4t de Retour en Alg\u00e9rie - Mon Maghreb<\/title>\n<meta name=\"description\" content=\"La restitution des armes de l\u2019\u00c9mir Abdelkader marque une \u00e9tape cl\u00e9 pour la m\u00e9moire alg\u00e9rienne, la justice historique et les relations franco\u2011alg\u00e9riennes.\" \/>\n<meta name=\"robots\" content=\"index, follow, max-snippet:-1, max-image-preview:large, max-video-preview:-1\" \/>\n<link rel=\"canonical\" href=\"https:\/\/monmaghreb.com\/index.php\/2026\/03\/10\/restitution-memorielle-les-armes-de-lemir-abdelkader-bientot-de-retour-en-algerie\/\" \/>\n<meta property=\"og:locale\" content=\"en_US\" \/>\n<meta property=\"og:type\" content=\"article\" \/>\n<meta property=\"og:title\" content=\"Restitution M\u00e9morielle : Les Armes de l\u2019\u00c9mir Abdelkader Bient\u00f4t de Retour en Alg\u00e9rie - Mon Maghreb\" \/>\n<meta property=\"og:description\" content=\"La restitution des armes de l\u2019\u00c9mir Abdelkader marque une \u00e9tape cl\u00e9 pour la m\u00e9moire alg\u00e9rienne, la justice historique et les relations franco\u2011alg\u00e9riennes.\" \/>\n<meta property=\"og:url\" content=\"https:\/\/monmaghreb.com\/index.php\/2026\/03\/10\/restitution-memorielle-les-armes-de-lemir-abdelkader-bientot-de-retour-en-algerie\/\" \/>\n<meta property=\"og:site_name\" content=\"Mon Maghreb\" \/>\n<meta property=\"article:author\" content=\"https:\/\/www.facebook.com\/monmaghrebcom\" \/>\n<meta property=\"article:published_time\" content=\"2026-03-10T03:25:11+00:00\" \/>\n<meta property=\"article:modified_time\" content=\"2026-03-10T03:26:01+00:00\" \/>\n<meta property=\"og:image\" content=\"http:\/\/monmaghreb.com\/wp-content\/uploads\/2026\/03\/Restitution-Memorielle-Les-Armes-de-lEmir-Abdelkader-Bientot-de-Retour-en-Algerie-2.jpg\" \/>\n\t<meta property=\"og:image:width\" content=\"1024\" \/>\n\t<meta property=\"og:image:height\" content=\"684\" \/>\n\t<meta property=\"og:image:type\" content=\"image\/jpeg\" \/>\n<meta name=\"author\" content=\"LaMagh\" \/>\n<meta name=\"twitter:card\" content=\"summary_large_image\" \/>\n<meta name=\"twitter:creator\" content=\"@MMaghreb50977\" \/>\n<meta name=\"twitter:label1\" content=\"Written by\" \/>\n\t<meta name=\"twitter:data1\" content=\"LaMagh\" \/>\n\t<meta name=\"twitter:label2\" content=\"Est. reading time\" \/>\n\t<meta name=\"twitter:data2\" content=\"5 minutes\" \/>\n<script type=\"application\/ld+json\" class=\"yoast-schema-graph\">{\"@context\":\"https:\\\/\\\/schema.org\",\"@graph\":[{\"@type\":\"Article\",\"@id\":\"https:\\\/\\\/monmaghreb.com\\\/index.php\\\/2026\\\/03\\\/10\\\/restitution-memorielle-les-armes-de-lemir-abdelkader-bientot-de-retour-en-algerie\\\/#article\",\"isPartOf\":{\"@id\":\"https:\\\/\\\/monmaghreb.com\\\/index.php\\\/2026\\\/03\\\/10\\\/restitution-memorielle-les-armes-de-lemir-abdelkader-bientot-de-retour-en-algerie\\\/\"},\"author\":{\"name\":\"LaMagh\",\"@id\":\"http:\\\/\\\/monmaghreb.com\\\/#\\\/schema\\\/person\\\/c469a89dc8c6b8987dcb438b1200d054\"},\"headline\":\"Restitution M\u00e9morielle : Les Armes de l\u2019\u00c9mir Abdelkader Bient\u00f4t de Retour en Alg\u00e9rie\",\"datePublished\":\"2026-03-10T03:25:11+00:00\",\"dateModified\":\"2026-03-10T03:26:01+00:00\",\"mainEntityOfPage\":{\"@id\":\"https:\\\/\\\/monmaghreb.com\\\/index.php\\\/2026\\\/03\\\/10\\\/restitution-memorielle-les-armes-de-lemir-abdelkader-bientot-de-retour-en-algerie\\\/\"},\"wordCount\":1003,\"publisher\":{\"@id\":\"http:\\\/\\\/monmaghreb.com\\\/#organization\"},\"image\":{\"@id\":\"https:\\\/\\\/monmaghreb.com\\\/index.php\\\/2026\\\/03\\\/10\\\/restitution-memorielle-les-armes-de-lemir-abdelkader-bientot-de-retour-en-algerie\\\/#primaryimage\"},\"thumbnailUrl\":\"https:\\\/\\\/monmaghreb.com\\\/wp-content\\\/uploads\\\/2026\\\/03\\\/Restitution-Memorielle-Les-Armes-de-lEmir-Abdelkader-Bientot-de-Retour-en-Algerie-2.jpg\",\"keywords\":[\"Baba Merzoug\",\"biens culturels\",\"biens culturels alg\u00e9riens\",\"colonisation fran\u00e7aise\",\"diaspora alg\u00e9rienne\",\"\u00c9mir Abdelkader\",\"histoire de l\u2019Alg\u00e9rie\",\"justice historique\",\"m\u00e9moire coloniale\",\"patrimoine alg\u00e9rien\",\"relations franco-alg\u00e9riennes\",\"relations franco\u2011alg\u00e9riennes\",\"restitution coloniale\",\"spoliation\",\"spoliation coloniale\"],\"articleSection\":[\"Culture\",\"Histoire &amp; Patrimoine\"],\"inLanguage\":\"en-US\"},{\"@type\":\"WebPage\",\"@id\":\"https:\\\/\\\/monmaghreb.com\\\/index.php\\\/2026\\\/03\\\/10\\\/restitution-memorielle-les-armes-de-lemir-abdelkader-bientot-de-retour-en-algerie\\\/\",\"url\":\"https:\\\/\\\/monmaghreb.com\\\/index.php\\\/2026\\\/03\\\/10\\\/restitution-memorielle-les-armes-de-lemir-abdelkader-bientot-de-retour-en-algerie\\\/\",\"name\":\"Restitution M\u00e9morielle : Les Armes de l\u2019\u00c9mir Abdelkader Bient\u00f4t de Retour en Alg\u00e9rie - Mon Maghreb\",\"isPartOf\":{\"@id\":\"http:\\\/\\\/monmaghreb.com\\\/#website\"},\"primaryImageOfPage\":{\"@id\":\"https:\\\/\\\/monmaghreb.com\\\/index.php\\\/2026\\\/03\\\/10\\\/restitution-memorielle-les-armes-de-lemir-abdelkader-bientot-de-retour-en-algerie\\\/#primaryimage\"},\"image\":{\"@id\":\"https:\\\/\\\/monmaghreb.com\\\/index.php\\\/2026\\\/03\\\/10\\\/restitution-memorielle-les-armes-de-lemir-abdelkader-bientot-de-retour-en-algerie\\\/#primaryimage\"},\"thumbnailUrl\":\"https:\\\/\\\/monmaghreb.com\\\/wp-content\\\/uploads\\\/2026\\\/03\\\/Restitution-Memorielle-Les-Armes-de-lEmir-Abdelkader-Bientot-de-Retour-en-Algerie-2.jpg\",\"datePublished\":\"2026-03-10T03:25:11+00:00\",\"dateModified\":\"2026-03-10T03:26:01+00:00\",\"description\":\"La restitution des armes de l\u2019\u00c9mir Abdelkader marque une \u00e9tape cl\u00e9 pour la m\u00e9moire alg\u00e9rienne, la justice historique et les relations franco\u2011alg\u00e9riennes.\",\"breadcrumb\":{\"@id\":\"https:\\\/\\\/monmaghreb.com\\\/index.php\\\/2026\\\/03\\\/10\\\/restitution-memorielle-les-armes-de-lemir-abdelkader-bientot-de-retour-en-algerie\\\/#breadcrumb\"},\"inLanguage\":\"en-US\",\"potentialAction\":[{\"@type\":\"ReadAction\",\"target\":[\"https:\\\/\\\/monmaghreb.com\\\/index.php\\\/2026\\\/03\\\/10\\\/restitution-memorielle-les-armes-de-lemir-abdelkader-bientot-de-retour-en-algerie\\\/\"]}]},{\"@type\":\"ImageObject\",\"inLanguage\":\"en-US\",\"@id\":\"https:\\\/\\\/monmaghreb.com\\\/index.php\\\/2026\\\/03\\\/10\\\/restitution-memorielle-les-armes-de-lemir-abdelkader-bientot-de-retour-en-algerie\\\/#primaryimage\",\"url\":\"https:\\\/\\\/monmaghreb.com\\\/wp-content\\\/uploads\\\/2026\\\/03\\\/Restitution-Memorielle-Les-Armes-de-lEmir-Abdelkader-Bientot-de-Retour-en-Algerie-2.jpg\",\"contentUrl\":\"https:\\\/\\\/monmaghreb.com\\\/wp-content\\\/uploads\\\/2026\\\/03\\\/Restitution-Memorielle-Les-Armes-de-lEmir-Abdelkader-Bientot-de-Retour-en-Algerie-2.jpg\",\"width\":1024,\"height\":684,\"caption\":\"Armes de l\u2019\u00c9mir Abdelkader, au c\u0153ur du processus de restitution du patrimoine alg\u00e9rien.\"},{\"@type\":\"BreadcrumbList\",\"@id\":\"https:\\\/\\\/monmaghreb.com\\\/index.php\\\/2026\\\/03\\\/10\\\/restitution-memorielle-les-armes-de-lemir-abdelkader-bientot-de-retour-en-algerie\\\/#breadcrumb\",\"itemListElement\":[{\"@type\":\"ListItem\",\"position\":1,\"name\":\"Home\",\"item\":\"http:\\\/\\\/monmaghreb.com\\\/\"},{\"@type\":\"ListItem\",\"position\":2,\"name\":\"Restitution M\u00e9morielle : Les Armes de l\u2019\u00c9mir Abdelkader Bient\u00f4t de Retour en Alg\u00e9rie\"}]},{\"@type\":\"WebSite\",\"@id\":\"http:\\\/\\\/monmaghreb.com\\\/#website\",\"url\":\"http:\\\/\\\/monmaghreb.com\\\/\",\"name\":\"Mon Maghreb\",\"description\":\"MonMaghreb United\",\"publisher\":{\"@id\":\"http:\\\/\\\/monmaghreb.com\\\/#organization\"},\"alternateName\":\"Le Monde du Maghreb et au del\u00e0\",\"potentialAction\":[{\"@type\":\"SearchAction\",\"target\":{\"@type\":\"EntryPoint\",\"urlTemplate\":\"http:\\\/\\\/monmaghreb.com\\\/?s={search_term_string}\"},\"query-input\":{\"@type\":\"PropertyValueSpecification\",\"valueRequired\":true,\"valueName\":\"search_term_string\"}}],\"inLanguage\":\"en-US\"},{\"@type\":\"Organization\",\"@id\":\"http:\\\/\\\/monmaghreb.com\\\/#organization\",\"name\":\"Mon Maghreb\",\"url\":\"http:\\\/\\\/monmaghreb.com\\\/\",\"logo\":{\"@type\":\"ImageObject\",\"inLanguage\":\"en-US\",\"@id\":\"http:\\\/\\\/monmaghreb.com\\\/#\\\/schema\\\/logo\\\/image\\\/\",\"url\":\"https:\\\/\\\/monmaghreb.com\\\/wp-content\\\/uploads\\\/2025\\\/12\\\/Mon_Maghreb_Logo.jpg\",\"contentUrl\":\"https:\\\/\\\/monmaghreb.com\\\/wp-content\\\/uploads\\\/2025\\\/12\\\/Mon_Maghreb_Logo.jpg\",\"width\":814,\"height\":374,\"caption\":\"Mon Maghreb\"},\"image\":{\"@id\":\"http:\\\/\\\/monmaghreb.com\\\/#\\\/schema\\\/logo\\\/image\\\/\"}},{\"@type\":\"Person\",\"@id\":\"http:\\\/\\\/monmaghreb.com\\\/#\\\/schema\\\/person\\\/c469a89dc8c6b8987dcb438b1200d054\",\"name\":\"LaMagh\",\"image\":{\"@type\":\"ImageObject\",\"inLanguage\":\"en-US\",\"@id\":\"https:\\\/\\\/secure.gravatar.com\\\/avatar\\\/399d8144bd55fba55e056779aca52fe528bac7911f6449e54d81173d6dfd7f0a?s=96&d=mm&r=g\",\"url\":\"https:\\\/\\\/secure.gravatar.com\\\/avatar\\\/399d8144bd55fba55e056779aca52fe528bac7911f6449e54d81173d6dfd7f0a?s=96&d=mm&r=g\",\"contentUrl\":\"https:\\\/\\\/secure.gravatar.com\\\/avatar\\\/399d8144bd55fba55e056779aca52fe528bac7911f6449e54d81173d6dfd7f0a?s=96&d=mm&r=g\",\"caption\":\"LaMagh\"},\"sameAs\":[\"https:\\\/\\\/monmaghreb.com\",\"https:\\\/\\\/www.facebook.com\\\/monmaghrebcom\",\"https:\\\/\\\/x.com\\\/MMaghreb50977\"],\"url\":\"https:\\\/\\\/monmaghreb.com\\\/index.php\\\/author\\\/lamagh\\\/\"}]}<\/script>\n<!-- \/ Yoast SEO plugin. -->","yoast_head_json":{"title":"Restitution M\u00e9morielle : Les Armes de l\u2019\u00c9mir Abdelkader Bient\u00f4t de Retour en Alg\u00e9rie - Mon Maghreb","description":"La restitution des armes de l\u2019\u00c9mir Abdelkader marque une \u00e9tape cl\u00e9 pour la m\u00e9moire alg\u00e9rienne, la justice historique et les relations franco\u2011alg\u00e9riennes.","robots":{"index":"index","follow":"follow","max-snippet":"max-snippet:-1","max-image-preview":"max-image-preview:large","max-video-preview":"max-video-preview:-1"},"canonical":"https:\/\/monmaghreb.com\/index.php\/2026\/03\/10\/restitution-memorielle-les-armes-de-lemir-abdelkader-bientot-de-retour-en-algerie\/","og_locale":"en_US","og_type":"article","og_title":"Restitution M\u00e9morielle : Les Armes de l\u2019\u00c9mir Abdelkader Bient\u00f4t de Retour en Alg\u00e9rie - Mon Maghreb","og_description":"La restitution des armes de l\u2019\u00c9mir Abdelkader marque une \u00e9tape cl\u00e9 pour la m\u00e9moire alg\u00e9rienne, la justice historique et les relations franco\u2011alg\u00e9riennes.","og_url":"https:\/\/monmaghreb.com\/index.php\/2026\/03\/10\/restitution-memorielle-les-armes-de-lemir-abdelkader-bientot-de-retour-en-algerie\/","og_site_name":"Mon Maghreb","article_author":"https:\/\/www.facebook.com\/monmaghrebcom","article_published_time":"2026-03-10T03:25:11+00:00","article_modified_time":"2026-03-10T03:26:01+00:00","og_image":[{"width":1024,"height":684,"url":"http:\/\/monmaghreb.com\/wp-content\/uploads\/2026\/03\/Restitution-Memorielle-Les-Armes-de-lEmir-Abdelkader-Bientot-de-Retour-en-Algerie-2.jpg","type":"image\/jpeg"}],"author":"LaMagh","twitter_card":"summary_large_image","twitter_creator":"@MMaghreb50977","twitter_misc":{"Written by":"LaMagh","Est. reading time":"5 minutes"},"schema":{"@context":"https:\/\/schema.org","@graph":[{"@type":"Article","@id":"https:\/\/monmaghreb.com\/index.php\/2026\/03\/10\/restitution-memorielle-les-armes-de-lemir-abdelkader-bientot-de-retour-en-algerie\/#article","isPartOf":{"@id":"https:\/\/monmaghreb.com\/index.php\/2026\/03\/10\/restitution-memorielle-les-armes-de-lemir-abdelkader-bientot-de-retour-en-algerie\/"},"author":{"name":"LaMagh","@id":"http:\/\/monmaghreb.com\/#\/schema\/person\/c469a89dc8c6b8987dcb438b1200d054"},"headline":"Restitution M\u00e9morielle : Les Armes de l\u2019\u00c9mir Abdelkader Bient\u00f4t de Retour en Alg\u00e9rie","datePublished":"2026-03-10T03:25:11+00:00","dateModified":"2026-03-10T03:26:01+00:00","mainEntityOfPage":{"@id":"https:\/\/monmaghreb.com\/index.php\/2026\/03\/10\/restitution-memorielle-les-armes-de-lemir-abdelkader-bientot-de-retour-en-algerie\/"},"wordCount":1003,"publisher":{"@id":"http:\/\/monmaghreb.com\/#organization"},"image":{"@id":"https:\/\/monmaghreb.com\/index.php\/2026\/03\/10\/restitution-memorielle-les-armes-de-lemir-abdelkader-bientot-de-retour-en-algerie\/#primaryimage"},"thumbnailUrl":"https:\/\/monmaghreb.com\/wp-content\/uploads\/2026\/03\/Restitution-Memorielle-Les-Armes-de-lEmir-Abdelkader-Bientot-de-Retour-en-Algerie-2.jpg","keywords":["Baba Merzoug","biens culturels","biens culturels alg\u00e9riens","colonisation fran\u00e7aise","diaspora alg\u00e9rienne","\u00c9mir Abdelkader","histoire de l\u2019Alg\u00e9rie","justice historique","m\u00e9moire coloniale","patrimoine alg\u00e9rien","relations franco-alg\u00e9riennes","relations franco\u2011alg\u00e9riennes","restitution coloniale","spoliation","spoliation coloniale"],"articleSection":["Culture","Histoire &amp; Patrimoine"],"inLanguage":"en-US"},{"@type":"WebPage","@id":"https:\/\/monmaghreb.com\/index.php\/2026\/03\/10\/restitution-memorielle-les-armes-de-lemir-abdelkader-bientot-de-retour-en-algerie\/","url":"https:\/\/monmaghreb.com\/index.php\/2026\/03\/10\/restitution-memorielle-les-armes-de-lemir-abdelkader-bientot-de-retour-en-algerie\/","name":"Restitution M\u00e9morielle : Les Armes de l\u2019\u00c9mir Abdelkader Bient\u00f4t de Retour en Alg\u00e9rie - Mon Maghreb","isPartOf":{"@id":"http:\/\/monmaghreb.com\/#website"},"primaryImageOfPage":{"@id":"https:\/\/monmaghreb.com\/index.php\/2026\/03\/10\/restitution-memorielle-les-armes-de-lemir-abdelkader-bientot-de-retour-en-algerie\/#primaryimage"},"image":{"@id":"https:\/\/monmaghreb.com\/index.php\/2026\/03\/10\/restitution-memorielle-les-armes-de-lemir-abdelkader-bientot-de-retour-en-algerie\/#primaryimage"},"thumbnailUrl":"https:\/\/monmaghreb.com\/wp-content\/uploads\/2026\/03\/Restitution-Memorielle-Les-Armes-de-lEmir-Abdelkader-Bientot-de-Retour-en-Algerie-2.jpg","datePublished":"2026-03-10T03:25:11+00:00","dateModified":"2026-03-10T03:26:01+00:00","description":"La restitution des armes de l\u2019\u00c9mir Abdelkader marque une \u00e9tape cl\u00e9 pour la m\u00e9moire alg\u00e9rienne, la justice historique et les relations franco\u2011alg\u00e9riennes.","breadcrumb":{"@id":"https:\/\/monmaghreb.com\/index.php\/2026\/03\/10\/restitution-memorielle-les-armes-de-lemir-abdelkader-bientot-de-retour-en-algerie\/#breadcrumb"},"inLanguage":"en-US","potentialAction":[{"@type":"ReadAction","target":["https:\/\/monmaghreb.com\/index.php\/2026\/03\/10\/restitution-memorielle-les-armes-de-lemir-abdelkader-bientot-de-retour-en-algerie\/"]}]},{"@type":"ImageObject","inLanguage":"en-US","@id":"https:\/\/monmaghreb.com\/index.php\/2026\/03\/10\/restitution-memorielle-les-armes-de-lemir-abdelkader-bientot-de-retour-en-algerie\/#primaryimage","url":"https:\/\/monmaghreb.com\/wp-content\/uploads\/2026\/03\/Restitution-Memorielle-Les-Armes-de-lEmir-Abdelkader-Bientot-de-Retour-en-Algerie-2.jpg","contentUrl":"https:\/\/monmaghreb.com\/wp-content\/uploads\/2026\/03\/Restitution-Memorielle-Les-Armes-de-lEmir-Abdelkader-Bientot-de-Retour-en-Algerie-2.jpg","width":1024,"height":684,"caption":"Armes de l\u2019\u00c9mir Abdelkader, au c\u0153ur du processus de restitution du patrimoine alg\u00e9rien."},{"@type":"BreadcrumbList","@id":"https:\/\/monmaghreb.com\/index.php\/2026\/03\/10\/restitution-memorielle-les-armes-de-lemir-abdelkader-bientot-de-retour-en-algerie\/#breadcrumb","itemListElement":[{"@type":"ListItem","position":1,"name":"Home","item":"http:\/\/monmaghreb.com\/"},{"@type":"ListItem","position":2,"name":"Restitution M\u00e9morielle : Les Armes de l\u2019\u00c9mir Abdelkader Bient\u00f4t de Retour en Alg\u00e9rie"}]},{"@type":"WebSite","@id":"http:\/\/monmaghreb.com\/#website","url":"http:\/\/monmaghreb.com\/","name":"Mon Maghreb","description":"MonMaghreb United","publisher":{"@id":"http:\/\/monmaghreb.com\/#organization"},"alternateName":"Le Monde du Maghreb et au del\u00e0","potentialAction":[{"@type":"SearchAction","target":{"@type":"EntryPoint","urlTemplate":"http:\/\/monmaghreb.com\/?s={search_term_string}"},"query-input":{"@type":"PropertyValueSpecification","valueRequired":true,"valueName":"search_term_string"}}],"inLanguage":"en-US"},{"@type":"Organization","@id":"http:\/\/monmaghreb.com\/#organization","name":"Mon Maghreb","url":"http:\/\/monmaghreb.com\/","logo":{"@type":"ImageObject","inLanguage":"en-US","@id":"http:\/\/monmaghreb.com\/#\/schema\/logo\/image\/","url":"https:\/\/monmaghreb.com\/wp-content\/uploads\/2025\/12\/Mon_Maghreb_Logo.jpg","contentUrl":"https:\/\/monmaghreb.com\/wp-content\/uploads\/2025\/12\/Mon_Maghreb_Logo.jpg","width":814,"height":374,"caption":"Mon Maghreb"},"image":{"@id":"http:\/\/monmaghreb.com\/#\/schema\/logo\/image\/"}},{"@type":"Person","@id":"http:\/\/monmaghreb.com\/#\/schema\/person\/c469a89dc8c6b8987dcb438b1200d054","name":"LaMagh","image":{"@type":"ImageObject","inLanguage":"en-US","@id":"https:\/\/secure.gravatar.com\/avatar\/399d8144bd55fba55e056779aca52fe528bac7911f6449e54d81173d6dfd7f0a?s=96&d=mm&r=g","url":"https:\/\/secure.gravatar.com\/avatar\/399d8144bd55fba55e056779aca52fe528bac7911f6449e54d81173d6dfd7f0a?s=96&d=mm&r=g","contentUrl":"https:\/\/secure.gravatar.com\/avatar\/399d8144bd55fba55e056779aca52fe528bac7911f6449e54d81173d6dfd7f0a?s=96&d=mm&r=g","caption":"LaMagh"},"sameAs":["https:\/\/monmaghreb.com","https:\/\/www.facebook.com\/monmaghrebcom","https:\/\/x.com\/MMaghreb50977"],"url":"https:\/\/monmaghreb.com\/index.php\/author\/lamagh\/"}]}},"_links":{"self":[{"href":"https:\/\/monmaghreb.com\/index.php\/wp-json\/wp\/v2\/posts\/948","targetHints":{"allow":["GET"]}}],"collection":[{"href":"https:\/\/monmaghreb.com\/index.php\/wp-json\/wp\/v2\/posts"}],"about":[{"href":"https:\/\/monmaghreb.com\/index.php\/wp-json\/wp\/v2\/types\/post"}],"author":[{"embeddable":true,"href":"https:\/\/monmaghreb.com\/index.php\/wp-json\/wp\/v2\/users\/1"}],"replies":[{"embeddable":true,"href":"https:\/\/monmaghreb.com\/index.php\/wp-json\/wp\/v2\/comments?post=948"}],"version-history":[{"count":1,"href":"https:\/\/monmaghreb.com\/index.php\/wp-json\/wp\/v2\/posts\/948\/revisions"}],"predecessor-version":[{"id":952,"href":"https:\/\/monmaghreb.com\/index.php\/wp-json\/wp\/v2\/posts\/948\/revisions\/952"}],"wp:featuredmedia":[{"embeddable":true,"href":"https:\/\/monmaghreb.com\/index.php\/wp-json\/wp\/v2\/media\/951"}],"wp:attachment":[{"href":"https:\/\/monmaghreb.com\/index.php\/wp-json\/wp\/v2\/media?parent=948"}],"wp:term":[{"taxonomy":"category","embeddable":true,"href":"https:\/\/monmaghreb.com\/index.php\/wp-json\/wp\/v2\/categories?post=948"},{"taxonomy":"post_tag","embeddable":true,"href":"https:\/\/monmaghreb.com\/index.php\/wp-json\/wp\/v2\/tags?post=948"}],"curies":[{"name":"wp","href":"https:\/\/api.w.org\/{rel}","templated":true}]}}