
{"id":9482,"date":"2026-08-31T20:04:50","date_gmt":"2026-08-31T20:04:50","guid":{"rendered":"https:\/\/monmaghreb.com\/index.php\/2026\/08\/31\/marrakech-et-la-mediterranee-en-premiere-position-des-destinations-de-vacances-des-francais-pour-septembre\/"},"modified":"2026-08-31T20:05:02","modified_gmt":"2026-08-31T20:05:02","slug":"marrakech-et-la-mediterranee-en-premiere-position-des-destinations-de-vacances-des-francais-pour-septembre","status":"publish","type":"post","link":"https:\/\/monmaghreb.com\/index.php\/2026\/08\/31\/marrakech-et-la-mediterranee-en-premiere-position-des-destinations-de-vacances-des-francais-pour-septembre\/","title":{"rendered":"Marrakech et la M\u00e9diterran\u00e9e en premi\u00e8re position des destinations de vacances des Fran\u00e7ais pour septembre"},"content":{"rendered":"<h1>Marrakech et la M\u00e9diterran\u00e9e en premi\u00e8re position des destinations de vacances des Fran\u00e7ais pour septembre<\/h1>\n<p>L&#8217;\u00e9t\u00e9 2023 a \u00e9t\u00e9 marqu\u00e9 par une forte demande de voyages par les Fran\u00e7ais, notamment vers des destinations de vacances en M\u00e9diterran\u00e9e et Marrakech, qui ont connu un succ\u00e8s ph\u00e9nom\u00e9nal. Selon une \u00e9tude r\u00e9alis\u00e9e par le bureau de recherche et d&#8217;analyse Skobielab, Marrakech et les c\u00f4tes m\u00e9diterran\u00e9ennes sont les destinations pr\u00e9f\u00e9r\u00e9es des Fran\u00e7ais pour leurs vacances en septembre. Les Fran\u00e7ais sont attir\u00e9s par la richesse culturelle de Marrakech, avec ses souks vibrants, ses jardins aux parfums exotiques et ses sites historiques d&#8217;une beaut\u00e9 exceptionnelle.<\/p>\n<h2>Une popularit\u00e9 grandissante de Marrakech<\/h2>\n<p>Marrakech a gagn\u00e9 en popularit\u00e9 ces derni\u00e8res ann\u00e9es en raison de sa culture riche, de son climat agr\u00e9able et de ses attractions touristiques vari\u00e9es. Les plages de sable fin de la ville, comme la plage de Taghazout, sont tr\u00e8s appr\u00e9ci\u00e9es des vacanciers. Les jardins de Majorelle, cr\u00e9\u00e9s par le c\u00e9l\u00e8bre artiste Jacques Majorelle, sont \u00e9galement un lieu incontournable pour les amoureux de la nature. Les sites historiques, tels que la m\u00e9dina et la mosqu\u00e9e Koutoubia, sont \u00e9galement tr\u00e8s appr\u00e9ci\u00e9s.<\/p>\n<p>La ville marocaine propose \u00e9galement un march\u00e9 vibrant, avec ses souks et ses artisans, qui proposent des souvenirs uniques et des produits locaux. La gastronomie de Marrakech est \u00e9galement tr\u00e8s c\u00e9l\u00e8bre, avec ses sp\u00e9cialit\u00e9s telles que le tagine, le couscous et le mint tea. Les restaurants de la ville, tels que le restaurant Al Fassia, sont tr\u00e8s appr\u00e9ci\u00e9s par les voyageurs.<\/p>\n<p>Marrakech a \u00e9galement vu la croissance de l&#8217;offre h\u00f4teli\u00e8re ces derni\u00e8res ann\u00e9es, ce qui rend les s\u00e9jours plus abordables pour les Fran\u00e7ais. Les h\u00f4tels de la ville, tels que l&#8217;h\u00f4tel La Sultana ou l&#8217;h\u00f4tel Les Jardins de Marrakech, offrent des chambres confortables et des services de qualit\u00e9.<\/p>\n<h2>La M\u00e9diterran\u00e9e, toujours une destination populaire<\/h2>\n<p>La M\u00e9diterran\u00e9e reste une destination populaire pour les Fran\u00e7ais, qui trouvent en elle un paradis de sable fin et de soleil. Les c\u00f4tes m\u00e9diterran\u00e9ennes offrent une vari\u00e9t\u00e9 de plages, de villes historiques et de sites naturels. Les plages de la C\u00f4te d&#8217;Azur, comme la plage de Saint-Tropez ou la plage de Cannes, sont tr\u00e8s appr\u00e9ci\u00e9es des vacanciers. Les villes historiques, telles que Nice ou Marseille, offrent des visites culturelles int\u00e9ressantes.<\/p>\n<p>Les villes m\u00e9diterran\u00e9ennes ont \u00e9galement b\u00e9n\u00e9fici\u00e9 d&#8217;une augmentation de l&#8217;offre h\u00f4teli\u00e8re ces derni\u00e8res ann\u00e9es, ce qui rend les s\u00e9jours plus abordables pour les Fran\u00e7ais. Les h\u00f4tels de la C\u00f4te d&#8217;Azur, tels que l&#8217;h\u00f4tel de France \u00e0 Nice ou l&#8217;h\u00f4tel Le Majestic \u00e0 Cannes, offrent des chambres confortables et des services de qualit\u00e9.<\/p>\n<p>Les Fran\u00e7ais sont \u00e9galement attir\u00e9s par les plages de la M\u00e9diterran\u00e9e pour les activit\u00e9s nautiques que propose la mer, comme la plong\u00e9e sous-marine, la navigation et le surf. Les stations baln\u00e9aires, telles que Saint-Tropez ou S\u00e8te, offrent des activit\u00e9s nautiques de qualit\u00e9.<\/p>\n<h2>C\u00f4tes d&#8217;Azur, C\u00f4te d&#8217;Or et C\u00f4te Vermeille les destinations les plus demand\u00e9es<\/h2>\n<p>Selon l&#8217;\u00e9tude Skobielab, les destinations les plus demand\u00e9es de la M\u00e9diterran\u00e9e sont les c\u00f4tes d&#8217;Azur, la C\u00f4te d&#8217;Or et la C\u00f4te Vermeille. Les c\u00f4tes d&#8217;Azur offrent une vari\u00e9t\u00e9 de plages, de villes historiques et de sites naturels, tout en proposant une vie de nuit anim\u00e9e. La C\u00f4te d&#8217;Or, avec ses plages de sable fin et ses villes historiques, est \u00e9galement tr\u00e8s populaire parmi les Fran\u00e7ais. La C\u00f4te Vermeille, avec ses plages de sable fin et ses sites naturels, offre une destination en pleine nature, o\u00f9 les visiteurs peuvent \u00e9galement pratiquer des activit\u00e9s nautiques.<\/p>\n<h2>Le tourisme responsable une tendance \u00e0 suivre<\/h2>\n<p>Les Fran\u00e7ais sont de plus en plus conscients de l&#8217;importance de faire du tourisme responsable. Ils demandent d\u00e9sormais des solutions durables, avec des h\u00f4tels \u00e9cologiques, des activit\u00e9s nautiques respectueuses de l&#8217;environnement et des exp\u00e9riences culturelles respectueuses des populations locales. Les Fran\u00e7ais ont \u00e9galement tendance \u00e0 privil\u00e9gier les destinations \u00e0 proximit\u00e9, ce qui r\u00e9duit les \u00e9missions de CO2 associ\u00e9es aux transports.<\/p>\n<p>Les Fran\u00e7ais ont ainsi tendance \u00e0 privil\u00e9gier des destinations comme Marrakech et la M\u00e9diterran\u00e9e pour leurs vacances en septembre. Les Fran\u00e7ais sont \u00e9galement de plus en plus conscients de l&#8217;importance de faire du tourisme responsable. C&#8217;est pourquoi nous appelons \u00e0 l&#8217;action pour que tous les Fran\u00e7ais adoptent une attitude responsable en mati\u00e8re de tourisme.<\/p>\n<p>Nous encourageons \u00e9galement les Fran\u00e7ais \u00e0 d\u00e9couvrir la beaut\u00e9 de la M\u00e9diterran\u00e9e et de Marrakech, qui offrent de nombreuses exp\u00e9riences culturelles et naturelles de qualit\u00e9.<\/p>\n<div style=\"background:#f8f9fa;border-left:4px solid #0066cc;border-radius:6px;padding:20px 24px;margin:32px 0;\">\n<p style=\"font-size:13px;color:#888;text-transform:uppercase;letter-spacing:0.8px;margin:0 0 6px 0;\">Vous pourriez aussi aimer<\/p>\n<h3 style=\"font-size:18px;margin:0 0 14px 0;color:#222;\">Articles similaires<\/h3>\n<ul style=\"margin:0;padding-left:20px;list-style:disc;\">\n<li style=\"margin-bottom:10px;\"><a href=\"https:\/\/monmaghreb.com\/index.php\/2026\/08\/28\/rentree-scolaire-les-options-pour-lecole-maternelle-en-france-pour-les-familles-maghrebines\/\" style=\"color:#0066cc;text-decoration:none;font-weight:500;\" title=\"Rentr\u00e9e scolaire : les options pour l&#8217;\u00e9cole maternelle en France pour les familles Maghr\u00e9bines\">Rentr\u00e9e scolaire : les options pour l&#8217;\u00e9cole maternelle en France pour les familles Maghr\u00e9bines<\/a><\/li>\n<li style=\"margin-bottom:10px;\"><a href=\"https:\/\/monmaghreb.com\/index.php\/2026\/08\/31\/la-fete-de-la-musique-2026-a-la-cite-du-cinema-le-guide-complet-pour-les-musiques-du-monde\/\" style=\"color:#0066cc;text-decoration:none;font-weight:500;\" title=\"La F\u00eate de la Musique 2026 \u00e0 la Cit\u00e9 du cin\u00e9ma : le guide complet pour les musiques du monde\">La F\u00eate de la Musique 2026 \u00e0 la Cit\u00e9 du cin\u00e9ma : le guide complet pour les musiques du monde<\/a><\/li>\n<li style=\"margin-bottom:10px;\"><a href=\"https:\/\/monmaghreb.com\/index.php\/2026\/08\/31\/100-recettes-maghrebines-pour-les-10-derniers-jours-de-ramadan-2026-un-guide-complet-pour-les-lecteurs-maghrebins-de-la-diaspora\/\" style=\"color:#0066cc;text-decoration:none;font-weight:500;\" title=\"100 recettes maghr\u00e9bines pour les 10 derniers jours de Ramadan 2026 : un guide complet pour les lecteurs maghr\u00e9bins de la diaspora\">100 recettes maghr\u00e9bines pour les 10 derniers jours de Ramadan 2026 : un guide complet pour les lecteurs maghr\u00e9bins de la diaspora<\/a><\/li>\n<li style=\"margin-bottom:10px;\"><a href=\"https:\/\/monmaghreb.com\/index.php\/2026\/08\/30\/les-meilleurs-emplacements-de-vacances-au-maroc-pour-lete-en-offre-all-inclusive\/\" style=\"color:#0066cc;text-decoration:none;font-weight:500;\" title=\"Les meilleurs emplacements de vacances au Maroc pour l&#8217;\u00e9t\u00e9 en offre all-inclusive\">Les meilleurs emplacements de vacances au Maroc pour l&#8217;\u00e9t\u00e9 en offre all-inclusive<\/a><\/li>\n<li style=\"margin-bottom:10px;\"><a href=\"https:\/\/monmaghreb.com\/index.php\/2026\/08\/29\/plantes-medicinales-au-maghreb-guide-complet-pour-soins-de-base\/\" style=\"color:#0066cc;text-decoration:none;font-weight:500;\" title=\"Plantes m\u00e9dicinales au Maghreb : guide complet pour soins de base\">Plantes m\u00e9dicinales au Maghreb : guide complet pour soins de base<\/a><\/li>\n<\/ul>\n<\/div>\n","protected":false},"excerpt":{"rendered":"<p>Discover why Marrakech &#038; Mediterranean are top picks for French vacationers in September \ud83c\uddeb\ud83c\uddf7\ud83c\udf1e\ufe0f. Find out more!<\/p>\n","protected":false},"author":1,"featured_media":9481,"comment_status":"closed","ping_status":"open","sticky":false,"template":"","format":"standard","meta":{"_yoast_wpseo_canonical":"","_yoast_wpseo_opengraph-title":"Marrakech et la M\u00e9diterran\u00e9e en premi\u00e8re position des destinations de vacances des Fran\u00e7ais pour septembre","_yoast_wpseo_opengraph-description":"Discover why Marrakech & Mediterranean are top picks for French vacationers in September \ud83c\uddeb\ud83c\uddf7\ud83c\udf1e\ufe0f. Find out more!","_yoast_wpseo_opengraph-image":"","tdm_status":"","tdm_grid_status":"","footnotes":""},"categories":[655],"tags":[4599,2310,5212,5214,5213],"class_list":["post-9482","post","type-post","status-publish","format-standard","has-post-thumbnail","hentry","category-maroc","tag-algeria-travel-guide","tag-france-tourism","tag-marrakech-vacation","tag-mediterranean-getaway","tag-september-travel"],"yoast_head":"<!-- This site is optimized with the Yoast SEO plugin v28.3 - https:\/\/yoast.com\/product\/yoast-seo-wordpress\/ -->\n<title>Marrakech et la M\u00e9diterran\u00e9e en premi\u00e8re position des destin<\/title>\n<meta name=\"description\" content=\"Discover why Marrakech &amp; Mediterranean are top picks for French vacationers in September \ud83c\uddeb\ud83c\uddf7\ud83c\udf1e\ufe0f. Find out more!\" \/>\n<meta name=\"robots\" content=\"index, follow, max-snippet:-1, max-image-preview:large, max-video-preview:-1\" \/>\n<link rel=\"canonical\" href=\"https:\/\/monmaghreb.com\/index.php\/2026\/08\/31\/marrakech-et-la-mediterranee-en-premiere-position-des-destinations-de-vacances-des-francais-pour-septembre\/\" \/>\n<meta property=\"og:locale\" content=\"en_US\" \/>\n<meta property=\"og:type\" content=\"article\" \/>\n<meta property=\"og:title\" content=\"Marrakech et la M\u00e9diterran\u00e9e en premi\u00e8re position des destinations de vacances des Fran\u00e7ais pour septembre\" \/>\n<meta property=\"og:description\" content=\"Discover why Marrakech &amp; Mediterranean are top picks for French vacationers in September \ud83c\uddeb\ud83c\uddf7\ud83c\udf1e\ufe0f. Find out more!\" \/>\n<meta property=\"og:url\" content=\"https:\/\/monmaghreb.com\/index.php\/2026\/08\/31\/marrakech-et-la-mediterranee-en-premiere-position-des-destinations-de-vacances-des-francais-pour-septembre\/\" \/>\n<meta property=\"og:site_name\" content=\"Mon Maghreb\" \/>\n<meta property=\"article:author\" content=\"https:\/\/www.facebook.com\/monmaghrebcom\" \/>\n<meta property=\"article:published_time\" content=\"2026-08-31T20:04:50+00:00\" \/>\n<meta property=\"article:modified_time\" content=\"2026-08-31T20:05:02+00:00\" \/>\n<meta property=\"og:image\" content=\"https:\/\/monmaghreb.com\/wp-content\/uploads\/2026\/08\/featured-541.jpg\" \/>\n\t<meta property=\"og:image:width\" content=\"1733\" \/>\n\t<meta property=\"og:image:height\" content=\"1300\" \/>\n\t<meta property=\"og:image:type\" content=\"image\/jpeg\" \/>\n<meta name=\"author\" content=\"LaMagh\" \/>\n<meta name=\"twitter:card\" content=\"summary_large_image\" \/>\n<meta name=\"twitter:creator\" content=\"@MMaghreb50977\" \/>\n<meta name=\"twitter:label1\" content=\"Written by\" \/>\n\t<meta name=\"twitter:data1\" content=\"LaMagh\" \/>\n\t<meta name=\"twitter:label2\" content=\"Est. reading time\" \/>\n\t<meta name=\"twitter:data2\" content=\"5 minutes\" \/>\n<script type=\"application\/ld+json\" class=\"yoast-schema-graph\">{\"@context\":\"https:\\\/\\\/schema.org\",\"@graph\":[{\"@type\":\"Article\",\"@id\":\"https:\\\/\\\/monmaghreb.com\\\/index.php\\\/2026\\\/08\\\/31\\\/marrakech-et-la-mediterranee-en-premiere-position-des-destinations-de-vacances-des-francais-pour-septembre\\\/#article\",\"isPartOf\":{\"@id\":\"https:\\\/\\\/monmaghreb.com\\\/index.php\\\/2026\\\/08\\\/31\\\/marrakech-et-la-mediterranee-en-premiere-position-des-destinations-de-vacances-des-francais-pour-septembre\\\/\"},\"author\":{\"name\":\"LaMagh\",\"@id\":\"http:\\\/\\\/monmaghreb.com\\\/#\\\/schema\\\/person\\\/c469a89dc8c6b8987dcb438b1200d054\"},\"headline\":\"Marrakech et la M\u00e9diterran\u00e9e en premi\u00e8re position des destinations de vacances des Fran\u00e7ais pour septembre\",\"datePublished\":\"2026-08-31T20:04:50+00:00\",\"dateModified\":\"2026-08-31T20:05:02+00:00\",\"mainEntityOfPage\":{\"@id\":\"https:\\\/\\\/monmaghreb.com\\\/index.php\\\/2026\\\/08\\\/31\\\/marrakech-et-la-mediterranee-en-premiere-position-des-destinations-de-vacances-des-francais-pour-septembre\\\/\"},\"wordCount\":960,\"publisher\":{\"@id\":\"http:\\\/\\\/monmaghreb.com\\\/#organization\"},\"image\":{\"@id\":\"https:\\\/\\\/monmaghreb.com\\\/index.php\\\/2026\\\/08\\\/31\\\/marrakech-et-la-mediterranee-en-premiere-position-des-destinations-de-vacances-des-francais-pour-septembre\\\/#primaryimage\"},\"thumbnailUrl\":\"https:\\\/\\\/monmaghreb.com\\\/wp-content\\\/uploads\\\/2026\\\/08\\\/featured-541.jpg\",\"keywords\":[\"algeria travel guide\",\"france tourism\",\"marrakech vacation\",\"mediterranean getaway\",\"september travel\"],\"articleSection\":[\"Maroc\"],\"inLanguage\":\"en-US\"},{\"@type\":\"WebPage\",\"@id\":\"https:\\\/\\\/monmaghreb.com\\\/index.php\\\/2026\\\/08\\\/31\\\/marrakech-et-la-mediterranee-en-premiere-position-des-destinations-de-vacances-des-francais-pour-septembre\\\/\",\"url\":\"https:\\\/\\\/monmaghreb.com\\\/index.php\\\/2026\\\/08\\\/31\\\/marrakech-et-la-mediterranee-en-premiere-position-des-destinations-de-vacances-des-francais-pour-septembre\\\/\",\"name\":\"Marrakech et la M\u00e9diterran\u00e9e en premi\u00e8re position des destin\",\"isPartOf\":{\"@id\":\"http:\\\/\\\/monmaghreb.com\\\/#website\"},\"primaryImageOfPage\":{\"@id\":\"https:\\\/\\\/monmaghreb.com\\\/index.php\\\/2026\\\/08\\\/31\\\/marrakech-et-la-mediterranee-en-premiere-position-des-destinations-de-vacances-des-francais-pour-septembre\\\/#primaryimage\"},\"image\":{\"@id\":\"https:\\\/\\\/monmaghreb.com\\\/index.php\\\/2026\\\/08\\\/31\\\/marrakech-et-la-mediterranee-en-premiere-position-des-destinations-de-vacances-des-francais-pour-septembre\\\/#primaryimage\"},\"thumbnailUrl\":\"https:\\\/\\\/monmaghreb.com\\\/wp-content\\\/uploads\\\/2026\\\/08\\\/featured-541.jpg\",\"datePublished\":\"2026-08-31T20:04:50+00:00\",\"dateModified\":\"2026-08-31T20:05:02+00:00\",\"description\":\"Discover why Marrakech & Mediterranean are top picks for French vacationers in September \ud83c\uddeb\ud83c\uddf7\ud83c\udf1e\ufe0f. Find out more!\",\"breadcrumb\":{\"@id\":\"https:\\\/\\\/monmaghreb.com\\\/index.php\\\/2026\\\/08\\\/31\\\/marrakech-et-la-mediterranee-en-premiere-position-des-destinations-de-vacances-des-francais-pour-septembre\\\/#breadcrumb\"},\"inLanguage\":\"en-US\",\"potentialAction\":[{\"@type\":\"ReadAction\",\"target\":[\"https:\\\/\\\/monmaghreb.com\\\/index.php\\\/2026\\\/08\\\/31\\\/marrakech-et-la-mediterranee-en-premiere-position-des-destinations-de-vacances-des-francais-pour-septembre\\\/\"]}]},{\"@type\":\"ImageObject\",\"inLanguage\":\"en-US\",\"@id\":\"https:\\\/\\\/monmaghreb.com\\\/index.php\\\/2026\\\/08\\\/31\\\/marrakech-et-la-mediterranee-en-premiere-position-des-destinations-de-vacances-des-francais-pour-septembre\\\/#primaryimage\",\"url\":\"https:\\\/\\\/monmaghreb.com\\\/wp-content\\\/uploads\\\/2026\\\/08\\\/featured-541.jpg\",\"contentUrl\":\"https:\\\/\\\/monmaghreb.com\\\/wp-content\\\/uploads\\\/2026\\\/08\\\/featured-541.jpg\",\"width\":1733,\"height\":1300,\"caption\":\"Couple enjoying a Moroccan rooftop dinner overlooking Marrakech city\"},{\"@type\":\"BreadcrumbList\",\"@id\":\"https:\\\/\\\/monmaghreb.com\\\/index.php\\\/2026\\\/08\\\/31\\\/marrakech-et-la-mediterranee-en-premiere-position-des-destinations-de-vacances-des-francais-pour-septembre\\\/#breadcrumb\",\"itemListElement\":[{\"@type\":\"ListItem\",\"position\":1,\"name\":\"Home\",\"item\":\"http:\\\/\\\/monmaghreb.com\\\/\"},{\"@type\":\"ListItem\",\"position\":2,\"name\":\"Marrakech et la M\u00e9diterran\u00e9e en premi\u00e8re position des destinations de vacances des Fran\u00e7ais pour septembre\"}]},{\"@type\":\"WebSite\",\"@id\":\"http:\\\/\\\/monmaghreb.com\\\/#website\",\"url\":\"http:\\\/\\\/monmaghreb.com\\\/\",\"name\":\"Mon Maghreb\",\"description\":\"MonMaghreb United\",\"publisher\":{\"@id\":\"http:\\\/\\\/monmaghreb.com\\\/#organization\"},\"alternateName\":\"Le Monde du Maghreb et au del\u00e0\",\"potentialAction\":[{\"@type\":\"SearchAction\",\"target\":{\"@type\":\"EntryPoint\",\"urlTemplate\":\"http:\\\/\\\/monmaghreb.com\\\/?s={search_term_string}\"},\"query-input\":{\"@type\":\"PropertyValueSpecification\",\"valueRequired\":true,\"valueName\":\"search_term_string\"}}],\"inLanguage\":\"en-US\"},{\"@type\":\"Organization\",\"@id\":\"http:\\\/\\\/monmaghreb.com\\\/#organization\",\"name\":\"Mon Maghreb\",\"url\":\"http:\\\/\\\/monmaghreb.com\\\/\",\"logo\":{\"@type\":\"ImageObject\",\"inLanguage\":\"en-US\",\"@id\":\"http:\\\/\\\/monmaghreb.com\\\/#\\\/schema\\\/logo\\\/image\\\/\",\"url\":\"https:\\\/\\\/monmaghreb.com\\\/wp-content\\\/uploads\\\/2025\\\/12\\\/Mon_Maghreb_Logo.jpg\",\"contentUrl\":\"https:\\\/\\\/monmaghreb.com\\\/wp-content\\\/uploads\\\/2025\\\/12\\\/Mon_Maghreb_Logo.jpg\",\"width\":814,\"height\":374,\"caption\":\"Mon Maghreb\"},\"image\":{\"@id\":\"http:\\\/\\\/monmaghreb.com\\\/#\\\/schema\\\/logo\\\/image\\\/\"}},{\"@type\":\"Person\",\"@id\":\"http:\\\/\\\/monmaghreb.com\\\/#\\\/schema\\\/person\\\/c469a89dc8c6b8987dcb438b1200d054\",\"name\":\"LaMagh\",\"image\":{\"@type\":\"ImageObject\",\"inLanguage\":\"en-US\",\"@id\":\"https:\\\/\\\/secure.gravatar.com\\\/avatar\\\/399d8144bd55fba55e056779aca52fe528bac7911f6449e54d81173d6dfd7f0a?s=96&d=mm&r=g\",\"url\":\"https:\\\/\\\/secure.gravatar.com\\\/avatar\\\/399d8144bd55fba55e056779aca52fe528bac7911f6449e54d81173d6dfd7f0a?s=96&d=mm&r=g\",\"contentUrl\":\"https:\\\/\\\/secure.gravatar.com\\\/avatar\\\/399d8144bd55fba55e056779aca52fe528bac7911f6449e54d81173d6dfd7f0a?s=96&d=mm&r=g\",\"caption\":\"LaMagh\"},\"sameAs\":[\"https:\\\/\\\/monmaghreb.com\",\"https:\\\/\\\/www.facebook.com\\\/monmaghrebcom\",\"https:\\\/\\\/x.com\\\/MMaghreb50977\"],\"url\":\"https:\\\/\\\/monmaghreb.com\\\/index.php\\\/author\\\/lamagh\\\/\"}]}<\/script>\n<!-- \/ Yoast SEO plugin. -->","yoast_head_json":{"title":"Marrakech et la M\u00e9diterran\u00e9e en premi\u00e8re position des destin","description":"Discover why Marrakech & Mediterranean are top picks for French vacationers in September \ud83c\uddeb\ud83c\uddf7\ud83c\udf1e\ufe0f. Find out more!","robots":{"index":"index","follow":"follow","max-snippet":"max-snippet:-1","max-image-preview":"max-image-preview:large","max-video-preview":"max-video-preview:-1"},"canonical":"https:\/\/monmaghreb.com\/index.php\/2026\/08\/31\/marrakech-et-la-mediterranee-en-premiere-position-des-destinations-de-vacances-des-francais-pour-septembre\/","og_locale":"en_US","og_type":"article","og_title":"Marrakech et la M\u00e9diterran\u00e9e en premi\u00e8re position des destinations de vacances des Fran\u00e7ais pour septembre","og_description":"Discover why Marrakech & Mediterranean are top picks for French vacationers in September \ud83c\uddeb\ud83c\uddf7\ud83c\udf1e\ufe0f. Find out more!","og_url":"https:\/\/monmaghreb.com\/index.php\/2026\/08\/31\/marrakech-et-la-mediterranee-en-premiere-position-des-destinations-de-vacances-des-francais-pour-septembre\/","og_site_name":"Mon Maghreb","article_author":"https:\/\/www.facebook.com\/monmaghrebcom","article_published_time":"2026-08-31T20:04:50+00:00","article_modified_time":"2026-08-31T20:05:02+00:00","og_image":[{"width":1733,"height":1300,"url":"https:\/\/monmaghreb.com\/wp-content\/uploads\/2026\/08\/featured-541.jpg","type":"image\/jpeg"}],"author":"LaMagh","twitter_card":"summary_large_image","twitter_creator":"@MMaghreb50977","twitter_misc":{"Written by":"LaMagh","Est. reading time":"5 minutes"},"schema":{"@context":"https:\/\/schema.org","@graph":[{"@type":"Article","@id":"https:\/\/monmaghreb.com\/index.php\/2026\/08\/31\/marrakech-et-la-mediterranee-en-premiere-position-des-destinations-de-vacances-des-francais-pour-septembre\/#article","isPartOf":{"@id":"https:\/\/monmaghreb.com\/index.php\/2026\/08\/31\/marrakech-et-la-mediterranee-en-premiere-position-des-destinations-de-vacances-des-francais-pour-septembre\/"},"author":{"name":"LaMagh","@id":"http:\/\/monmaghreb.com\/#\/schema\/person\/c469a89dc8c6b8987dcb438b1200d054"},"headline":"Marrakech et la M\u00e9diterran\u00e9e en premi\u00e8re position des destinations de vacances des Fran\u00e7ais pour septembre","datePublished":"2026-08-31T20:04:50+00:00","dateModified":"2026-08-31T20:05:02+00:00","mainEntityOfPage":{"@id":"https:\/\/monmaghreb.com\/index.php\/2026\/08\/31\/marrakech-et-la-mediterranee-en-premiere-position-des-destinations-de-vacances-des-francais-pour-septembre\/"},"wordCount":960,"publisher":{"@id":"http:\/\/monmaghreb.com\/#organization"},"image":{"@id":"https:\/\/monmaghreb.com\/index.php\/2026\/08\/31\/marrakech-et-la-mediterranee-en-premiere-position-des-destinations-de-vacances-des-francais-pour-septembre\/#primaryimage"},"thumbnailUrl":"https:\/\/monmaghreb.com\/wp-content\/uploads\/2026\/08\/featured-541.jpg","keywords":["algeria travel guide","france tourism","marrakech vacation","mediterranean getaway","september travel"],"articleSection":["Maroc"],"inLanguage":"en-US"},{"@type":"WebPage","@id":"https:\/\/monmaghreb.com\/index.php\/2026\/08\/31\/marrakech-et-la-mediterranee-en-premiere-position-des-destinations-de-vacances-des-francais-pour-septembre\/","url":"https:\/\/monmaghreb.com\/index.php\/2026\/08\/31\/marrakech-et-la-mediterranee-en-premiere-position-des-destinations-de-vacances-des-francais-pour-septembre\/","name":"Marrakech et la M\u00e9diterran\u00e9e en premi\u00e8re position des destin","isPartOf":{"@id":"http:\/\/monmaghreb.com\/#website"},"primaryImageOfPage":{"@id":"https:\/\/monmaghreb.com\/index.php\/2026\/08\/31\/marrakech-et-la-mediterranee-en-premiere-position-des-destinations-de-vacances-des-francais-pour-septembre\/#primaryimage"},"image":{"@id":"https:\/\/monmaghreb.com\/index.php\/2026\/08\/31\/marrakech-et-la-mediterranee-en-premiere-position-des-destinations-de-vacances-des-francais-pour-septembre\/#primaryimage"},"thumbnailUrl":"https:\/\/monmaghreb.com\/wp-content\/uploads\/2026\/08\/featured-541.jpg","datePublished":"2026-08-31T20:04:50+00:00","dateModified":"2026-08-31T20:05:02+00:00","description":"Discover why Marrakech & Mediterranean are top picks for French vacationers in September \ud83c\uddeb\ud83c\uddf7\ud83c\udf1e\ufe0f. Find out more!","breadcrumb":{"@id":"https:\/\/monmaghreb.com\/index.php\/2026\/08\/31\/marrakech-et-la-mediterranee-en-premiere-position-des-destinations-de-vacances-des-francais-pour-septembre\/#breadcrumb"},"inLanguage":"en-US","potentialAction":[{"@type":"ReadAction","target":["https:\/\/monmaghreb.com\/index.php\/2026\/08\/31\/marrakech-et-la-mediterranee-en-premiere-position-des-destinations-de-vacances-des-francais-pour-septembre\/"]}]},{"@type":"ImageObject","inLanguage":"en-US","@id":"https:\/\/monmaghreb.com\/index.php\/2026\/08\/31\/marrakech-et-la-mediterranee-en-premiere-position-des-destinations-de-vacances-des-francais-pour-septembre\/#primaryimage","url":"https:\/\/monmaghreb.com\/wp-content\/uploads\/2026\/08\/featured-541.jpg","contentUrl":"https:\/\/monmaghreb.com\/wp-content\/uploads\/2026\/08\/featured-541.jpg","width":1733,"height":1300,"caption":"Couple enjoying a Moroccan rooftop dinner overlooking Marrakech city"},{"@type":"BreadcrumbList","@id":"https:\/\/monmaghreb.com\/index.php\/2026\/08\/31\/marrakech-et-la-mediterranee-en-premiere-position-des-destinations-de-vacances-des-francais-pour-septembre\/#breadcrumb","itemListElement":[{"@type":"ListItem","position":1,"name":"Home","item":"http:\/\/monmaghreb.com\/"},{"@type":"ListItem","position":2,"name":"Marrakech et la M\u00e9diterran\u00e9e en premi\u00e8re position des destinations de vacances des Fran\u00e7ais pour septembre"}]},{"@type":"WebSite","@id":"http:\/\/monmaghreb.com\/#website","url":"http:\/\/monmaghreb.com\/","name":"Mon Maghreb","description":"MonMaghreb United","publisher":{"@id":"http:\/\/monmaghreb.com\/#organization"},"alternateName":"Le Monde du Maghreb et au del\u00e0","potentialAction":[{"@type":"SearchAction","target":{"@type":"EntryPoint","urlTemplate":"http:\/\/monmaghreb.com\/?s={search_term_string}"},"query-input":{"@type":"PropertyValueSpecification","valueRequired":true,"valueName":"search_term_string"}}],"inLanguage":"en-US"},{"@type":"Organization","@id":"http:\/\/monmaghreb.com\/#organization","name":"Mon Maghreb","url":"http:\/\/monmaghreb.com\/","logo":{"@type":"ImageObject","inLanguage":"en-US","@id":"http:\/\/monmaghreb.com\/#\/schema\/logo\/image\/","url":"https:\/\/monmaghreb.com\/wp-content\/uploads\/2025\/12\/Mon_Maghreb_Logo.jpg","contentUrl":"https:\/\/monmaghreb.com\/wp-content\/uploads\/2025\/12\/Mon_Maghreb_Logo.jpg","width":814,"height":374,"caption":"Mon Maghreb"},"image":{"@id":"http:\/\/monmaghreb.com\/#\/schema\/logo\/image\/"}},{"@type":"Person","@id":"http:\/\/monmaghreb.com\/#\/schema\/person\/c469a89dc8c6b8987dcb438b1200d054","name":"LaMagh","image":{"@type":"ImageObject","inLanguage":"en-US","@id":"https:\/\/secure.gravatar.com\/avatar\/399d8144bd55fba55e056779aca52fe528bac7911f6449e54d81173d6dfd7f0a?s=96&d=mm&r=g","url":"https:\/\/secure.gravatar.com\/avatar\/399d8144bd55fba55e056779aca52fe528bac7911f6449e54d81173d6dfd7f0a?s=96&d=mm&r=g","contentUrl":"https:\/\/secure.gravatar.com\/avatar\/399d8144bd55fba55e056779aca52fe528bac7911f6449e54d81173d6dfd7f0a?s=96&d=mm&r=g","caption":"LaMagh"},"sameAs":["https:\/\/monmaghreb.com","https:\/\/www.facebook.com\/monmaghrebcom","https:\/\/x.com\/MMaghreb50977"],"url":"https:\/\/monmaghreb.com\/index.php\/author\/lamagh\/"}]}},"_links":{"self":[{"href":"https:\/\/monmaghreb.com\/index.php\/wp-json\/wp\/v2\/posts\/9482","targetHints":{"allow":["GET"]}}],"collection":[{"href":"https:\/\/monmaghreb.com\/index.php\/wp-json\/wp\/v2\/posts"}],"about":[{"href":"https:\/\/monmaghreb.com\/index.php\/wp-json\/wp\/v2\/types\/post"}],"author":[{"embeddable":true,"href":"https:\/\/monmaghreb.com\/index.php\/wp-json\/wp\/v2\/users\/1"}],"replies":[{"embeddable":true,"href":"https:\/\/monmaghreb.com\/index.php\/wp-json\/wp\/v2\/comments?post=9482"}],"version-history":[{"count":1,"href":"https:\/\/monmaghreb.com\/index.php\/wp-json\/wp\/v2\/posts\/9482\/revisions"}],"predecessor-version":[{"id":9483,"href":"https:\/\/monmaghreb.com\/index.php\/wp-json\/wp\/v2\/posts\/9482\/revisions\/9483"}],"wp:featuredmedia":[{"embeddable":true,"href":"https:\/\/monmaghreb.com\/index.php\/wp-json\/wp\/v2\/media\/9481"}],"wp:attachment":[{"href":"https:\/\/monmaghreb.com\/index.php\/wp-json\/wp\/v2\/media?parent=9482"}],"wp:term":[{"taxonomy":"category","embeddable":true,"href":"https:\/\/monmaghreb.com\/index.php\/wp-json\/wp\/v2\/categories?post=9482"},{"taxonomy":"post_tag","embeddable":true,"href":"https:\/\/monmaghreb.com\/index.php\/wp-json\/wp\/v2\/tags?post=9482"}],"curies":[{"name":"wp","href":"https:\/\/api.w.org\/{rel}","templated":true}]}}