
{"id":9491,"date":"2026-09-01T13:27:46","date_gmt":"2026-09-01T13:27:46","guid":{"rendered":"https:\/\/monmaghreb.com\/index.php\/2026\/09\/01\/gestion-innovante-des-spas-a-de-a-a-zen-a-vitre-entretien-avec-le-nouveau-proprietaire\/"},"modified":"2026-09-01T13:27:55","modified_gmt":"2026-09-01T13:27:55","slug":"gestion-innovante-des-spas-a-de-a-a-zen-a-vitre-entretien-avec-le-nouveau-proprietaire","status":"publish","type":"post","link":"https:\/\/monmaghreb.com\/index.php\/2026\/09\/01\/gestion-innovante-des-spas-a-de-a-a-zen-a-vitre-entretien-avec-le-nouveau-proprietaire\/","title":{"rendered":"Gestion innovante des spas \u00e0 De A \u00e0 Zen \u00e0 Vitr\u00e9 : entretien avec le nouveau propri\u00e9taire"},"content":{"rendered":"<p><!DOCTYPE html><br \/>\n<html lang=\"fr\"><br \/>\n<head><br \/>\n\t<meta charset=\"UTF-8\"><br \/>\n\t<meta name=\"viewport\" content=\"width=device-width, initial-scale=1.0\"><br \/>\n\t<title>Gestion innovante des spas \u00e0 De A \u00e0 Zen \u00e0 Vitr\u00e9 : entretien avec le nouveau propri\u00e9taire<\/title><br \/>\n<\/head><br \/>\n<body><\/p>\n<h1>Gestion innovante des spas \u00e0 De A \u00e0 Zen \u00e0 Vitr\u00e9 : entretien avec le nouveau propri\u00e9taire<\/h1>\n<p>Apr\u00e8s avoir acquis De A \u00e0 Zen, le spa de luxe situ\u00e9 \u00e0 Vitr\u00e9, en France, le nouveau propri\u00e9taire a apport\u00e9 une <a href=\"https:\/\/monmaghreb.com\/index.php\/2026\/08\/27\/un-nouvel-elan-pour-les-soins-maghrebins-une-nouvelle-gestion-pour-le-spa-et-institut-de-beaute-de-a-a-zen-a-vitre-ouest\/\" title=\"Un nouvel \u00e9lan pour les soins maghr\u00e9bins : une nouvelle gestion pour le spa et institut de beaut\u00e9 De A \u00e0 Zen \u00e0 Vitr\u00e9 &#8211; Ouest\">nouvelle<\/a> \u00e9nergie et une vision fra\u00eeche \u00e0 l&#8217;entreprise. Dans cet entretien, nous nous sommes rendus compte de la nouvelle direction que prendra De A \u00e0 Zen et des avantages que cela peut offrir aux membres de notre communaut\u00e9 maghr\u00e9bine de la diaspora.<\/p>\n<h2>1. L&#8217;histoire de De A \u00e0 Zen<\/h2>\n<p>De A \u00e0 Zen a \u00e9t\u00e9 fond\u00e9 il y a quelques ann\u00e9es et s&#8217;est rapidement distingu\u00e9 par son offre de services haut de gamme et son personnel professionnel. Malgr\u00e9 son succ\u00e8s, il y avait des questions sur le futur de l&#8217;entreprise lorsque son ancien propri\u00e9taire a d\u00e9cid\u00e9 de la vendre. Cependant, avec le nouveau propri\u00e9taire \u00e0 la t\u00eate, De A \u00e0 Zen a continu\u00e9 \u00e0 prosp\u00e9rer et \u00e0 offrir une exp\u00e9rience de bien-\u00eatre exceptionnelle \u00e0 ses clients.<\/p>\n<p>Le nouveau propri\u00e9taire a apport\u00e9 une \u00e9quipe de professionnels exp\u00e9riment\u00e9s pour s&#8217;assurer que l&#8217;entreprise continue de prosp\u00e9rer et qu&#8217;elle reste un lieu de repos et de soin de qualit\u00e9. Il a \u00e9galement mis en place une politique de qualit\u00e9 pour s&#8217;assurer que tous les services offerts au spa sont de la plus haute qualit\u00e9.<\/p>\n<h2>2. La nouvelle direction<\/h2>\n<p>Le nouveau propri\u00e9taire a une vision tr\u00e8s claire pour la direction de De A \u00e0 Zen. Il veut que l&#8217;entreprise devienne un centre de bien-\u00eatre complet, o\u00f9 les clients peuvent trouver une grande vari\u00e9t\u00e9 de services de soins de beaut\u00e9, de massage et de bien-\u00eatre. Il a \u00e9galement mis en place des formations r\u00e9guli\u00e8res pour le personnel pour s&#8217;assurer que les clients re\u00e7oivent la meilleure exp\u00e9rience possible.<\/p>\n<p>Le nouveau propri\u00e9taire est engag\u00e9 dans la communaut\u00e9 et il veut que De A \u00e0 Zen soit un endroit o\u00f9 les clients peuvent se sentir bienvenus et o\u00f9 les membres de notre communaut\u00e9 maghr\u00e9bine de la diaspora peuvent trouver un endroit de repos et de soin.<\/p>\n<h2>3. Les nouveaux services<\/h2>\n<p>Le nouveau propri\u00e9taire a apport\u00e9 de nouveaux services \u00e0 De A \u00e0 Zen, dont certains sont exclusifs au spa. Cela comprend des soins de beaut\u00e9 tels que des peels, des masques et des soins anti-\u00e2ge, des massages tels que des massages tha\u00ef et des massages \u00e0 la pierre, ainsi que des services de bien-\u00eatre tels que des soins de pied, des soins de main et des soins de visage.<\/p>\n<p>Il a \u00e9galement apport\u00e9 des offres sp\u00e9ciales pour les membres de notre communaut\u00e9 maghr\u00e9bine de la diaspora, comme des tarifs r\u00e9duits pour les membres qui s&#8217;engagent \u00e0 de longues p\u00e9riodes et des offres sp\u00e9ciales pour les groupes.<\/p>\n<h2>4. Les avantages pour les membres de la communaut\u00e9 maghr\u00e9bine de la diaspora<\/h2>\n<p>Le nouveau propri\u00e9taire est tr\u00e8s engag\u00e9 dans notre communaut\u00e9 maghr\u00e9bine de la diaspora et il veut que De A \u00e0 Zen soit un endroit o\u00f9 les membres de notre communaut\u00e9 peuvent trouver un endroit de repos et de soin. Il a apport\u00e9 des offres sp\u00e9ciales pour les membres de notre communaut\u00e9, comme des tarifs r\u00e9duits pour les membres qui s&#8217;engagent \u00e0 de longues p\u00e9riodes et des offres sp\u00e9ciales pour les groupes.<\/p>\n<p>Il est \u00e9galement en train de d\u00e9velopper des services sp\u00e9cifiques pour les femmes enceintes et des services pour les enfants, ce qui permettra \u00e0 notre communaut\u00e9 de trouver des services de qualit\u00e9 adapt\u00e9s \u00e0 leurs besoins.<\/p>\n<h2>5. La conclusion et l&#8217;appel \u00e0 l&#8217;action<\/h2>\n<p>De A \u00e0 Zen est un spa de luxe situ\u00e9 \u00e0 Vitr\u00e9, en France, qui a \u00e9t\u00e9 r\u00e9cemment acquis par un entrepreneur dynamique. Le nouveau propri\u00e9taire a apport\u00e9 une vision fra\u00eeche et une approche innovante \u00e0 l&#8217;entreprise et il a mis en place une \u00e9quipe de professionnels exp\u00e9riment\u00e9s pour s&#8217;assurer que l&#8217;entreprise continue de prosp\u00e9rer et qu&#8217;elle reste un lieu de repos et de soin de qualit\u00e9.<\/p>\n<p>Nous invitons tous les membres de notre communaut\u00e9 maghr\u00e9bine de la diaspora \u00e0 d\u00e9couvrir les nouveaux services offerts \u00e0 De A \u00e0 Zen et \u00e0 profiter de l&#8217;exp\u00e9rience de bien-\u00eatre qu&#8217;il propose. Nous sommes ravis de voir qu&#8217;il y a un nouveau propri\u00e9taire dynamique \u00e0 la t\u00eate de De A \u00e0 Zen et nous sommes certain que l&#8217;entreprise continuera \u00e0 prosp\u00e9rer sous sa direction.<\/p>\n<p>Nous sommes impatients de vous dire que vous pouvez d\u00e9j\u00e0 b\u00e9n\u00e9ficier de ces nouveaux services et de ces offres sp\u00e9ciales en r\u00e9servant votre s\u00e9ance \u00e0 De A \u00e0 Zen. N&#8217;h\u00e9sitez pas \u00e0 nous contacter pour en savoir plus.<\/p>\n<div style=\"background:#f8f9fa;border-left:4px solid #0066cc;border-radius:6px;padding:20px 24px;margin:32px 0;\">\n<p style=\"font-size:13px;color:#888;text-transform:uppercase;letter-spacing:0.8px;margin:0 0 6px 0;\">Vous pourriez aussi aimer<\/p>\n<h3 style=\"font-size:18px;margin:0 0 14px 0;color:#222;\">Articles similaires<\/h3>\n<ul style=\"margin:0;padding-left:20px;list-style:disc;\">\n<li style=\"margin-bottom:10px;\"><a href=\"https:\/\/monmaghreb.com\/index.php\/2026\/08\/27\/un-nouvel-elan-pour-les-soins-maghrebins-une-nouvelle-gestion-pour-le-spa-et-institut-de-beaute-de-a-a-zen-a-vitre-ouest\/\" style=\"color:#0066cc;text-decoration:none;font-weight:500;\" title=\"Un nouvel \u00e9lan pour les soins maghr\u00e9bins : une nouvelle gestion pour le spa et institut de beaut\u00e9 De A \u00e0 Zen \u00e0 Vitr\u00e9 &#8211; Ouest\">Un nouvel \u00e9lan pour les soins maghr\u00e9bins : une nouvelle gestion pour le spa et institut de beaut\u00e9 De A \u00e0 Zen \u00e0 Vitr\u00e9 &#8211; Ouest<\/a><\/li>\n<li style=\"margin-bottom:10px;\"><a href=\"https:\/\/monmaghreb.com\/index.php\/2026\/09\/01\/le-tourisme-estival-le-maroc-et-lespagne-dominent-la-france-en-retrait-strategique\/\" style=\"color:#0066cc;text-decoration:none;font-weight:500;\" title=\"Le tourisme estival : le Maroc et l&#8217;Espagne dominent, la France en retrait strat\u00e9gique\">Le tourisme estival : le Maroc et l&#8217;Espagne dominent, la France en retrait strat\u00e9gique<\/a><\/li>\n<li style=\"margin-bottom:10px;\"><a href=\"https:\/\/monmaghreb.com\/index.php\/2026\/08\/30\/le-nouveau-nonce-en-algerie-les-attentes-autour-du-potentiel-voyage-du-pape\/\" style=\"color:#0066cc;text-decoration:none;font-weight:500;\" title=\"Le nouveau nonce en Alg\u00e9rie : les attentes autour du potentiel voyage du pape\">Le nouveau nonce en Alg\u00e9rie : les attentes autour du potentiel voyage du pape<\/a><\/li>\n<li style=\"margin-bottom:10px;\"><a href=\"https:\/\/monmaghreb.com\/index.php\/2026\/08\/29\/nouvelle-gerante-de-spa-de-a-a-zen-a-vitre-un-nouvel-elan-pour-la-beaute-et-le-bien-etre\/\" style=\"color:#0066cc;text-decoration:none;font-weight:500;\" title=\"Nouvelle g\u00e9rante de Spa De A \u00e0 Zen \u00e0 Vitr\u00e9 : un nouvel \u00e9lan pour la beaut\u00e9 et le bien-\u00eatre\">Nouvelle g\u00e9rante de Spa De A \u00e0 Zen \u00e0 Vitr\u00e9 : un nouvel \u00e9lan pour la beaut\u00e9 et le bien-\u00eatre<\/a><\/li>\n<li style=\"margin-bottom:10px;\"><a href=\"https:\/\/monmaghreb.com\/index.php\/2026\/08\/28\/millions-denfants-handicapes-en-france-encore-prives-de-scolarite-adaptee-une-situation-alarmante\/\" style=\"color:#0066cc;text-decoration:none;font-weight:500;\" title=\"Millions d&#8217;enfants handicap\u00e9s en France encore priv\u00e9s de scolarit\u00e9 adapt\u00e9e : une situation alarmante\">Millions d&#8217;enfants handicap\u00e9s en France encore priv\u00e9s de scolarit\u00e9 adapt\u00e9e : une situation alarmante<\/a><\/li>\n<\/ul>\n<\/div>\n<p><\/body><br \/>\n<\/html><\/p>\n","protected":false},"excerpt":{"rendered":"<p>Discover the innovative transformation of De A \u00e0 Zen spa in Vitr\u00e9, France. New owner shares vision.<\/p>\n","protected":false},"author":1,"featured_media":9490,"comment_status":"closed","ping_status":"open","sticky":false,"template":"","format":"standard","meta":{"_yoast_wpseo_canonical":"","_yoast_wpseo_opengraph-title":"Gestion innovante des spas \u00e0 De A \u00e0 Zen \u00e0 Vitr\u00e9 : entretien avec le nouveau propri\u00e9taire","_yoast_wpseo_opengraph-description":"Discover the innovative transformation of De A \u00e0 Zen spa in Vitr\u00e9, France. New owner shares vision.","_yoast_wpseo_opengraph-image":"","tdm_status":"","tdm_grid_status":"","footnotes":""},"categories":[654],"tags":[4370,3607,1675,806,5216],"class_list":["post-9491","post","type-post","status-publish","format-standard","has-post-thumbnail","hentry","category-diaspora","tag-analia-iglesias-interview","tag-family-wellness","tag-france-business","tag-luxury-spa","tag-spa-management"],"yoast_head":"<!-- This site is optimized with the Yoast SEO plugin v28.4 - https:\/\/yoast.com\/product\/yoast-seo-wordpress\/ -->\n<title>Gestion innovante des spas \u00e0 De A \u00e0 Zen \u00e0 Vitr\u00e9 : entretien<\/title>\n<meta name=\"description\" content=\"Discover the innovative transformation of De A \u00e0 Zen spa in Vitr\u00e9, France. New owner shares vision.\" \/>\n<meta name=\"robots\" content=\"index, follow, max-snippet:-1, max-image-preview:large, max-video-preview:-1\" \/>\n<link rel=\"canonical\" href=\"https:\/\/monmaghreb.com\/index.php\/2026\/09\/01\/gestion-innovante-des-spas-a-de-a-a-zen-a-vitre-entretien-avec-le-nouveau-proprietaire\/\" \/>\n<meta property=\"og:locale\" content=\"en_US\" \/>\n<meta property=\"og:type\" content=\"article\" \/>\n<meta property=\"og:title\" content=\"Gestion innovante des spas \u00e0 De A \u00e0 Zen \u00e0 Vitr\u00e9 : entretien avec le nouveau propri\u00e9taire\" \/>\n<meta property=\"og:description\" content=\"Discover the innovative transformation of De A \u00e0 Zen spa in Vitr\u00e9, France. New owner shares vision.\" \/>\n<meta property=\"og:url\" content=\"https:\/\/monmaghreb.com\/index.php\/2026\/09\/01\/gestion-innovante-des-spas-a-de-a-a-zen-a-vitre-entretien-avec-le-nouveau-proprietaire\/\" \/>\n<meta property=\"og:site_name\" content=\"Mon Maghreb\" \/>\n<meta property=\"article:author\" content=\"https:\/\/www.facebook.com\/monmaghrebcom\" \/>\n<meta property=\"article:published_time\" content=\"2026-09-01T13:27:46+00:00\" \/>\n<meta property=\"article:modified_time\" content=\"2026-09-01T13:27:55+00:00\" \/>\n<meta property=\"og:image\" content=\"https:\/\/monmaghreb.com\/wp-content\/uploads\/2026\/09\/featured-1.jpg\" \/>\n\t<meta property=\"og:image:width\" content=\"1880\" \/>\n\t<meta property=\"og:image:height\" content=\"1253\" \/>\n\t<meta property=\"og:image:type\" content=\"image\/jpeg\" \/>\n<meta name=\"author\" content=\"LaMagh\" \/>\n<meta name=\"twitter:card\" content=\"summary_large_image\" \/>\n<meta name=\"twitter:creator\" content=\"@MMaghreb50977\" \/>\n<meta name=\"twitter:label1\" content=\"Written by\" \/>\n\t<meta name=\"twitter:data1\" content=\"LaMagh\" \/>\n\t<meta name=\"twitter:label2\" content=\"Est. reading time\" \/>\n\t<meta name=\"twitter:data2\" content=\"4 minutes\" \/>\n<script type=\"application\/ld+json\" class=\"yoast-schema-graph\">{\"@context\":\"https:\\\/\\\/schema.org\",\"@graph\":[{\"@type\":\"Article\",\"@id\":\"https:\\\/\\\/monmaghreb.com\\\/index.php\\\/2026\\\/09\\\/01\\\/gestion-innovante-des-spas-a-de-a-a-zen-a-vitre-entretien-avec-le-nouveau-proprietaire\\\/#article\",\"isPartOf\":{\"@id\":\"https:\\\/\\\/monmaghreb.com\\\/index.php\\\/2026\\\/09\\\/01\\\/gestion-innovante-des-spas-a-de-a-a-zen-a-vitre-entretien-avec-le-nouveau-proprietaire\\\/\"},\"author\":{\"name\":\"LaMagh\",\"@id\":\"http:\\\/\\\/monmaghreb.com\\\/#\\\/schema\\\/person\\\/c469a89dc8c6b8987dcb438b1200d054\"},\"headline\":\"Gestion innovante des spas \u00e0 De A \u00e0 Zen \u00e0 Vitr\u00e9 : entretien avec le nouveau propri\u00e9taire\",\"datePublished\":\"2026-09-01T13:27:46+00:00\",\"dateModified\":\"2026-09-01T13:27:55+00:00\",\"mainEntityOfPage\":{\"@id\":\"https:\\\/\\\/monmaghreb.com\\\/index.php\\\/2026\\\/09\\\/01\\\/gestion-innovante-des-spas-a-de-a-a-zen-a-vitre-entretien-avec-le-nouveau-proprietaire\\\/\"},\"wordCount\":911,\"publisher\":{\"@id\":\"http:\\\/\\\/monmaghreb.com\\\/#organization\"},\"image\":{\"@id\":\"https:\\\/\\\/monmaghreb.com\\\/index.php\\\/2026\\\/09\\\/01\\\/gestion-innovante-des-spas-a-de-a-a-zen-a-vitre-entretien-avec-le-nouveau-proprietaire\\\/#primaryimage\"},\"thumbnailUrl\":\"https:\\\/\\\/monmaghreb.com\\\/wp-content\\\/uploads\\\/2026\\\/09\\\/featured-1.jpg\",\"keywords\":[\"analia iglesias interview\",\"family wellness\",\"france business\",\"luxury spa\",\"spa management\"],\"articleSection\":[\"Diaspora\"],\"inLanguage\":\"en-US\"},{\"@type\":\"WebPage\",\"@id\":\"https:\\\/\\\/monmaghreb.com\\\/index.php\\\/2026\\\/09\\\/01\\\/gestion-innovante-des-spas-a-de-a-a-zen-a-vitre-entretien-avec-le-nouveau-proprietaire\\\/\",\"url\":\"https:\\\/\\\/monmaghreb.com\\\/index.php\\\/2026\\\/09\\\/01\\\/gestion-innovante-des-spas-a-de-a-a-zen-a-vitre-entretien-avec-le-nouveau-proprietaire\\\/\",\"name\":\"Gestion innovante des spas \u00e0 De A \u00e0 Zen \u00e0 Vitr\u00e9 : entretien\",\"isPartOf\":{\"@id\":\"http:\\\/\\\/monmaghreb.com\\\/#website\"},\"primaryImageOfPage\":{\"@id\":\"https:\\\/\\\/monmaghreb.com\\\/index.php\\\/2026\\\/09\\\/01\\\/gestion-innovante-des-spas-a-de-a-a-zen-a-vitre-entretien-avec-le-nouveau-proprietaire\\\/#primaryimage\"},\"image\":{\"@id\":\"https:\\\/\\\/monmaghreb.com\\\/index.php\\\/2026\\\/09\\\/01\\\/gestion-innovante-des-spas-a-de-a-a-zen-a-vitre-entretien-avec-le-nouveau-proprietaire\\\/#primaryimage\"},\"thumbnailUrl\":\"https:\\\/\\\/monmaghreb.com\\\/wp-content\\\/uploads\\\/2026\\\/09\\\/featured-1.jpg\",\"datePublished\":\"2026-09-01T13:27:46+00:00\",\"dateModified\":\"2026-09-01T13:27:55+00:00\",\"description\":\"Discover the innovative transformation of De A \u00e0 Zen spa in Vitr\u00e9, France. New owner shares vision.\",\"breadcrumb\":{\"@id\":\"https:\\\/\\\/monmaghreb.com\\\/index.php\\\/2026\\\/09\\\/01\\\/gestion-innovante-des-spas-a-de-a-a-zen-a-vitre-entretien-avec-le-nouveau-proprietaire\\\/#breadcrumb\"},\"inLanguage\":\"en-US\",\"potentialAction\":[{\"@type\":\"ReadAction\",\"target\":[\"https:\\\/\\\/monmaghreb.com\\\/index.php\\\/2026\\\/09\\\/01\\\/gestion-innovante-des-spas-a-de-a-a-zen-a-vitre-entretien-avec-le-nouveau-proprietaire\\\/\"]}]},{\"@type\":\"ImageObject\",\"inLanguage\":\"en-US\",\"@id\":\"https:\\\/\\\/monmaghreb.com\\\/index.php\\\/2026\\\/09\\\/01\\\/gestion-innovante-des-spas-a-de-a-a-zen-a-vitre-entretien-avec-le-nouveau-proprietaire\\\/#primaryimage\",\"url\":\"https:\\\/\\\/monmaghreb.com\\\/wp-content\\\/uploads\\\/2026\\\/09\\\/featured-1.jpg\",\"contentUrl\":\"https:\\\/\\\/monmaghreb.com\\\/wp-content\\\/uploads\\\/2026\\\/09\\\/featured-1.jpg\",\"width\":1880,\"height\":1253,\"caption\":\"New owner of De A \u00e0 Zen spa in Vitr\u00e9 discussing innovative transformation\"},{\"@type\":\"BreadcrumbList\",\"@id\":\"https:\\\/\\\/monmaghreb.com\\\/index.php\\\/2026\\\/09\\\/01\\\/gestion-innovante-des-spas-a-de-a-a-zen-a-vitre-entretien-avec-le-nouveau-proprietaire\\\/#breadcrumb\",\"itemListElement\":[{\"@type\":\"ListItem\",\"position\":1,\"name\":\"Home\",\"item\":\"http:\\\/\\\/monmaghreb.com\\\/\"},{\"@type\":\"ListItem\",\"position\":2,\"name\":\"Gestion innovante des spas \u00e0 De A \u00e0 Zen \u00e0 Vitr\u00e9 : entretien avec le nouveau propri\u00e9taire\"}]},{\"@type\":\"WebSite\",\"@id\":\"http:\\\/\\\/monmaghreb.com\\\/#website\",\"url\":\"http:\\\/\\\/monmaghreb.com\\\/\",\"name\":\"Mon Maghreb\",\"description\":\"MonMaghreb United\",\"publisher\":{\"@id\":\"http:\\\/\\\/monmaghreb.com\\\/#organization\"},\"alternateName\":\"Le Monde du Maghreb et au del\u00e0\",\"potentialAction\":[{\"@type\":\"SearchAction\",\"target\":{\"@type\":\"EntryPoint\",\"urlTemplate\":\"http:\\\/\\\/monmaghreb.com\\\/?s={search_term_string}\"},\"query-input\":{\"@type\":\"PropertyValueSpecification\",\"valueRequired\":true,\"valueName\":\"search_term_string\"}}],\"inLanguage\":\"en-US\"},{\"@type\":\"Organization\",\"@id\":\"http:\\\/\\\/monmaghreb.com\\\/#organization\",\"name\":\"Mon Maghreb\",\"url\":\"http:\\\/\\\/monmaghreb.com\\\/\",\"logo\":{\"@type\":\"ImageObject\",\"inLanguage\":\"en-US\",\"@id\":\"http:\\\/\\\/monmaghreb.com\\\/#\\\/schema\\\/logo\\\/image\\\/\",\"url\":\"https:\\\/\\\/monmaghreb.com\\\/wp-content\\\/uploads\\\/2025\\\/12\\\/Mon_Maghreb_Logo.jpg\",\"contentUrl\":\"https:\\\/\\\/monmaghreb.com\\\/wp-content\\\/uploads\\\/2025\\\/12\\\/Mon_Maghreb_Logo.jpg\",\"width\":814,\"height\":374,\"caption\":\"Mon Maghreb\"},\"image\":{\"@id\":\"http:\\\/\\\/monmaghreb.com\\\/#\\\/schema\\\/logo\\\/image\\\/\"}},{\"@type\":\"Person\",\"@id\":\"http:\\\/\\\/monmaghreb.com\\\/#\\\/schema\\\/person\\\/c469a89dc8c6b8987dcb438b1200d054\",\"name\":\"LaMagh\",\"image\":{\"@type\":\"ImageObject\",\"inLanguage\":\"en-US\",\"@id\":\"https:\\\/\\\/secure.gravatar.com\\\/avatar\\\/399d8144bd55fba55e056779aca52fe528bac7911f6449e54d81173d6dfd7f0a?s=96&d=mm&r=g\",\"url\":\"https:\\\/\\\/secure.gravatar.com\\\/avatar\\\/399d8144bd55fba55e056779aca52fe528bac7911f6449e54d81173d6dfd7f0a?s=96&d=mm&r=g\",\"contentUrl\":\"https:\\\/\\\/secure.gravatar.com\\\/avatar\\\/399d8144bd55fba55e056779aca52fe528bac7911f6449e54d81173d6dfd7f0a?s=96&d=mm&r=g\",\"caption\":\"LaMagh\"},\"sameAs\":[\"https:\\\/\\\/monmaghreb.com\",\"https:\\\/\\\/www.facebook.com\\\/monmaghrebcom\",\"https:\\\/\\\/x.com\\\/MMaghreb50977\"],\"url\":\"https:\\\/\\\/monmaghreb.com\\\/index.php\\\/author\\\/lamagh\\\/\"}]}<\/script>\n<!-- \/ Yoast SEO plugin. -->","yoast_head_json":{"title":"Gestion innovante des spas \u00e0 De A \u00e0 Zen \u00e0 Vitr\u00e9 : entretien","description":"Discover the innovative transformation of De A \u00e0 Zen spa in Vitr\u00e9, France. New owner shares vision.","robots":{"index":"index","follow":"follow","max-snippet":"max-snippet:-1","max-image-preview":"max-image-preview:large","max-video-preview":"max-video-preview:-1"},"canonical":"https:\/\/monmaghreb.com\/index.php\/2026\/09\/01\/gestion-innovante-des-spas-a-de-a-a-zen-a-vitre-entretien-avec-le-nouveau-proprietaire\/","og_locale":"en_US","og_type":"article","og_title":"Gestion innovante des spas \u00e0 De A \u00e0 Zen \u00e0 Vitr\u00e9 : entretien avec le nouveau propri\u00e9taire","og_description":"Discover the innovative transformation of De A \u00e0 Zen spa in Vitr\u00e9, France. New owner shares vision.","og_url":"https:\/\/monmaghreb.com\/index.php\/2026\/09\/01\/gestion-innovante-des-spas-a-de-a-a-zen-a-vitre-entretien-avec-le-nouveau-proprietaire\/","og_site_name":"Mon Maghreb","article_author":"https:\/\/www.facebook.com\/monmaghrebcom","article_published_time":"2026-09-01T13:27:46+00:00","article_modified_time":"2026-09-01T13:27:55+00:00","og_image":[{"width":1880,"height":1253,"url":"https:\/\/monmaghreb.com\/wp-content\/uploads\/2026\/09\/featured-1.jpg","type":"image\/jpeg"}],"author":"LaMagh","twitter_card":"summary_large_image","twitter_creator":"@MMaghreb50977","twitter_misc":{"Written by":"LaMagh","Est. reading time":"4 minutes"},"schema":{"@context":"https:\/\/schema.org","@graph":[{"@type":"Article","@id":"https:\/\/monmaghreb.com\/index.php\/2026\/09\/01\/gestion-innovante-des-spas-a-de-a-a-zen-a-vitre-entretien-avec-le-nouveau-proprietaire\/#article","isPartOf":{"@id":"https:\/\/monmaghreb.com\/index.php\/2026\/09\/01\/gestion-innovante-des-spas-a-de-a-a-zen-a-vitre-entretien-avec-le-nouveau-proprietaire\/"},"author":{"name":"LaMagh","@id":"http:\/\/monmaghreb.com\/#\/schema\/person\/c469a89dc8c6b8987dcb438b1200d054"},"headline":"Gestion innovante des spas \u00e0 De A \u00e0 Zen \u00e0 Vitr\u00e9 : entretien avec le nouveau propri\u00e9taire","datePublished":"2026-09-01T13:27:46+00:00","dateModified":"2026-09-01T13:27:55+00:00","mainEntityOfPage":{"@id":"https:\/\/monmaghreb.com\/index.php\/2026\/09\/01\/gestion-innovante-des-spas-a-de-a-a-zen-a-vitre-entretien-avec-le-nouveau-proprietaire\/"},"wordCount":911,"publisher":{"@id":"http:\/\/monmaghreb.com\/#organization"},"image":{"@id":"https:\/\/monmaghreb.com\/index.php\/2026\/09\/01\/gestion-innovante-des-spas-a-de-a-a-zen-a-vitre-entretien-avec-le-nouveau-proprietaire\/#primaryimage"},"thumbnailUrl":"https:\/\/monmaghreb.com\/wp-content\/uploads\/2026\/09\/featured-1.jpg","keywords":["analia iglesias interview","family wellness","france business","luxury spa","spa management"],"articleSection":["Diaspora"],"inLanguage":"en-US"},{"@type":"WebPage","@id":"https:\/\/monmaghreb.com\/index.php\/2026\/09\/01\/gestion-innovante-des-spas-a-de-a-a-zen-a-vitre-entretien-avec-le-nouveau-proprietaire\/","url":"https:\/\/monmaghreb.com\/index.php\/2026\/09\/01\/gestion-innovante-des-spas-a-de-a-a-zen-a-vitre-entretien-avec-le-nouveau-proprietaire\/","name":"Gestion innovante des spas \u00e0 De A \u00e0 Zen \u00e0 Vitr\u00e9 : entretien","isPartOf":{"@id":"http:\/\/monmaghreb.com\/#website"},"primaryImageOfPage":{"@id":"https:\/\/monmaghreb.com\/index.php\/2026\/09\/01\/gestion-innovante-des-spas-a-de-a-a-zen-a-vitre-entretien-avec-le-nouveau-proprietaire\/#primaryimage"},"image":{"@id":"https:\/\/monmaghreb.com\/index.php\/2026\/09\/01\/gestion-innovante-des-spas-a-de-a-a-zen-a-vitre-entretien-avec-le-nouveau-proprietaire\/#primaryimage"},"thumbnailUrl":"https:\/\/monmaghreb.com\/wp-content\/uploads\/2026\/09\/featured-1.jpg","datePublished":"2026-09-01T13:27:46+00:00","dateModified":"2026-09-01T13:27:55+00:00","description":"Discover the innovative transformation of De A \u00e0 Zen spa in Vitr\u00e9, France. New owner shares vision.","breadcrumb":{"@id":"https:\/\/monmaghreb.com\/index.php\/2026\/09\/01\/gestion-innovante-des-spas-a-de-a-a-zen-a-vitre-entretien-avec-le-nouveau-proprietaire\/#breadcrumb"},"inLanguage":"en-US","potentialAction":[{"@type":"ReadAction","target":["https:\/\/monmaghreb.com\/index.php\/2026\/09\/01\/gestion-innovante-des-spas-a-de-a-a-zen-a-vitre-entretien-avec-le-nouveau-proprietaire\/"]}]},{"@type":"ImageObject","inLanguage":"en-US","@id":"https:\/\/monmaghreb.com\/index.php\/2026\/09\/01\/gestion-innovante-des-spas-a-de-a-a-zen-a-vitre-entretien-avec-le-nouveau-proprietaire\/#primaryimage","url":"https:\/\/monmaghreb.com\/wp-content\/uploads\/2026\/09\/featured-1.jpg","contentUrl":"https:\/\/monmaghreb.com\/wp-content\/uploads\/2026\/09\/featured-1.jpg","width":1880,"height":1253,"caption":"New owner of De A \u00e0 Zen spa in Vitr\u00e9 discussing innovative transformation"},{"@type":"BreadcrumbList","@id":"https:\/\/monmaghreb.com\/index.php\/2026\/09\/01\/gestion-innovante-des-spas-a-de-a-a-zen-a-vitre-entretien-avec-le-nouveau-proprietaire\/#breadcrumb","itemListElement":[{"@type":"ListItem","position":1,"name":"Home","item":"http:\/\/monmaghreb.com\/"},{"@type":"ListItem","position":2,"name":"Gestion innovante des spas \u00e0 De A \u00e0 Zen \u00e0 Vitr\u00e9 : entretien avec le nouveau propri\u00e9taire"}]},{"@type":"WebSite","@id":"http:\/\/monmaghreb.com\/#website","url":"http:\/\/monmaghreb.com\/","name":"Mon Maghreb","description":"MonMaghreb United","publisher":{"@id":"http:\/\/monmaghreb.com\/#organization"},"alternateName":"Le Monde du Maghreb et au del\u00e0","potentialAction":[{"@type":"SearchAction","target":{"@type":"EntryPoint","urlTemplate":"http:\/\/monmaghreb.com\/?s={search_term_string}"},"query-input":{"@type":"PropertyValueSpecification","valueRequired":true,"valueName":"search_term_string"}}],"inLanguage":"en-US"},{"@type":"Organization","@id":"http:\/\/monmaghreb.com\/#organization","name":"Mon Maghreb","url":"http:\/\/monmaghreb.com\/","logo":{"@type":"ImageObject","inLanguage":"en-US","@id":"http:\/\/monmaghreb.com\/#\/schema\/logo\/image\/","url":"https:\/\/monmaghreb.com\/wp-content\/uploads\/2025\/12\/Mon_Maghreb_Logo.jpg","contentUrl":"https:\/\/monmaghreb.com\/wp-content\/uploads\/2025\/12\/Mon_Maghreb_Logo.jpg","width":814,"height":374,"caption":"Mon Maghreb"},"image":{"@id":"http:\/\/monmaghreb.com\/#\/schema\/logo\/image\/"}},{"@type":"Person","@id":"http:\/\/monmaghreb.com\/#\/schema\/person\/c469a89dc8c6b8987dcb438b1200d054","name":"LaMagh","image":{"@type":"ImageObject","inLanguage":"en-US","@id":"https:\/\/secure.gravatar.com\/avatar\/399d8144bd55fba55e056779aca52fe528bac7911f6449e54d81173d6dfd7f0a?s=96&d=mm&r=g","url":"https:\/\/secure.gravatar.com\/avatar\/399d8144bd55fba55e056779aca52fe528bac7911f6449e54d81173d6dfd7f0a?s=96&d=mm&r=g","contentUrl":"https:\/\/secure.gravatar.com\/avatar\/399d8144bd55fba55e056779aca52fe528bac7911f6449e54d81173d6dfd7f0a?s=96&d=mm&r=g","caption":"LaMagh"},"sameAs":["https:\/\/monmaghreb.com","https:\/\/www.facebook.com\/monmaghrebcom","https:\/\/x.com\/MMaghreb50977"],"url":"https:\/\/monmaghreb.com\/index.php\/author\/lamagh\/"}]}},"_links":{"self":[{"href":"https:\/\/monmaghreb.com\/index.php\/wp-json\/wp\/v2\/posts\/9491","targetHints":{"allow":["GET"]}}],"collection":[{"href":"https:\/\/monmaghreb.com\/index.php\/wp-json\/wp\/v2\/posts"}],"about":[{"href":"https:\/\/monmaghreb.com\/index.php\/wp-json\/wp\/v2\/types\/post"}],"author":[{"embeddable":true,"href":"https:\/\/monmaghreb.com\/index.php\/wp-json\/wp\/v2\/users\/1"}],"replies":[{"embeddable":true,"href":"https:\/\/monmaghreb.com\/index.php\/wp-json\/wp\/v2\/comments?post=9491"}],"version-history":[{"count":1,"href":"https:\/\/monmaghreb.com\/index.php\/wp-json\/wp\/v2\/posts\/9491\/revisions"}],"predecessor-version":[{"id":9492,"href":"https:\/\/monmaghreb.com\/index.php\/wp-json\/wp\/v2\/posts\/9491\/revisions\/9492"}],"wp:featuredmedia":[{"embeddable":true,"href":"https:\/\/monmaghreb.com\/index.php\/wp-json\/wp\/v2\/media\/9490"}],"wp:attachment":[{"href":"https:\/\/monmaghreb.com\/index.php\/wp-json\/wp\/v2\/media?parent=9491"}],"wp:term":[{"taxonomy":"category","embeddable":true,"href":"https:\/\/monmaghreb.com\/index.php\/wp-json\/wp\/v2\/categories?post=9491"},{"taxonomy":"post_tag","embeddable":true,"href":"https:\/\/monmaghreb.com\/index.php\/wp-json\/wp\/v2\/tags?post=9491"}],"curies":[{"name":"wp","href":"https:\/\/api.w.org\/{rel}","templated":true}]}}