
{"id":9494,"date":"2026-09-01T13:34:17","date_gmt":"2026-09-01T13:34:17","guid":{"rendered":"https:\/\/monmaghreb.com\/index.php\/2026\/09\/01\/aid-el-kebir-2026-dates-traditions-et-reglements\/"},"modified":"2026-09-01T13:34:25","modified_gmt":"2026-09-01T13:34:25","slug":"aid-el-kebir-2026-dates-traditions-et-reglements","status":"publish","type":"post","link":"https:\/\/monmaghreb.com\/index.php\/2026\/09\/01\/aid-el-kebir-2026-dates-traditions-et-reglements\/","title":{"rendered":"Aid el-K\u00e9bir 2026 : dates, traditions, et r\u00e8glements"},"content":{"rendered":"<p><!DOCTYPE html><br \/>\n<html lang='fr'><br \/>\n<head><br \/>\n <meta charset='UTF-8'><br \/>\n <title>Aid el-K\u00e9bir 2026 : dates, traditions, et r\u00e8glements<\/title><br \/>\n<\/head><br \/>\n<body><\/p>\n<h1>Aid el-K\u00e9bir 2026 : dates, traditions, et r\u00e8glements<\/h1>\n<p> <script type=\"application\/ld+json\">\n{\n  \"@context\": \"https:\/\/schema.org\/\",\n  \"@type\": \"Recipe\",\n  \"name\": \"Aid El-Kebir Traditional Semolina Cake\",\n  \"description\": \"A sweet and traditional dessert to celebrate Aid El-Kebir\",\n  \"prepTime\": \"PT15M\",\n  \"cookTime\": \"PT30M\",\n  \"totalTime\": \"PT45M\",\n  \"recipeYield\": \"4 portions\",\n  \"recipeIngredient\": [\n    \"200g semoule\",\n    \"100g sugar\",\n    \"50g butter\",\n    \"1\/2 litre milk\",\n    \"1 teaspoon baking powder\",\n    \"1 pinch of salt\"\n  ],\n  \"recipeInstructions\": [\n    {\n      \"@type\": \"HowToStep\",\n      \"text\": \"\u00c9tape 1: Melt the butter in a saucepan.\"\n    },\n    {\n      \"@type\": \"HowToStep\",\n      \"text\": \"\u00c9tape 2: Add the semolina and cook for a few minutes, stirring constantly.\"\n    },\n    {\n      \"@type\": \"HowToStep\",\n      \"text\": \"\u00c9tape 3: Gradually add the milk, sugar, baking powder, and salt.\"\n    },\n    {\n      \"@type\": \"HowToStep\",\n      \"text\": \"\u00c9tape 4: Cook until the mixture thickens.\"\n    },\n    {\n      \"@type\": \"HowToStep\",\n      \"text\": \"\u00c9tape 5: Pour the mixture into a baking dish and bake at 180\u00b0C for 30 minutes.\"\n    }\n  ],\n  \"recipeCategory\": \"Main Course\",\n  \"recipeCuisine\": \"Marocaine\",\n  \"keywords\": \"recette, maghreb\",\n  \"datePublished\": \"2026-09-01\",\n  \"author\": {\n    \"@type\": \"Organization\",\n    \"name\": \"\"\n  },\n  \"nutrition\": {\n    \"@type\": \"NutritionInformation\",\n    \"calories\": \"350 calories\"\n  }\n}\n<\/script><\/p>\n<p>Pour les lecteurs <a href=\"https:\/\/monmaghreb.com\/index.php\/2026\/08\/31\/100-recettes-maghrebines-pour-les-10-derniers-jours-de-ramadan-2026-un-guide-complet-pour-les-lecteurs-maghrebins-de-la-diaspora\/\" title=\"100 recettes maghr\u00e9bines pour les 10 derniers jours de Ramadan 2026 : un guide complet pour les lecteurs maghr\u00e9bins de la diaspora\">maghr\u00e9bins<\/a> de la diaspora, nous sommes ravis de vous offrir une compilation d&#8217;informations sur Aid el-K\u00e9bir 2026. Cette f\u00eate religieuse annuelle est c\u00e9l\u00e9br\u00e9e en l&#8217;honneur du sacrifice de l&#8217;agneau d&#8217;Abraham, qui marque la fin du Hajj, le p\u00e8lerinage \u00e0 La Mecque. Cette ann\u00e9e, Aid el-K\u00e9bir aura lieu le 10 juillet, date qui peut varier l\u00e9g\u00e8rement en fonction de la lunaire. Cependant, pour cette ann\u00e9e, la date est confirm\u00e9e.<\/p>\n<p>Aid el-K\u00e9bir est une occasion pour les musulmans de se r\u00e9unir avec leur famille et leurs amis, de partager des moments de convivialit\u00e9 et de f\u00eate. Les enfants re\u00e7oivent souvent de l&#8217;argent ou des cadeaux, et les familles se rassemblent pour manger ensemble, partager des souvenirs et des moments de joie.<\/p>\n<h2>Dates<\/h2>\n<p>Aid el-K\u00e9bir 2026 aura lieu le 10 juillet, une date qui peut varier l\u00e9g\u00e8rement en fonction de la lunaire. Cependant, pour cette ann\u00e9e, la date est confirm\u00e9e.<\/p>\n<p>Il est important de noter que la date de Aid el-K\u00e9bir peut varier d&#8217;une ann\u00e9e \u00e0 l&#8217;autre, en fonction de la phase lunaire. Cependant, les musulmans peuvent \u00eatre assur\u00e9s que la date sera confirm\u00e9e quelques jours avant la c\u00e9l\u00e9bration.<\/p>\n<h2>Traditions<\/h2>\n<p>Les traditions associ\u00e9es \u00e0 Aid el-K\u00e9bir sont nombreuses. Parmi les plus importantes, il y a le sacrifice de l&#8217;agneau, la distribution de la viande \u00e0 la communaut\u00e9, et la visite des parents et des amis.<\/p>\n<p>Les musulmans ont l&#8217;habitude de sacrifier un animal, g\u00e9n\u00e9ralement un mouton ou un agneau, pour symboliser le sacrifice d&#8217;Abraham. La viande est ensuite distribu\u00e9e \u00e0 la communaut\u00e9, souvent aux pauvres et aux n\u00e9cessiteux.<\/p>\n<p>Il est \u00e9galement courant de faire des offrandes caritatives pour les pauvres et les n\u00e9cessiteux. Les musulmans ont l&#8217;opportunit\u00e9 de se r\u00e9unir avec leur famille et leurs amis pour c\u00e9l\u00e9brer cette f\u00eate religieuse.<\/p>\n<h2>R\u00e8glements<\/h2>\n<p>Il existe des r\u00e8glements \u00e0 suivre pour la pratique du sacrifice de l&#8217;agneau. Les animaux doivent \u00eatre d&#8217;\u00e2ge adulte, sains, et d&#8217;une race accept\u00e9e.<\/p>\n<p>Le sacrifice doit se faire dans un \u00e9tablissement autoris\u00e9 ou sur un lieu d\u00e9di\u00e9, et les parties du corps de l&#8217;agneau doivent \u00eatre correctement pr\u00e9par\u00e9es.<\/p>\n<p>Il est \u00e9galement important de se souvenir que le sacrifice est une volont\u00e9 et non une obligation. Les musulmans ont le droit de choisir si ils veulent participer \u00e0 ce rituel ou non.<\/p>\n<h2>Les animaux admis pour le sacrifice<\/h2>\n<p>Les animaux accept\u00e9s pour le sacrifice sont g\u00e9n\u00e9ralement les moutons, les agneaux, et les bovins. Les femelles doivent \u00eatre vierges et les m\u00e2les doivent avoir au moins un an.<\/p>\n<p>Les animaux doivent \u00eatre sains et d&#8217;une race accept\u00e9e. Il est \u00e9galement important de respecter les r\u00e8gles de halal pour le sacrifice.<\/p>\n<h2>Le sacrifice de l&#8217;agneau<\/h2>\n<p>Le sacrifice de l&#8217;agneau est une tradition importante associ\u00e9e \u00e0 Aid el-K\u00e9bir. L&#8217;agneau doit \u00eatre un animal adulte, sain, et d&#8217;une race accept\u00e9e.<\/p>\n<p>Le sacrifice doit se faire dans un \u00e9tablissement autoris\u00e9 ou sur un lieu d\u00e9di\u00e9, et les parties du corps de l&#8217;agneau doivent \u00eatre correctement pr\u00e9par\u00e9es.<\/p>\n<p>Le sacrifice est une volont\u00e9 et non une obligation. Les musulmans ont le droit de choisir si ils veulent participer \u00e0 ce rituel ou non.<\/p>\n<h2>Conclusion<\/h2>\n<p>Aid el-K\u00e9bir est une des plus importantes c\u00e9l\u00e9brations dans le calendrier musulman. Cette ann\u00e9e, elle aura lieu le 10 juillet. Nous vous invitons \u00e0 prendre part \u00e0 cette c\u00e9l\u00e9bration et \u00e0 respecter les traditions et les r\u00e8glements associ\u00e9s.<\/p>\n<p>Pour les musulmans, cette c\u00e9l\u00e9bration est une occasion de se r\u00e9unir avec leur famille et leurs amis, de f\u00eater ensemble et de partager des moments de joie et de convivialit\u00e9.<\/p>\n<p>N&#8217;h\u00e9sitez pas \u00e0 faire des offrandes caritatives pour les pauvres et les n\u00e9cessiteux, et \u00e0 partager vos souvenirs et vos moments de joie avec vos proches.<\/p>\n<div style=\"background:#f8f9fa;border-left:4px solid #0066cc;border-radius:6px;padding:20px 24px;margin:32px 0;\">\n<p style=\"font-size:13px;color:#888;text-transform:uppercase;letter-spacing:0.8px;margin:0 0 6px 0;\">Vous pourriez aussi aimer<\/p>\n<h3 style=\"font-size:18px;margin:0 0 14px 0;color:#222;\">Articles similaires<\/h3>\n<ul style=\"margin:0;padding-left:20px;list-style:disc;\">\n<li style=\"margin-bottom:10px;\"><a href=\"https:\/\/monmaghreb.com\/index.php\/2026\/08\/31\/100-recettes-maghrebines-pour-les-10-derniers-jours-de-ramadan-2026-un-guide-complet-pour-les-lecteurs-maghrebins-de-la-diaspora\/\" style=\"color:#0066cc;text-decoration:none;font-weight:500;\" title=\"100 recettes maghr\u00e9bines pour les 10 derniers jours de Ramadan 2026 : un guide complet pour les lecteurs maghr\u00e9bins de la diaspora\">100 recettes maghr\u00e9bines pour les 10 derniers jours de Ramadan 2026 : un guide complet pour les lecteurs maghr\u00e9bins de la diaspora<\/a><\/li>\n<li style=\"margin-bottom:10px;\"><a href=\"https:\/\/monmaghreb.com\/index.php\/2026\/08\/29\/plantes-medicinales-au-maghreb-guide-complet-pour-soins-de-base\/\" style=\"color:#0066cc;text-decoration:none;font-weight:500;\" title=\"Plantes m\u00e9dicinales au Maghreb : guide complet pour soins de base\">Plantes m\u00e9dicinales au Maghreb : guide complet pour soins de base<\/a><\/li>\n<li style=\"margin-bottom:10px;\"><a href=\"https:\/\/monmaghreb.com\/index.php\/2026\/08\/27\/celebrer-le-nouvel-an-berbere-yennayer-une-fete-de-culture-et-de-traditions-a-ne-manquer-pas\/\" style=\"color:#0066cc;text-decoration:none;font-weight:500;\" title=\"C\u00e9l\u00e9brer le Nouvel An berb\u00e8re Yennayer : une f\u00eate de culture et de traditions \u00e0 ne manquer pas\">C\u00e9l\u00e9brer le Nouvel An berb\u00e8re Yennayer : une f\u00eate de culture et de traditions \u00e0 ne manquer pas<\/a><\/li>\n<li style=\"margin-bottom:10px;\"><a href=\"https:\/\/monmaghreb.com\/index.php\/2026\/08\/31\/concept-stores-africains-a-paris-ou-decouvrir-le-design-du-maghreb\/\" style=\"color:#0066cc;text-decoration:none;font-weight:500;\" title=\"Concept stores africains \u00e0 Paris : o\u00f9 d\u00e9couvrir le design du Maghreb\">Concept stores africains \u00e0 Paris : o\u00f9 d\u00e9couvrir le design du Maghreb<\/a><\/li>\n<li style=\"margin-bottom:10px;\"><a href=\"https:\/\/monmaghreb.com\/index.php\/2026\/08\/31\/ramadan-2026-2027-les-dates-cles-des-fetes-musulmanes-a-lecole\/\" style=\"color:#0066cc;text-decoration:none;font-weight:500;\" title=\"Ramadan 2026-2027 : les dates cl\u00e9s des f\u00eates musulmanes \u00e0 l&#8217;\u00e9cole\">Ramadan 2026-2027 : les dates cl\u00e9s des f\u00eates musulmanes \u00e0 l&#8217;\u00e9cole<\/a><\/li>\n<\/ul>\n<\/div>\n<p><\/body><br \/>\n<\/html><\/p>\n","protected":false},"excerpt":{"rendered":"<p>C\u00e9l\u00e9brez Aid el-K\u00e9bir 2026 avec nous : dates, traditions et r\u00e8glements. Informations cl\u00e9s pour les lecteurs maghr\u00e9bins de la diaspora.<\/p>\n","protected":false},"author":1,"featured_media":9493,"comment_status":"closed","ping_status":"open","sticky":false,"template":"","format":"standard","meta":{"_yoast_wpseo_canonical":"","_yoast_wpseo_opengraph-title":"Aid el-K\u00e9bir 2026 : dates, traditions, et r\u00e8glements","_yoast_wpseo_opengraph-description":"C\u00e9l\u00e9brez Aid el-K\u00e9bir 2026 avec nous : dates, traditions et r\u00e8glements. Informations cl\u00e9s pour les lecteurs maghr\u00e9bins de la diaspora.","_yoast_wpseo_opengraph-image":"","tdm_status":"","tdm_grid_status":"","footnotes":""},"categories":[651],"tags":[832,2850,992,734,5217],"class_list":["post-9494","post","type-post","status-publish","format-standard","has-post-thumbnail","hentry","category-ramadan-iftar","tag-aid-el-kebir","tag-islamic-festivals","tag-maghreb-diaspora","tag-practical-guide","tag-religious-holidays"],"yoast_head":"<!-- This site is optimized with the Yoast SEO plugin v28.4 - https:\/\/yoast.com\/product\/yoast-seo-wordpress\/ -->\n<title>Aid el-K\u00e9bir 2026 : dates, traditions, et r\u00e8glements - Monma<\/title>\n<meta name=\"description\" content=\"C\u00e9l\u00e9brez Aid el-K\u00e9bir 2026 avec nous : dates, traditions et r\u00e8glements. Informations cl\u00e9s pour les lecteurs maghr\u00e9bins de la diaspora.\" \/>\n<meta name=\"robots\" content=\"index, follow, max-snippet:-1, max-image-preview:large, max-video-preview:-1\" \/>\n<link rel=\"canonical\" href=\"https:\/\/monmaghreb.com\/index.php\/2026\/09\/01\/aid-el-kebir-2026-dates-traditions-et-reglements\/\" \/>\n<meta property=\"og:locale\" content=\"en_US\" \/>\n<meta property=\"og:type\" content=\"article\" \/>\n<meta property=\"og:title\" content=\"Aid el-K\u00e9bir 2026 : dates, traditions, et r\u00e8glements\" \/>\n<meta property=\"og:description\" content=\"C\u00e9l\u00e9brez Aid el-K\u00e9bir 2026 avec nous : dates, traditions et r\u00e8glements. Informations cl\u00e9s pour les lecteurs maghr\u00e9bins de la diaspora.\" \/>\n<meta property=\"og:url\" content=\"https:\/\/monmaghreb.com\/index.php\/2026\/09\/01\/aid-el-kebir-2026-dates-traditions-et-reglements\/\" \/>\n<meta property=\"og:site_name\" content=\"Mon Maghreb\" \/>\n<meta property=\"article:author\" content=\"https:\/\/www.facebook.com\/monmaghrebcom\" \/>\n<meta property=\"article:published_time\" content=\"2026-09-01T13:34:17+00:00\" \/>\n<meta property=\"article:modified_time\" content=\"2026-09-01T13:34:25+00:00\" \/>\n<meta property=\"og:image\" content=\"https:\/\/monmaghreb.com\/wp-content\/uploads\/2026\/09\/featured-2.jpg\" \/>\n\t<meta property=\"og:image:width\" content=\"1880\" \/>\n\t<meta property=\"og:image:height\" content=\"1253\" \/>\n\t<meta property=\"og:image:type\" content=\"image\/jpeg\" \/>\n<meta name=\"author\" content=\"LaMagh\" \/>\n<meta name=\"twitter:card\" content=\"summary_large_image\" \/>\n<meta name=\"twitter:creator\" content=\"@MMaghreb50977\" \/>\n<meta name=\"twitter:label1\" content=\"Written by\" \/>\n\t<meta name=\"twitter:data1\" content=\"LaMagh\" \/>\n\t<meta name=\"twitter:label2\" content=\"Est. reading time\" \/>\n\t<meta name=\"twitter:data2\" content=\"4 minutes\" \/>\n<script type=\"application\/ld+json\" class=\"yoast-schema-graph\">{\"@context\":\"https:\\\/\\\/schema.org\",\"@graph\":[{\"@type\":\"Article\",\"@id\":\"https:\\\/\\\/monmaghreb.com\\\/index.php\\\/2026\\\/09\\\/01\\\/aid-el-kebir-2026-dates-traditions-et-reglements\\\/#article\",\"isPartOf\":{\"@id\":\"https:\\\/\\\/monmaghreb.com\\\/index.php\\\/2026\\\/09\\\/01\\\/aid-el-kebir-2026-dates-traditions-et-reglements\\\/\"},\"author\":{\"name\":\"LaMagh\",\"@id\":\"http:\\\/\\\/monmaghreb.com\\\/#\\\/schema\\\/person\\\/c469a89dc8c6b8987dcb438b1200d054\"},\"headline\":\"Aid el-K\u00e9bir 2026 : dates, traditions, et r\u00e8glements\",\"datePublished\":\"2026-09-01T13:34:17+00:00\",\"dateModified\":\"2026-09-01T13:34:25+00:00\",\"mainEntityOfPage\":{\"@id\":\"https:\\\/\\\/monmaghreb.com\\\/index.php\\\/2026\\\/09\\\/01\\\/aid-el-kebir-2026-dates-traditions-et-reglements\\\/\"},\"wordCount\":781,\"publisher\":{\"@id\":\"http:\\\/\\\/monmaghreb.com\\\/#organization\"},\"image\":{\"@id\":\"https:\\\/\\\/monmaghreb.com\\\/index.php\\\/2026\\\/09\\\/01\\\/aid-el-kebir-2026-dates-traditions-et-reglements\\\/#primaryimage\"},\"thumbnailUrl\":\"https:\\\/\\\/monmaghreb.com\\\/wp-content\\\/uploads\\\/2026\\\/09\\\/featured-2.jpg\",\"keywords\":[\"aid el k\u00e9bir\",\"islamic festivals\",\"maghreb diaspora\",\"practical guide\",\"religious holidays\"],\"articleSection\":[\"Ramadan &amp; Iftar\"],\"inLanguage\":\"en-US\"},{\"@type\":\"WebPage\",\"@id\":\"https:\\\/\\\/monmaghreb.com\\\/index.php\\\/2026\\\/09\\\/01\\\/aid-el-kebir-2026-dates-traditions-et-reglements\\\/\",\"url\":\"https:\\\/\\\/monmaghreb.com\\\/index.php\\\/2026\\\/09\\\/01\\\/aid-el-kebir-2026-dates-traditions-et-reglements\\\/\",\"name\":\"Aid el-K\u00e9bir 2026 : dates, traditions, et r\u00e8glements - Monma\",\"isPartOf\":{\"@id\":\"http:\\\/\\\/monmaghreb.com\\\/#website\"},\"primaryImageOfPage\":{\"@id\":\"https:\\\/\\\/monmaghreb.com\\\/index.php\\\/2026\\\/09\\\/01\\\/aid-el-kebir-2026-dates-traditions-et-reglements\\\/#primaryimage\"},\"image\":{\"@id\":\"https:\\\/\\\/monmaghreb.com\\\/index.php\\\/2026\\\/09\\\/01\\\/aid-el-kebir-2026-dates-traditions-et-reglements\\\/#primaryimage\"},\"thumbnailUrl\":\"https:\\\/\\\/monmaghreb.com\\\/wp-content\\\/uploads\\\/2026\\\/09\\\/featured-2.jpg\",\"datePublished\":\"2026-09-01T13:34:17+00:00\",\"dateModified\":\"2026-09-01T13:34:25+00:00\",\"description\":\"C\u00e9l\u00e9brez Aid el-K\u00e9bir 2026 avec nous : dates, traditions et r\u00e8glements. Informations cl\u00e9s pour les lecteurs maghr\u00e9bins de la diaspora.\",\"breadcrumb\":{\"@id\":\"https:\\\/\\\/monmaghreb.com\\\/index.php\\\/2026\\\/09\\\/01\\\/aid-el-kebir-2026-dates-traditions-et-reglements\\\/#breadcrumb\"},\"inLanguage\":\"en-US\",\"potentialAction\":[{\"@type\":\"ReadAction\",\"target\":[\"https:\\\/\\\/monmaghreb.com\\\/index.php\\\/2026\\\/09\\\/01\\\/aid-el-kebir-2026-dates-traditions-et-reglements\\\/\"]}]},{\"@type\":\"ImageObject\",\"inLanguage\":\"en-US\",\"@id\":\"https:\\\/\\\/monmaghreb.com\\\/index.php\\\/2026\\\/09\\\/01\\\/aid-el-kebir-2026-dates-traditions-et-reglements\\\/#primaryimage\",\"url\":\"https:\\\/\\\/monmaghreb.com\\\/wp-content\\\/uploads\\\/2026\\\/09\\\/featured-2.jpg\",\"contentUrl\":\"https:\\\/\\\/monmaghreb.com\\\/wp-content\\\/uploads\\\/2026\\\/09\\\/featured-2.jpg\",\"width\":1880,\"height\":1253,\"caption\":\"Famille maghr\u00e9bine c\u00e9l\u00e9brant Aid el-K\u00e9bir 2026 en costume traditionnel\"},{\"@type\":\"BreadcrumbList\",\"@id\":\"https:\\\/\\\/monmaghreb.com\\\/index.php\\\/2026\\\/09\\\/01\\\/aid-el-kebir-2026-dates-traditions-et-reglements\\\/#breadcrumb\",\"itemListElement\":[{\"@type\":\"ListItem\",\"position\":1,\"name\":\"Home\",\"item\":\"http:\\\/\\\/monmaghreb.com\\\/\"},{\"@type\":\"ListItem\",\"position\":2,\"name\":\"Aid el-K\u00e9bir 2026 : dates, traditions, et r\u00e8glements\"}]},{\"@type\":\"WebSite\",\"@id\":\"http:\\\/\\\/monmaghreb.com\\\/#website\",\"url\":\"http:\\\/\\\/monmaghreb.com\\\/\",\"name\":\"Mon Maghreb\",\"description\":\"MonMaghreb United\",\"publisher\":{\"@id\":\"http:\\\/\\\/monmaghreb.com\\\/#organization\"},\"alternateName\":\"Le Monde du Maghreb et au del\u00e0\",\"potentialAction\":[{\"@type\":\"SearchAction\",\"target\":{\"@type\":\"EntryPoint\",\"urlTemplate\":\"http:\\\/\\\/monmaghreb.com\\\/?s={search_term_string}\"},\"query-input\":{\"@type\":\"PropertyValueSpecification\",\"valueRequired\":true,\"valueName\":\"search_term_string\"}}],\"inLanguage\":\"en-US\"},{\"@type\":\"Organization\",\"@id\":\"http:\\\/\\\/monmaghreb.com\\\/#organization\",\"name\":\"Mon Maghreb\",\"url\":\"http:\\\/\\\/monmaghreb.com\\\/\",\"logo\":{\"@type\":\"ImageObject\",\"inLanguage\":\"en-US\",\"@id\":\"http:\\\/\\\/monmaghreb.com\\\/#\\\/schema\\\/logo\\\/image\\\/\",\"url\":\"https:\\\/\\\/monmaghreb.com\\\/wp-content\\\/uploads\\\/2025\\\/12\\\/Mon_Maghreb_Logo.jpg\",\"contentUrl\":\"https:\\\/\\\/monmaghreb.com\\\/wp-content\\\/uploads\\\/2025\\\/12\\\/Mon_Maghreb_Logo.jpg\",\"width\":814,\"height\":374,\"caption\":\"Mon Maghreb\"},\"image\":{\"@id\":\"http:\\\/\\\/monmaghreb.com\\\/#\\\/schema\\\/logo\\\/image\\\/\"}},{\"@type\":\"Person\",\"@id\":\"http:\\\/\\\/monmaghreb.com\\\/#\\\/schema\\\/person\\\/c469a89dc8c6b8987dcb438b1200d054\",\"name\":\"LaMagh\",\"image\":{\"@type\":\"ImageObject\",\"inLanguage\":\"en-US\",\"@id\":\"https:\\\/\\\/secure.gravatar.com\\\/avatar\\\/399d8144bd55fba55e056779aca52fe528bac7911f6449e54d81173d6dfd7f0a?s=96&d=mm&r=g\",\"url\":\"https:\\\/\\\/secure.gravatar.com\\\/avatar\\\/399d8144bd55fba55e056779aca52fe528bac7911f6449e54d81173d6dfd7f0a?s=96&d=mm&r=g\",\"contentUrl\":\"https:\\\/\\\/secure.gravatar.com\\\/avatar\\\/399d8144bd55fba55e056779aca52fe528bac7911f6449e54d81173d6dfd7f0a?s=96&d=mm&r=g\",\"caption\":\"LaMagh\"},\"sameAs\":[\"https:\\\/\\\/monmaghreb.com\",\"https:\\\/\\\/www.facebook.com\\\/monmaghrebcom\",\"https:\\\/\\\/x.com\\\/MMaghreb50977\"],\"url\":\"https:\\\/\\\/monmaghreb.com\\\/index.php\\\/author\\\/lamagh\\\/\"}]}<\/script>\n<!-- \/ Yoast SEO plugin. -->","yoast_head_json":{"title":"Aid el-K\u00e9bir 2026 : dates, traditions, et r\u00e8glements - Monma","description":"C\u00e9l\u00e9brez Aid el-K\u00e9bir 2026 avec nous : dates, traditions et r\u00e8glements. Informations cl\u00e9s pour les lecteurs maghr\u00e9bins de la diaspora.","robots":{"index":"index","follow":"follow","max-snippet":"max-snippet:-1","max-image-preview":"max-image-preview:large","max-video-preview":"max-video-preview:-1"},"canonical":"https:\/\/monmaghreb.com\/index.php\/2026\/09\/01\/aid-el-kebir-2026-dates-traditions-et-reglements\/","og_locale":"en_US","og_type":"article","og_title":"Aid el-K\u00e9bir 2026 : dates, traditions, et r\u00e8glements","og_description":"C\u00e9l\u00e9brez Aid el-K\u00e9bir 2026 avec nous : dates, traditions et r\u00e8glements. Informations cl\u00e9s pour les lecteurs maghr\u00e9bins de la diaspora.","og_url":"https:\/\/monmaghreb.com\/index.php\/2026\/09\/01\/aid-el-kebir-2026-dates-traditions-et-reglements\/","og_site_name":"Mon Maghreb","article_author":"https:\/\/www.facebook.com\/monmaghrebcom","article_published_time":"2026-09-01T13:34:17+00:00","article_modified_time":"2026-09-01T13:34:25+00:00","og_image":[{"width":1880,"height":1253,"url":"https:\/\/monmaghreb.com\/wp-content\/uploads\/2026\/09\/featured-2.jpg","type":"image\/jpeg"}],"author":"LaMagh","twitter_card":"summary_large_image","twitter_creator":"@MMaghreb50977","twitter_misc":{"Written by":"LaMagh","Est. reading time":"4 minutes"},"schema":{"@context":"https:\/\/schema.org","@graph":[{"@type":"Article","@id":"https:\/\/monmaghreb.com\/index.php\/2026\/09\/01\/aid-el-kebir-2026-dates-traditions-et-reglements\/#article","isPartOf":{"@id":"https:\/\/monmaghreb.com\/index.php\/2026\/09\/01\/aid-el-kebir-2026-dates-traditions-et-reglements\/"},"author":{"name":"LaMagh","@id":"http:\/\/monmaghreb.com\/#\/schema\/person\/c469a89dc8c6b8987dcb438b1200d054"},"headline":"Aid el-K\u00e9bir 2026 : dates, traditions, et r\u00e8glements","datePublished":"2026-09-01T13:34:17+00:00","dateModified":"2026-09-01T13:34:25+00:00","mainEntityOfPage":{"@id":"https:\/\/monmaghreb.com\/index.php\/2026\/09\/01\/aid-el-kebir-2026-dates-traditions-et-reglements\/"},"wordCount":781,"publisher":{"@id":"http:\/\/monmaghreb.com\/#organization"},"image":{"@id":"https:\/\/monmaghreb.com\/index.php\/2026\/09\/01\/aid-el-kebir-2026-dates-traditions-et-reglements\/#primaryimage"},"thumbnailUrl":"https:\/\/monmaghreb.com\/wp-content\/uploads\/2026\/09\/featured-2.jpg","keywords":["aid el k\u00e9bir","islamic festivals","maghreb diaspora","practical guide","religious holidays"],"articleSection":["Ramadan &amp; Iftar"],"inLanguage":"en-US"},{"@type":"WebPage","@id":"https:\/\/monmaghreb.com\/index.php\/2026\/09\/01\/aid-el-kebir-2026-dates-traditions-et-reglements\/","url":"https:\/\/monmaghreb.com\/index.php\/2026\/09\/01\/aid-el-kebir-2026-dates-traditions-et-reglements\/","name":"Aid el-K\u00e9bir 2026 : dates, traditions, et r\u00e8glements - Monma","isPartOf":{"@id":"http:\/\/monmaghreb.com\/#website"},"primaryImageOfPage":{"@id":"https:\/\/monmaghreb.com\/index.php\/2026\/09\/01\/aid-el-kebir-2026-dates-traditions-et-reglements\/#primaryimage"},"image":{"@id":"https:\/\/monmaghreb.com\/index.php\/2026\/09\/01\/aid-el-kebir-2026-dates-traditions-et-reglements\/#primaryimage"},"thumbnailUrl":"https:\/\/monmaghreb.com\/wp-content\/uploads\/2026\/09\/featured-2.jpg","datePublished":"2026-09-01T13:34:17+00:00","dateModified":"2026-09-01T13:34:25+00:00","description":"C\u00e9l\u00e9brez Aid el-K\u00e9bir 2026 avec nous : dates, traditions et r\u00e8glements. Informations cl\u00e9s pour les lecteurs maghr\u00e9bins de la diaspora.","breadcrumb":{"@id":"https:\/\/monmaghreb.com\/index.php\/2026\/09\/01\/aid-el-kebir-2026-dates-traditions-et-reglements\/#breadcrumb"},"inLanguage":"en-US","potentialAction":[{"@type":"ReadAction","target":["https:\/\/monmaghreb.com\/index.php\/2026\/09\/01\/aid-el-kebir-2026-dates-traditions-et-reglements\/"]}]},{"@type":"ImageObject","inLanguage":"en-US","@id":"https:\/\/monmaghreb.com\/index.php\/2026\/09\/01\/aid-el-kebir-2026-dates-traditions-et-reglements\/#primaryimage","url":"https:\/\/monmaghreb.com\/wp-content\/uploads\/2026\/09\/featured-2.jpg","contentUrl":"https:\/\/monmaghreb.com\/wp-content\/uploads\/2026\/09\/featured-2.jpg","width":1880,"height":1253,"caption":"Famille maghr\u00e9bine c\u00e9l\u00e9brant Aid el-K\u00e9bir 2026 en costume traditionnel"},{"@type":"BreadcrumbList","@id":"https:\/\/monmaghreb.com\/index.php\/2026\/09\/01\/aid-el-kebir-2026-dates-traditions-et-reglements\/#breadcrumb","itemListElement":[{"@type":"ListItem","position":1,"name":"Home","item":"http:\/\/monmaghreb.com\/"},{"@type":"ListItem","position":2,"name":"Aid el-K\u00e9bir 2026 : dates, traditions, et r\u00e8glements"}]},{"@type":"WebSite","@id":"http:\/\/monmaghreb.com\/#website","url":"http:\/\/monmaghreb.com\/","name":"Mon Maghreb","description":"MonMaghreb United","publisher":{"@id":"http:\/\/monmaghreb.com\/#organization"},"alternateName":"Le Monde du Maghreb et au del\u00e0","potentialAction":[{"@type":"SearchAction","target":{"@type":"EntryPoint","urlTemplate":"http:\/\/monmaghreb.com\/?s={search_term_string}"},"query-input":{"@type":"PropertyValueSpecification","valueRequired":true,"valueName":"search_term_string"}}],"inLanguage":"en-US"},{"@type":"Organization","@id":"http:\/\/monmaghreb.com\/#organization","name":"Mon Maghreb","url":"http:\/\/monmaghreb.com\/","logo":{"@type":"ImageObject","inLanguage":"en-US","@id":"http:\/\/monmaghreb.com\/#\/schema\/logo\/image\/","url":"https:\/\/monmaghreb.com\/wp-content\/uploads\/2025\/12\/Mon_Maghreb_Logo.jpg","contentUrl":"https:\/\/monmaghreb.com\/wp-content\/uploads\/2025\/12\/Mon_Maghreb_Logo.jpg","width":814,"height":374,"caption":"Mon Maghreb"},"image":{"@id":"http:\/\/monmaghreb.com\/#\/schema\/logo\/image\/"}},{"@type":"Person","@id":"http:\/\/monmaghreb.com\/#\/schema\/person\/c469a89dc8c6b8987dcb438b1200d054","name":"LaMagh","image":{"@type":"ImageObject","inLanguage":"en-US","@id":"https:\/\/secure.gravatar.com\/avatar\/399d8144bd55fba55e056779aca52fe528bac7911f6449e54d81173d6dfd7f0a?s=96&d=mm&r=g","url":"https:\/\/secure.gravatar.com\/avatar\/399d8144bd55fba55e056779aca52fe528bac7911f6449e54d81173d6dfd7f0a?s=96&d=mm&r=g","contentUrl":"https:\/\/secure.gravatar.com\/avatar\/399d8144bd55fba55e056779aca52fe528bac7911f6449e54d81173d6dfd7f0a?s=96&d=mm&r=g","caption":"LaMagh"},"sameAs":["https:\/\/monmaghreb.com","https:\/\/www.facebook.com\/monmaghrebcom","https:\/\/x.com\/MMaghreb50977"],"url":"https:\/\/monmaghreb.com\/index.php\/author\/lamagh\/"}]}},"_links":{"self":[{"href":"https:\/\/monmaghreb.com\/index.php\/wp-json\/wp\/v2\/posts\/9494","targetHints":{"allow":["GET"]}}],"collection":[{"href":"https:\/\/monmaghreb.com\/index.php\/wp-json\/wp\/v2\/posts"}],"about":[{"href":"https:\/\/monmaghreb.com\/index.php\/wp-json\/wp\/v2\/types\/post"}],"author":[{"embeddable":true,"href":"https:\/\/monmaghreb.com\/index.php\/wp-json\/wp\/v2\/users\/1"}],"replies":[{"embeddable":true,"href":"https:\/\/monmaghreb.com\/index.php\/wp-json\/wp\/v2\/comments?post=9494"}],"version-history":[{"count":1,"href":"https:\/\/monmaghreb.com\/index.php\/wp-json\/wp\/v2\/posts\/9494\/revisions"}],"predecessor-version":[{"id":9495,"href":"https:\/\/monmaghreb.com\/index.php\/wp-json\/wp\/v2\/posts\/9494\/revisions\/9495"}],"wp:featuredmedia":[{"embeddable":true,"href":"https:\/\/monmaghreb.com\/index.php\/wp-json\/wp\/v2\/media\/9493"}],"wp:attachment":[{"href":"https:\/\/monmaghreb.com\/index.php\/wp-json\/wp\/v2\/media?parent=9494"}],"wp:term":[{"taxonomy":"category","embeddable":true,"href":"https:\/\/monmaghreb.com\/index.php\/wp-json\/wp\/v2\/categories?post=9494"},{"taxonomy":"post_tag","embeddable":true,"href":"https:\/\/monmaghreb.com\/index.php\/wp-json\/wp\/v2\/tags?post=9494"}],"curies":[{"name":"wp","href":"https:\/\/api.w.org\/{rel}","templated":true}]}}