
{"id":9497,"date":"2026-09-01T14:29:40","date_gmt":"2026-09-01T14:29:40","guid":{"rendered":"https:\/\/monmaghreb.com\/index.php\/2026\/09\/01\/le-maroc-est-le-premier-choix-des-francais-pour-leurs-vacances-dete\/"},"modified":"2026-09-01T14:29:46","modified_gmt":"2026-09-01T14:29:46","slug":"le-maroc-est-le-premier-choix-des-francais-pour-leurs-vacances-dete","status":"publish","type":"post","link":"https:\/\/monmaghreb.com\/index.php\/2026\/09\/01\/le-maroc-est-le-premier-choix-des-francais-pour-leurs-vacances-dete\/","title":{"rendered":"Le Maroc est le premier choix des Fran\u00e7ais pour leurs vacances d&#8217;\u00e9t\u00e9"},"content":{"rendered":"<p><!DOCTYPE html><br \/>\n<html lang='fr'><br \/>\n<head><br \/>\n  <meta charset='UTF-8'><br \/>\n  <title>Le Maroc est le premier choix des Fran\u00e7ais pour leurs vacances d&#8217;\u00e9t\u00e9<\/title><br \/>\n<\/head><br \/>\n<body><\/p>\n<h1>Le Maroc est le premier choix des Fran\u00e7ais pour leurs vacances d&#8217;\u00e9t\u00e9<\/h1>\n<p>Bien que les Fran\u00e7ais aient acc\u00e8s \u00e0 des destinations touristiques \u00e9loign\u00e9es et exotiques, de nombreux voyageurs pr\u00e9f\u00e8rent choisir le Maroc pour leurs vacances estivales. En effet, le Maroc offre une combinaison unique de proximit\u00e9 g\u00e9ographique, de richesse culturelle et de beaut\u00e9 naturelle qui attire les Fran\u00e7ais.<\/p>\n<h2>Une proximit\u00e9 privil\u00e9gi\u00e9e<\/h2>\n<p>La proximit\u00e9 de la France avec le Maroc est un avantage majeur pour les Fran\u00e7ais qui souhaitent partir en vacances. Les vols durent g\u00e9n\u00e9ralement moins de 4 heures, ce qui permet aux voyageurs d&#8217;avoir un maximum de temps pour profiter de leur vacances. Imaginez vous, en quelques heures de vol, vous retrouver sur les plages dor\u00e9es de l&#8217;Atlantique ou dans les souks color\u00e9s de Marrakech !<\/p>\n<p>De plus, la facilit\u00e9 d&#8217;obtenir un visa pour voyager au Maroc permet aux Fran\u00e7ais de profiter de leur vacances sans avoir \u00e0 d\u00e9plorer les formalit\u00e9s complexes qui peuvent se produire lorsqu&#8217;ils voyagent vers d&#8217;autres destinations \u00e9loign\u00e9es. Gr\u00e2ce \u00e0 cela, les voyageurs peuvent se consacrer \u00e0 leurs vacances plut\u00f4t que \u00e0 remplir des papiers.<\/p>\n<p>Enfin, le Maroc est accessible par voie terrestre, ce qui permet aux Fran\u00e7ais de conduire leur propre voiture vers leur destination de vacances, ce qui donne plus de libert\u00e9 et de souplesse dans leur voyage. Imaginez vous, en train de conduire votre voiture tout en admirant les paysages majestueux du Haut Atlas.<\/p>\n<h2>La culture et l&#8217;histoire riche<\/h2>\n<p>Le Maroc est connu pour sa culture et son histoire riche et diversifi\u00e9e, ce qui attire nombre de voyageurs fran\u00e7ais. Les villes historiques telles que Marrakech, F\u00e8s et Mekn\u00e8s sont des destinations populaires parmi les Fran\u00e7ais, avec leur architecture magnifique et leurs souks color\u00e9s qui attirent les touristes.<\/p>\n<p>Les mus\u00e9es et les monuments historiques du Maroc sont \u00e9galement un d\u00e9fi pour les passionn\u00e9s d&#8217;histoire et de culture. Vous pouvez vous promener dans les ruelles sinueuses de la m\u00e9dina de Marrakech, explorer les ruines de l&#8217;ancienne ville de F\u00e8s ou visiter le palais de Mekn\u00e8s, pour mentionner juste quelques exemples.<\/p>\n<h2>La nature sauvage et les plages paradisiaques<\/h2>\n<p>Le Maroc est \u00e9galement un pays qui offre une grande vari\u00e9t\u00e9 de paysages naturels et de plages paradisiaques qui attirent les Fran\u00e7ais. Les plages de l&#8217;Atlantique sont populaires parmi les Fran\u00e7ais, avec des plages comme Agadir, Essaouira et Taghazout qui attirent les surfeurs et les touristes qui souhaitent profiter de la mer.<\/p>\n<p>Les montagnes du Haut Atlas sont un site exceptionnel pour les randonneurs et les amoureux de la nature, avec des vues spectaculaires et de nombreux sentiers \u00e0 explorer. Vous pouvez vous y promener, faire du ski ou simplement admirer les paysages majestueux de la r\u00e9gion.<\/p>\n<h2>L&#8217;hospitalit\u00e9 et le gastronomie<\/h2>\n<p>L&#8217;hospitalit\u00e9 marocaine est un autre point fort qui attire les Fran\u00e7ais. Les Marocains sont connus pour leur gentillesse et leur sourire \u00e9clatant, ce qui fait de leur pays un endroit o\u00f9 les voyageurs se sentent \u00e0 l&#8217;aise et bien accueillis.<\/p>\n<p>De plus, la gastronomie marocaine est exceptionnelle et vari\u00e9e, avec des plats comme le tagine, les couscous et les pastilles qui sont populaires parmi les Fran\u00e7ais. Vous pouvez vous r\u00e9galer des saveurs de la cuisine marocaine, avec ses aromes exotiques et ses saveurs \u00e9pic\u00e9es.<\/p>\n<h2>Un appel \u00e0 l&#8217;action<\/h2>\n<p>Le Maroc est un pays exceptionnel qui offre une grande vari\u00e9t\u00e9 de destinations touristiques, de culture et de nature. Il est donc sans doute le premier choix des Fran\u00e7ais pour leurs vacances d&#8217;\u00e9t\u00e9.<\/p>\n<p>N&#8217;h\u00e9sitez pas \u00e0 d\u00e9couvrir le Maroc et \u00e0 profiter de ses plages, de ses montagnes et de sa culture exceptionnelle. Voyagez au Maroc et soyez \u00e0 l&#8217;\u00e9coute de l&#8217;appel de cette merveilleuse destination. Vous ne serez pas d\u00e9\u00e7u !<\/p>\n<div style=\"background:#f8f9fa;border-left:4px solid #0066cc;border-radius:6px;padding:20px 24px;margin:32px 0;\">\n<p style=\"font-size:13px;color:#888;text-transform:uppercase;letter-spacing:0.8px;margin:0 0 6px 0;\">Vous pourriez aussi aimer<\/p>\n<h3 style=\"font-size:18px;margin:0 0 14px 0;color:#222;\">Articles similaires<\/h3>\n<ul style=\"margin:0;padding-left:20px;list-style:disc;\">\n<li style=\"margin-bottom:10px;\"><a href=\"https:\/\/monmaghreb.com\/index.php\/2026\/09\/01\/le-tourisme-estival-le-maroc-et-lespagne-dominent-la-france-en-retrait-strategique\/\" style=\"color:#0066cc;text-decoration:none;font-weight:500;\" title=\"Le tourisme estival : le Maroc et l&#8217;Espagne dominent, la France en retrait strat\u00e9gique\">Le tourisme estival : le Maroc et l&#8217;Espagne dominent, la France en retrait strat\u00e9gique<\/a><\/li>\n<li style=\"margin-bottom:10px;\"><a href=\"https:\/\/monmaghreb.com\/index.php\/2026\/08\/29\/iqlaa-le-maroc-lance-son-premier-accelerateur-pour-les-entreprises-culturelles-et-creatives\/\" style=\"color:#0066cc;text-decoration:none;font-weight:500;\" title=\"Iqlaa : le Maroc lance son premier acc\u00e9l\u00e9rateur pour les entreprises culturelles et cr\u00e9atives\">Iqlaa : le Maroc lance son premier acc\u00e9l\u00e9rateur pour les entreprises culturelles et cr\u00e9atives<\/a><\/li>\n<li style=\"margin-bottom:10px;\"><a href=\"https:\/\/monmaghreb.com\/index.php\/2026\/08\/26\/lartisanat-marocain-en-france-nouvelles-boutiques-et-initiatives\/\" style=\"color:#0066cc;text-decoration:none;font-weight:500;\" title=\"L&#8217;artisanat marocain en France : nouvelles boutiques et initiatives\">L&#8217;artisanat marocain en France : nouvelles boutiques et initiatives<\/a><\/li>\n<li style=\"margin-bottom:10px;\"><a href=\"https:\/\/monmaghreb.com\/index.php\/2026\/08\/31\/marrakech-et-la-mediterranee-en-premiere-position-des-destinations-de-vacances-des-francais-pour-septembre\/\" style=\"color:#0066cc;text-decoration:none;font-weight:500;\" title=\"Marrakech et la M\u00e9diterran\u00e9e en premi\u00e8re position des destinations de vacances des Fran\u00e7ais pour septembre\">Marrakech et la M\u00e9diterran\u00e9e en premi\u00e8re position des destinations de vacances des Fran\u00e7ais pour septembre<\/a><\/li>\n<li style=\"margin-bottom:10px;\"><a href=\"https:\/\/monmaghreb.com\/index.php\/2026\/08\/30\/les-meilleurs-emplacements-de-vacances-au-maroc-pour-lete-en-offre-all-inclusive\/\" style=\"color:#0066cc;text-decoration:none;font-weight:500;\" title=\"Les meilleurs emplacements de vacances au Maroc pour l&#8217;\u00e9t\u00e9 en offre all-inclusive\">Les meilleurs emplacements de vacances au Maroc pour l&#8217;\u00e9t\u00e9 en offre all-inclusive<\/a><\/li>\n<\/ul>\n<\/div>\n<p><\/body><br \/>\n<\/html><\/p>\n","protected":false},"excerpt":{"rendered":"<p>Vacances au Maroc : premier choix des Fran\u00e7ais. D\u00e9couvrez les raisons de ce choix. Proximit\u00e9, culture et beaut\u00e9 naturelle.<\/p>\n","protected":false},"author":1,"featured_media":9496,"comment_status":"closed","ping_status":"open","sticky":false,"template":"","format":"standard","meta":{"_yoast_wpseo_canonical":"","_yoast_wpseo_opengraph-title":"Le Maroc est le premier choix des Fran\u00e7ais pour leurs vacances d'\u00e9t\u00e9","_yoast_wpseo_opengraph-description":"Vacances au Maroc : premier choix des Fran\u00e7ais. D\u00e9couvrez les raisons de ce choix. Proximit\u00e9, culture et beaut\u00e9 naturelle.","_yoast_wpseo_opengraph-image":"","tdm_status":"","tdm_grid_status":"","footnotes":""},"categories":[655],"tags":[1714,2537,783,2330,5218],"class_list":["post-9497","post","type-post","status-publish","format-standard","has-post-thumbnail","hentry","category-maroc","tag-france-maroc-relations","tag-guide-vacances","tag-tourisme-marocain","tag-vacances-maroc","tag-voyages-maroc"],"yoast_head":"<!-- This site is optimized with the Yoast SEO plugin v28.4 - https:\/\/yoast.com\/product\/yoast-seo-wordpress\/ -->\n<title>Le Maroc est le premier choix des Fran\u00e7ais pour leurs vacanc<\/title>\n<meta name=\"description\" content=\"Vacances au Maroc : premier choix des Fran\u00e7ais. D\u00e9couvrez les raisons de ce choix. Proximit\u00e9, culture et beaut\u00e9 naturelle.\" \/>\n<meta name=\"robots\" content=\"index, follow, max-snippet:-1, max-image-preview:large, max-video-preview:-1\" \/>\n<link rel=\"canonical\" href=\"https:\/\/monmaghreb.com\/index.php\/2026\/09\/01\/le-maroc-est-le-premier-choix-des-francais-pour-leurs-vacances-dete\/\" \/>\n<meta property=\"og:locale\" content=\"en_US\" \/>\n<meta property=\"og:type\" content=\"article\" \/>\n<meta property=\"og:title\" content=\"Le Maroc est le premier choix des Fran\u00e7ais pour leurs vacances d&#039;\u00e9t\u00e9\" \/>\n<meta property=\"og:description\" content=\"Vacances au Maroc : premier choix des Fran\u00e7ais. D\u00e9couvrez les raisons de ce choix. Proximit\u00e9, culture et beaut\u00e9 naturelle.\" \/>\n<meta property=\"og:url\" content=\"https:\/\/monmaghreb.com\/index.php\/2026\/09\/01\/le-maroc-est-le-premier-choix-des-francais-pour-leurs-vacances-dete\/\" \/>\n<meta property=\"og:site_name\" content=\"Mon Maghreb\" \/>\n<meta property=\"article:author\" content=\"https:\/\/www.facebook.com\/monmaghrebcom\" \/>\n<meta property=\"article:published_time\" content=\"2026-09-01T14:29:40+00:00\" \/>\n<meta property=\"article:modified_time\" content=\"2026-09-01T14:29:46+00:00\" \/>\n<meta property=\"og:image\" content=\"https:\/\/monmaghreb.com\/wp-content\/uploads\/2026\/09\/featured-3.jpg\" \/>\n\t<meta property=\"og:image:width\" content=\"1880\" \/>\n\t<meta property=\"og:image:height\" content=\"1253\" \/>\n\t<meta property=\"og:image:type\" content=\"image\/jpeg\" \/>\n<meta name=\"author\" content=\"LaMagh\" \/>\n<meta name=\"twitter:card\" content=\"summary_large_image\" \/>\n<meta name=\"twitter:creator\" content=\"@MMaghreb50977\" \/>\n<meta name=\"twitter:label1\" content=\"Written by\" \/>\n\t<meta name=\"twitter:data1\" content=\"LaMagh\" \/>\n\t<meta name=\"twitter:label2\" content=\"Est. reading time\" \/>\n\t<meta name=\"twitter:data2\" content=\"4 minutes\" \/>\n<script type=\"application\/ld+json\" class=\"yoast-schema-graph\">{\"@context\":\"https:\\\/\\\/schema.org\",\"@graph\":[{\"@type\":\"Article\",\"@id\":\"https:\\\/\\\/monmaghreb.com\\\/index.php\\\/2026\\\/09\\\/01\\\/le-maroc-est-le-premier-choix-des-francais-pour-leurs-vacances-dete\\\/#article\",\"isPartOf\":{\"@id\":\"https:\\\/\\\/monmaghreb.com\\\/index.php\\\/2026\\\/09\\\/01\\\/le-maroc-est-le-premier-choix-des-francais-pour-leurs-vacances-dete\\\/\"},\"author\":{\"name\":\"LaMagh\",\"@id\":\"http:\\\/\\\/monmaghreb.com\\\/#\\\/schema\\\/person\\\/c469a89dc8c6b8987dcb438b1200d054\"},\"headline\":\"Le Maroc est le premier choix des Fran\u00e7ais pour leurs vacances d&#8217;\u00e9t\u00e9\",\"datePublished\":\"2026-09-01T14:29:40+00:00\",\"dateModified\":\"2026-09-01T14:29:46+00:00\",\"mainEntityOfPage\":{\"@id\":\"https:\\\/\\\/monmaghreb.com\\\/index.php\\\/2026\\\/09\\\/01\\\/le-maroc-est-le-premier-choix-des-francais-pour-leurs-vacances-dete\\\/\"},\"wordCount\":762,\"publisher\":{\"@id\":\"http:\\\/\\\/monmaghreb.com\\\/#organization\"},\"image\":{\"@id\":\"https:\\\/\\\/monmaghreb.com\\\/index.php\\\/2026\\\/09\\\/01\\\/le-maroc-est-le-premier-choix-des-francais-pour-leurs-vacances-dete\\\/#primaryimage\"},\"thumbnailUrl\":\"https:\\\/\\\/monmaghreb.com\\\/wp-content\\\/uploads\\\/2026\\\/09\\\/featured-3.jpg\",\"keywords\":[\"france maroc relations\",\"guide vacances\",\"tourisme marocain\",\"vacances maroc\",\"voyages maroc\"],\"articleSection\":[\"Maroc\"],\"inLanguage\":\"en-US\"},{\"@type\":\"WebPage\",\"@id\":\"https:\\\/\\\/monmaghreb.com\\\/index.php\\\/2026\\\/09\\\/01\\\/le-maroc-est-le-premier-choix-des-francais-pour-leurs-vacances-dete\\\/\",\"url\":\"https:\\\/\\\/monmaghreb.com\\\/index.php\\\/2026\\\/09\\\/01\\\/le-maroc-est-le-premier-choix-des-francais-pour-leurs-vacances-dete\\\/\",\"name\":\"Le Maroc est le premier choix des Fran\u00e7ais pour leurs vacanc\",\"isPartOf\":{\"@id\":\"http:\\\/\\\/monmaghreb.com\\\/#website\"},\"primaryImageOfPage\":{\"@id\":\"https:\\\/\\\/monmaghreb.com\\\/index.php\\\/2026\\\/09\\\/01\\\/le-maroc-est-le-premier-choix-des-francais-pour-leurs-vacances-dete\\\/#primaryimage\"},\"image\":{\"@id\":\"https:\\\/\\\/monmaghreb.com\\\/index.php\\\/2026\\\/09\\\/01\\\/le-maroc-est-le-premier-choix-des-francais-pour-leurs-vacances-dete\\\/#primaryimage\"},\"thumbnailUrl\":\"https:\\\/\\\/monmaghreb.com\\\/wp-content\\\/uploads\\\/2026\\\/09\\\/featured-3.jpg\",\"datePublished\":\"2026-09-01T14:29:40+00:00\",\"dateModified\":\"2026-09-01T14:29:46+00:00\",\"description\":\"Vacances au Maroc : premier choix des Fran\u00e7ais. D\u00e9couvrez les raisons de ce choix. Proximit\u00e9, culture et beaut\u00e9 naturelle.\",\"breadcrumb\":{\"@id\":\"https:\\\/\\\/monmaghreb.com\\\/index.php\\\/2026\\\/09\\\/01\\\/le-maroc-est-le-premier-choix-des-francais-pour-leurs-vacances-dete\\\/#breadcrumb\"},\"inLanguage\":\"en-US\",\"potentialAction\":[{\"@type\":\"ReadAction\",\"target\":[\"https:\\\/\\\/monmaghreb.com\\\/index.php\\\/2026\\\/09\\\/01\\\/le-maroc-est-le-premier-choix-des-francais-pour-leurs-vacances-dete\\\/\"]}]},{\"@type\":\"ImageObject\",\"inLanguage\":\"en-US\",\"@id\":\"https:\\\/\\\/monmaghreb.com\\\/index.php\\\/2026\\\/09\\\/01\\\/le-maroc-est-le-premier-choix-des-francais-pour-leurs-vacances-dete\\\/#primaryimage\",\"url\":\"https:\\\/\\\/monmaghreb.com\\\/wp-content\\\/uploads\\\/2026\\\/09\\\/featured-3.jpg\",\"contentUrl\":\"https:\\\/\\\/monmaghreb.com\\\/wp-content\\\/uploads\\\/2026\\\/09\\\/featured-3.jpg\",\"width\":1880,\"height\":1253,\"caption\":\"Fran\u00e7ais en vacances au Maroc sur la plage\"},{\"@type\":\"BreadcrumbList\",\"@id\":\"https:\\\/\\\/monmaghreb.com\\\/index.php\\\/2026\\\/09\\\/01\\\/le-maroc-est-le-premier-choix-des-francais-pour-leurs-vacances-dete\\\/#breadcrumb\",\"itemListElement\":[{\"@type\":\"ListItem\",\"position\":1,\"name\":\"Home\",\"item\":\"http:\\\/\\\/monmaghreb.com\\\/\"},{\"@type\":\"ListItem\",\"position\":2,\"name\":\"Le Maroc est le premier choix des Fran\u00e7ais pour leurs vacances d&#8217;\u00e9t\u00e9\"}]},{\"@type\":\"WebSite\",\"@id\":\"http:\\\/\\\/monmaghreb.com\\\/#website\",\"url\":\"http:\\\/\\\/monmaghreb.com\\\/\",\"name\":\"Mon Maghreb\",\"description\":\"MonMaghreb United\",\"publisher\":{\"@id\":\"http:\\\/\\\/monmaghreb.com\\\/#organization\"},\"alternateName\":\"Le Monde du Maghreb et au del\u00e0\",\"potentialAction\":[{\"@type\":\"SearchAction\",\"target\":{\"@type\":\"EntryPoint\",\"urlTemplate\":\"http:\\\/\\\/monmaghreb.com\\\/?s={search_term_string}\"},\"query-input\":{\"@type\":\"PropertyValueSpecification\",\"valueRequired\":true,\"valueName\":\"search_term_string\"}}],\"inLanguage\":\"en-US\"},{\"@type\":\"Organization\",\"@id\":\"http:\\\/\\\/monmaghreb.com\\\/#organization\",\"name\":\"Mon Maghreb\",\"url\":\"http:\\\/\\\/monmaghreb.com\\\/\",\"logo\":{\"@type\":\"ImageObject\",\"inLanguage\":\"en-US\",\"@id\":\"http:\\\/\\\/monmaghreb.com\\\/#\\\/schema\\\/logo\\\/image\\\/\",\"url\":\"https:\\\/\\\/monmaghreb.com\\\/wp-content\\\/uploads\\\/2025\\\/12\\\/Mon_Maghreb_Logo.jpg\",\"contentUrl\":\"https:\\\/\\\/monmaghreb.com\\\/wp-content\\\/uploads\\\/2025\\\/12\\\/Mon_Maghreb_Logo.jpg\",\"width\":814,\"height\":374,\"caption\":\"Mon Maghreb\"},\"image\":{\"@id\":\"http:\\\/\\\/monmaghreb.com\\\/#\\\/schema\\\/logo\\\/image\\\/\"}},{\"@type\":\"Person\",\"@id\":\"http:\\\/\\\/monmaghreb.com\\\/#\\\/schema\\\/person\\\/c469a89dc8c6b8987dcb438b1200d054\",\"name\":\"LaMagh\",\"image\":{\"@type\":\"ImageObject\",\"inLanguage\":\"en-US\",\"@id\":\"https:\\\/\\\/secure.gravatar.com\\\/avatar\\\/399d8144bd55fba55e056779aca52fe528bac7911f6449e54d81173d6dfd7f0a?s=96&d=mm&r=g\",\"url\":\"https:\\\/\\\/secure.gravatar.com\\\/avatar\\\/399d8144bd55fba55e056779aca52fe528bac7911f6449e54d81173d6dfd7f0a?s=96&d=mm&r=g\",\"contentUrl\":\"https:\\\/\\\/secure.gravatar.com\\\/avatar\\\/399d8144bd55fba55e056779aca52fe528bac7911f6449e54d81173d6dfd7f0a?s=96&d=mm&r=g\",\"caption\":\"LaMagh\"},\"sameAs\":[\"https:\\\/\\\/monmaghreb.com\",\"https:\\\/\\\/www.facebook.com\\\/monmaghrebcom\",\"https:\\\/\\\/x.com\\\/MMaghreb50977\"],\"url\":\"https:\\\/\\\/monmaghreb.com\\\/index.php\\\/author\\\/lamagh\\\/\"}]}<\/script>\n<!-- \/ Yoast SEO plugin. -->","yoast_head_json":{"title":"Le Maroc est le premier choix des Fran\u00e7ais pour leurs vacanc","description":"Vacances au Maroc : premier choix des Fran\u00e7ais. D\u00e9couvrez les raisons de ce choix. Proximit\u00e9, culture et beaut\u00e9 naturelle.","robots":{"index":"index","follow":"follow","max-snippet":"max-snippet:-1","max-image-preview":"max-image-preview:large","max-video-preview":"max-video-preview:-1"},"canonical":"https:\/\/monmaghreb.com\/index.php\/2026\/09\/01\/le-maroc-est-le-premier-choix-des-francais-pour-leurs-vacances-dete\/","og_locale":"en_US","og_type":"article","og_title":"Le Maroc est le premier choix des Fran\u00e7ais pour leurs vacances d'\u00e9t\u00e9","og_description":"Vacances au Maroc : premier choix des Fran\u00e7ais. D\u00e9couvrez les raisons de ce choix. Proximit\u00e9, culture et beaut\u00e9 naturelle.","og_url":"https:\/\/monmaghreb.com\/index.php\/2026\/09\/01\/le-maroc-est-le-premier-choix-des-francais-pour-leurs-vacances-dete\/","og_site_name":"Mon Maghreb","article_author":"https:\/\/www.facebook.com\/monmaghrebcom","article_published_time":"2026-09-01T14:29:40+00:00","article_modified_time":"2026-09-01T14:29:46+00:00","og_image":[{"width":1880,"height":1253,"url":"https:\/\/monmaghreb.com\/wp-content\/uploads\/2026\/09\/featured-3.jpg","type":"image\/jpeg"}],"author":"LaMagh","twitter_card":"summary_large_image","twitter_creator":"@MMaghreb50977","twitter_misc":{"Written by":"LaMagh","Est. reading time":"4 minutes"},"schema":{"@context":"https:\/\/schema.org","@graph":[{"@type":"Article","@id":"https:\/\/monmaghreb.com\/index.php\/2026\/09\/01\/le-maroc-est-le-premier-choix-des-francais-pour-leurs-vacances-dete\/#article","isPartOf":{"@id":"https:\/\/monmaghreb.com\/index.php\/2026\/09\/01\/le-maroc-est-le-premier-choix-des-francais-pour-leurs-vacances-dete\/"},"author":{"name":"LaMagh","@id":"http:\/\/monmaghreb.com\/#\/schema\/person\/c469a89dc8c6b8987dcb438b1200d054"},"headline":"Le Maroc est le premier choix des Fran\u00e7ais pour leurs vacances d&#8217;\u00e9t\u00e9","datePublished":"2026-09-01T14:29:40+00:00","dateModified":"2026-09-01T14:29:46+00:00","mainEntityOfPage":{"@id":"https:\/\/monmaghreb.com\/index.php\/2026\/09\/01\/le-maroc-est-le-premier-choix-des-francais-pour-leurs-vacances-dete\/"},"wordCount":762,"publisher":{"@id":"http:\/\/monmaghreb.com\/#organization"},"image":{"@id":"https:\/\/monmaghreb.com\/index.php\/2026\/09\/01\/le-maroc-est-le-premier-choix-des-francais-pour-leurs-vacances-dete\/#primaryimage"},"thumbnailUrl":"https:\/\/monmaghreb.com\/wp-content\/uploads\/2026\/09\/featured-3.jpg","keywords":["france maroc relations","guide vacances","tourisme marocain","vacances maroc","voyages maroc"],"articleSection":["Maroc"],"inLanguage":"en-US"},{"@type":"WebPage","@id":"https:\/\/monmaghreb.com\/index.php\/2026\/09\/01\/le-maroc-est-le-premier-choix-des-francais-pour-leurs-vacances-dete\/","url":"https:\/\/monmaghreb.com\/index.php\/2026\/09\/01\/le-maroc-est-le-premier-choix-des-francais-pour-leurs-vacances-dete\/","name":"Le Maroc est le premier choix des Fran\u00e7ais pour leurs vacanc","isPartOf":{"@id":"http:\/\/monmaghreb.com\/#website"},"primaryImageOfPage":{"@id":"https:\/\/monmaghreb.com\/index.php\/2026\/09\/01\/le-maroc-est-le-premier-choix-des-francais-pour-leurs-vacances-dete\/#primaryimage"},"image":{"@id":"https:\/\/monmaghreb.com\/index.php\/2026\/09\/01\/le-maroc-est-le-premier-choix-des-francais-pour-leurs-vacances-dete\/#primaryimage"},"thumbnailUrl":"https:\/\/monmaghreb.com\/wp-content\/uploads\/2026\/09\/featured-3.jpg","datePublished":"2026-09-01T14:29:40+00:00","dateModified":"2026-09-01T14:29:46+00:00","description":"Vacances au Maroc : premier choix des Fran\u00e7ais. D\u00e9couvrez les raisons de ce choix. Proximit\u00e9, culture et beaut\u00e9 naturelle.","breadcrumb":{"@id":"https:\/\/monmaghreb.com\/index.php\/2026\/09\/01\/le-maroc-est-le-premier-choix-des-francais-pour-leurs-vacances-dete\/#breadcrumb"},"inLanguage":"en-US","potentialAction":[{"@type":"ReadAction","target":["https:\/\/monmaghreb.com\/index.php\/2026\/09\/01\/le-maroc-est-le-premier-choix-des-francais-pour-leurs-vacances-dete\/"]}]},{"@type":"ImageObject","inLanguage":"en-US","@id":"https:\/\/monmaghreb.com\/index.php\/2026\/09\/01\/le-maroc-est-le-premier-choix-des-francais-pour-leurs-vacances-dete\/#primaryimage","url":"https:\/\/monmaghreb.com\/wp-content\/uploads\/2026\/09\/featured-3.jpg","contentUrl":"https:\/\/monmaghreb.com\/wp-content\/uploads\/2026\/09\/featured-3.jpg","width":1880,"height":1253,"caption":"Fran\u00e7ais en vacances au Maroc sur la plage"},{"@type":"BreadcrumbList","@id":"https:\/\/monmaghreb.com\/index.php\/2026\/09\/01\/le-maroc-est-le-premier-choix-des-francais-pour-leurs-vacances-dete\/#breadcrumb","itemListElement":[{"@type":"ListItem","position":1,"name":"Home","item":"http:\/\/monmaghreb.com\/"},{"@type":"ListItem","position":2,"name":"Le Maroc est le premier choix des Fran\u00e7ais pour leurs vacances d&#8217;\u00e9t\u00e9"}]},{"@type":"WebSite","@id":"http:\/\/monmaghreb.com\/#website","url":"http:\/\/monmaghreb.com\/","name":"Mon Maghreb","description":"MonMaghreb United","publisher":{"@id":"http:\/\/monmaghreb.com\/#organization"},"alternateName":"Le Monde du Maghreb et au del\u00e0","potentialAction":[{"@type":"SearchAction","target":{"@type":"EntryPoint","urlTemplate":"http:\/\/monmaghreb.com\/?s={search_term_string}"},"query-input":{"@type":"PropertyValueSpecification","valueRequired":true,"valueName":"search_term_string"}}],"inLanguage":"en-US"},{"@type":"Organization","@id":"http:\/\/monmaghreb.com\/#organization","name":"Mon Maghreb","url":"http:\/\/monmaghreb.com\/","logo":{"@type":"ImageObject","inLanguage":"en-US","@id":"http:\/\/monmaghreb.com\/#\/schema\/logo\/image\/","url":"https:\/\/monmaghreb.com\/wp-content\/uploads\/2025\/12\/Mon_Maghreb_Logo.jpg","contentUrl":"https:\/\/monmaghreb.com\/wp-content\/uploads\/2025\/12\/Mon_Maghreb_Logo.jpg","width":814,"height":374,"caption":"Mon Maghreb"},"image":{"@id":"http:\/\/monmaghreb.com\/#\/schema\/logo\/image\/"}},{"@type":"Person","@id":"http:\/\/monmaghreb.com\/#\/schema\/person\/c469a89dc8c6b8987dcb438b1200d054","name":"LaMagh","image":{"@type":"ImageObject","inLanguage":"en-US","@id":"https:\/\/secure.gravatar.com\/avatar\/399d8144bd55fba55e056779aca52fe528bac7911f6449e54d81173d6dfd7f0a?s=96&d=mm&r=g","url":"https:\/\/secure.gravatar.com\/avatar\/399d8144bd55fba55e056779aca52fe528bac7911f6449e54d81173d6dfd7f0a?s=96&d=mm&r=g","contentUrl":"https:\/\/secure.gravatar.com\/avatar\/399d8144bd55fba55e056779aca52fe528bac7911f6449e54d81173d6dfd7f0a?s=96&d=mm&r=g","caption":"LaMagh"},"sameAs":["https:\/\/monmaghreb.com","https:\/\/www.facebook.com\/monmaghrebcom","https:\/\/x.com\/MMaghreb50977"],"url":"https:\/\/monmaghreb.com\/index.php\/author\/lamagh\/"}]}},"_links":{"self":[{"href":"https:\/\/monmaghreb.com\/index.php\/wp-json\/wp\/v2\/posts\/9497","targetHints":{"allow":["GET"]}}],"collection":[{"href":"https:\/\/monmaghreb.com\/index.php\/wp-json\/wp\/v2\/posts"}],"about":[{"href":"https:\/\/monmaghreb.com\/index.php\/wp-json\/wp\/v2\/types\/post"}],"author":[{"embeddable":true,"href":"https:\/\/monmaghreb.com\/index.php\/wp-json\/wp\/v2\/users\/1"}],"replies":[{"embeddable":true,"href":"https:\/\/monmaghreb.com\/index.php\/wp-json\/wp\/v2\/comments?post=9497"}],"version-history":[{"count":1,"href":"https:\/\/monmaghreb.com\/index.php\/wp-json\/wp\/v2\/posts\/9497\/revisions"}],"predecessor-version":[{"id":9498,"href":"https:\/\/monmaghreb.com\/index.php\/wp-json\/wp\/v2\/posts\/9497\/revisions\/9498"}],"wp:featuredmedia":[{"embeddable":true,"href":"https:\/\/monmaghreb.com\/index.php\/wp-json\/wp\/v2\/media\/9496"}],"wp:attachment":[{"href":"https:\/\/monmaghreb.com\/index.php\/wp-json\/wp\/v2\/media?parent=9497"}],"wp:term":[{"taxonomy":"category","embeddable":true,"href":"https:\/\/monmaghreb.com\/index.php\/wp-json\/wp\/v2\/categories?post=9497"},{"taxonomy":"post_tag","embeddable":true,"href":"https:\/\/monmaghreb.com\/index.php\/wp-json\/wp\/v2\/tags?post=9497"}],"curies":[{"name":"wp","href":"https:\/\/api.w.org\/{rel}","templated":true}]}}