
{"id":9512,"date":"2026-09-01T17:42:43","date_gmt":"2026-09-01T17:42:43","guid":{"rendered":"https:\/\/monmaghreb.com\/index.php\/2026\/09\/01\/le-spa-de-a-a-zen-a-vitre-un-lieu-de-repos-pour-la-famille-algerienne-a-vitre\/"},"modified":"2026-09-01T17:42:47","modified_gmt":"2026-09-01T17:42:47","slug":"le-spa-de-a-a-zen-a-vitre-un-lieu-de-repos-pour-la-famille-algerienne-a-vitre","status":"publish","type":"post","link":"https:\/\/monmaghreb.com\/index.php\/2026\/09\/01\/le-spa-de-a-a-zen-a-vitre-un-lieu-de-repos-pour-la-famille-algerienne-a-vitre\/","title":{"rendered":"Le spa De A \u00e0 Zen \u00e0 Vitr\u00e9 : un lieu de repos pour la famille alg\u00e9rienne \u00e0 Vitr\u00e9"},"content":{"rendered":"<p><!DOCTYPE html><br \/>\n<html lang='fr'><br \/>\n<head><br \/>\n <meta charset='UTF-8'><br \/>\n <title>Le spa De A \u00e0 Zen \u00e0 Vitr\u00e9<\/title><br \/>\n<\/head><br \/>\n<body><\/p>\n<h1>Le spa De A \u00e0 Zen \u00e0 Vitr\u00e9 : un lieu de repos pour la famille alg\u00e9rienne \u00e0 Vitr\u00e9<\/h1>\n<p>La ville de Vitr\u00e9, situ\u00e9e dans le pays de Rennes en Bretagne, offre un lieu exceptionnel de repos et de bien-\u00eatre pour les familles alg\u00e9riennes. Le spa De A \u00e0 Zen, situ\u00e9 au c\u0153ur de cette ville pittoresque, est sans aucun doute un endroit \u00e0 d\u00e9couvrir. Dans cet environnement chaleureux et familial, les familles alg\u00e9riennes peuvent passer des moments inoubliables en profitant des installations et des services propos\u00e9s.<\/p>\n<h2>Un spa qui accueille toutes les familles<\/h2>\n<p>Le spa De A \u00e0 Zen est un endroit qui vous accueille comme chez vous. Il offre une ambiance chaleureuse et familiale, ce qui en fait un endroit id\u00e9al pour passer des moments agr\u00e9ables en famille. Les parents peuvent ainsi se d\u00e9tendre et se rafra\u00eechir tout en laissant leurs enfants s&#8217;amuser et se d\u00e9tendre dans l&#8217;espace d\u00e9di\u00e9 \u00e0 leurs activit\u00e9s.<\/p>\n<p>Le spa propose \u00e9galement des services sp\u00e9cifiques pour les familles, tels que des promotions sp\u00e9ciales, des activit\u00e9s r\u00e9cr\u00e9atives pour les enfants et des soins personnalis\u00e9s pour les parents. Cela signifie que chaque membre de la famille peut trouver son bonheur et se sentir \u00e0 l&#8217;aise dans cet environnement agr\u00e9able.<\/p>\n<h2>Des activit\u00e9s pour les enfants<\/h2>\n<p>Les enfants sont \u00e0 l&#8217;honneur au spa De A \u00e0 Zen. Ils disposent d&#8217;un espace d\u00e9di\u00e9, \u00e9quip\u00e9 de jeux, de consoles et d&#8217;animations pour les plus jeunes. Ils peuvent ainsi jouer, se d\u00e9tendre et se divertir tout en \u00e9tant surveill\u00e9s par des professionnels exp\u00e9riment\u00e9s.<\/p>\n<p>Les activit\u00e9s pour les enfants sont vari\u00e9es et adapt\u00e9es \u00e0 tous les \u00e2ges. Les enfants peuvent ainsi participer \u00e0 des ateliers de poterie, de painting, ou de musique, ou encore aux activit\u00e9s physiques telles que le karting ou la piscine. Cela signifie que chaque enfant peut trouver son bonheur et se sentir \u00e0 l&#8217;aise dans cet environnement agr\u00e9able.<\/p>\n<h2>Des soins pour les parents<\/h2>\n<p>Les parents ont \u00e9galement leurs activit\u00e9s \u00e0 Vitr\u00e9. Le spa De A \u00e0 Zen propose des soins personnalis\u00e9s pour les parents, qui peuvent ainsi se d\u00e9tendre et se rafra\u00eechir. Les parents peuvent choisir entre des massages, des baths de boue, ou des soins de beaut\u00e9 pour se ressourcer et se sentir \u00e0 l&#8217;aise.<\/p>\n<p>Les parents peuvent \u00e9galement profiter des thermes du spa, qui offrent un endroit agr\u00e9able pour se d\u00e9tendre et se relaxer. Cela signifie que chaque parent peut trouver le temps de se ressourcer et de se sentir \u00e0 l&#8217;aise dans cet environnement agr\u00e9able.<\/p>\n<h2>Un lieu id\u00e9al pour les c\u00e9l\u00e9brations<\/h2>\n<p>Le spa De A \u00e0 Zen est \u00e9galement un endroit id\u00e9al pour c\u00e9l\u00e9brer des \u00e9v\u00e9nements sp\u00e9ciaux. Il offre des salles pour les mariages, les bapt\u00eames, ou d&#8217;autres c\u00e9l\u00e9brations familiales. Les parents peuvent ainsi se pr\u00e9occuper de leur famille tout en \u00e9tant s\u00fbrs que tout sera pr\u00eat pour la c\u00e9l\u00e9bration.<\/p>\n<p>Le spa offre \u00e9galement des services de cat\u00e9rinage et de d\u00e9coration pour les \u00e9v\u00e9nements sp\u00e9ciaux. Les parents peuvent ainsi se pr\u00e9occuper de leur famille tout en \u00e9tant s\u00fbrs que tout sera pr\u00eat pour la c\u00e9l\u00e9bration.<\/p>\n<h2>Un appel \u00e0 l&#8217;action<\/h2>\n<p>N&#8217;attendez plus et d\u00e9couvrez le spa De A \u00e0 Zen \u00e0 Vitr\u00e9. Vous ne regretterez pas de vous rendre \u00e0 cet endroit agr\u00e9able et familial, o\u00f9 vous pourrez passer des moments de repos et de bien-\u00eatre. Rendez-vous sur leur site internet pour en savoir plus et r\u00e9server votre s\u00e9jour.<\/p>\n<p>N&#8217;oubliez pas que le spa propose \u00e9galement des promotions sp\u00e9ciales pour les familles. Cela signifie que chaque famille peut trouver un tarif qui convient \u00e0 son budget et passer des moments inoubliables dans cet environnement agr\u00e9able.<\/p>\n<div style=\"background:#f8f9fa;border-left:4px solid #0066cc;border-radius:6px;padding:20px 24px;margin:32px 0;\">\n<p style=\"font-size:13px;color:#888;text-transform:uppercase;letter-spacing:0.8px;margin:0 0 6px 0;\">Vous pourriez aussi aimer<\/p>\n<h3 style=\"font-size:18px;margin:0 0 14px 0;color:#222;\">Articles similaires<\/h3>\n<ul style=\"margin:0;padding-left:20px;list-style:disc;\">\n<li style=\"margin-bottom:10px;\"><a href=\"https:\/\/monmaghreb.com\/index.php\/2026\/08\/28\/guide-pratique-de-la-scolarisation-des-enfants-en-situation-de-handicap-en-isere-lien-avec-la-culture-maghrebine\/\" style=\"color:#0066cc;text-decoration:none;font-weight:500;\" title=\"Guide pratique de la scolarisation des enfants en situation de handicap en Is\u00e8re : lien avec la culture maghr\u00e9bine\">Guide pratique de la scolarisation des enfants en situation de handicap en Is\u00e8re : lien avec la culture maghr\u00e9bine<\/a><\/li>\n<li style=\"margin-bottom:10px;\"><a href=\"https:\/\/monmaghreb.com\/index.php\/2026\/08\/28\/segolene-royal-dingue-de-cuisine-algerienne-les-recettes-a-decouvrir\/\" style=\"color:#0066cc;text-decoration:none;font-weight:500;\" title=\"S\u00e9gol\u00e8ne Royal dingue de cuisine alg\u00e9rienne : les recettes \u00e0 d\u00e9couvrir\">S\u00e9gol\u00e8ne Royal dingue de cuisine alg\u00e9rienne : les recettes \u00e0 d\u00e9couvrir<\/a><\/li>\n<li style=\"margin-bottom:10px;\"><a href=\"https:\/\/monmaghreb.com\/index.php\/2026\/08\/28\/mohamed-cheikh-gagnant-de-top-chef-en-2021-la-cuisine-algerienne-dans-la-gastronomie-francaise\/\" style=\"color:#0066cc;text-decoration:none;font-weight:500;\" title=\"Mohamed Cheikh, gagnant de \u00ab Top Chef \u00bb en 2021 : la cuisine alg\u00e9rienne dans la gastronomie fran\u00e7aise\">Mohamed Cheikh, gagnant de \u00ab Top Chef \u00bb en 2021 : la cuisine alg\u00e9rienne dans la gastronomie fran\u00e7aise<\/a><\/li>\n<li style=\"margin-bottom:10px;\"><a href=\"https:\/\/monmaghreb.com\/index.php\/2026\/08\/28\/rentree-scolaire-guide-pratique-pour-inscrire-votre-enfant-en-algerie-tunisie-ou-maroc-sans-vaccination\/\" style=\"color:#0066cc;text-decoration:none;font-weight:500;\" title=\"Rentr\u00e9e scolaire : guide pratique pour inscrire votre enfant en Alg\u00e9rie, Tunisie ou Maroc sans vaccination\">Rentr\u00e9e scolaire : guide pratique pour inscrire votre enfant en Alg\u00e9rie, Tunisie ou Maroc sans vaccination<\/a><\/li>\n<li style=\"margin-bottom:10px;\"><a href=\"https:\/\/monmaghreb.com\/index.php\/2026\/08\/28\/les-estables-un-sanctuaire-de-repos-et-de-beaute-combines-sous-lenseigne-mezenc-spa\/\" style=\"color:#0066cc;text-decoration:none;font-weight:500;\" title=\"Les Estables : un sanctuaire de repos et de beaut\u00e9 combin\u00e9s sous l&#8217;enseigne M\u00e9zenc Spa\">Les Estables : un sanctuaire de repos et de beaut\u00e9 combin\u00e9s sous l&#8217;enseigne M\u00e9zenc Spa<\/a><\/li>\n<\/ul>\n<\/div>\n<p><\/body><br \/>\n<\/html><\/p>\n","protected":false},"excerpt":{"rendered":"<p>Relaxez-vous en famille au spa De A \u00e0 Zen \u00e0 Vitr\u00e9, l&#8217;endroit id\u00e9al pour un moment de bien-\u00eatre pour les familles alg\u00e9riennes en Bretagne. D\u00e9couvrez-le aujourd&#8217;h<\/p>\n","protected":false},"author":1,"featured_media":9511,"comment_status":"closed","ping_status":"open","sticky":false,"template":"","format":"standard","meta":{"_yoast_wpseo_canonical":"","_yoast_wpseo_opengraph-title":"Le spa De A \u00e0 Zen \u00e0 Vitr\u00e9 : un lieu de repos pour la famille alg\u00e9rienne \u00e0 Vitr\u00e9","_yoast_wpseo_opengraph-description":"Relaxez-vous en famille au spa De A \u00e0 Zen \u00e0 Vitr\u00e9, l'endroit id\u00e9al pour un moment de bien-\u00eatre pour les familles alg\u00e9riennes en Bretagne. D\u00e9couvrez-le aujourd'h","_yoast_wpseo_opengraph-image":"","tdm_status":"","tdm_grid_status":"","footnotes":""},"categories":[647],"tags":[761,72,556,4667,5223],"class_list":["post-9512","post","type-post","status-publish","format-standard","has-post-thumbnail","hentry","category-plats-principaux","tag-code-de-la-famille","tag-cuisine-algerienne","tag-guide-pratique","tag-spa-algerien","tag-vitree-relaxation"],"yoast_head":"<!-- This site is optimized with the Yoast SEO plugin v28.4 - https:\/\/yoast.com\/product\/yoast-seo-wordpress\/ -->\n<title>Le spa De A \u00e0 Zen \u00e0 Vitr\u00e9 : un lieu de repos pour la famille<\/title>\n<meta name=\"description\" content=\"Relaxez-vous en famille au spa De A \u00e0 Zen \u00e0 Vitr\u00e9, l&#039;endroit id\u00e9al pour un moment de bien-\u00eatre pour les familles alg\u00e9riennes en Bretagne. D\u00e9couvrez-le aujourd&#039;h\" \/>\n<meta name=\"robots\" content=\"index, follow, max-snippet:-1, max-image-preview:large, max-video-preview:-1\" \/>\n<link rel=\"canonical\" href=\"https:\/\/monmaghreb.com\/index.php\/2026\/09\/01\/le-spa-de-a-a-zen-a-vitre-un-lieu-de-repos-pour-la-famille-algerienne-a-vitre\/\" \/>\n<meta property=\"og:locale\" content=\"en_US\" \/>\n<meta property=\"og:type\" content=\"article\" \/>\n<meta property=\"og:title\" content=\"Le spa De A \u00e0 Zen \u00e0 Vitr\u00e9 : un lieu de repos pour la famille alg\u00e9rienne \u00e0 Vitr\u00e9\" \/>\n<meta property=\"og:description\" content=\"Relaxez-vous en famille au spa De A \u00e0 Zen \u00e0 Vitr\u00e9, l&#039;endroit id\u00e9al pour un moment de bien-\u00eatre pour les familles alg\u00e9riennes en Bretagne. D\u00e9couvrez-le aujourd&#039;h\" \/>\n<meta property=\"og:url\" content=\"https:\/\/monmaghreb.com\/index.php\/2026\/09\/01\/le-spa-de-a-a-zen-a-vitre-un-lieu-de-repos-pour-la-famille-algerienne-a-vitre\/\" \/>\n<meta property=\"og:site_name\" content=\"Mon Maghreb\" \/>\n<meta property=\"article:author\" content=\"https:\/\/www.facebook.com\/monmaghrebcom\" \/>\n<meta property=\"article:published_time\" content=\"2026-09-01T17:42:43+00:00\" \/>\n<meta property=\"article:modified_time\" content=\"2026-09-01T17:42:47+00:00\" \/>\n<meta property=\"og:image\" content=\"https:\/\/monmaghreb.com\/wp-content\/uploads\/2026\/09\/featured-8.jpg\" \/>\n\t<meta property=\"og:image:width\" content=\"1880\" \/>\n\t<meta property=\"og:image:height\" content=\"1253\" \/>\n\t<meta property=\"og:image:type\" content=\"image\/jpeg\" \/>\n<meta name=\"author\" content=\"LaMagh\" \/>\n<meta name=\"twitter:card\" content=\"summary_large_image\" \/>\n<meta name=\"twitter:creator\" content=\"@MMaghreb50977\" \/>\n<meta name=\"twitter:label1\" content=\"Written by\" \/>\n\t<meta name=\"twitter:data1\" content=\"LaMagh\" \/>\n\t<meta name=\"twitter:label2\" content=\"Est. reading time\" \/>\n\t<meta name=\"twitter:data2\" content=\"4 minutes\" \/>\n<script type=\"application\/ld+json\" class=\"yoast-schema-graph\">{\"@context\":\"https:\\\/\\\/schema.org\",\"@graph\":[{\"@type\":\"Article\",\"@id\":\"https:\\\/\\\/monmaghreb.com\\\/index.php\\\/2026\\\/09\\\/01\\\/le-spa-de-a-a-zen-a-vitre-un-lieu-de-repos-pour-la-famille-algerienne-a-vitre\\\/#article\",\"isPartOf\":{\"@id\":\"https:\\\/\\\/monmaghreb.com\\\/index.php\\\/2026\\\/09\\\/01\\\/le-spa-de-a-a-zen-a-vitre-un-lieu-de-repos-pour-la-famille-algerienne-a-vitre\\\/\"},\"author\":{\"name\":\"LaMagh\",\"@id\":\"http:\\\/\\\/monmaghreb.com\\\/#\\\/schema\\\/person\\\/c469a89dc8c6b8987dcb438b1200d054\"},\"headline\":\"Le spa De A \u00e0 Zen \u00e0 Vitr\u00e9 : un lieu de repos pour la famille alg\u00e9rienne \u00e0 Vitr\u00e9\",\"datePublished\":\"2026-09-01T17:42:43+00:00\",\"dateModified\":\"2026-09-01T17:42:47+00:00\",\"mainEntityOfPage\":{\"@id\":\"https:\\\/\\\/monmaghreb.com\\\/index.php\\\/2026\\\/09\\\/01\\\/le-spa-de-a-a-zen-a-vitre-un-lieu-de-repos-pour-la-famille-algerienne-a-vitre\\\/\"},\"wordCount\":761,\"publisher\":{\"@id\":\"http:\\\/\\\/monmaghreb.com\\\/#organization\"},\"image\":{\"@id\":\"https:\\\/\\\/monmaghreb.com\\\/index.php\\\/2026\\\/09\\\/01\\\/le-spa-de-a-a-zen-a-vitre-un-lieu-de-repos-pour-la-famille-algerienne-a-vitre\\\/#primaryimage\"},\"thumbnailUrl\":\"https:\\\/\\\/monmaghreb.com\\\/wp-content\\\/uploads\\\/2026\\\/09\\\/featured-8.jpg\",\"keywords\":[\"code de la famille\",\"cuisine alg\u00e9rienne\",\"guide pratique\",\"spa alg\u00e9rien\",\"vitr\u00e9e relaxation\"],\"articleSection\":[\"Plats Principaux\"],\"inLanguage\":\"en-US\"},{\"@type\":\"WebPage\",\"@id\":\"https:\\\/\\\/monmaghreb.com\\\/index.php\\\/2026\\\/09\\\/01\\\/le-spa-de-a-a-zen-a-vitre-un-lieu-de-repos-pour-la-famille-algerienne-a-vitre\\\/\",\"url\":\"https:\\\/\\\/monmaghreb.com\\\/index.php\\\/2026\\\/09\\\/01\\\/le-spa-de-a-a-zen-a-vitre-un-lieu-de-repos-pour-la-famille-algerienne-a-vitre\\\/\",\"name\":\"Le spa De A \u00e0 Zen \u00e0 Vitr\u00e9 : un lieu de repos pour la famille\",\"isPartOf\":{\"@id\":\"http:\\\/\\\/monmaghreb.com\\\/#website\"},\"primaryImageOfPage\":{\"@id\":\"https:\\\/\\\/monmaghreb.com\\\/index.php\\\/2026\\\/09\\\/01\\\/le-spa-de-a-a-zen-a-vitre-un-lieu-de-repos-pour-la-famille-algerienne-a-vitre\\\/#primaryimage\"},\"image\":{\"@id\":\"https:\\\/\\\/monmaghreb.com\\\/index.php\\\/2026\\\/09\\\/01\\\/le-spa-de-a-a-zen-a-vitre-un-lieu-de-repos-pour-la-famille-algerienne-a-vitre\\\/#primaryimage\"},\"thumbnailUrl\":\"https:\\\/\\\/monmaghreb.com\\\/wp-content\\\/uploads\\\/2026\\\/09\\\/featured-8.jpg\",\"datePublished\":\"2026-09-01T17:42:43+00:00\",\"dateModified\":\"2026-09-01T17:42:47+00:00\",\"description\":\"Relaxez-vous en famille au spa De A \u00e0 Zen \u00e0 Vitr\u00e9, l'endroit id\u00e9al pour un moment de bien-\u00eatre pour les familles alg\u00e9riennes en Bretagne. D\u00e9couvrez-le aujourd'h\",\"breadcrumb\":{\"@id\":\"https:\\\/\\\/monmaghreb.com\\\/index.php\\\/2026\\\/09\\\/01\\\/le-spa-de-a-a-zen-a-vitre-un-lieu-de-repos-pour-la-famille-algerienne-a-vitre\\\/#breadcrumb\"},\"inLanguage\":\"en-US\",\"potentialAction\":[{\"@type\":\"ReadAction\",\"target\":[\"https:\\\/\\\/monmaghreb.com\\\/index.php\\\/2026\\\/09\\\/01\\\/le-spa-de-a-a-zen-a-vitre-un-lieu-de-repos-pour-la-famille-algerienne-a-vitre\\\/\"]}]},{\"@type\":\"ImageObject\",\"inLanguage\":\"en-US\",\"@id\":\"https:\\\/\\\/monmaghreb.com\\\/index.php\\\/2026\\\/09\\\/01\\\/le-spa-de-a-a-zen-a-vitre-un-lieu-de-repos-pour-la-famille-algerienne-a-vitre\\\/#primaryimage\",\"url\":\"https:\\\/\\\/monmaghreb.com\\\/wp-content\\\/uploads\\\/2026\\\/09\\\/featured-8.jpg\",\"contentUrl\":\"https:\\\/\\\/monmaghreb.com\\\/wp-content\\\/uploads\\\/2026\\\/09\\\/featured-8.jpg\",\"width\":1880,\"height\":1253,\"caption\":\"Famille alg\u00e9rienne se reposant au spa De A \u00e0 Zen \u00e0 Vitr\u00e9\"},{\"@type\":\"BreadcrumbList\",\"@id\":\"https:\\\/\\\/monmaghreb.com\\\/index.php\\\/2026\\\/09\\\/01\\\/le-spa-de-a-a-zen-a-vitre-un-lieu-de-repos-pour-la-famille-algerienne-a-vitre\\\/#breadcrumb\",\"itemListElement\":[{\"@type\":\"ListItem\",\"position\":1,\"name\":\"Home\",\"item\":\"http:\\\/\\\/monmaghreb.com\\\/\"},{\"@type\":\"ListItem\",\"position\":2,\"name\":\"Le spa De A \u00e0 Zen \u00e0 Vitr\u00e9 : un lieu de repos pour la famille alg\u00e9rienne \u00e0 Vitr\u00e9\"}]},{\"@type\":\"WebSite\",\"@id\":\"http:\\\/\\\/monmaghreb.com\\\/#website\",\"url\":\"http:\\\/\\\/monmaghreb.com\\\/\",\"name\":\"Mon Maghreb\",\"description\":\"MonMaghreb United\",\"publisher\":{\"@id\":\"http:\\\/\\\/monmaghreb.com\\\/#organization\"},\"alternateName\":\"Le Monde du Maghreb et au del\u00e0\",\"potentialAction\":[{\"@type\":\"SearchAction\",\"target\":{\"@type\":\"EntryPoint\",\"urlTemplate\":\"http:\\\/\\\/monmaghreb.com\\\/?s={search_term_string}\"},\"query-input\":{\"@type\":\"PropertyValueSpecification\",\"valueRequired\":true,\"valueName\":\"search_term_string\"}}],\"inLanguage\":\"en-US\"},{\"@type\":\"Organization\",\"@id\":\"http:\\\/\\\/monmaghreb.com\\\/#organization\",\"name\":\"Mon Maghreb\",\"url\":\"http:\\\/\\\/monmaghreb.com\\\/\",\"logo\":{\"@type\":\"ImageObject\",\"inLanguage\":\"en-US\",\"@id\":\"http:\\\/\\\/monmaghreb.com\\\/#\\\/schema\\\/logo\\\/image\\\/\",\"url\":\"https:\\\/\\\/monmaghreb.com\\\/wp-content\\\/uploads\\\/2025\\\/12\\\/Mon_Maghreb_Logo.jpg\",\"contentUrl\":\"https:\\\/\\\/monmaghreb.com\\\/wp-content\\\/uploads\\\/2025\\\/12\\\/Mon_Maghreb_Logo.jpg\",\"width\":814,\"height\":374,\"caption\":\"Mon Maghreb\"},\"image\":{\"@id\":\"http:\\\/\\\/monmaghreb.com\\\/#\\\/schema\\\/logo\\\/image\\\/\"}},{\"@type\":\"Person\",\"@id\":\"http:\\\/\\\/monmaghreb.com\\\/#\\\/schema\\\/person\\\/c469a89dc8c6b8987dcb438b1200d054\",\"name\":\"LaMagh\",\"image\":{\"@type\":\"ImageObject\",\"inLanguage\":\"en-US\",\"@id\":\"https:\\\/\\\/secure.gravatar.com\\\/avatar\\\/399d8144bd55fba55e056779aca52fe528bac7911f6449e54d81173d6dfd7f0a?s=96&d=mm&r=g\",\"url\":\"https:\\\/\\\/secure.gravatar.com\\\/avatar\\\/399d8144bd55fba55e056779aca52fe528bac7911f6449e54d81173d6dfd7f0a?s=96&d=mm&r=g\",\"contentUrl\":\"https:\\\/\\\/secure.gravatar.com\\\/avatar\\\/399d8144bd55fba55e056779aca52fe528bac7911f6449e54d81173d6dfd7f0a?s=96&d=mm&r=g\",\"caption\":\"LaMagh\"},\"sameAs\":[\"https:\\\/\\\/monmaghreb.com\",\"https:\\\/\\\/www.facebook.com\\\/monmaghrebcom\",\"https:\\\/\\\/x.com\\\/MMaghreb50977\"],\"url\":\"https:\\\/\\\/monmaghreb.com\\\/index.php\\\/author\\\/lamagh\\\/\"}]}<\/script>\n<!-- \/ Yoast SEO plugin. -->","yoast_head_json":{"title":"Le spa De A \u00e0 Zen \u00e0 Vitr\u00e9 : un lieu de repos pour la famille","description":"Relaxez-vous en famille au spa De A \u00e0 Zen \u00e0 Vitr\u00e9, l'endroit id\u00e9al pour un moment de bien-\u00eatre pour les familles alg\u00e9riennes en Bretagne. D\u00e9couvrez-le aujourd'h","robots":{"index":"index","follow":"follow","max-snippet":"max-snippet:-1","max-image-preview":"max-image-preview:large","max-video-preview":"max-video-preview:-1"},"canonical":"https:\/\/monmaghreb.com\/index.php\/2026\/09\/01\/le-spa-de-a-a-zen-a-vitre-un-lieu-de-repos-pour-la-famille-algerienne-a-vitre\/","og_locale":"en_US","og_type":"article","og_title":"Le spa De A \u00e0 Zen \u00e0 Vitr\u00e9 : un lieu de repos pour la famille alg\u00e9rienne \u00e0 Vitr\u00e9","og_description":"Relaxez-vous en famille au spa De A \u00e0 Zen \u00e0 Vitr\u00e9, l'endroit id\u00e9al pour un moment de bien-\u00eatre pour les familles alg\u00e9riennes en Bretagne. D\u00e9couvrez-le aujourd'h","og_url":"https:\/\/monmaghreb.com\/index.php\/2026\/09\/01\/le-spa-de-a-a-zen-a-vitre-un-lieu-de-repos-pour-la-famille-algerienne-a-vitre\/","og_site_name":"Mon Maghreb","article_author":"https:\/\/www.facebook.com\/monmaghrebcom","article_published_time":"2026-09-01T17:42:43+00:00","article_modified_time":"2026-09-01T17:42:47+00:00","og_image":[{"width":1880,"height":1253,"url":"https:\/\/monmaghreb.com\/wp-content\/uploads\/2026\/09\/featured-8.jpg","type":"image\/jpeg"}],"author":"LaMagh","twitter_card":"summary_large_image","twitter_creator":"@MMaghreb50977","twitter_misc":{"Written by":"LaMagh","Est. reading time":"4 minutes"},"schema":{"@context":"https:\/\/schema.org","@graph":[{"@type":"Article","@id":"https:\/\/monmaghreb.com\/index.php\/2026\/09\/01\/le-spa-de-a-a-zen-a-vitre-un-lieu-de-repos-pour-la-famille-algerienne-a-vitre\/#article","isPartOf":{"@id":"https:\/\/monmaghreb.com\/index.php\/2026\/09\/01\/le-spa-de-a-a-zen-a-vitre-un-lieu-de-repos-pour-la-famille-algerienne-a-vitre\/"},"author":{"name":"LaMagh","@id":"http:\/\/monmaghreb.com\/#\/schema\/person\/c469a89dc8c6b8987dcb438b1200d054"},"headline":"Le spa De A \u00e0 Zen \u00e0 Vitr\u00e9 : un lieu de repos pour la famille alg\u00e9rienne \u00e0 Vitr\u00e9","datePublished":"2026-09-01T17:42:43+00:00","dateModified":"2026-09-01T17:42:47+00:00","mainEntityOfPage":{"@id":"https:\/\/monmaghreb.com\/index.php\/2026\/09\/01\/le-spa-de-a-a-zen-a-vitre-un-lieu-de-repos-pour-la-famille-algerienne-a-vitre\/"},"wordCount":761,"publisher":{"@id":"http:\/\/monmaghreb.com\/#organization"},"image":{"@id":"https:\/\/monmaghreb.com\/index.php\/2026\/09\/01\/le-spa-de-a-a-zen-a-vitre-un-lieu-de-repos-pour-la-famille-algerienne-a-vitre\/#primaryimage"},"thumbnailUrl":"https:\/\/monmaghreb.com\/wp-content\/uploads\/2026\/09\/featured-8.jpg","keywords":["code de la famille","cuisine alg\u00e9rienne","guide pratique","spa alg\u00e9rien","vitr\u00e9e relaxation"],"articleSection":["Plats Principaux"],"inLanguage":"en-US"},{"@type":"WebPage","@id":"https:\/\/monmaghreb.com\/index.php\/2026\/09\/01\/le-spa-de-a-a-zen-a-vitre-un-lieu-de-repos-pour-la-famille-algerienne-a-vitre\/","url":"https:\/\/monmaghreb.com\/index.php\/2026\/09\/01\/le-spa-de-a-a-zen-a-vitre-un-lieu-de-repos-pour-la-famille-algerienne-a-vitre\/","name":"Le spa De A \u00e0 Zen \u00e0 Vitr\u00e9 : un lieu de repos pour la famille","isPartOf":{"@id":"http:\/\/monmaghreb.com\/#website"},"primaryImageOfPage":{"@id":"https:\/\/monmaghreb.com\/index.php\/2026\/09\/01\/le-spa-de-a-a-zen-a-vitre-un-lieu-de-repos-pour-la-famille-algerienne-a-vitre\/#primaryimage"},"image":{"@id":"https:\/\/monmaghreb.com\/index.php\/2026\/09\/01\/le-spa-de-a-a-zen-a-vitre-un-lieu-de-repos-pour-la-famille-algerienne-a-vitre\/#primaryimage"},"thumbnailUrl":"https:\/\/monmaghreb.com\/wp-content\/uploads\/2026\/09\/featured-8.jpg","datePublished":"2026-09-01T17:42:43+00:00","dateModified":"2026-09-01T17:42:47+00:00","description":"Relaxez-vous en famille au spa De A \u00e0 Zen \u00e0 Vitr\u00e9, l'endroit id\u00e9al pour un moment de bien-\u00eatre pour les familles alg\u00e9riennes en Bretagne. D\u00e9couvrez-le aujourd'h","breadcrumb":{"@id":"https:\/\/monmaghreb.com\/index.php\/2026\/09\/01\/le-spa-de-a-a-zen-a-vitre-un-lieu-de-repos-pour-la-famille-algerienne-a-vitre\/#breadcrumb"},"inLanguage":"en-US","potentialAction":[{"@type":"ReadAction","target":["https:\/\/monmaghreb.com\/index.php\/2026\/09\/01\/le-spa-de-a-a-zen-a-vitre-un-lieu-de-repos-pour-la-famille-algerienne-a-vitre\/"]}]},{"@type":"ImageObject","inLanguage":"en-US","@id":"https:\/\/monmaghreb.com\/index.php\/2026\/09\/01\/le-spa-de-a-a-zen-a-vitre-un-lieu-de-repos-pour-la-famille-algerienne-a-vitre\/#primaryimage","url":"https:\/\/monmaghreb.com\/wp-content\/uploads\/2026\/09\/featured-8.jpg","contentUrl":"https:\/\/monmaghreb.com\/wp-content\/uploads\/2026\/09\/featured-8.jpg","width":1880,"height":1253,"caption":"Famille alg\u00e9rienne se reposant au spa De A \u00e0 Zen \u00e0 Vitr\u00e9"},{"@type":"BreadcrumbList","@id":"https:\/\/monmaghreb.com\/index.php\/2026\/09\/01\/le-spa-de-a-a-zen-a-vitre-un-lieu-de-repos-pour-la-famille-algerienne-a-vitre\/#breadcrumb","itemListElement":[{"@type":"ListItem","position":1,"name":"Home","item":"http:\/\/monmaghreb.com\/"},{"@type":"ListItem","position":2,"name":"Le spa De A \u00e0 Zen \u00e0 Vitr\u00e9 : un lieu de repos pour la famille alg\u00e9rienne \u00e0 Vitr\u00e9"}]},{"@type":"WebSite","@id":"http:\/\/monmaghreb.com\/#website","url":"http:\/\/monmaghreb.com\/","name":"Mon Maghreb","description":"MonMaghreb United","publisher":{"@id":"http:\/\/monmaghreb.com\/#organization"},"alternateName":"Le Monde du Maghreb et au del\u00e0","potentialAction":[{"@type":"SearchAction","target":{"@type":"EntryPoint","urlTemplate":"http:\/\/monmaghreb.com\/?s={search_term_string}"},"query-input":{"@type":"PropertyValueSpecification","valueRequired":true,"valueName":"search_term_string"}}],"inLanguage":"en-US"},{"@type":"Organization","@id":"http:\/\/monmaghreb.com\/#organization","name":"Mon Maghreb","url":"http:\/\/monmaghreb.com\/","logo":{"@type":"ImageObject","inLanguage":"en-US","@id":"http:\/\/monmaghreb.com\/#\/schema\/logo\/image\/","url":"https:\/\/monmaghreb.com\/wp-content\/uploads\/2025\/12\/Mon_Maghreb_Logo.jpg","contentUrl":"https:\/\/monmaghreb.com\/wp-content\/uploads\/2025\/12\/Mon_Maghreb_Logo.jpg","width":814,"height":374,"caption":"Mon Maghreb"},"image":{"@id":"http:\/\/monmaghreb.com\/#\/schema\/logo\/image\/"}},{"@type":"Person","@id":"http:\/\/monmaghreb.com\/#\/schema\/person\/c469a89dc8c6b8987dcb438b1200d054","name":"LaMagh","image":{"@type":"ImageObject","inLanguage":"en-US","@id":"https:\/\/secure.gravatar.com\/avatar\/399d8144bd55fba55e056779aca52fe528bac7911f6449e54d81173d6dfd7f0a?s=96&d=mm&r=g","url":"https:\/\/secure.gravatar.com\/avatar\/399d8144bd55fba55e056779aca52fe528bac7911f6449e54d81173d6dfd7f0a?s=96&d=mm&r=g","contentUrl":"https:\/\/secure.gravatar.com\/avatar\/399d8144bd55fba55e056779aca52fe528bac7911f6449e54d81173d6dfd7f0a?s=96&d=mm&r=g","caption":"LaMagh"},"sameAs":["https:\/\/monmaghreb.com","https:\/\/www.facebook.com\/monmaghrebcom","https:\/\/x.com\/MMaghreb50977"],"url":"https:\/\/monmaghreb.com\/index.php\/author\/lamagh\/"}]}},"_links":{"self":[{"href":"https:\/\/monmaghreb.com\/index.php\/wp-json\/wp\/v2\/posts\/9512","targetHints":{"allow":["GET"]}}],"collection":[{"href":"https:\/\/monmaghreb.com\/index.php\/wp-json\/wp\/v2\/posts"}],"about":[{"href":"https:\/\/monmaghreb.com\/index.php\/wp-json\/wp\/v2\/types\/post"}],"author":[{"embeddable":true,"href":"https:\/\/monmaghreb.com\/index.php\/wp-json\/wp\/v2\/users\/1"}],"replies":[{"embeddable":true,"href":"https:\/\/monmaghreb.com\/index.php\/wp-json\/wp\/v2\/comments?post=9512"}],"version-history":[{"count":1,"href":"https:\/\/monmaghreb.com\/index.php\/wp-json\/wp\/v2\/posts\/9512\/revisions"}],"predecessor-version":[{"id":9513,"href":"https:\/\/monmaghreb.com\/index.php\/wp-json\/wp\/v2\/posts\/9512\/revisions\/9513"}],"wp:featuredmedia":[{"embeddable":true,"href":"https:\/\/monmaghreb.com\/index.php\/wp-json\/wp\/v2\/media\/9511"}],"wp:attachment":[{"href":"https:\/\/monmaghreb.com\/index.php\/wp-json\/wp\/v2\/media?parent=9512"}],"wp:term":[{"taxonomy":"category","embeddable":true,"href":"https:\/\/monmaghreb.com\/index.php\/wp-json\/wp\/v2\/categories?post=9512"},{"taxonomy":"post_tag","embeddable":true,"href":"https:\/\/monmaghreb.com\/index.php\/wp-json\/wp\/v2\/tags?post=9512"}],"curies":[{"name":"wp","href":"https:\/\/api.w.org\/{rel}","templated":true}]}}