
{"id":9518,"date":"2026-09-01T18:27:56","date_gmt":"2026-09-01T18:27:56","guid":{"rendered":"https:\/\/monmaghreb.com\/index.php\/2026\/09\/01\/a-fontainebleau-le-festival-de-lhistoire-de-lart-fete-la-mode-marocaine\/"},"modified":"2026-09-01T18:28:05","modified_gmt":"2026-09-01T18:28:05","slug":"a-fontainebleau-le-festival-de-lhistoire-de-lart-fete-la-mode-marocaine","status":"publish","type":"post","link":"https:\/\/monmaghreb.com\/index.php\/2026\/09\/01\/a-fontainebleau-le-festival-de-lhistoire-de-lart-fete-la-mode-marocaine\/","title":{"rendered":"\u00c0 Fontainebleau : le festival de l&#8217;histoire de l&#8217;art f\u00eate la mode marocaine"},"content":{"rendered":"<p><!DOCTYPE html><br \/>\n<html lang='fr'><br \/>\n<head><br \/>\n<meta charset='UTF-8'><br \/>\n<title>\u00c0 Fontainebleau : le festival de l&#8217;histoire de l&#8217;art f\u00eate la mode marocaine<\/title><br \/>\n<\/head><br \/>\n<body><\/p>\n<h1>\u00c0 Fontainebleau : le festival de l&#8217;histoire de l&#8217;art f\u00eate la mode marocaine<\/h1>\n<p>Nous sommes ravis de vous annoncer que le festival de l&#8217;histoire de l&#8217;art de Fontainebleau s&#8217;est ouvert ses portes pour un \u00e9v\u00e9nement unique consacr\u00e9 \u00e0 la mode marocaine. Ce festival, qui a lieu chaque ann\u00e9e, r\u00e9unit des professionnels de la mode, des cr\u00e9ateurs marocains et des visiteurs passionn\u00e9s pour une <a href=\"https:\/\/monmaghreb.com\/index.php\/2026\/08\/30\/exposition-zahira-tigtate-lart-de-vivre-amazigh-une-fete-permanente-de-la-culture-berbere-au-centre-culturel-cbf-de-drancy\/\" title=\"Exposition Zahira Tigtate : L&#8217;Art de vivre Amazigh, une f\u00eate permanente de la culture berb\u00e8re au Centre Culturel CBF de Drancy\">exposition<\/a> exceptionnelle. En tant que lecteurs marocains de la diaspora, cette manifestation est un \u00e9v\u00e9nement \u00e0 ne pas rater. Imaginez vous, au c\u0153ur de la ville de Fontainebleau, entour\u00e9 de pi\u00e8ces de mode ravissantes, d&#8217;artisans marocains passionn\u00e9s et de cr\u00e9ateurs \u00e9mergent.<\/p>\n<h2>La mode marocaine au c\u0153ur de l&#8217;\u00e9v\u00e9nement<\/h2>\n<p>La mode marocaine a fait l&#8217;objet d&#8217;une exposition d\u00e9taill\u00e9e durant ce festival. Les visiteurs ont eu l&#8217;occasion de d\u00e9couvrir les diff\u00e9rentes tendances en vogue dans le pays, ainsi que les techniques traditionnelles utilis\u00e9es pour cr\u00e9er des pi\u00e8ces uniques. Les cr\u00e9ateurs marocains ont \u00e9galement partag\u00e9 leur exp\u00e9rience et leur inspiration, ce qui a permis aux visiteurs de mieux comprendre la mode marocaine et ses racines. Vous avez pu admirer des broderies intric\u00e9es, des tuniques d\u00e9cor\u00e9es de dentelle et des v\u00eatements \u00e0 la couleur vive qui mettaient en valeur la culture marocaine.<\/p>\n<p>Parmi les pi\u00e8ces pr\u00e9sent\u00e9es, on pouvait notamment admirer des cr\u00e9ations de designers marocains r\u00e9cents, qui ont mis en valeur les coulisses de la mode marocaine. Les pi\u00e8ces \u00e9taient inspir\u00e9es de la mode marocaine traditionnelle, mais ont \u00e9t\u00e9 modernis\u00e9es pour r\u00e9pondre aux tendances actuelles. Cela a permis aux visiteurs de d\u00e9couvrir la fa\u00e7on dont la mode marocaine \u00e9volue tout en restant fid\u00e8le \u00e0 ses racines.<\/p>\n<p>Les cr\u00e9ateurs marocains ont \u00e9galement partag\u00e9 leurs conseils et leurs recommandations pour les jeunes qui souhaitent entrer dans le monde de la mode. Ils ont \u00e9voqu\u00e9 les d\u00e9fis qu&#8217;ils ont rencontr\u00e9s, mais \u00e9galement les opportunit\u00e9s qui se pr\u00e9sentent pour les cr\u00e9ateurs marocains \u00e9mergent.<\/p>\n<h2>Les discussions autour de la mode marocaine<\/h2>\n<p>Les discussions ont \u00e9t\u00e9 un \u00e9l\u00e9ment important de ce festival. Les professionnels de la mode ont discut\u00e9 de la place de la mode marocaine dans le monde et de comment promouvoir cette industrie. Ils ont \u00e9galement discut\u00e9 des d\u00e9fis que les cr\u00e9ateurs marocains rencontrent, ainsi que des possibilit\u00e9s pour leur d\u00e9veloppement. Les experts dans le domaine de la mode et de l&#8217;industrie textile ont partag\u00e9 leur exp\u00e9rience et leur connaissance avec les participants.<\/p>\n<p>Les discussions ont \u00e9t\u00e9 anim\u00e9es par des experts dans le domaine de la mode et de l&#8217;industrie textile, qui ont partag\u00e9 leur exp\u00e9rience et leur connaissance avec les participants. Ils ont \u00e9voqu\u00e9 les moyens de promouvoir la mode marocaine \u00e0 l&#8217;international, ainsi que les moyens de soutenir les cr\u00e9ateurs marocains.<\/p>\n<h2>La participation de l&#8217;industrie textile marocaine<\/h2>\n<p>L&#8217;industrie textile marocaine a \u00e9t\u00e9 pr\u00e9sente \u00e0 l&#8217;\u00e9v\u00e9nement en tant que partenaire. Les exposants ont pr\u00e9sent\u00e9 des produits tels que les fils de soie, les dentelles, les tissus de coton et les broderies, et ont expliqu\u00e9 les diff\u00e9rentes techniques utilis\u00e9es pour cr\u00e9er ces produits. Vous avez pu d\u00e9couvrir les diff\u00e9rents produits textiles marocains, tels que les tapis, les couvertures et les accessoires.<\/p>\n<p>Les exposants ont \u00e9galement partag\u00e9 leur exp\u00e9rience et leur connaissance sur la production et la commercialisation de ces produits. Ils ont discut\u00e9 des d\u00e9fis que l&#8217;industrie textile marocaine rencontre, ainsi que des possibilit\u00e9s pour son d\u00e9veloppement. Cela a permis aux visiteurs de comprendre les diff\u00e9rentes \u00e9tapes de la production textile marocaine.<\/p>\n<h2>Les visites guid\u00e9es et les ateliers<\/h2>\n<p>Les visites guid\u00e9es et les ateliers ont \u00e9t\u00e9 un \u00e9l\u00e9ment important de ce festival. Les participants ont eu l&#8217;occasion de d\u00e9couvrir le ch\u00e2teau de Fontainebleau et ses collections d&#8217;art, ainsi que les ateliers de cr\u00e9ation de mode marocaine. Vous avez pu d\u00e9couvrir les diff\u00e9rentes techniques de cr\u00e9ation de mode marocaine, telles que la broderie, la dentelle et la tapisserie.<\/p>\n<p>Les ateliers ont \u00e9t\u00e9 anim\u00e9s par des cr\u00e9ateurs marocains r\u00e9cents, qui ont expliqu\u00e9 leur technique de cr\u00e9ation, leur inspiration et leur vision de la mode marocaine. Cela a permis aux visiteurs de comprendre la fa\u00e7on dont les cr\u00e9ateurs marocains con\u00e7oivent et cr\u00e9ent leurs pi\u00e8ces de mode.<\/p>\n<h2>L&#8217;appel \u00e0 l&#8217;action<\/h2>\n<p>Nous vous invitons \u00e0 participer \u00e0 ce festival en 2023. Nous sommes s\u00fbrs que vous aurez une exp\u00e9rience exceptionnelle et que vous aurez l&#8217;occasion de d\u00e9couvrir la mode marocaine en profondeur. En tant que lecteurs marocains de la diaspora, cette manifestation est un \u00e9v\u00e9nement \u00e0 ne pas rater.<\/p>\n<p>N&#8217;h\u00e9sitez pas \u00e0 partager cette information avec vos amis et vos connaissances, et \u00e0 soutenir les cr\u00e9ateurs marocains \u00e0 travers l&#8217;achat de leurs produits. Nous sommes impatients de vous revoir \u00e0 Fontainebleau pour c\u00e9l\u00e9brer la mode marocaine en 2023.<\/p>\n<div style=\"background:#f8f9fa;border-left:4px solid #0066cc;border-radius:6px;padding:20px 24px;margin:32px 0;\">\n<p style=\"font-size:13px;color:#888;text-transform:uppercase;letter-spacing:0.8px;margin:0 0 6px 0;\">Vous pourriez aussi aimer<\/p>\n<h3 style=\"font-size:18px;margin:0 0 14px 0;color:#222;\">Articles similaires<\/h3>\n<ul style=\"margin:0;padding-left:20px;list-style:disc;\">\n<li style=\"margin-bottom:10px;\"><a href=\"https:\/\/monmaghreb.com\/index.php\/2026\/08\/30\/exposition-zahira-tigtate-lart-de-vivre-amazigh-une-fete-permanente-de-la-culture-berbere-au-centre-culturel-cbf-de-drancy\/\" style=\"color:#0066cc;text-decoration:none;font-weight:500;\" title=\"Exposition Zahira Tigtate : L&#8217;Art de vivre Amazigh, une f\u00eate permanente de la culture berb\u00e8re au Centre Culturel CBF de Drancy\">Exposition Zahira Tigtate : L&#8217;Art de vivre Amazigh, une f\u00eate permanente de la culture berb\u00e8re au Centre Culturel CBF de Drancy<\/a><\/li>\n<li style=\"margin-bottom:10px;\"><a href=\"https:\/\/monmaghreb.com\/index.php\/2026\/08\/29\/celebration-de-la-culture-berbere-lexposition-de-zahira-tigtate-a-drancy\/\" style=\"color:#0066cc;text-decoration:none;font-weight:500;\" title=\"C\u00e9l\u00e9bration de la culture berb\u00e8re : l&#8217;exposition de Zahira Tigtate \u00e0 Drancy\">C\u00e9l\u00e9bration de la culture berb\u00e8re : l&#8217;exposition de Zahira Tigtate \u00e0 Drancy<\/a><\/li>\n<li style=\"margin-bottom:10px;\"><a href=\"https:\/\/monmaghreb.com\/index.php\/2026\/08\/30\/la-tradition-marocaine-du-mariage-dans-le-sussex-angleterre-suivie-dune-fete-inoubliable-a-paris\/\" style=\"color:#0066cc;text-decoration:none;font-weight:500;\" title=\"La tradition marocaine du mariage dans le Sussex, Angleterre, suivie d&#8217;une f\u00eate inoubliable \u00e0 Paris\">La tradition marocaine du mariage dans le Sussex, Angleterre, suivie d&#8217;une f\u00eate inoubliable \u00e0 Paris<\/a><\/li>\n<li style=\"margin-bottom:10px;\"><a href=\"https:\/\/monmaghreb.com\/index.php\/2026\/08\/29\/celebration-de-la-culture-marocaine-a-montreal-les-mille-visages-de-la-diversite\/\" style=\"color:#0066cc;text-decoration:none;font-weight:500;\" title=\"C\u00e9l\u00e9bration de la culture marocaine \u00e0 Montr\u00e9al : les mille visages de la diversit\u00e9\">C\u00e9l\u00e9bration de la culture marocaine \u00e0 Montr\u00e9al : les mille visages de la diversit\u00e9<\/a><\/li>\n<li style=\"margin-bottom:10px;\"><a href=\"https:\/\/monmaghreb.com\/index.php\/2026\/08\/27\/celebrer-le-nouvel-an-berbere-yennayer-une-fete-de-culture-et-de-traditions-a-ne-manquer-pas\/\" style=\"color:#0066cc;text-decoration:none;font-weight:500;\" title=\"C\u00e9l\u00e9brer le Nouvel An berb\u00e8re Yennayer : une f\u00eate de culture et de traditions \u00e0 ne manquer pas\">C\u00e9l\u00e9brer le Nouvel An berb\u00e8re Yennayer : une f\u00eate de culture et de traditions \u00e0 ne manquer pas<\/a><\/li>\n<\/ul>\n<\/div>\n<p><\/body><br \/>\n<\/html><\/p>\n","protected":false},"excerpt":{"rendered":"<p>D\u00e9couvrez la mode marocaine au festival de l&#8217;histoire de l&#8217;art de Fontainebleau. Une exposition exceptionnelle. En savoir plus.<\/p>\n","protected":false},"author":1,"featured_media":9517,"comment_status":"closed","ping_status":"open","sticky":false,"template":"","format":"standard","meta":{"_yoast_wpseo_canonical":"","_yoast_wpseo_opengraph-title":"\u00c0 Fontainebleau : le festival de l'histoire de l'art f\u00eate la mode marocaine","_yoast_wpseo_opengraph-description":"D\u00e9couvrez la mode marocaine au festival de l'histoire de l'art de Fontainebleau. Une exposition exceptionnelle. En savoir plus.","_yoast_wpseo_opengraph-image":"","tdm_status":"","tdm_grid_status":"","footnotes":""},"categories":[652],"tags":[4782,2014,1765,5224,967],"class_list":["post-9518","post","type-post","status-publish","format-standard","has-post-thumbnail","hentry","category-histoire-patrimoine","tag-agriculture-marocaine","tag-algerie-evenement","tag-art-exposition","tag-festival-art-fontainebleau","tag-mode-marocaine"],"yoast_head":"<!-- This site is optimized with the Yoast SEO plugin v28.4 - https:\/\/yoast.com\/product\/yoast-seo-wordpress\/ -->\n<title>\u00c0 Fontainebleau : le festival de l&#039;histoire de l&#039;art f\u00eate la<\/title>\n<meta name=\"description\" content=\"D\u00e9couvrez la mode marocaine au festival de l&#039;histoire de l&#039;art de Fontainebleau. Une exposition exceptionnelle. En savoir plus.\" \/>\n<meta name=\"robots\" content=\"index, follow, max-snippet:-1, max-image-preview:large, max-video-preview:-1\" \/>\n<link rel=\"canonical\" href=\"https:\/\/monmaghreb.com\/index.php\/2026\/09\/01\/a-fontainebleau-le-festival-de-lhistoire-de-lart-fete-la-mode-marocaine\/\" \/>\n<meta property=\"og:locale\" content=\"en_US\" \/>\n<meta property=\"og:type\" content=\"article\" \/>\n<meta property=\"og:title\" content=\"\u00c0 Fontainebleau : le festival de l&#039;histoire de l&#039;art f\u00eate la mode marocaine\" \/>\n<meta property=\"og:description\" content=\"D\u00e9couvrez la mode marocaine au festival de l&#039;histoire de l&#039;art de Fontainebleau. Une exposition exceptionnelle. En savoir plus.\" \/>\n<meta property=\"og:url\" content=\"https:\/\/monmaghreb.com\/index.php\/2026\/09\/01\/a-fontainebleau-le-festival-de-lhistoire-de-lart-fete-la-mode-marocaine\/\" \/>\n<meta property=\"og:site_name\" content=\"Mon Maghreb\" \/>\n<meta property=\"article:author\" content=\"https:\/\/www.facebook.com\/monmaghrebcom\" \/>\n<meta property=\"article:published_time\" content=\"2026-09-01T18:27:56+00:00\" \/>\n<meta property=\"article:modified_time\" content=\"2026-09-01T18:28:05+00:00\" \/>\n<meta property=\"og:image\" content=\"https:\/\/monmaghreb.com\/wp-content\/uploads\/2026\/09\/featured-10.jpg\" \/>\n\t<meta property=\"og:image:width\" content=\"1880\" \/>\n\t<meta property=\"og:image:height\" content=\"1253\" \/>\n\t<meta property=\"og:image:type\" content=\"image\/jpeg\" \/>\n<meta name=\"author\" content=\"LaMagh\" \/>\n<meta name=\"twitter:card\" content=\"summary_large_image\" \/>\n<meta name=\"twitter:creator\" content=\"@MMaghreb50977\" \/>\n<meta name=\"twitter:label1\" content=\"Written by\" \/>\n\t<meta name=\"twitter:data1\" content=\"LaMagh\" \/>\n\t<meta name=\"twitter:label2\" content=\"Est. reading time\" \/>\n\t<meta name=\"twitter:data2\" content=\"5 minutes\" \/>\n<script type=\"application\/ld+json\" class=\"yoast-schema-graph\">{\"@context\":\"https:\\\/\\\/schema.org\",\"@graph\":[{\"@type\":\"Article\",\"@id\":\"https:\\\/\\\/monmaghreb.com\\\/index.php\\\/2026\\\/09\\\/01\\\/a-fontainebleau-le-festival-de-lhistoire-de-lart-fete-la-mode-marocaine\\\/#article\",\"isPartOf\":{\"@id\":\"https:\\\/\\\/monmaghreb.com\\\/index.php\\\/2026\\\/09\\\/01\\\/a-fontainebleau-le-festival-de-lhistoire-de-lart-fete-la-mode-marocaine\\\/\"},\"author\":{\"name\":\"LaMagh\",\"@id\":\"http:\\\/\\\/monmaghreb.com\\\/#\\\/schema\\\/person\\\/c469a89dc8c6b8987dcb438b1200d054\"},\"headline\":\"\u00c0 Fontainebleau : le festival de l&#8217;histoire de l&#8217;art f\u00eate la mode marocaine\",\"datePublished\":\"2026-09-01T18:27:56+00:00\",\"dateModified\":\"2026-09-01T18:28:05+00:00\",\"mainEntityOfPage\":{\"@id\":\"https:\\\/\\\/monmaghreb.com\\\/index.php\\\/2026\\\/09\\\/01\\\/a-fontainebleau-le-festival-de-lhistoire-de-lart-fete-la-mode-marocaine\\\/\"},\"wordCount\":979,\"publisher\":{\"@id\":\"http:\\\/\\\/monmaghreb.com\\\/#organization\"},\"image\":{\"@id\":\"https:\\\/\\\/monmaghreb.com\\\/index.php\\\/2026\\\/09\\\/01\\\/a-fontainebleau-le-festival-de-lhistoire-de-lart-fete-la-mode-marocaine\\\/#primaryimage\"},\"thumbnailUrl\":\"https:\\\/\\\/monmaghreb.com\\\/wp-content\\\/uploads\\\/2026\\\/09\\\/featured-10.jpg\",\"keywords\":[\"agriculture marocaine\",\"algerie evenement\",\"art exposition\",\"festival art fontainebleau\",\"mode marocaine\"],\"articleSection\":[\"Histoire &amp; Patrimoine\"],\"inLanguage\":\"en-US\"},{\"@type\":\"WebPage\",\"@id\":\"https:\\\/\\\/monmaghreb.com\\\/index.php\\\/2026\\\/09\\\/01\\\/a-fontainebleau-le-festival-de-lhistoire-de-lart-fete-la-mode-marocaine\\\/\",\"url\":\"https:\\\/\\\/monmaghreb.com\\\/index.php\\\/2026\\\/09\\\/01\\\/a-fontainebleau-le-festival-de-lhistoire-de-lart-fete-la-mode-marocaine\\\/\",\"name\":\"\u00c0 Fontainebleau : le festival de l'histoire de l'art f\u00eate la\",\"isPartOf\":{\"@id\":\"http:\\\/\\\/monmaghreb.com\\\/#website\"},\"primaryImageOfPage\":{\"@id\":\"https:\\\/\\\/monmaghreb.com\\\/index.php\\\/2026\\\/09\\\/01\\\/a-fontainebleau-le-festival-de-lhistoire-de-lart-fete-la-mode-marocaine\\\/#primaryimage\"},\"image\":{\"@id\":\"https:\\\/\\\/monmaghreb.com\\\/index.php\\\/2026\\\/09\\\/01\\\/a-fontainebleau-le-festival-de-lhistoire-de-lart-fete-la-mode-marocaine\\\/#primaryimage\"},\"thumbnailUrl\":\"https:\\\/\\\/monmaghreb.com\\\/wp-content\\\/uploads\\\/2026\\\/09\\\/featured-10.jpg\",\"datePublished\":\"2026-09-01T18:27:56+00:00\",\"dateModified\":\"2026-09-01T18:28:05+00:00\",\"description\":\"D\u00e9couvrez la mode marocaine au festival de l'histoire de l'art de Fontainebleau. Une exposition exceptionnelle. En savoir plus.\",\"breadcrumb\":{\"@id\":\"https:\\\/\\\/monmaghreb.com\\\/index.php\\\/2026\\\/09\\\/01\\\/a-fontainebleau-le-festival-de-lhistoire-de-lart-fete-la-mode-marocaine\\\/#breadcrumb\"},\"inLanguage\":\"en-US\",\"potentialAction\":[{\"@type\":\"ReadAction\",\"target\":[\"https:\\\/\\\/monmaghreb.com\\\/index.php\\\/2026\\\/09\\\/01\\\/a-fontainebleau-le-festival-de-lhistoire-de-lart-fete-la-mode-marocaine\\\/\"]}]},{\"@type\":\"ImageObject\",\"inLanguage\":\"en-US\",\"@id\":\"https:\\\/\\\/monmaghreb.com\\\/index.php\\\/2026\\\/09\\\/01\\\/a-fontainebleau-le-festival-de-lhistoire-de-lart-fete-la-mode-marocaine\\\/#primaryimage\",\"url\":\"https:\\\/\\\/monmaghreb.com\\\/wp-content\\\/uploads\\\/2026\\\/09\\\/featured-10.jpg\",\"contentUrl\":\"https:\\\/\\\/monmaghreb.com\\\/wp-content\\\/uploads\\\/2026\\\/09\\\/featured-10.jpg\",\"width\":1880,\"height\":1253,\"caption\":\"Festival de l'histoire de l'art \u00e0 Fontainebleau : Marocaine mode exposition\"},{\"@type\":\"BreadcrumbList\",\"@id\":\"https:\\\/\\\/monmaghreb.com\\\/index.php\\\/2026\\\/09\\\/01\\\/a-fontainebleau-le-festival-de-lhistoire-de-lart-fete-la-mode-marocaine\\\/#breadcrumb\",\"itemListElement\":[{\"@type\":\"ListItem\",\"position\":1,\"name\":\"Home\",\"item\":\"http:\\\/\\\/monmaghreb.com\\\/\"},{\"@type\":\"ListItem\",\"position\":2,\"name\":\"\u00c0 Fontainebleau : le festival de l&#8217;histoire de l&#8217;art f\u00eate la mode marocaine\"}]},{\"@type\":\"WebSite\",\"@id\":\"http:\\\/\\\/monmaghreb.com\\\/#website\",\"url\":\"http:\\\/\\\/monmaghreb.com\\\/\",\"name\":\"Mon Maghreb\",\"description\":\"MonMaghreb United\",\"publisher\":{\"@id\":\"http:\\\/\\\/monmaghreb.com\\\/#organization\"},\"alternateName\":\"Le Monde du Maghreb et au del\u00e0\",\"potentialAction\":[{\"@type\":\"SearchAction\",\"target\":{\"@type\":\"EntryPoint\",\"urlTemplate\":\"http:\\\/\\\/monmaghreb.com\\\/?s={search_term_string}\"},\"query-input\":{\"@type\":\"PropertyValueSpecification\",\"valueRequired\":true,\"valueName\":\"search_term_string\"}}],\"inLanguage\":\"en-US\"},{\"@type\":\"Organization\",\"@id\":\"http:\\\/\\\/monmaghreb.com\\\/#organization\",\"name\":\"Mon Maghreb\",\"url\":\"http:\\\/\\\/monmaghreb.com\\\/\",\"logo\":{\"@type\":\"ImageObject\",\"inLanguage\":\"en-US\",\"@id\":\"http:\\\/\\\/monmaghreb.com\\\/#\\\/schema\\\/logo\\\/image\\\/\",\"url\":\"https:\\\/\\\/monmaghreb.com\\\/wp-content\\\/uploads\\\/2025\\\/12\\\/Mon_Maghreb_Logo.jpg\",\"contentUrl\":\"https:\\\/\\\/monmaghreb.com\\\/wp-content\\\/uploads\\\/2025\\\/12\\\/Mon_Maghreb_Logo.jpg\",\"width\":814,\"height\":374,\"caption\":\"Mon Maghreb\"},\"image\":{\"@id\":\"http:\\\/\\\/monmaghreb.com\\\/#\\\/schema\\\/logo\\\/image\\\/\"}},{\"@type\":\"Person\",\"@id\":\"http:\\\/\\\/monmaghreb.com\\\/#\\\/schema\\\/person\\\/c469a89dc8c6b8987dcb438b1200d054\",\"name\":\"LaMagh\",\"image\":{\"@type\":\"ImageObject\",\"inLanguage\":\"en-US\",\"@id\":\"https:\\\/\\\/secure.gravatar.com\\\/avatar\\\/399d8144bd55fba55e056779aca52fe528bac7911f6449e54d81173d6dfd7f0a?s=96&d=mm&r=g\",\"url\":\"https:\\\/\\\/secure.gravatar.com\\\/avatar\\\/399d8144bd55fba55e056779aca52fe528bac7911f6449e54d81173d6dfd7f0a?s=96&d=mm&r=g\",\"contentUrl\":\"https:\\\/\\\/secure.gravatar.com\\\/avatar\\\/399d8144bd55fba55e056779aca52fe528bac7911f6449e54d81173d6dfd7f0a?s=96&d=mm&r=g\",\"caption\":\"LaMagh\"},\"sameAs\":[\"https:\\\/\\\/monmaghreb.com\",\"https:\\\/\\\/www.facebook.com\\\/monmaghrebcom\",\"https:\\\/\\\/x.com\\\/MMaghreb50977\"],\"url\":\"https:\\\/\\\/monmaghreb.com\\\/index.php\\\/author\\\/lamagh\\\/\"}]}<\/script>\n<!-- \/ Yoast SEO plugin. -->","yoast_head_json":{"title":"\u00c0 Fontainebleau : le festival de l'histoire de l'art f\u00eate la","description":"D\u00e9couvrez la mode marocaine au festival de l'histoire de l'art de Fontainebleau. Une exposition exceptionnelle. En savoir plus.","robots":{"index":"index","follow":"follow","max-snippet":"max-snippet:-1","max-image-preview":"max-image-preview:large","max-video-preview":"max-video-preview:-1"},"canonical":"https:\/\/monmaghreb.com\/index.php\/2026\/09\/01\/a-fontainebleau-le-festival-de-lhistoire-de-lart-fete-la-mode-marocaine\/","og_locale":"en_US","og_type":"article","og_title":"\u00c0 Fontainebleau : le festival de l'histoire de l'art f\u00eate la mode marocaine","og_description":"D\u00e9couvrez la mode marocaine au festival de l'histoire de l'art de Fontainebleau. Une exposition exceptionnelle. En savoir plus.","og_url":"https:\/\/monmaghreb.com\/index.php\/2026\/09\/01\/a-fontainebleau-le-festival-de-lhistoire-de-lart-fete-la-mode-marocaine\/","og_site_name":"Mon Maghreb","article_author":"https:\/\/www.facebook.com\/monmaghrebcom","article_published_time":"2026-09-01T18:27:56+00:00","article_modified_time":"2026-09-01T18:28:05+00:00","og_image":[{"width":1880,"height":1253,"url":"https:\/\/monmaghreb.com\/wp-content\/uploads\/2026\/09\/featured-10.jpg","type":"image\/jpeg"}],"author":"LaMagh","twitter_card":"summary_large_image","twitter_creator":"@MMaghreb50977","twitter_misc":{"Written by":"LaMagh","Est. reading time":"5 minutes"},"schema":{"@context":"https:\/\/schema.org","@graph":[{"@type":"Article","@id":"https:\/\/monmaghreb.com\/index.php\/2026\/09\/01\/a-fontainebleau-le-festival-de-lhistoire-de-lart-fete-la-mode-marocaine\/#article","isPartOf":{"@id":"https:\/\/monmaghreb.com\/index.php\/2026\/09\/01\/a-fontainebleau-le-festival-de-lhistoire-de-lart-fete-la-mode-marocaine\/"},"author":{"name":"LaMagh","@id":"http:\/\/monmaghreb.com\/#\/schema\/person\/c469a89dc8c6b8987dcb438b1200d054"},"headline":"\u00c0 Fontainebleau : le festival de l&#8217;histoire de l&#8217;art f\u00eate la mode marocaine","datePublished":"2026-09-01T18:27:56+00:00","dateModified":"2026-09-01T18:28:05+00:00","mainEntityOfPage":{"@id":"https:\/\/monmaghreb.com\/index.php\/2026\/09\/01\/a-fontainebleau-le-festival-de-lhistoire-de-lart-fete-la-mode-marocaine\/"},"wordCount":979,"publisher":{"@id":"http:\/\/monmaghreb.com\/#organization"},"image":{"@id":"https:\/\/monmaghreb.com\/index.php\/2026\/09\/01\/a-fontainebleau-le-festival-de-lhistoire-de-lart-fete-la-mode-marocaine\/#primaryimage"},"thumbnailUrl":"https:\/\/monmaghreb.com\/wp-content\/uploads\/2026\/09\/featured-10.jpg","keywords":["agriculture marocaine","algerie evenement","art exposition","festival art fontainebleau","mode marocaine"],"articleSection":["Histoire &amp; Patrimoine"],"inLanguage":"en-US"},{"@type":"WebPage","@id":"https:\/\/monmaghreb.com\/index.php\/2026\/09\/01\/a-fontainebleau-le-festival-de-lhistoire-de-lart-fete-la-mode-marocaine\/","url":"https:\/\/monmaghreb.com\/index.php\/2026\/09\/01\/a-fontainebleau-le-festival-de-lhistoire-de-lart-fete-la-mode-marocaine\/","name":"\u00c0 Fontainebleau : le festival de l'histoire de l'art f\u00eate la","isPartOf":{"@id":"http:\/\/monmaghreb.com\/#website"},"primaryImageOfPage":{"@id":"https:\/\/monmaghreb.com\/index.php\/2026\/09\/01\/a-fontainebleau-le-festival-de-lhistoire-de-lart-fete-la-mode-marocaine\/#primaryimage"},"image":{"@id":"https:\/\/monmaghreb.com\/index.php\/2026\/09\/01\/a-fontainebleau-le-festival-de-lhistoire-de-lart-fete-la-mode-marocaine\/#primaryimage"},"thumbnailUrl":"https:\/\/monmaghreb.com\/wp-content\/uploads\/2026\/09\/featured-10.jpg","datePublished":"2026-09-01T18:27:56+00:00","dateModified":"2026-09-01T18:28:05+00:00","description":"D\u00e9couvrez la mode marocaine au festival de l'histoire de l'art de Fontainebleau. Une exposition exceptionnelle. En savoir plus.","breadcrumb":{"@id":"https:\/\/monmaghreb.com\/index.php\/2026\/09\/01\/a-fontainebleau-le-festival-de-lhistoire-de-lart-fete-la-mode-marocaine\/#breadcrumb"},"inLanguage":"en-US","potentialAction":[{"@type":"ReadAction","target":["https:\/\/monmaghreb.com\/index.php\/2026\/09\/01\/a-fontainebleau-le-festival-de-lhistoire-de-lart-fete-la-mode-marocaine\/"]}]},{"@type":"ImageObject","inLanguage":"en-US","@id":"https:\/\/monmaghreb.com\/index.php\/2026\/09\/01\/a-fontainebleau-le-festival-de-lhistoire-de-lart-fete-la-mode-marocaine\/#primaryimage","url":"https:\/\/monmaghreb.com\/wp-content\/uploads\/2026\/09\/featured-10.jpg","contentUrl":"https:\/\/monmaghreb.com\/wp-content\/uploads\/2026\/09\/featured-10.jpg","width":1880,"height":1253,"caption":"Festival de l'histoire de l'art \u00e0 Fontainebleau : Marocaine mode exposition"},{"@type":"BreadcrumbList","@id":"https:\/\/monmaghreb.com\/index.php\/2026\/09\/01\/a-fontainebleau-le-festival-de-lhistoire-de-lart-fete-la-mode-marocaine\/#breadcrumb","itemListElement":[{"@type":"ListItem","position":1,"name":"Home","item":"http:\/\/monmaghreb.com\/"},{"@type":"ListItem","position":2,"name":"\u00c0 Fontainebleau : le festival de l&#8217;histoire de l&#8217;art f\u00eate la mode marocaine"}]},{"@type":"WebSite","@id":"http:\/\/monmaghreb.com\/#website","url":"http:\/\/monmaghreb.com\/","name":"Mon Maghreb","description":"MonMaghreb United","publisher":{"@id":"http:\/\/monmaghreb.com\/#organization"},"alternateName":"Le Monde du Maghreb et au del\u00e0","potentialAction":[{"@type":"SearchAction","target":{"@type":"EntryPoint","urlTemplate":"http:\/\/monmaghreb.com\/?s={search_term_string}"},"query-input":{"@type":"PropertyValueSpecification","valueRequired":true,"valueName":"search_term_string"}}],"inLanguage":"en-US"},{"@type":"Organization","@id":"http:\/\/monmaghreb.com\/#organization","name":"Mon Maghreb","url":"http:\/\/monmaghreb.com\/","logo":{"@type":"ImageObject","inLanguage":"en-US","@id":"http:\/\/monmaghreb.com\/#\/schema\/logo\/image\/","url":"https:\/\/monmaghreb.com\/wp-content\/uploads\/2025\/12\/Mon_Maghreb_Logo.jpg","contentUrl":"https:\/\/monmaghreb.com\/wp-content\/uploads\/2025\/12\/Mon_Maghreb_Logo.jpg","width":814,"height":374,"caption":"Mon Maghreb"},"image":{"@id":"http:\/\/monmaghreb.com\/#\/schema\/logo\/image\/"}},{"@type":"Person","@id":"http:\/\/monmaghreb.com\/#\/schema\/person\/c469a89dc8c6b8987dcb438b1200d054","name":"LaMagh","image":{"@type":"ImageObject","inLanguage":"en-US","@id":"https:\/\/secure.gravatar.com\/avatar\/399d8144bd55fba55e056779aca52fe528bac7911f6449e54d81173d6dfd7f0a?s=96&d=mm&r=g","url":"https:\/\/secure.gravatar.com\/avatar\/399d8144bd55fba55e056779aca52fe528bac7911f6449e54d81173d6dfd7f0a?s=96&d=mm&r=g","contentUrl":"https:\/\/secure.gravatar.com\/avatar\/399d8144bd55fba55e056779aca52fe528bac7911f6449e54d81173d6dfd7f0a?s=96&d=mm&r=g","caption":"LaMagh"},"sameAs":["https:\/\/monmaghreb.com","https:\/\/www.facebook.com\/monmaghrebcom","https:\/\/x.com\/MMaghreb50977"],"url":"https:\/\/monmaghreb.com\/index.php\/author\/lamagh\/"}]}},"_links":{"self":[{"href":"https:\/\/monmaghreb.com\/index.php\/wp-json\/wp\/v2\/posts\/9518","targetHints":{"allow":["GET"]}}],"collection":[{"href":"https:\/\/monmaghreb.com\/index.php\/wp-json\/wp\/v2\/posts"}],"about":[{"href":"https:\/\/monmaghreb.com\/index.php\/wp-json\/wp\/v2\/types\/post"}],"author":[{"embeddable":true,"href":"https:\/\/monmaghreb.com\/index.php\/wp-json\/wp\/v2\/users\/1"}],"replies":[{"embeddable":true,"href":"https:\/\/monmaghreb.com\/index.php\/wp-json\/wp\/v2\/comments?post=9518"}],"version-history":[{"count":1,"href":"https:\/\/monmaghreb.com\/index.php\/wp-json\/wp\/v2\/posts\/9518\/revisions"}],"predecessor-version":[{"id":9519,"href":"https:\/\/monmaghreb.com\/index.php\/wp-json\/wp\/v2\/posts\/9518\/revisions\/9519"}],"wp:featuredmedia":[{"embeddable":true,"href":"https:\/\/monmaghreb.com\/index.php\/wp-json\/wp\/v2\/media\/9517"}],"wp:attachment":[{"href":"https:\/\/monmaghreb.com\/index.php\/wp-json\/wp\/v2\/media?parent=9518"}],"wp:term":[{"taxonomy":"category","embeddable":true,"href":"https:\/\/monmaghreb.com\/index.php\/wp-json\/wp\/v2\/categories?post=9518"},{"taxonomy":"post_tag","embeddable":true,"href":"https:\/\/monmaghreb.com\/index.php\/wp-json\/wp\/v2\/tags?post=9518"}],"curies":[{"name":"wp","href":"https:\/\/api.w.org\/{rel}","templated":true}]}}