
{"id":9536,"date":"2026-09-03T10:59:53","date_gmt":"2026-09-03T10:59:53","guid":{"rendered":"https:\/\/monmaghreb.com\/index.php\/2026\/09\/03\/le-mot-maghrebin-utilise-comme-couvercle-pose-sur-algerien-analyse-culturelle\/"},"modified":"2026-09-03T11:00:03","modified_gmt":"2026-09-03T11:00:03","slug":"le-mot-maghrebin-utilise-comme-couvercle-pose-sur-algerien-analyse-culturelle","status":"publish","type":"post","link":"https:\/\/monmaghreb.com\/index.php\/2026\/09\/03\/le-mot-maghrebin-utilise-comme-couvercle-pose-sur-algerien-analyse-culturelle\/","title":{"rendered":"Le mot \u00ab maghr\u00e9bin \u00bb utilis\u00e9 comme couvercle pos\u00e9 sur \u00ab alg\u00e9rien \u00bb : analyse culturelle"},"content":{"rendered":"<h1>Le mot \u00ab maghr\u00e9bin \u00bb utilis\u00e9 comme couvercle pos\u00e9 sur \u00ab alg\u00e9rien \u00bb : analyse culturelle<\/h1>\n<p>Dans le monde de la diaspora, il est crucial de comprendre les implications culturelles du terme \u00ab maghr\u00e9bin \u00bb, qui fait r\u00e9f\u00e9rence \u00e0 l&#8217;ensemble des pays du Maghreb, mais qui est souvent utilis\u00e9 comme couvercle pos\u00e9 sur l&#8217;identit\u00e9 alg\u00e9rienne. Cette pratique peut avoir des cons\u00e9quences importantes sur la fa\u00e7on dont les alg\u00e9riens sont per\u00e7us et comment ils se per\u00e7oivent eux-m\u00eames.<\/p>\n<h2>Historique du terme \u00ab maghr\u00e9bin \u00bb<\/h2>\n<p>Le mot \u00ab maghr\u00e9bin \u00bb a ses origines dans l&#8217;arabe classique et a \u00e9t\u00e9 utilis\u00e9 pour la premi\u00e8re fois par les Arabes musulmans pour d\u00e9crire la r\u00e9gion du Maghreb, qui comprenait \u00e0 l&#8217;\u00e9poque la Mauritanie, le Maroc, l&#8217;Alg\u00e9rie, la Tunisie et la Libye. Au fil du temps, le mot \u00ab maghr\u00e9bin \u00bb est devenu une appellation courante pour d\u00e9signer les personnes originaires de ces pays. Cependant, il est important de noter que ce terme peut avoir des connotations diff\u00e9rentes en fonction du contexte et de la culture.<\/p>\n<p>Par exemple, dans le contexte de la diaspora, le mot \u00ab maghr\u00e9bin \u00bb peut \u00eatre utilis\u00e9 pour d\u00e9signer des personnes d&#8217;origine alg\u00e9rienne, mais il peut \u00e9galement \u00eatre utilis\u00e9 pour d\u00e9crire les cultures et les <a href=\"https:\/\/monmaghreb.com\/index.php\/2026\/08\/27\/celebrer-le-nouvel-an-berbere-yennayer-une-fete-de-culture-et-de-traditions-a-ne-manquer-pas\/\" title=\"C\u00e9l\u00e9brer le Nouvel An berb\u00e8re Yennayer : une f\u00eate de culture et de traditions \u00e0 ne manquer pas\">traditions<\/a> partag\u00e9es par les pays du Maghreb. Cependant, lorsque ce terme est utilis\u00e9 comme couvercle pos\u00e9 sur l&#8217;identit\u00e9 alg\u00e9rienne, il peut avoir des cons\u00e9quences n\u00e9gatives, comme l&#8217;invisibilisation de l&#8217;identit\u00e9 alg\u00e9rienne et l&#8217;effacement de ses sp\u00e9cificit\u00e9s culturelles.<\/p>\n<h2>L&#8217;utilisation du terme \u00ab maghr\u00e9bin \u00bb dans la diaspora<\/h2>\n<p>Les communaut\u00e9s de la diaspora alg\u00e9rienne sont souvent d\u00e9crites comme des communaut\u00e9s \u00ab maghr\u00e9bin \u00bb, qui partagent des valeurs, des traditions et des pratiques culturelles. Cependant, cette description peut \u00eatre r\u00e9ductrice et ne prendre pas en compte les sp\u00e9cificit\u00e9s culturelles et les particularit\u00e9s de chaque communaut\u00e9.<\/p>\n<p>Par exemple, les alg\u00e9riens de la diaspora peuvent partager des traditions et des valeurs avec les Marocains ou les Tunisiens, mais ils ont \u00e9galement leurs propres sp\u00e9cificit\u00e9s culturelles et leurs propres exp\u00e9riences historiques. L&#8217;utilisation du terme \u00ab maghr\u00e9bin \u00bb comme couvercle pos\u00e9 sur l&#8217;identit\u00e9 alg\u00e9rienne peut faire oublier ces sp\u00e9cificit\u00e9s et les particularit\u00e9s de chaque communaut\u00e9.<\/p>\n<h2>Les sp\u00e9cificit\u00e9s culturelles alg\u00e9riennes<\/h2>\n<p>L&#8217;Alg\u00e9rie poss\u00e8de une culture riche et vari\u00e9e, qui comprend des traditions, des coutumes et des pratiques qui sont uniques \u00e0 la r\u00e9gion. Les alg\u00e9riens sont connus pour leur hospitalit\u00e9, leur amour de la musique et de la danse, ainsi que leur passion pour les chevaux. Cependant, ces sp\u00e9cificit\u00e9s culturelles peuvent \u00eatre mal per\u00e7ues ou n\u00e9glig\u00e9es lorsque le terme \u00ab maghr\u00e9bin \u00bb est utilis\u00e9 comme couvercle pos\u00e9 sur l&#8217;identit\u00e9 alg\u00e9rienne.<\/p>\n<p>Par exemple, la musique alg\u00e9rienne est tr\u00e8s diversifi\u00e9e et comprend des styles tels que le rai, le chaabi et le malhoun. Cependant, lorsque le terme \u00ab maghr\u00e9bin \u00bb est utilis\u00e9, ces styles musicaux peuvent \u00eatre consid\u00e9r\u00e9s comme faisant partie de la culture maghr\u00e9bine en g\u00e9n\u00e9ral, au lieu de \u00eatre reconnus comme faisant partie de la culture alg\u00e9rienne en particulier.<\/p>\n<h2>L&#8217;influence de l&#8217;islam sur l&#8217;identit\u00e9 alg\u00e9rienne<\/h2>\n<p>L&#8217;islam est une composante importante de l&#8217;identit\u00e9 alg\u00e9rienne, puisque la plupart des alg\u00e9riens sont musulmans et que la religion est fortement int\u00e9gr\u00e9e \u00e0 la vie quotidienne et \u00e0 la culture de la nation. Cependant, dans le contexte de la diaspora, l&#8217;islam peut \u00eatre utilis\u00e9 pour d\u00e9signer des personnes d&#8217;origine alg\u00e9rienne, ce qui peut avoir des cons\u00e9quences n\u00e9gatives sur la fa\u00e7on dont ces personnes sont per\u00e7ues et comment ils se per\u00e7oivent eux-m\u00eames.<\/p>\n<p>Par exemple, l&#8217;islam peut \u00eatre utilis\u00e9 comme un crit\u00e8re pour juger les alg\u00e9riens de la diaspora, qui peuvent \u00eatre consid\u00e9r\u00e9s comme plus ou moins musulmans ou plus ou moins arabes. Cela peut avoir des cons\u00e9quences n\u00e9gatives, comme l&#8217;exclusion ou la marginalisation de certaines personnes qui ne r\u00e9pondent pas \u00e0 ces crit\u00e8res.<\/p>\n<h2>L&#8217;appel \u00e0 l&#8217;action<\/h2>\n<p>Dans ce contexte, il est important de promouvoir une meilleure compr\u00e9hension de l&#8217;identit\u00e9 alg\u00e9rienne et de l&#8217;histoire de la nation. Cela peut \u00eatre fait en encourageant la production et la diffusion de contenu qui met en \u00e9vidence les sp\u00e9cificit\u00e9s culturelles alg\u00e9riennes et en promoteur la diversit\u00e9 culturelle dans la diaspora.<\/p>\n<p>En encourageant la tol\u00e9rance et l&#8217;acceptation de la diversit\u00e9 culturelle, nous pouvons faire progresser la compr\u00e9hension et la compr\u00e9hension mutuelle entre les alg\u00e9riens de la diaspora et les communaut\u00e9s locales. Il est \u00e9galement important de promouvoir la diversit\u00e9 culturelle et de c\u00e9l\u00e9brer les sp\u00e9cificit\u00e9s culturelles alg\u00e9riennes, au lieu de les effacer sous le terme plus large de \u00ab maghr\u00e9bin \u00bb.<\/p>\n<div style=\"background:#f8f9fa;border-left:4px solid #0066cc;border-radius:6px;padding:20px 24px;margin:32px 0;\">\n<p style=\"font-size:13px;color:#888;text-transform:uppercase;letter-spacing:0.8px;margin:0 0 6px 0;\">Vous pourriez aussi aimer<\/p>\n<h3 style=\"font-size:18px;margin:0 0 14px 0;color:#222;\">Articles similaires<\/h3>\n<ul style=\"margin:0;padding-left:20px;list-style:disc;\">\n<li style=\"margin-bottom:10px;\"><a href=\"https:\/\/monmaghreb.com\/index.php\/2026\/08\/27\/celebrer-le-nouvel-an-berbere-yennayer-une-fete-de-culture-et-de-traditions-a-ne-manquer-pas\/\" style=\"color:#0066cc;text-decoration:none;font-weight:500;\" title=\"C\u00e9l\u00e9brer le Nouvel An berb\u00e8re Yennayer : une f\u00eate de culture et de traditions \u00e0 ne manquer pas\">C\u00e9l\u00e9brer le Nouvel An berb\u00e8re Yennayer : une f\u00eate de culture et de traditions \u00e0 ne manquer pas<\/a><\/li>\n<li style=\"margin-bottom:10px;\"><a href=\"https:\/\/monmaghreb.com\/index.php\/2026\/08\/31\/concept-stores-africains-a-paris-ou-decouvrir-le-design-du-maghreb\/\" style=\"color:#0066cc;text-decoration:none;font-weight:500;\" title=\"Concept stores africains \u00e0 Paris : o\u00f9 d\u00e9couvrir le design du Maghreb\">Concept stores africains \u00e0 Paris : o\u00f9 d\u00e9couvrir le design du Maghreb<\/a><\/li>\n<li style=\"margin-bottom:10px;\"><a href=\"https:\/\/monmaghreb.com\/index.php\/2026\/08\/29\/plantes-medicinales-au-maghreb-guide-complet-pour-soins-de-base\/\" style=\"color:#0066cc;text-decoration:none;font-weight:500;\" title=\"Plantes m\u00e9dicinales au Maghreb : guide complet pour soins de base\">Plantes m\u00e9dicinales au Maghreb : guide complet pour soins de base<\/a><\/li>\n<li style=\"margin-bottom:10px;\"><a href=\"https:\/\/monmaghreb.com\/index.php\/2026\/08\/29\/celebration-de-la-culture-berbere-lexposition-de-zahira-tigtate-a-drancy\/\" style=\"color:#0066cc;text-decoration:none;font-weight:500;\" title=\"C\u00e9l\u00e9bration de la culture berb\u00e8re : l&#8217;exposition de Zahira Tigtate \u00e0 Drancy\">C\u00e9l\u00e9bration de la culture berb\u00e8re : l&#8217;exposition de Zahira Tigtate \u00e0 Drancy<\/a><\/li>\n<li style=\"margin-bottom:10px;\"><a href=\"https:\/\/monmaghreb.com\/index.php\/2026\/08\/29\/carole-bouquet-et-la-perle-noire-de-la-mediterranee-un-lieu-idyllique-dete-pour-les-lecteurs-maghrebins-de-la-diaspora\/\" style=\"color:#0066cc;text-decoration:none;font-weight:500;\" title=\"Carole Bouquet et la Perle noire de la M\u00e9diterran\u00e9e : un lieu idyllique d&#8217;\u00e9t\u00e9 pour les lecteurs maghr\u00e9bins de la diaspora\">Carole Bouquet et la Perle noire de la M\u00e9diterran\u00e9e : un lieu idyllique d&#8217;\u00e9t\u00e9 pour les lecteurs maghr\u00e9bins de la diaspora<\/a><\/li>\n<\/ul>\n<\/div>\n","protected":false},"excerpt":{"rendered":"<p>Analyse culturelle du mot \u00ab maghr\u00e9bin \u00bb utilis\u00e9 comme couvercle pos\u00e9 sur \u00ab alg\u00e9rien \u00bb : implications et cons\u00e9quences sur la fa\u00e7on dont les alg\u00e9riens sont per\u00e7us<\/p>\n","protected":false},"author":1,"featured_media":9535,"comment_status":"closed","ping_status":"open","sticky":false,"template":"","format":"standard","meta":{"_yoast_wpseo_canonical":"","_yoast_wpseo_opengraph-title":"Le mot \u00ab maghr\u00e9bin \u00bb utilis\u00e9 comme couvercle pos\u00e9 sur \u00ab alg\u00e9rien \u00bb : analyse culturelle","_yoast_wpseo_opengraph-description":"Analyse culturelle du mot \u00ab maghr\u00e9bin \u00bb utilis\u00e9 comme couvercle pos\u00e9 sur \u00ab alg\u00e9rien \u00bb : implications et cons\u00e9quences sur la fa\u00e7on dont les alg\u00e9riens sont per\u00e7us","_yoast_wpseo_opengraph-image":"","tdm_status":"","tdm_grid_status":"","footnotes":""},"categories":[508],"tags":[3374,4805,3578,2547,5231],"class_list":["post-9536","post","type-post","status-publish","format-standard","has-post-thumbnail","hentry","category-algerie","tag-africa-diaspora","tag-analyse-du-tourisme","tag-cuisine-et-culture-maghrebine","tag-identite-algerienne","tag-perception-culturelle"],"yoast_head":"<!-- This site is optimized with the Yoast SEO plugin v28.4 - https:\/\/yoast.com\/product\/yoast-seo-wordpress\/ -->\n<title>Le mot \u00ab maghr\u00e9bin \u00bb utilis\u00e9 comme couvercle pos\u00e9 sur \u00ab alg\u00e9<\/title>\n<meta name=\"description\" content=\"Analyse culturelle du mot \u00ab maghr\u00e9bin \u00bb utilis\u00e9 comme couvercle pos\u00e9 sur \u00ab alg\u00e9rien \u00bb : implications et cons\u00e9quences sur la fa\u00e7on dont les alg\u00e9riens sont per\u00e7us\" \/>\n<meta name=\"robots\" content=\"index, follow, max-snippet:-1, max-image-preview:large, max-video-preview:-1\" \/>\n<link rel=\"canonical\" href=\"https:\/\/monmaghreb.com\/index.php\/2026\/09\/03\/le-mot-maghrebin-utilise-comme-couvercle-pose-sur-algerien-analyse-culturelle\/\" \/>\n<meta property=\"og:locale\" content=\"en_US\" \/>\n<meta property=\"og:type\" content=\"article\" \/>\n<meta property=\"og:title\" content=\"Le mot \u00ab maghr\u00e9bin \u00bb utilis\u00e9 comme couvercle pos\u00e9 sur \u00ab alg\u00e9rien \u00bb : analyse culturelle\" \/>\n<meta property=\"og:description\" content=\"Analyse culturelle du mot \u00ab maghr\u00e9bin \u00bb utilis\u00e9 comme couvercle pos\u00e9 sur \u00ab alg\u00e9rien \u00bb : implications et cons\u00e9quences sur la fa\u00e7on dont les alg\u00e9riens sont per\u00e7us\" \/>\n<meta property=\"og:url\" content=\"https:\/\/monmaghreb.com\/index.php\/2026\/09\/03\/le-mot-maghrebin-utilise-comme-couvercle-pose-sur-algerien-analyse-culturelle\/\" \/>\n<meta property=\"og:site_name\" content=\"Mon Maghreb\" \/>\n<meta property=\"article:author\" content=\"https:\/\/www.facebook.com\/monmaghrebcom\" \/>\n<meta property=\"article:published_time\" content=\"2026-09-03T10:59:53+00:00\" \/>\n<meta property=\"article:modified_time\" content=\"2026-09-03T11:00:03+00:00\" \/>\n<meta property=\"og:image\" content=\"https:\/\/monmaghreb.com\/wp-content\/uploads\/2026\/09\/featured-16.jpg\" \/>\n\t<meta property=\"og:image:width\" content=\"1880\" \/>\n\t<meta property=\"og:image:height\" content=\"1058\" \/>\n\t<meta property=\"og:image:type\" content=\"image\/jpeg\" \/>\n<meta name=\"author\" content=\"LaMagh\" \/>\n<meta name=\"twitter:card\" content=\"summary_large_image\" \/>\n<meta name=\"twitter:creator\" content=\"@MMaghreb50977\" \/>\n<meta name=\"twitter:label1\" content=\"Written by\" \/>\n\t<meta name=\"twitter:data1\" content=\"LaMagh\" \/>\n\t<meta name=\"twitter:label2\" content=\"Est. reading time\" \/>\n\t<meta name=\"twitter:data2\" content=\"4 minutes\" \/>\n<script type=\"application\/ld+json\" class=\"yoast-schema-graph\">{\"@context\":\"https:\\\/\\\/schema.org\",\"@graph\":[{\"@type\":\"Article\",\"@id\":\"https:\\\/\\\/monmaghreb.com\\\/index.php\\\/2026\\\/09\\\/03\\\/le-mot-maghrebin-utilise-comme-couvercle-pose-sur-algerien-analyse-culturelle\\\/#article\",\"isPartOf\":{\"@id\":\"https:\\\/\\\/monmaghreb.com\\\/index.php\\\/2026\\\/09\\\/03\\\/le-mot-maghrebin-utilise-comme-couvercle-pose-sur-algerien-analyse-culturelle\\\/\"},\"author\":{\"name\":\"LaMagh\",\"@id\":\"http:\\\/\\\/monmaghreb.com\\\/#\\\/schema\\\/person\\\/c469a89dc8c6b8987dcb438b1200d054\"},\"headline\":\"Le mot \u00ab maghr\u00e9bin \u00bb utilis\u00e9 comme couvercle pos\u00e9 sur \u00ab alg\u00e9rien \u00bb : analyse culturelle\",\"datePublished\":\"2026-09-03T10:59:53+00:00\",\"dateModified\":\"2026-09-03T11:00:03+00:00\",\"mainEntityOfPage\":{\"@id\":\"https:\\\/\\\/monmaghreb.com\\\/index.php\\\/2026\\\/09\\\/03\\\/le-mot-maghrebin-utilise-comme-couvercle-pose-sur-algerien-analyse-culturelle\\\/\"},\"wordCount\":930,\"publisher\":{\"@id\":\"http:\\\/\\\/monmaghreb.com\\\/#organization\"},\"image\":{\"@id\":\"https:\\\/\\\/monmaghreb.com\\\/index.php\\\/2026\\\/09\\\/03\\\/le-mot-maghrebin-utilise-comme-couvercle-pose-sur-algerien-analyse-culturelle\\\/#primaryimage\"},\"thumbnailUrl\":\"https:\\\/\\\/monmaghreb.com\\\/wp-content\\\/uploads\\\/2026\\\/09\\\/featured-16.jpg\",\"keywords\":[\"africa diaspora\",\"analyse du tourisme\",\"cuisine et culture maghr\u00e9bine\",\"identit\u00e9 alg\u00e9rienne\",\"perception culturelle\"],\"articleSection\":[\"Alg\u00e9rie\"],\"inLanguage\":\"en-US\"},{\"@type\":\"WebPage\",\"@id\":\"https:\\\/\\\/monmaghreb.com\\\/index.php\\\/2026\\\/09\\\/03\\\/le-mot-maghrebin-utilise-comme-couvercle-pose-sur-algerien-analyse-culturelle\\\/\",\"url\":\"https:\\\/\\\/monmaghreb.com\\\/index.php\\\/2026\\\/09\\\/03\\\/le-mot-maghrebin-utilise-comme-couvercle-pose-sur-algerien-analyse-culturelle\\\/\",\"name\":\"Le mot \u00ab maghr\u00e9bin \u00bb utilis\u00e9 comme couvercle pos\u00e9 sur \u00ab alg\u00e9\",\"isPartOf\":{\"@id\":\"http:\\\/\\\/monmaghreb.com\\\/#website\"},\"primaryImageOfPage\":{\"@id\":\"https:\\\/\\\/monmaghreb.com\\\/index.php\\\/2026\\\/09\\\/03\\\/le-mot-maghrebin-utilise-comme-couvercle-pose-sur-algerien-analyse-culturelle\\\/#primaryimage\"},\"image\":{\"@id\":\"https:\\\/\\\/monmaghreb.com\\\/index.php\\\/2026\\\/09\\\/03\\\/le-mot-maghrebin-utilise-comme-couvercle-pose-sur-algerien-analyse-culturelle\\\/#primaryimage\"},\"thumbnailUrl\":\"https:\\\/\\\/monmaghreb.com\\\/wp-content\\\/uploads\\\/2026\\\/09\\\/featured-16.jpg\",\"datePublished\":\"2026-09-03T10:59:53+00:00\",\"dateModified\":\"2026-09-03T11:00:03+00:00\",\"description\":\"Analyse culturelle du mot \u00ab maghr\u00e9bin \u00bb utilis\u00e9 comme couvercle pos\u00e9 sur \u00ab alg\u00e9rien \u00bb : implications et cons\u00e9quences sur la fa\u00e7on dont les alg\u00e9riens sont per\u00e7us\",\"breadcrumb\":{\"@id\":\"https:\\\/\\\/monmaghreb.com\\\/index.php\\\/2026\\\/09\\\/03\\\/le-mot-maghrebin-utilise-comme-couvercle-pose-sur-algerien-analyse-culturelle\\\/#breadcrumb\"},\"inLanguage\":\"en-US\",\"potentialAction\":[{\"@type\":\"ReadAction\",\"target\":[\"https:\\\/\\\/monmaghreb.com\\\/index.php\\\/2026\\\/09\\\/03\\\/le-mot-maghrebin-utilise-comme-couvercle-pose-sur-algerien-analyse-culturelle\\\/\"]}]},{\"@type\":\"ImageObject\",\"inLanguage\":\"en-US\",\"@id\":\"https:\\\/\\\/monmaghreb.com\\\/index.php\\\/2026\\\/09\\\/03\\\/le-mot-maghrebin-utilise-comme-couvercle-pose-sur-algerien-analyse-culturelle\\\/#primaryimage\",\"url\":\"https:\\\/\\\/monmaghreb.com\\\/wp-content\\\/uploads\\\/2026\\\/09\\\/featured-16.jpg\",\"contentUrl\":\"https:\\\/\\\/monmaghreb.com\\\/wp-content\\\/uploads\\\/2026\\\/09\\\/featured-16.jpg\",\"width\":1880,\"height\":1058,\"caption\":\"Groupe d'alg\u00e9riens discutant de l'utilisation du terme \u00ab maghr\u00e9bin \u00bb\"},{\"@type\":\"BreadcrumbList\",\"@id\":\"https:\\\/\\\/monmaghreb.com\\\/index.php\\\/2026\\\/09\\\/03\\\/le-mot-maghrebin-utilise-comme-couvercle-pose-sur-algerien-analyse-culturelle\\\/#breadcrumb\",\"itemListElement\":[{\"@type\":\"ListItem\",\"position\":1,\"name\":\"Home\",\"item\":\"http:\\\/\\\/monmaghreb.com\\\/\"},{\"@type\":\"ListItem\",\"position\":2,\"name\":\"Le mot \u00ab maghr\u00e9bin \u00bb utilis\u00e9 comme couvercle pos\u00e9 sur \u00ab alg\u00e9rien \u00bb : analyse culturelle\"}]},{\"@type\":\"WebSite\",\"@id\":\"http:\\\/\\\/monmaghreb.com\\\/#website\",\"url\":\"http:\\\/\\\/monmaghreb.com\\\/\",\"name\":\"Mon Maghreb\",\"description\":\"MonMaghreb United\",\"publisher\":{\"@id\":\"http:\\\/\\\/monmaghreb.com\\\/#organization\"},\"alternateName\":\"Le Monde du Maghreb et au del\u00e0\",\"potentialAction\":[{\"@type\":\"SearchAction\",\"target\":{\"@type\":\"EntryPoint\",\"urlTemplate\":\"http:\\\/\\\/monmaghreb.com\\\/?s={search_term_string}\"},\"query-input\":{\"@type\":\"PropertyValueSpecification\",\"valueRequired\":true,\"valueName\":\"search_term_string\"}}],\"inLanguage\":\"en-US\"},{\"@type\":\"Organization\",\"@id\":\"http:\\\/\\\/monmaghreb.com\\\/#organization\",\"name\":\"Mon Maghreb\",\"url\":\"http:\\\/\\\/monmaghreb.com\\\/\",\"logo\":{\"@type\":\"ImageObject\",\"inLanguage\":\"en-US\",\"@id\":\"http:\\\/\\\/monmaghreb.com\\\/#\\\/schema\\\/logo\\\/image\\\/\",\"url\":\"https:\\\/\\\/monmaghreb.com\\\/wp-content\\\/uploads\\\/2025\\\/12\\\/Mon_Maghreb_Logo.jpg\",\"contentUrl\":\"https:\\\/\\\/monmaghreb.com\\\/wp-content\\\/uploads\\\/2025\\\/12\\\/Mon_Maghreb_Logo.jpg\",\"width\":814,\"height\":374,\"caption\":\"Mon Maghreb\"},\"image\":{\"@id\":\"http:\\\/\\\/monmaghreb.com\\\/#\\\/schema\\\/logo\\\/image\\\/\"}},{\"@type\":\"Person\",\"@id\":\"http:\\\/\\\/monmaghreb.com\\\/#\\\/schema\\\/person\\\/c469a89dc8c6b8987dcb438b1200d054\",\"name\":\"LaMagh\",\"image\":{\"@type\":\"ImageObject\",\"inLanguage\":\"en-US\",\"@id\":\"https:\\\/\\\/secure.gravatar.com\\\/avatar\\\/399d8144bd55fba55e056779aca52fe528bac7911f6449e54d81173d6dfd7f0a?s=96&d=mm&r=g\",\"url\":\"https:\\\/\\\/secure.gravatar.com\\\/avatar\\\/399d8144bd55fba55e056779aca52fe528bac7911f6449e54d81173d6dfd7f0a?s=96&d=mm&r=g\",\"contentUrl\":\"https:\\\/\\\/secure.gravatar.com\\\/avatar\\\/399d8144bd55fba55e056779aca52fe528bac7911f6449e54d81173d6dfd7f0a?s=96&d=mm&r=g\",\"caption\":\"LaMagh\"},\"sameAs\":[\"https:\\\/\\\/monmaghreb.com\",\"https:\\\/\\\/www.facebook.com\\\/monmaghrebcom\",\"https:\\\/\\\/x.com\\\/MMaghreb50977\"],\"url\":\"https:\\\/\\\/monmaghreb.com\\\/index.php\\\/author\\\/lamagh\\\/\"}]}<\/script>\n<!-- \/ Yoast SEO plugin. -->","yoast_head_json":{"title":"Le mot \u00ab maghr\u00e9bin \u00bb utilis\u00e9 comme couvercle pos\u00e9 sur \u00ab alg\u00e9","description":"Analyse culturelle du mot \u00ab maghr\u00e9bin \u00bb utilis\u00e9 comme couvercle pos\u00e9 sur \u00ab alg\u00e9rien \u00bb : implications et cons\u00e9quences sur la fa\u00e7on dont les alg\u00e9riens sont per\u00e7us","robots":{"index":"index","follow":"follow","max-snippet":"max-snippet:-1","max-image-preview":"max-image-preview:large","max-video-preview":"max-video-preview:-1"},"canonical":"https:\/\/monmaghreb.com\/index.php\/2026\/09\/03\/le-mot-maghrebin-utilise-comme-couvercle-pose-sur-algerien-analyse-culturelle\/","og_locale":"en_US","og_type":"article","og_title":"Le mot \u00ab maghr\u00e9bin \u00bb utilis\u00e9 comme couvercle pos\u00e9 sur \u00ab alg\u00e9rien \u00bb : analyse culturelle","og_description":"Analyse culturelle du mot \u00ab maghr\u00e9bin \u00bb utilis\u00e9 comme couvercle pos\u00e9 sur \u00ab alg\u00e9rien \u00bb : implications et cons\u00e9quences sur la fa\u00e7on dont les alg\u00e9riens sont per\u00e7us","og_url":"https:\/\/monmaghreb.com\/index.php\/2026\/09\/03\/le-mot-maghrebin-utilise-comme-couvercle-pose-sur-algerien-analyse-culturelle\/","og_site_name":"Mon Maghreb","article_author":"https:\/\/www.facebook.com\/monmaghrebcom","article_published_time":"2026-09-03T10:59:53+00:00","article_modified_time":"2026-09-03T11:00:03+00:00","og_image":[{"width":1880,"height":1058,"url":"https:\/\/monmaghreb.com\/wp-content\/uploads\/2026\/09\/featured-16.jpg","type":"image\/jpeg"}],"author":"LaMagh","twitter_card":"summary_large_image","twitter_creator":"@MMaghreb50977","twitter_misc":{"Written by":"LaMagh","Est. reading time":"4 minutes"},"schema":{"@context":"https:\/\/schema.org","@graph":[{"@type":"Article","@id":"https:\/\/monmaghreb.com\/index.php\/2026\/09\/03\/le-mot-maghrebin-utilise-comme-couvercle-pose-sur-algerien-analyse-culturelle\/#article","isPartOf":{"@id":"https:\/\/monmaghreb.com\/index.php\/2026\/09\/03\/le-mot-maghrebin-utilise-comme-couvercle-pose-sur-algerien-analyse-culturelle\/"},"author":{"name":"LaMagh","@id":"http:\/\/monmaghreb.com\/#\/schema\/person\/c469a89dc8c6b8987dcb438b1200d054"},"headline":"Le mot \u00ab maghr\u00e9bin \u00bb utilis\u00e9 comme couvercle pos\u00e9 sur \u00ab alg\u00e9rien \u00bb : analyse culturelle","datePublished":"2026-09-03T10:59:53+00:00","dateModified":"2026-09-03T11:00:03+00:00","mainEntityOfPage":{"@id":"https:\/\/monmaghreb.com\/index.php\/2026\/09\/03\/le-mot-maghrebin-utilise-comme-couvercle-pose-sur-algerien-analyse-culturelle\/"},"wordCount":930,"publisher":{"@id":"http:\/\/monmaghreb.com\/#organization"},"image":{"@id":"https:\/\/monmaghreb.com\/index.php\/2026\/09\/03\/le-mot-maghrebin-utilise-comme-couvercle-pose-sur-algerien-analyse-culturelle\/#primaryimage"},"thumbnailUrl":"https:\/\/monmaghreb.com\/wp-content\/uploads\/2026\/09\/featured-16.jpg","keywords":["africa diaspora","analyse du tourisme","cuisine et culture maghr\u00e9bine","identit\u00e9 alg\u00e9rienne","perception culturelle"],"articleSection":["Alg\u00e9rie"],"inLanguage":"en-US"},{"@type":"WebPage","@id":"https:\/\/monmaghreb.com\/index.php\/2026\/09\/03\/le-mot-maghrebin-utilise-comme-couvercle-pose-sur-algerien-analyse-culturelle\/","url":"https:\/\/monmaghreb.com\/index.php\/2026\/09\/03\/le-mot-maghrebin-utilise-comme-couvercle-pose-sur-algerien-analyse-culturelle\/","name":"Le mot \u00ab maghr\u00e9bin \u00bb utilis\u00e9 comme couvercle pos\u00e9 sur \u00ab alg\u00e9","isPartOf":{"@id":"http:\/\/monmaghreb.com\/#website"},"primaryImageOfPage":{"@id":"https:\/\/monmaghreb.com\/index.php\/2026\/09\/03\/le-mot-maghrebin-utilise-comme-couvercle-pose-sur-algerien-analyse-culturelle\/#primaryimage"},"image":{"@id":"https:\/\/monmaghreb.com\/index.php\/2026\/09\/03\/le-mot-maghrebin-utilise-comme-couvercle-pose-sur-algerien-analyse-culturelle\/#primaryimage"},"thumbnailUrl":"https:\/\/monmaghreb.com\/wp-content\/uploads\/2026\/09\/featured-16.jpg","datePublished":"2026-09-03T10:59:53+00:00","dateModified":"2026-09-03T11:00:03+00:00","description":"Analyse culturelle du mot \u00ab maghr\u00e9bin \u00bb utilis\u00e9 comme couvercle pos\u00e9 sur \u00ab alg\u00e9rien \u00bb : implications et cons\u00e9quences sur la fa\u00e7on dont les alg\u00e9riens sont per\u00e7us","breadcrumb":{"@id":"https:\/\/monmaghreb.com\/index.php\/2026\/09\/03\/le-mot-maghrebin-utilise-comme-couvercle-pose-sur-algerien-analyse-culturelle\/#breadcrumb"},"inLanguage":"en-US","potentialAction":[{"@type":"ReadAction","target":["https:\/\/monmaghreb.com\/index.php\/2026\/09\/03\/le-mot-maghrebin-utilise-comme-couvercle-pose-sur-algerien-analyse-culturelle\/"]}]},{"@type":"ImageObject","inLanguage":"en-US","@id":"https:\/\/monmaghreb.com\/index.php\/2026\/09\/03\/le-mot-maghrebin-utilise-comme-couvercle-pose-sur-algerien-analyse-culturelle\/#primaryimage","url":"https:\/\/monmaghreb.com\/wp-content\/uploads\/2026\/09\/featured-16.jpg","contentUrl":"https:\/\/monmaghreb.com\/wp-content\/uploads\/2026\/09\/featured-16.jpg","width":1880,"height":1058,"caption":"Groupe d'alg\u00e9riens discutant de l'utilisation du terme \u00ab maghr\u00e9bin \u00bb"},{"@type":"BreadcrumbList","@id":"https:\/\/monmaghreb.com\/index.php\/2026\/09\/03\/le-mot-maghrebin-utilise-comme-couvercle-pose-sur-algerien-analyse-culturelle\/#breadcrumb","itemListElement":[{"@type":"ListItem","position":1,"name":"Home","item":"http:\/\/monmaghreb.com\/"},{"@type":"ListItem","position":2,"name":"Le mot \u00ab maghr\u00e9bin \u00bb utilis\u00e9 comme couvercle pos\u00e9 sur \u00ab alg\u00e9rien \u00bb : analyse culturelle"}]},{"@type":"WebSite","@id":"http:\/\/monmaghreb.com\/#website","url":"http:\/\/monmaghreb.com\/","name":"Mon Maghreb","description":"MonMaghreb United","publisher":{"@id":"http:\/\/monmaghreb.com\/#organization"},"alternateName":"Le Monde du Maghreb et au del\u00e0","potentialAction":[{"@type":"SearchAction","target":{"@type":"EntryPoint","urlTemplate":"http:\/\/monmaghreb.com\/?s={search_term_string}"},"query-input":{"@type":"PropertyValueSpecification","valueRequired":true,"valueName":"search_term_string"}}],"inLanguage":"en-US"},{"@type":"Organization","@id":"http:\/\/monmaghreb.com\/#organization","name":"Mon Maghreb","url":"http:\/\/monmaghreb.com\/","logo":{"@type":"ImageObject","inLanguage":"en-US","@id":"http:\/\/monmaghreb.com\/#\/schema\/logo\/image\/","url":"https:\/\/monmaghreb.com\/wp-content\/uploads\/2025\/12\/Mon_Maghreb_Logo.jpg","contentUrl":"https:\/\/monmaghreb.com\/wp-content\/uploads\/2025\/12\/Mon_Maghreb_Logo.jpg","width":814,"height":374,"caption":"Mon Maghreb"},"image":{"@id":"http:\/\/monmaghreb.com\/#\/schema\/logo\/image\/"}},{"@type":"Person","@id":"http:\/\/monmaghreb.com\/#\/schema\/person\/c469a89dc8c6b8987dcb438b1200d054","name":"LaMagh","image":{"@type":"ImageObject","inLanguage":"en-US","@id":"https:\/\/secure.gravatar.com\/avatar\/399d8144bd55fba55e056779aca52fe528bac7911f6449e54d81173d6dfd7f0a?s=96&d=mm&r=g","url":"https:\/\/secure.gravatar.com\/avatar\/399d8144bd55fba55e056779aca52fe528bac7911f6449e54d81173d6dfd7f0a?s=96&d=mm&r=g","contentUrl":"https:\/\/secure.gravatar.com\/avatar\/399d8144bd55fba55e056779aca52fe528bac7911f6449e54d81173d6dfd7f0a?s=96&d=mm&r=g","caption":"LaMagh"},"sameAs":["https:\/\/monmaghreb.com","https:\/\/www.facebook.com\/monmaghrebcom","https:\/\/x.com\/MMaghreb50977"],"url":"https:\/\/monmaghreb.com\/index.php\/author\/lamagh\/"}]}},"_links":{"self":[{"href":"https:\/\/monmaghreb.com\/index.php\/wp-json\/wp\/v2\/posts\/9536","targetHints":{"allow":["GET"]}}],"collection":[{"href":"https:\/\/monmaghreb.com\/index.php\/wp-json\/wp\/v2\/posts"}],"about":[{"href":"https:\/\/monmaghreb.com\/index.php\/wp-json\/wp\/v2\/types\/post"}],"author":[{"embeddable":true,"href":"https:\/\/monmaghreb.com\/index.php\/wp-json\/wp\/v2\/users\/1"}],"replies":[{"embeddable":true,"href":"https:\/\/monmaghreb.com\/index.php\/wp-json\/wp\/v2\/comments?post=9536"}],"version-history":[{"count":1,"href":"https:\/\/monmaghreb.com\/index.php\/wp-json\/wp\/v2\/posts\/9536\/revisions"}],"predecessor-version":[{"id":9537,"href":"https:\/\/monmaghreb.com\/index.php\/wp-json\/wp\/v2\/posts\/9536\/revisions\/9537"}],"wp:featuredmedia":[{"embeddable":true,"href":"https:\/\/monmaghreb.com\/index.php\/wp-json\/wp\/v2\/media\/9535"}],"wp:attachment":[{"href":"https:\/\/monmaghreb.com\/index.php\/wp-json\/wp\/v2\/media?parent=9536"}],"wp:term":[{"taxonomy":"category","embeddable":true,"href":"https:\/\/monmaghreb.com\/index.php\/wp-json\/wp\/v2\/categories?post=9536"},{"taxonomy":"post_tag","embeddable":true,"href":"https:\/\/monmaghreb.com\/index.php\/wp-json\/wp\/v2\/tags?post=9536"}],"curies":[{"name":"wp","href":"https:\/\/api.w.org\/{rel}","templated":true}]}}