
{"id":9554,"date":"2026-09-03T14:27:50","date_gmt":"2026-09-03T14:27:50","guid":{"rendered":"https:\/\/monmaghreb.com\/index.php\/2026\/09\/03\/la-fete-de-la-musique-2026-des-concerts-gratuits-a-la-cite-du-cinema\/"},"modified":"2026-09-03T14:28:01","modified_gmt":"2026-09-03T14:28:01","slug":"la-fete-de-la-musique-2026-des-concerts-gratuits-a-la-cite-du-cinema","status":"publish","type":"post","link":"https:\/\/monmaghreb.com\/index.php\/2026\/09\/03\/la-fete-de-la-musique-2026-des-concerts-gratuits-a-la-cite-du-cinema\/","title":{"rendered":"La F\u00eate de la Musique 2026 : des concerts gratuits \u00e0 la Cit\u00e9 du cin\u00e9ma"},"content":{"rendered":"<p><!DOCTYPE html><br \/>\n<html lang=\"fr\"><br \/>\n<head><br \/>\n    <meta charset=\"UTF-8\"><br \/>\n    <meta name=\"viewport\" content=\"width=device-width, initial-scale=1.0\"><br \/>\n    <title>La F\u00eate de la Musique 2026 : des concerts gratuits \u00e0 la Cit\u00e9 du cin\u00e9ma<\/title><br \/>\n<\/head><br \/>\n<body><\/p>\n<h1>La F\u00eate de la Musique 2026 : des concerts gratuits \u00e0 la Cit\u00e9 du cin\u00e9ma<\/h1>\n<h2>Quel est l&#8217;objet de la F\u00eate de la Musique 2026 ?<\/h2>\n<p>La F\u00eate de la Musique est un \u00e9v\u00e9nement annuel qui se d\u00e9roule depuis 1982 \u00e0 Paris et dans plus de 300 villes en France. En 2026, l&#8217;\u00e9v\u00e9nement revient apr\u00e8s une pause due \u00e0 la pand\u00e9mie de Covid-19, et il va de nouveau offrir des concerts gratuits dans la plupart des quartiers de la capitale, ainsi qu&#8217;\u00e0 la Cit\u00e9 du cin\u00e9ma \u00e0 Boulogne-Billancourt, une ville proche de Paris o\u00f9 se trouve une importante communaut\u00e9 maghr\u00e9bine de la diaspora. Cette communaut\u00e9 a toujours \u00e9t\u00e9 \u00e0 l&#8217;honneur lors de cette f\u00eate, qui vise \u00e0 c\u00e9l\u00e9brer la diversit\u00e9 culturelle et musicale de la France.<\/p>\n<p>Il est important de noter que l&#8217;\u00e9v\u00e9nement a une longue tradition, et qu&#8217;il a toujours \u00e9t\u00e9 un moment unique pour les musiciens amateurs et professionnels de se produire devant un public large. Depuis sa cr\u00e9ation, la F\u00eate de la Musique a permis \u00e0 de nombreux artistes de se faire conna\u00eetre, et de nombreux talents ont \u00e9t\u00e9 d\u00e9couverts lors de cet \u00e9v\u00e9nement.<\/p>\n<h2>Quels genres de musique seront repr\u00e9sent\u00e9s \u00e0 la Cit\u00e9 du cin\u00e9ma ?<\/h2>\n<p>\u00c0 la Cit\u00e9 du cin\u00e9ma, des concerts de <a href=\"https:\/\/monmaghreb.com\/index.php\/2026\/08\/31\/la-fete-de-la-musique-2026-a-la-cite-du-cinema-le-guide-complet-pour-les-musiques-du-monde\/\" title=\"La F\u00eate de la Musique 2026 \u00e0 la Cit\u00e9 du cin\u00e9ma : le guide complet pour les musiques du monde\">musiques<\/a> du monde, du hip-hop, du rock, de la musique traditionnelle et de la musique \u00e9lectronique seront organis\u00e9s. Les artistes invit\u00e9s proviendront de diff\u00e9rentes r\u00e9gions de la France et du monde, y compris des artistes maghr\u00e9bins. Il est possible de voir des artistes tels que Cheb Mami, Sofiane Saidi, Faycal et Amir, qui ont d\u00e9j\u00e0 fait leurs preuves sur la sc\u00e8ne internationale.<\/p>\n<p>Il est \u00e9galement possible que des artistes moins connus soient invit\u00e9s pour faire d\u00e9couvrir leur talent \u00e0 un public plus large. La F\u00eate de la Musique est une opportunit\u00e9 unique pour les jeunes artistes de se lancer dans leur carri\u00e8re et de se faire conna\u00eetre.<\/p>\n<h2>Qui sont les artistes maghr\u00e9bins confirm\u00e9s pour la F\u00eate de la Musique 2026 ?<\/h2>\n<p>Les artistes maghr\u00e9bins confirm\u00e9s pour la F\u00eate de la Musique 2026 ne sont pas encore annonc\u00e9s. Cependant, il est probable que des artistes tels que Cheb Mami, Sofiane Saidi, Faycal et Amir sont invit\u00e9s \u00e0 participer \u00e0 l&#8217;\u00e9v\u00e9nement. Il est \u00e9galement possible que des artistes moins connus soient invit\u00e9s pour faire d\u00e9couvrir leur talent \u00e0 un public plus large.<\/p>\n<p>Il est important de noter que les artistes confirm\u00e9s peuvent varier en fonction des villes o\u00f9 la F\u00eate de la Musique se d\u00e9roule. Mais cela ne change rien au fait que la F\u00eate de la Musique 2026 \u00e0 la Cit\u00e9 du cin\u00e9ma sera un \u00e9v\u00e9nement unique et inoubliable pour les musiciens maghr\u00e9bins de la diaspora.<\/p>\n<h2>Comment participer \u00e0 la F\u00eate de la Musique 2026 \u00e0 la Cit\u00e9 du cin\u00e9ma ?<\/h2>\n<p>Pour participer \u00e0 la F\u00eate de la Musique 2026 \u00e0 la Cit\u00e9 du cin\u00e9ma, il vous suffit de venir \u00e0 la Cit\u00e9 du cin\u00e9ma le jour de l&#8217;\u00e9v\u00e9nement. Les concerts sont gratuits et accueillent tous les publics. Il est \u00e9galement possible de participer \u00e0 des ateliers de production musicale et de faire des rencontres professionnelles en s&#8217;inscrivant \u00e0 des \u00e9v\u00e9nements sp\u00e9cifiques.<\/p>\n<p>Il est important de noter que les dates et les horaires du programme de la F\u00eate de la Musique 2026 n&#8217;ont pas encore \u00e9t\u00e9 annonc\u00e9s. Mais il est certain que l&#8217;\u00e9v\u00e9nement sera un moment unique pour les musiciens maghr\u00e9bins de la diaspora et pour les amateurs de musique en g\u00e9n\u00e9ral.<\/p>\n<h2>Comment soutenir les artistes maghr\u00e9bins de la diaspora ?<\/h2>\n<p>Il existe de nombreuses mani\u00e8res de soutenir les artistes maghr\u00e9bins de la diaspora. Vous pouvez acheter leurs albums, leur suivre sur les r\u00e9seaux sociaux, assister \u00e0 leurs concerts et les partager avec vos amis. Il est \u00e9galement possible de soutenir des organisations qui soutiennent les artistes maghr\u00e9bins, tels que des labels ind\u00e9pendants, des organisations de soutien aux artistes et des organisations culturelles.<\/p>\n<p>En soutenant les artistes maghr\u00e9bins, vous contribuez \u00e0 la promotion de la diversit\u00e9 culturelle et musicale de la France et du monde entier. Il est important de soutenir les artistes maghr\u00e9bins pour leur permettre de poursuivre leur carri\u00e8re et de partager leur talent avec le monde.<\/p>\n<h2>Conclusion<\/h2>\n<p>La F\u00eate de la Musique 2026 \u00e0 la Cit\u00e9 du cin\u00e9ma est une occasion unique pour les musiciens maghr\u00e9bins de la diaspora de se produire devant un public plus large et de faire conna\u00eetre leur talent \u00e0 un public plus large. Il est important de noter que les artistes confirm\u00e9s peuvent varier en fonction des villes o\u00f9 la F\u00eate de la Musique se d\u00e9roule.<\/p>\n<p>Il est \u00e9galement important de soutenir les artistes maghr\u00e9bins en achetant leurs albums, en les suivant sur les r\u00e9seaux sociaux et en participant \u00e0 des \u00e9v\u00e9nements sp\u00e9cifiques. N&#8217;h\u00e9sitez pas \u00e0 partager cet article avec vos amis et \u00e0 les informer de l&#8217;\u00e9v\u00e9nement, car chaque personne peut contribuer \u00e0 la promotion de la musique maghr\u00e9bine en France.<\/p>\n<p>La F\u00eate de la Musique 2026 \u00e0 la Cit\u00e9 du cin\u00e9ma est un \u00e9v\u00e9nement que vous ne pouvez pas rater ! Il est l&#8217;occasion unique de d\u00e9couvrir de nouveaux talents, de se faire plaisir et de c\u00e9l\u00e9brer la diversit\u00e9 culturelle et musicale de la France.<\/p>\n<p>Alors, n&#8217;h\u00e9sitez pas \u00e0 vous inscrire \u00e0 l&#8217;\u00e9v\u00e9nement et \u00e0 venir d\u00e9couvrir les concerts et les ateliers propos\u00e9s \u00e0 la Cit\u00e9 du cin\u00e9ma. La F\u00eate de la Musique 2026 sera un \u00e9v\u00e9nement inoubliable !<\/p>\n<div style=\"background:#f8f9fa;border-left:4px solid #0066cc;border-radius:6px;padding:20px 24px;margin:32px 0;\">\n<p style=\"font-size:13px;color:#888;text-transform:uppercase;letter-spacing:0.8px;margin:0 0 6px 0;\">Vous pourriez aussi aimer<\/p>\n<h3 style=\"font-size:18px;margin:0 0 14px 0;color:#222;\">Articles similaires<\/h3>\n<ul style=\"margin:0;padding-left:20px;list-style:disc;\">\n<li style=\"margin-bottom:10px;\"><a href=\"https:\/\/monmaghreb.com\/index.php\/2026\/08\/31\/la-fete-de-la-musique-2026-a-la-cite-du-cinema-le-guide-complet-pour-les-musiques-du-monde\/\" style=\"color:#0066cc;text-decoration:none;font-weight:500;\" title=\"La F\u00eate de la Musique 2026 \u00e0 la Cit\u00e9 du cin\u00e9ma : le guide complet pour les musiques du monde\">La F\u00eate de la Musique 2026 \u00e0 la Cit\u00e9 du cin\u00e9ma : le guide complet pour les musiques du monde<\/a><\/li>\n<li style=\"margin-bottom:10px;\"><a href=\"https:\/\/monmaghreb.com\/index.php\/2026\/08\/30\/fete-de-la-musique-2026-a-la-cite-du-cinema-les-meilleures-performances-attendues\/\" style=\"color:#0066cc;text-decoration:none;font-weight:500;\" title=\"F\u00eate de la Musique 2026 \u00e0 la Cit\u00e9 du cin\u00e9ma : les meilleures performances attendues\">F\u00eate de la Musique 2026 \u00e0 la Cit\u00e9 du cin\u00e9ma : les meilleures performances attendues<\/a><\/li>\n<li style=\"margin-bottom:10px;\"><a href=\"https:\/\/monmaghreb.com\/index.php\/2026\/09\/01\/a-fontainebleau-le-festival-de-lhistoire-de-lart-fete-la-mode-marocaine\/\" style=\"color:#0066cc;text-decoration:none;font-weight:500;\" title=\"\u00c0 Fontainebleau : le festival de l&#8217;histoire de l&#8217;art f\u00eate la mode marocaine\">\u00c0 Fontainebleau : le festival de l&#8217;histoire de l&#8217;art f\u00eate la mode marocaine<\/a><\/li>\n<li style=\"margin-bottom:10px;\"><a href=\"https:\/\/monmaghreb.com\/index.php\/2026\/08\/30\/la-tradition-marocaine-du-mariage-dans-le-sussex-angleterre-suivie-dune-fete-inoubliable-a-paris\/\" style=\"color:#0066cc;text-decoration:none;font-weight:500;\" title=\"La tradition marocaine du mariage dans le Sussex, Angleterre, suivie d&#8217;une f\u00eate inoubliable \u00e0 Paris\">La tradition marocaine du mariage dans le Sussex, Angleterre, suivie d&#8217;une f\u00eate inoubliable \u00e0 Paris<\/a><\/li>\n<li style=\"margin-bottom:10px;\"><a href=\"https:\/\/monmaghreb.com\/index.php\/2026\/08\/30\/un-mariage-traditionnel-africain-en-sussex-suivi-dune-fete-memorable-a-paris-une-celebration-de-lamour-transfrontaliere\/\" style=\"color:#0066cc;text-decoration:none;font-weight:500;\" title=\"Un mariage traditionnel africain en Sussex suivi d&#8217;une f\u00eate m\u00e9morable \u00e0 Paris : Une c\u00e9l\u00e9bration de l&#8217;amour transfrontali\u00e8re\">Un mariage traditionnel africain en Sussex suivi d&#8217;une f\u00eate m\u00e9morable \u00e0 Paris : Une c\u00e9l\u00e9bration de l&#8217;amour transfrontali\u00e8re<\/a><\/li>\n<\/ul>\n<\/div>\n<p><\/body><br \/>\n<\/html><\/p>\n","protected":false},"excerpt":{"rendered":"<p>Discover free concerts at the City of Cinema for F\u00eate de la Musique 2026 in Paris. Returning after a pandemic hiatus, join the music celebration in various neig<\/p>\n","protected":false},"author":1,"featured_media":9553,"comment_status":"closed","ping_status":"open","sticky":false,"template":"","format":"standard","meta":{"_yoast_wpseo_canonical":"","_yoast_wpseo_opengraph-title":"La F\u00eate de la Musique 2026 : des concerts gratuits \u00e0 la Cit\u00e9 du cin\u00e9ma","_yoast_wpseo_opengraph-description":"Discover free concerts at the City of Cinema for F\u00eate de la Musique 2026 in Paris. Returning after a pandemic hiatus, join the music celebration in various neig","_yoast_wpseo_opengraph-image":"","tdm_status":"","tdm_grid_status":"","footnotes":""},"categories":[480],"tags":[3880,3380,5237,4589,5236],"class_list":["post-9554","post","type-post","status-publish","format-standard","has-post-thumbnail","hentry","category-musique","tag-african-music-festival","tag-airline-comparison","tag-city-of-cinema","tag-fete-delamusique","tag-free-concerts"],"yoast_head":"<!-- This site is optimized with the Yoast SEO plugin v28.4 - https:\/\/yoast.com\/product\/yoast-seo-wordpress\/ -->\n<title>La F\u00eate de la Musique 2026 : des concerts gratuits \u00e0 la Cit\u00e9<\/title>\n<meta name=\"description\" content=\"Discover free concerts at the City of Cinema for F\u00eate de la Musique 2026 in Paris. Returning after a pandemic hiatus, join the music celebration in various neig\" \/>\n<meta name=\"robots\" content=\"index, follow, max-snippet:-1, max-image-preview:large, max-video-preview:-1\" \/>\n<link rel=\"canonical\" href=\"https:\/\/monmaghreb.com\/index.php\/2026\/09\/03\/la-fete-de-la-musique-2026-des-concerts-gratuits-a-la-cite-du-cinema\/\" \/>\n<meta property=\"og:locale\" content=\"en_US\" \/>\n<meta property=\"og:type\" content=\"article\" \/>\n<meta property=\"og:title\" content=\"La F\u00eate de la Musique 2026 : des concerts gratuits \u00e0 la Cit\u00e9 du cin\u00e9ma\" \/>\n<meta property=\"og:description\" content=\"Discover free concerts at the City of Cinema for F\u00eate de la Musique 2026 in Paris. Returning after a pandemic hiatus, join the music celebration in various neig\" \/>\n<meta property=\"og:url\" content=\"https:\/\/monmaghreb.com\/index.php\/2026\/09\/03\/la-fete-de-la-musique-2026-des-concerts-gratuits-a-la-cite-du-cinema\/\" \/>\n<meta property=\"og:site_name\" content=\"Mon Maghreb\" \/>\n<meta property=\"article:author\" content=\"https:\/\/www.facebook.com\/monmaghrebcom\" \/>\n<meta property=\"article:published_time\" content=\"2026-09-03T14:27:50+00:00\" \/>\n<meta property=\"article:modified_time\" content=\"2026-09-03T14:28:01+00:00\" \/>\n<meta property=\"og:image\" content=\"https:\/\/monmaghreb.com\/wp-content\/uploads\/2026\/09\/featured-22.jpg\" \/>\n\t<meta property=\"og:image:width\" content=\"1880\" \/>\n\t<meta property=\"og:image:height\" content=\"1253\" \/>\n\t<meta property=\"og:image:type\" content=\"image\/jpeg\" \/>\n<meta name=\"author\" content=\"LaMagh\" \/>\n<meta name=\"twitter:card\" content=\"summary_large_image\" \/>\n<meta name=\"twitter:creator\" content=\"@MMaghreb50977\" \/>\n<meta name=\"twitter:label1\" content=\"Written by\" \/>\n\t<meta name=\"twitter:data1\" content=\"LaMagh\" \/>\n\t<meta name=\"twitter:label2\" content=\"Est. reading time\" \/>\n\t<meta name=\"twitter:data2\" content=\"5 minutes\" \/>\n<script type=\"application\/ld+json\" class=\"yoast-schema-graph\">{\"@context\":\"https:\\\/\\\/schema.org\",\"@graph\":[{\"@type\":\"Article\",\"@id\":\"https:\\\/\\\/monmaghreb.com\\\/index.php\\\/2026\\\/09\\\/03\\\/la-fete-de-la-musique-2026-des-concerts-gratuits-a-la-cite-du-cinema\\\/#article\",\"isPartOf\":{\"@id\":\"https:\\\/\\\/monmaghreb.com\\\/index.php\\\/2026\\\/09\\\/03\\\/la-fete-de-la-musique-2026-des-concerts-gratuits-a-la-cite-du-cinema\\\/\"},\"author\":{\"name\":\"LaMagh\",\"@id\":\"http:\\\/\\\/monmaghreb.com\\\/#\\\/schema\\\/person\\\/c469a89dc8c6b8987dcb438b1200d054\"},\"headline\":\"La F\u00eate de la Musique 2026 : des concerts gratuits \u00e0 la Cit\u00e9 du cin\u00e9ma\",\"datePublished\":\"2026-09-03T14:27:50+00:00\",\"dateModified\":\"2026-09-03T14:28:01+00:00\",\"mainEntityOfPage\":{\"@id\":\"https:\\\/\\\/monmaghreb.com\\\/index.php\\\/2026\\\/09\\\/03\\\/la-fete-de-la-musique-2026-des-concerts-gratuits-a-la-cite-du-cinema\\\/\"},\"wordCount\":1068,\"publisher\":{\"@id\":\"http:\\\/\\\/monmaghreb.com\\\/#organization\"},\"image\":{\"@id\":\"https:\\\/\\\/monmaghreb.com\\\/index.php\\\/2026\\\/09\\\/03\\\/la-fete-de-la-musique-2026-des-concerts-gratuits-a-la-cite-du-cinema\\\/#primaryimage\"},\"thumbnailUrl\":\"https:\\\/\\\/monmaghreb.com\\\/wp-content\\\/uploads\\\/2026\\\/09\\\/featured-22.jpg\",\"keywords\":[\"african music festival\",\"airline comparison\",\"city of cinema\",\"fete delamusique\",\"free concerts\"],\"articleSection\":[\"Musique\"],\"inLanguage\":\"en-US\"},{\"@type\":\"WebPage\",\"@id\":\"https:\\\/\\\/monmaghreb.com\\\/index.php\\\/2026\\\/09\\\/03\\\/la-fete-de-la-musique-2026-des-concerts-gratuits-a-la-cite-du-cinema\\\/\",\"url\":\"https:\\\/\\\/monmaghreb.com\\\/index.php\\\/2026\\\/09\\\/03\\\/la-fete-de-la-musique-2026-des-concerts-gratuits-a-la-cite-du-cinema\\\/\",\"name\":\"La F\u00eate de la Musique 2026 : des concerts gratuits \u00e0 la Cit\u00e9\",\"isPartOf\":{\"@id\":\"http:\\\/\\\/monmaghreb.com\\\/#website\"},\"primaryImageOfPage\":{\"@id\":\"https:\\\/\\\/monmaghreb.com\\\/index.php\\\/2026\\\/09\\\/03\\\/la-fete-de-la-musique-2026-des-concerts-gratuits-a-la-cite-du-cinema\\\/#primaryimage\"},\"image\":{\"@id\":\"https:\\\/\\\/monmaghreb.com\\\/index.php\\\/2026\\\/09\\\/03\\\/la-fete-de-la-musique-2026-des-concerts-gratuits-a-la-cite-du-cinema\\\/#primaryimage\"},\"thumbnailUrl\":\"https:\\\/\\\/monmaghreb.com\\\/wp-content\\\/uploads\\\/2026\\\/09\\\/featured-22.jpg\",\"datePublished\":\"2026-09-03T14:27:50+00:00\",\"dateModified\":\"2026-09-03T14:28:01+00:00\",\"description\":\"Discover free concerts at the City of Cinema for F\u00eate de la Musique 2026 in Paris. Returning after a pandemic hiatus, join the music celebration in various neig\",\"breadcrumb\":{\"@id\":\"https:\\\/\\\/monmaghreb.com\\\/index.php\\\/2026\\\/09\\\/03\\\/la-fete-de-la-musique-2026-des-concerts-gratuits-a-la-cite-du-cinema\\\/#breadcrumb\"},\"inLanguage\":\"en-US\",\"potentialAction\":[{\"@type\":\"ReadAction\",\"target\":[\"https:\\\/\\\/monmaghreb.com\\\/index.php\\\/2026\\\/09\\\/03\\\/la-fete-de-la-musique-2026-des-concerts-gratuits-a-la-cite-du-cinema\\\/\"]}]},{\"@type\":\"ImageObject\",\"inLanguage\":\"en-US\",\"@id\":\"https:\\\/\\\/monmaghreb.com\\\/index.php\\\/2026\\\/09\\\/03\\\/la-fete-de-la-musique-2026-des-concerts-gratuits-a-la-cite-du-cinema\\\/#primaryimage\",\"url\":\"https:\\\/\\\/monmaghreb.com\\\/wp-content\\\/uploads\\\/2026\\\/09\\\/featured-22.jpg\",\"contentUrl\":\"https:\\\/\\\/monmaghreb.com\\\/wp-content\\\/uploads\\\/2026\\\/09\\\/featured-22.jpg\",\"width\":1880,\"height\":1253,\"caption\":\"Paris City of Cinema hosting free concerts for F\u00eate de la Musique 2026\"},{\"@type\":\"BreadcrumbList\",\"@id\":\"https:\\\/\\\/monmaghreb.com\\\/index.php\\\/2026\\\/09\\\/03\\\/la-fete-de-la-musique-2026-des-concerts-gratuits-a-la-cite-du-cinema\\\/#breadcrumb\",\"itemListElement\":[{\"@type\":\"ListItem\",\"position\":1,\"name\":\"Home\",\"item\":\"http:\\\/\\\/monmaghreb.com\\\/\"},{\"@type\":\"ListItem\",\"position\":2,\"name\":\"La F\u00eate de la Musique 2026 : des concerts gratuits \u00e0 la Cit\u00e9 du cin\u00e9ma\"}]},{\"@type\":\"WebSite\",\"@id\":\"http:\\\/\\\/monmaghreb.com\\\/#website\",\"url\":\"http:\\\/\\\/monmaghreb.com\\\/\",\"name\":\"Mon Maghreb\",\"description\":\"MonMaghreb United\",\"publisher\":{\"@id\":\"http:\\\/\\\/monmaghreb.com\\\/#organization\"},\"alternateName\":\"Le Monde du Maghreb et au del\u00e0\",\"potentialAction\":[{\"@type\":\"SearchAction\",\"target\":{\"@type\":\"EntryPoint\",\"urlTemplate\":\"http:\\\/\\\/monmaghreb.com\\\/?s={search_term_string}\"},\"query-input\":{\"@type\":\"PropertyValueSpecification\",\"valueRequired\":true,\"valueName\":\"search_term_string\"}}],\"inLanguage\":\"en-US\"},{\"@type\":\"Organization\",\"@id\":\"http:\\\/\\\/monmaghreb.com\\\/#organization\",\"name\":\"Mon Maghreb\",\"url\":\"http:\\\/\\\/monmaghreb.com\\\/\",\"logo\":{\"@type\":\"ImageObject\",\"inLanguage\":\"en-US\",\"@id\":\"http:\\\/\\\/monmaghreb.com\\\/#\\\/schema\\\/logo\\\/image\\\/\",\"url\":\"https:\\\/\\\/monmaghreb.com\\\/wp-content\\\/uploads\\\/2025\\\/12\\\/Mon_Maghreb_Logo.jpg\",\"contentUrl\":\"https:\\\/\\\/monmaghreb.com\\\/wp-content\\\/uploads\\\/2025\\\/12\\\/Mon_Maghreb_Logo.jpg\",\"width\":814,\"height\":374,\"caption\":\"Mon Maghreb\"},\"image\":{\"@id\":\"http:\\\/\\\/monmaghreb.com\\\/#\\\/schema\\\/logo\\\/image\\\/\"}},{\"@type\":\"Person\",\"@id\":\"http:\\\/\\\/monmaghreb.com\\\/#\\\/schema\\\/person\\\/c469a89dc8c6b8987dcb438b1200d054\",\"name\":\"LaMagh\",\"image\":{\"@type\":\"ImageObject\",\"inLanguage\":\"en-US\",\"@id\":\"https:\\\/\\\/secure.gravatar.com\\\/avatar\\\/399d8144bd55fba55e056779aca52fe528bac7911f6449e54d81173d6dfd7f0a?s=96&d=mm&r=g\",\"url\":\"https:\\\/\\\/secure.gravatar.com\\\/avatar\\\/399d8144bd55fba55e056779aca52fe528bac7911f6449e54d81173d6dfd7f0a?s=96&d=mm&r=g\",\"contentUrl\":\"https:\\\/\\\/secure.gravatar.com\\\/avatar\\\/399d8144bd55fba55e056779aca52fe528bac7911f6449e54d81173d6dfd7f0a?s=96&d=mm&r=g\",\"caption\":\"LaMagh\"},\"sameAs\":[\"https:\\\/\\\/monmaghreb.com\",\"https:\\\/\\\/www.facebook.com\\\/monmaghrebcom\",\"https:\\\/\\\/x.com\\\/MMaghreb50977\"],\"url\":\"https:\\\/\\\/monmaghreb.com\\\/index.php\\\/author\\\/lamagh\\\/\"}]}<\/script>\n<!-- \/ Yoast SEO plugin. -->","yoast_head_json":{"title":"La F\u00eate de la Musique 2026 : des concerts gratuits \u00e0 la Cit\u00e9","description":"Discover free concerts at the City of Cinema for F\u00eate de la Musique 2026 in Paris. Returning after a pandemic hiatus, join the music celebration in various neig","robots":{"index":"index","follow":"follow","max-snippet":"max-snippet:-1","max-image-preview":"max-image-preview:large","max-video-preview":"max-video-preview:-1"},"canonical":"https:\/\/monmaghreb.com\/index.php\/2026\/09\/03\/la-fete-de-la-musique-2026-des-concerts-gratuits-a-la-cite-du-cinema\/","og_locale":"en_US","og_type":"article","og_title":"La F\u00eate de la Musique 2026 : des concerts gratuits \u00e0 la Cit\u00e9 du cin\u00e9ma","og_description":"Discover free concerts at the City of Cinema for F\u00eate de la Musique 2026 in Paris. Returning after a pandemic hiatus, join the music celebration in various neig","og_url":"https:\/\/monmaghreb.com\/index.php\/2026\/09\/03\/la-fete-de-la-musique-2026-des-concerts-gratuits-a-la-cite-du-cinema\/","og_site_name":"Mon Maghreb","article_author":"https:\/\/www.facebook.com\/monmaghrebcom","article_published_time":"2026-09-03T14:27:50+00:00","article_modified_time":"2026-09-03T14:28:01+00:00","og_image":[{"width":1880,"height":1253,"url":"https:\/\/monmaghreb.com\/wp-content\/uploads\/2026\/09\/featured-22.jpg","type":"image\/jpeg"}],"author":"LaMagh","twitter_card":"summary_large_image","twitter_creator":"@MMaghreb50977","twitter_misc":{"Written by":"LaMagh","Est. reading time":"5 minutes"},"schema":{"@context":"https:\/\/schema.org","@graph":[{"@type":"Article","@id":"https:\/\/monmaghreb.com\/index.php\/2026\/09\/03\/la-fete-de-la-musique-2026-des-concerts-gratuits-a-la-cite-du-cinema\/#article","isPartOf":{"@id":"https:\/\/monmaghreb.com\/index.php\/2026\/09\/03\/la-fete-de-la-musique-2026-des-concerts-gratuits-a-la-cite-du-cinema\/"},"author":{"name":"LaMagh","@id":"http:\/\/monmaghreb.com\/#\/schema\/person\/c469a89dc8c6b8987dcb438b1200d054"},"headline":"La F\u00eate de la Musique 2026 : des concerts gratuits \u00e0 la Cit\u00e9 du cin\u00e9ma","datePublished":"2026-09-03T14:27:50+00:00","dateModified":"2026-09-03T14:28:01+00:00","mainEntityOfPage":{"@id":"https:\/\/monmaghreb.com\/index.php\/2026\/09\/03\/la-fete-de-la-musique-2026-des-concerts-gratuits-a-la-cite-du-cinema\/"},"wordCount":1068,"publisher":{"@id":"http:\/\/monmaghreb.com\/#organization"},"image":{"@id":"https:\/\/monmaghreb.com\/index.php\/2026\/09\/03\/la-fete-de-la-musique-2026-des-concerts-gratuits-a-la-cite-du-cinema\/#primaryimage"},"thumbnailUrl":"https:\/\/monmaghreb.com\/wp-content\/uploads\/2026\/09\/featured-22.jpg","keywords":["african music festival","airline comparison","city of cinema","fete delamusique","free concerts"],"articleSection":["Musique"],"inLanguage":"en-US"},{"@type":"WebPage","@id":"https:\/\/monmaghreb.com\/index.php\/2026\/09\/03\/la-fete-de-la-musique-2026-des-concerts-gratuits-a-la-cite-du-cinema\/","url":"https:\/\/monmaghreb.com\/index.php\/2026\/09\/03\/la-fete-de-la-musique-2026-des-concerts-gratuits-a-la-cite-du-cinema\/","name":"La F\u00eate de la Musique 2026 : des concerts gratuits \u00e0 la Cit\u00e9","isPartOf":{"@id":"http:\/\/monmaghreb.com\/#website"},"primaryImageOfPage":{"@id":"https:\/\/monmaghreb.com\/index.php\/2026\/09\/03\/la-fete-de-la-musique-2026-des-concerts-gratuits-a-la-cite-du-cinema\/#primaryimage"},"image":{"@id":"https:\/\/monmaghreb.com\/index.php\/2026\/09\/03\/la-fete-de-la-musique-2026-des-concerts-gratuits-a-la-cite-du-cinema\/#primaryimage"},"thumbnailUrl":"https:\/\/monmaghreb.com\/wp-content\/uploads\/2026\/09\/featured-22.jpg","datePublished":"2026-09-03T14:27:50+00:00","dateModified":"2026-09-03T14:28:01+00:00","description":"Discover free concerts at the City of Cinema for F\u00eate de la Musique 2026 in Paris. Returning after a pandemic hiatus, join the music celebration in various neig","breadcrumb":{"@id":"https:\/\/monmaghreb.com\/index.php\/2026\/09\/03\/la-fete-de-la-musique-2026-des-concerts-gratuits-a-la-cite-du-cinema\/#breadcrumb"},"inLanguage":"en-US","potentialAction":[{"@type":"ReadAction","target":["https:\/\/monmaghreb.com\/index.php\/2026\/09\/03\/la-fete-de-la-musique-2026-des-concerts-gratuits-a-la-cite-du-cinema\/"]}]},{"@type":"ImageObject","inLanguage":"en-US","@id":"https:\/\/monmaghreb.com\/index.php\/2026\/09\/03\/la-fete-de-la-musique-2026-des-concerts-gratuits-a-la-cite-du-cinema\/#primaryimage","url":"https:\/\/monmaghreb.com\/wp-content\/uploads\/2026\/09\/featured-22.jpg","contentUrl":"https:\/\/monmaghreb.com\/wp-content\/uploads\/2026\/09\/featured-22.jpg","width":1880,"height":1253,"caption":"Paris City of Cinema hosting free concerts for F\u00eate de la Musique 2026"},{"@type":"BreadcrumbList","@id":"https:\/\/monmaghreb.com\/index.php\/2026\/09\/03\/la-fete-de-la-musique-2026-des-concerts-gratuits-a-la-cite-du-cinema\/#breadcrumb","itemListElement":[{"@type":"ListItem","position":1,"name":"Home","item":"http:\/\/monmaghreb.com\/"},{"@type":"ListItem","position":2,"name":"La F\u00eate de la Musique 2026 : des concerts gratuits \u00e0 la Cit\u00e9 du cin\u00e9ma"}]},{"@type":"WebSite","@id":"http:\/\/monmaghreb.com\/#website","url":"http:\/\/monmaghreb.com\/","name":"Mon Maghreb","description":"MonMaghreb United","publisher":{"@id":"http:\/\/monmaghreb.com\/#organization"},"alternateName":"Le Monde du Maghreb et au del\u00e0","potentialAction":[{"@type":"SearchAction","target":{"@type":"EntryPoint","urlTemplate":"http:\/\/monmaghreb.com\/?s={search_term_string}"},"query-input":{"@type":"PropertyValueSpecification","valueRequired":true,"valueName":"search_term_string"}}],"inLanguage":"en-US"},{"@type":"Organization","@id":"http:\/\/monmaghreb.com\/#organization","name":"Mon Maghreb","url":"http:\/\/monmaghreb.com\/","logo":{"@type":"ImageObject","inLanguage":"en-US","@id":"http:\/\/monmaghreb.com\/#\/schema\/logo\/image\/","url":"https:\/\/monmaghreb.com\/wp-content\/uploads\/2025\/12\/Mon_Maghreb_Logo.jpg","contentUrl":"https:\/\/monmaghreb.com\/wp-content\/uploads\/2025\/12\/Mon_Maghreb_Logo.jpg","width":814,"height":374,"caption":"Mon Maghreb"},"image":{"@id":"http:\/\/monmaghreb.com\/#\/schema\/logo\/image\/"}},{"@type":"Person","@id":"http:\/\/monmaghreb.com\/#\/schema\/person\/c469a89dc8c6b8987dcb438b1200d054","name":"LaMagh","image":{"@type":"ImageObject","inLanguage":"en-US","@id":"https:\/\/secure.gravatar.com\/avatar\/399d8144bd55fba55e056779aca52fe528bac7911f6449e54d81173d6dfd7f0a?s=96&d=mm&r=g","url":"https:\/\/secure.gravatar.com\/avatar\/399d8144bd55fba55e056779aca52fe528bac7911f6449e54d81173d6dfd7f0a?s=96&d=mm&r=g","contentUrl":"https:\/\/secure.gravatar.com\/avatar\/399d8144bd55fba55e056779aca52fe528bac7911f6449e54d81173d6dfd7f0a?s=96&d=mm&r=g","caption":"LaMagh"},"sameAs":["https:\/\/monmaghreb.com","https:\/\/www.facebook.com\/monmaghrebcom","https:\/\/x.com\/MMaghreb50977"],"url":"https:\/\/monmaghreb.com\/index.php\/author\/lamagh\/"}]}},"_links":{"self":[{"href":"https:\/\/monmaghreb.com\/index.php\/wp-json\/wp\/v2\/posts\/9554","targetHints":{"allow":["GET"]}}],"collection":[{"href":"https:\/\/monmaghreb.com\/index.php\/wp-json\/wp\/v2\/posts"}],"about":[{"href":"https:\/\/monmaghreb.com\/index.php\/wp-json\/wp\/v2\/types\/post"}],"author":[{"embeddable":true,"href":"https:\/\/monmaghreb.com\/index.php\/wp-json\/wp\/v2\/users\/1"}],"replies":[{"embeddable":true,"href":"https:\/\/monmaghreb.com\/index.php\/wp-json\/wp\/v2\/comments?post=9554"}],"version-history":[{"count":1,"href":"https:\/\/monmaghreb.com\/index.php\/wp-json\/wp\/v2\/posts\/9554\/revisions"}],"predecessor-version":[{"id":9555,"href":"https:\/\/monmaghreb.com\/index.php\/wp-json\/wp\/v2\/posts\/9554\/revisions\/9555"}],"wp:featuredmedia":[{"embeddable":true,"href":"https:\/\/monmaghreb.com\/index.php\/wp-json\/wp\/v2\/media\/9553"}],"wp:attachment":[{"href":"https:\/\/monmaghreb.com\/index.php\/wp-json\/wp\/v2\/media?parent=9554"}],"wp:term":[{"taxonomy":"category","embeddable":true,"href":"https:\/\/monmaghreb.com\/index.php\/wp-json\/wp\/v2\/categories?post=9554"},{"taxonomy":"post_tag","embeddable":true,"href":"https:\/\/monmaghreb.com\/index.php\/wp-json\/wp\/v2\/tags?post=9554"}],"curies":[{"name":"wp","href":"https:\/\/api.w.org\/{rel}","templated":true}]}}