
{"id":9563,"date":"2026-09-03T15:34:47","date_gmt":"2026-09-03T15:34:47","guid":{"rendered":"https:\/\/monmaghreb.com\/index.php\/2026\/09\/03\/le-reflexe-de-lemprunt-du-terme-maghrebin-une-question-de-respect\/"},"modified":"2026-09-03T15:34:55","modified_gmt":"2026-09-03T15:34:55","slug":"le-reflexe-de-lemprunt-du-terme-maghrebin-une-question-de-respect","status":"publish","type":"post","link":"https:\/\/monmaghreb.com\/index.php\/2026\/09\/03\/le-reflexe-de-lemprunt-du-terme-maghrebin-une-question-de-respect\/","title":{"rendered":"Le r\u00e9flexe de l&#8217;emprunt du terme \u00ab maghr\u00e9bin \u00bb : une question de respect"},"content":{"rendered":"<p><!DOCTYPE html><br \/>\n<html lang='fr'><br \/>\n<head><br \/>\n\t<meta charset='UTF-8'><br \/>\n\t<meta name='viewport' content='width=device-width, initial-scale=1.0'><br \/>\n\t<title>Le r\u00e9flexe de l&#8217;emprunt du terme \u00ab maghr\u00e9bin \u00bb : une question de respect<\/title><br \/>\n<\/head><br \/>\n<body><\/p>\n<h1>Le r\u00e9flexe de l&#8217;emprunt du terme \u00ab maghr\u00e9bin \u00bb : une question de respect<\/h1>\n<p>L&#8217;utilisation de termes appropri\u00e9s et respectueux est essentielle dans le monde des m\u00e9dias. Pourtant, l&#8217;utilisation du terme \u00ab maghr\u00e9bin \u00bb peut souvent \u00eatre per\u00e7ue comme insensible ou paternaliste, en particulier pour les citoyens de la diaspora maghr\u00e9bine qui se r\u00e9f\u00e8rent \u00e0 eux-m\u00eames comme des Marocains, des Tunisiens ou des Alg\u00e9riens. Il est donc crucial de comprendre l&#8217;histoire et la port\u00e9e de ce terme, ainsi que son impact sur les citoyens de la diaspora maghr\u00e9bine.<\/p>\n<h2>Histoire du terme \u00ab maghr\u00e9bin \u00bb<\/h2>\n<p>Le terme \u00ab maghr\u00e9bin \u00bb a \u00e9t\u00e9 utilis\u00e9 pour la premi\u00e8re fois au d\u00e9but du XXe si\u00e8cle par des auteurs fran\u00e7ais pour d\u00e9signer les habitants de la r\u00e9gion du <a href=\"https:\/\/monmaghreb.com\/index.php\/2026\/08\/31\/concept-stores-africains-a-paris-ou-decouvrir-le-design-du-maghreb\/\" title=\"Concept stores africains \u00e0 Paris : o\u00f9 d\u00e9couvrir le design du Maghreb\">Maghreb<\/a>, comprenant l&#8217;Alg\u00e9rie, le Maroc, la Tunisie et la Libye. \u00c0 l&#8217;\u00e9poque, ce terme avait un caract\u00e8re g\u00e9ographique et \u00e9tait utilis\u00e9 pour d\u00e9crire les cultures et les traditions de la r\u00e9gion. Cependant, avec le temps, le terme a pris une nouvelle signification, devenant un moyen de d\u00e9crire les personnes qui ont leurs origines dans ces pays.<\/p>\n<p>Il est important de noter que le terme \u00ab maghr\u00e9bin \u00bb n&#8217;est pas utilis\u00e9 dans les pays du Maghreb pour d\u00e9signer leur population. Au Maroc, par exemple, les gens se r\u00e9f\u00e8rent \u00e0 eux-m\u00eames comme \u00ab marocains \u00bb, et non pas comme \u00ab maghr\u00e9bins \u00bb. Au Tunisie, les Tunisiens pr\u00e9f\u00e8rent \u00eatre appel\u00e9s \u00ab tunisiens \u00bb, et ainsi de suite. Cela souligne l&#8217;importance de respecter les pr\u00e9f\u00e9rences culturelles et linguistiques de chaque communaut\u00e9.<\/p>\n<h2>Utilisation du terme dans les m\u00e9dias<\/h2>\n<p>Les m\u00e9dias occidentaux ont tendance \u00e0 utiliser le terme \u00ab maghr\u00e9bin \u00bb pour d\u00e9signer les personnes de la diaspora maghr\u00e9bine. Cependant, cette utilisation peut \u00eatre per\u00e7ue comme insensible ou paternaliste, en particulier pour ceux qui sont originaires du Maghreb et qui se r\u00e9f\u00e8rent \u00e0 eux-m\u00eames comme citoyens de leur pays respectif. Il est important de respecter les pr\u00e9f\u00e9rences des citoyens de la diaspora maghr\u00e9bine et de les appeler comme ils se le font eux-m\u00eames.<\/p>\n<p>Il est \u00e9galement important de reconna\u00eetre la diversit\u00e9 culturelle et linguistique de la diaspora maghr\u00e9bine. Les personnes de la diaspora maghr\u00e9bine sont originaires de diff\u00e9rents pays et peuvent avoir des cultures et des traditions diff\u00e9rentes. Il est donc important de respecter ces diff\u00e9rences et de ne pas utiliser de termes qui peuvent \u00eatre per\u00e7us comme uniformes ou g\u00e9n\u00e9ralisants.<\/p>\n<h2>Impact du terme sur les citoyens de la diaspora maghr\u00e9bine<\/h2>\n<p>L&#8217;utilisation du terme \u00ab maghr\u00e9bin \u00bb peut avoir un impact n\u00e9gatif sur les citoyens de la diaspora maghr\u00e9bine, en particulier pour ceux qui sont originaires du Maghreb. Cette utilisation du terme peut sugg\u00e9rer que ces personnes sont diff\u00e9rentes et \u00e9trang\u00e8res aux cultures et aux traditions occidentales, ce qui peut entra\u00eener une discrimination et une marginalisation.<\/p>\n<p>Il est important de souligner que les citoyens de la diaspora maghr\u00e9bine sont des membres int\u00e9gr\u00e9s de leurs communaut\u00e9s respectives, et qu&#8217;il est important de les consid\u00e9rer comme tels. Ils apportent leurs propres cultures et traditions et font partie int\u00e9grante de la diversit\u00e9 de notre soci\u00e9t\u00e9.<\/p>\n<h2>Alternatives \u00e0 l&#8217;utilisation du terme \u00ab maghr\u00e9bin \u00bb<\/h2>\n<p>Il est important de respecter les pr\u00e9f\u00e9rences des citoyens de la diaspora maghr\u00e9bine et de les appeler comme ils se le font eux-m\u00eames. Au Maroc, par exemple, les personnes pr\u00e9f\u00e8rent \u00eatre appel\u00e9es \u00ab marocains \u00bb, alors que les Tunisiens pr\u00e9f\u00e8rent \u00eatre appel\u00e9s \u00ab tunisiens \u00bb. Il est donc important de respecter ces pr\u00e9f\u00e9rences et d&#8217;utiliser les termes qui correspondent \u00e0 chaque communaut\u00e9.<\/p>\n<p>Il est \u00e9galement important de reconna\u00eetre que les cultures et les traditions de la diaspora maghr\u00e9bine sont riches et diverses, et qu&#8217;il est important de les appr\u00e9cier et de les respecter. Les m\u00e9dias peuvent jouer un r\u00f4le crucial en cela en offrant une plateforme pour les voix et les exp\u00e9riences de la diaspora maghr\u00e9bine.<\/p>\n<h2>Appel \u00e0 l&#8217;action<\/h2>\n<p>Comme citoyens engag\u00e9s, nous avons le devoir de respecter les pr\u00e9f\u00e9rences de chaque communaut\u00e9 et de ne pas utiliser de termes qui peuvent entra\u00eener une discrimination et une marginalisation. Nous invitons tous les membres de la communaut\u00e9 \u00e0 respecter les pr\u00e9f\u00e9rences des citoyens de la diaspora maghr\u00e9bine et \u00e0 les appeler comme ils se le font eux-m\u00eames.<\/p>\n<p>Nous invitons \u00e9galement les m\u00e9dias \u00e0 \u00eatre plus sensibles \u00e0 l&#8217;impact de leurs choix de mots sur les communaut\u00e9s qu&#8217;ils couvrent. En faisant preuve de respect et de compr\u00e9hension, les m\u00e9dias peuvent jouer un r\u00f4le crucial en faveur de la diversit\u00e9 et de l&#8217;inclusion.<\/p>\n<div style=\"background:#f8f9fa;border-left:4px solid #0066cc;border-radius:6px;padding:20px 24px;margin:32px 0;\">\n<p style=\"font-size:13px;color:#888;text-transform:uppercase;letter-spacing:0.8px;margin:0 0 6px 0;\">Vous pourriez aussi aimer<\/p>\n<h3 style=\"font-size:18px;margin:0 0 14px 0;color:#222;\">Articles similaires<\/h3>\n<ul style=\"margin:0;padding-left:20px;list-style:disc;\">\n<li style=\"margin-bottom:10px;\"><a href=\"https:\/\/monmaghreb.com\/index.php\/2026\/08\/31\/concept-stores-africains-a-paris-ou-decouvrir-le-design-du-maghreb\/\" style=\"color:#0066cc;text-decoration:none;font-weight:500;\" title=\"Concept stores africains \u00e0 Paris : o\u00f9 d\u00e9couvrir le design du Maghreb\">Concept stores africains \u00e0 Paris : o\u00f9 d\u00e9couvrir le design du Maghreb<\/a><\/li>\n<li style=\"margin-bottom:10px;\"><a href=\"https:\/\/monmaghreb.com\/index.php\/2026\/08\/29\/celebration-de-la-culture-berbere-lexposition-de-zahira-tigtate-a-drancy\/\" style=\"color:#0066cc;text-decoration:none;font-weight:500;\" title=\"C\u00e9l\u00e9bration de la culture berb\u00e8re : l&#8217;exposition de Zahira Tigtate \u00e0 Drancy\">C\u00e9l\u00e9bration de la culture berb\u00e8re : l&#8217;exposition de Zahira Tigtate \u00e0 Drancy<\/a><\/li>\n<li style=\"margin-bottom:10px;\"><a href=\"https:\/\/monmaghreb.com\/index.php\/2026\/08\/29\/carole-bouquet-et-la-perle-noire-de-la-mediterranee-un-lieu-idyllique-dete-pour-les-lecteurs-maghrebins-de-la-diaspora\/\" style=\"color:#0066cc;text-decoration:none;font-weight:500;\" title=\"Carole Bouquet et la Perle noire de la M\u00e9diterran\u00e9e : un lieu idyllique d&#8217;\u00e9t\u00e9 pour les lecteurs maghr\u00e9bins de la diaspora\">Carole Bouquet et la Perle noire de la M\u00e9diterran\u00e9e : un lieu idyllique d&#8217;\u00e9t\u00e9 pour les lecteurs maghr\u00e9bins de la diaspora<\/a><\/li>\n<li style=\"margin-bottom:10px;\"><a href=\"https:\/\/monmaghreb.com\/index.php\/2026\/09\/03\/le-mot-maghrebin-utilise-comme-couvercle-pose-sur-algerien-analyse-culturelle\/\" style=\"color:#0066cc;text-decoration:none;font-weight:500;\" title=\"Le mot \u00ab maghr\u00e9bin \u00bb utilis\u00e9 comme couvercle pos\u00e9 sur \u00ab alg\u00e9rien \u00bb : analyse culturelle\">Le mot \u00ab maghr\u00e9bin \u00bb utilis\u00e9 comme couvercle pos\u00e9 sur \u00ab alg\u00e9rien \u00bb : analyse culturelle<\/a><\/li>\n<li style=\"margin-bottom:10px;\"><a href=\"https:\/\/monmaghreb.com\/index.php\/2026\/09\/02\/les-exportations-dartisanat-en-progression-de-11-en-2025-un-espoir-pour-la-diaspora-maghrebine\/\" style=\"color:#0066cc;text-decoration:none;font-weight:500;\" title=\"Les exportations d&#8217;artisanat en progression de 11 % en 2025 : un espoir pour la diaspora maghr\u00e9bine\">Les exportations d&#8217;artisanat en progression de 11 % en 2025 : un espoir pour la diaspora maghr\u00e9bine<\/a><\/li>\n<\/ul>\n<\/div>\n<p><\/body><br \/>\n<\/html><\/p>\n","protected":false},"excerpt":{"rendered":"<p>Respectful language matters in media. Learn why using the term &#8216;maghr\u00e9bin&#8217; can be insensitive or paternalistic, especially for the Maghrebin diaspora who self-i<\/p>\n","protected":false},"author":1,"featured_media":9562,"comment_status":"closed","ping_status":"open","sticky":false,"template":"","format":"standard","meta":{"_yoast_wpseo_canonical":"","_yoast_wpseo_opengraph-title":"Le r\u00e9flexe de l'emprunt du terme \u00ab maghr\u00e9bin \u00bb : une question de respect","_yoast_wpseo_opengraph-description":"Respectful language matters in media. Learn why using the term 'maghr\u00e9bin' can be insensitive or paternalistic, especially for the Maghrebin diaspora who self-i","_yoast_wpseo_opengraph-image":"","tdm_status":"","tdm_grid_status":"","footnotes":""},"categories":[654],"tags":[45,2216,5062,992,5241],"class_list":["post-9563","post","type-post","status-publish","format-standard","has-post-thumbnail","hentry","category-diaspora","tag-culture-tunisienne","tag-assistantelanguageschool","tag-droit-media","tag-maghreb-diaspora","tag-respect"],"yoast_head":"<!-- This site is optimized with the Yoast SEO plugin v28.4 - https:\/\/yoast.com\/product\/yoast-seo-wordpress\/ -->\n<title>Le r\u00e9flexe de l&#039;emprunt du terme \u00ab maghr\u00e9bin \u00bb : une questio<\/title>\n<meta name=\"description\" content=\"Respectful language matters in media. Learn why using the term &#039;maghr\u00e9bin&#039; can be insensitive or paternalistic, especially for the Maghrebin diaspora who self-i\" \/>\n<meta name=\"robots\" content=\"index, follow, max-snippet:-1, max-image-preview:large, max-video-preview:-1\" \/>\n<link rel=\"canonical\" href=\"https:\/\/monmaghreb.com\/index.php\/2026\/09\/03\/le-reflexe-de-lemprunt-du-terme-maghrebin-une-question-de-respect\/\" \/>\n<meta property=\"og:locale\" content=\"en_US\" \/>\n<meta property=\"og:type\" content=\"article\" \/>\n<meta property=\"og:title\" content=\"Le r\u00e9flexe de l&#039;emprunt du terme \u00ab maghr\u00e9bin \u00bb : une question de respect\" \/>\n<meta property=\"og:description\" content=\"Respectful language matters in media. Learn why using the term &#039;maghr\u00e9bin&#039; can be insensitive or paternalistic, especially for the Maghrebin diaspora who self-i\" \/>\n<meta property=\"og:url\" content=\"https:\/\/monmaghreb.com\/index.php\/2026\/09\/03\/le-reflexe-de-lemprunt-du-terme-maghrebin-une-question-de-respect\/\" \/>\n<meta property=\"og:site_name\" content=\"Mon Maghreb\" \/>\n<meta property=\"article:author\" content=\"https:\/\/www.facebook.com\/monmaghrebcom\" \/>\n<meta property=\"article:published_time\" content=\"2026-09-03T15:34:47+00:00\" \/>\n<meta property=\"article:modified_time\" content=\"2026-09-03T15:34:55+00:00\" \/>\n<meta property=\"og:image\" content=\"https:\/\/monmaghreb.com\/wp-content\/uploads\/2026\/09\/featured-25.jpg\" \/>\n\t<meta property=\"og:image:width\" content=\"1880\" \/>\n\t<meta property=\"og:image:height\" content=\"1253\" \/>\n\t<meta property=\"og:image:type\" content=\"image\/jpeg\" \/>\n<meta name=\"author\" content=\"LaMagh\" \/>\n<meta name=\"twitter:card\" content=\"summary_large_image\" \/>\n<meta name=\"twitter:creator\" content=\"@MMaghreb50977\" \/>\n<meta name=\"twitter:label1\" content=\"Written by\" \/>\n\t<meta name=\"twitter:data1\" content=\"LaMagh\" \/>\n\t<meta name=\"twitter:label2\" content=\"Est. reading time\" \/>\n\t<meta name=\"twitter:data2\" content=\"4 minutes\" \/>\n<script type=\"application\/ld+json\" class=\"yoast-schema-graph\">{\"@context\":\"https:\\\/\\\/schema.org\",\"@graph\":[{\"@type\":\"Article\",\"@id\":\"https:\\\/\\\/monmaghreb.com\\\/index.php\\\/2026\\\/09\\\/03\\\/le-reflexe-de-lemprunt-du-terme-maghrebin-une-question-de-respect\\\/#article\",\"isPartOf\":{\"@id\":\"https:\\\/\\\/monmaghreb.com\\\/index.php\\\/2026\\\/09\\\/03\\\/le-reflexe-de-lemprunt-du-terme-maghrebin-une-question-de-respect\\\/\"},\"author\":{\"name\":\"LaMagh\",\"@id\":\"http:\\\/\\\/monmaghreb.com\\\/#\\\/schema\\\/person\\\/c469a89dc8c6b8987dcb438b1200d054\"},\"headline\":\"Le r\u00e9flexe de l&#8217;emprunt du terme \u00ab maghr\u00e9bin \u00bb : une question de respect\",\"datePublished\":\"2026-09-03T15:34:47+00:00\",\"dateModified\":\"2026-09-03T15:34:55+00:00\",\"mainEntityOfPage\":{\"@id\":\"https:\\\/\\\/monmaghreb.com\\\/index.php\\\/2026\\\/09\\\/03\\\/le-reflexe-de-lemprunt-du-terme-maghrebin-une-question-de-respect\\\/\"},\"wordCount\":924,\"publisher\":{\"@id\":\"http:\\\/\\\/monmaghreb.com\\\/#organization\"},\"image\":{\"@id\":\"https:\\\/\\\/monmaghreb.com\\\/index.php\\\/2026\\\/09\\\/03\\\/le-reflexe-de-lemprunt-du-terme-maghrebin-une-question-de-respect\\\/#primaryimage\"},\"thumbnailUrl\":\"https:\\\/\\\/monmaghreb.com\\\/wp-content\\\/uploads\\\/2026\\\/09\\\/featured-25.jpg\",\"keywords\":[\"\\\"culture tunisienne\\\"\",\"assistantelanguageschool\",\"droit m\u00e9dia\",\"maghreb diaspora\",\"respect\"],\"articleSection\":[\"Diaspora\"],\"inLanguage\":\"en-US\"},{\"@type\":\"WebPage\",\"@id\":\"https:\\\/\\\/monmaghreb.com\\\/index.php\\\/2026\\\/09\\\/03\\\/le-reflexe-de-lemprunt-du-terme-maghrebin-une-question-de-respect\\\/\",\"url\":\"https:\\\/\\\/monmaghreb.com\\\/index.php\\\/2026\\\/09\\\/03\\\/le-reflexe-de-lemprunt-du-terme-maghrebin-une-question-de-respect\\\/\",\"name\":\"Le r\u00e9flexe de l'emprunt du terme \u00ab maghr\u00e9bin \u00bb : une questio\",\"isPartOf\":{\"@id\":\"http:\\\/\\\/monmaghreb.com\\\/#website\"},\"primaryImageOfPage\":{\"@id\":\"https:\\\/\\\/monmaghreb.com\\\/index.php\\\/2026\\\/09\\\/03\\\/le-reflexe-de-lemprunt-du-terme-maghrebin-une-question-de-respect\\\/#primaryimage\"},\"image\":{\"@id\":\"https:\\\/\\\/monmaghreb.com\\\/index.php\\\/2026\\\/09\\\/03\\\/le-reflexe-de-lemprunt-du-terme-maghrebin-une-question-de-respect\\\/#primaryimage\"},\"thumbnailUrl\":\"https:\\\/\\\/monmaghreb.com\\\/wp-content\\\/uploads\\\/2026\\\/09\\\/featured-25.jpg\",\"datePublished\":\"2026-09-03T15:34:47+00:00\",\"dateModified\":\"2026-09-03T15:34:55+00:00\",\"description\":\"Respectful language matters in media. Learn why using the term 'maghr\u00e9bin' can be insensitive or paternalistic, especially for the Maghrebin diaspora who self-i\",\"breadcrumb\":{\"@id\":\"https:\\\/\\\/monmaghreb.com\\\/index.php\\\/2026\\\/09\\\/03\\\/le-reflexe-de-lemprunt-du-terme-maghrebin-une-question-de-respect\\\/#breadcrumb\"},\"inLanguage\":\"en-US\",\"potentialAction\":[{\"@type\":\"ReadAction\",\"target\":[\"https:\\\/\\\/monmaghreb.com\\\/index.php\\\/2026\\\/09\\\/03\\\/le-reflexe-de-lemprunt-du-terme-maghrebin-une-question-de-respect\\\/\"]}]},{\"@type\":\"ImageObject\",\"inLanguage\":\"en-US\",\"@id\":\"https:\\\/\\\/monmaghreb.com\\\/index.php\\\/2026\\\/09\\\/03\\\/le-reflexe-de-lemprunt-du-terme-maghrebin-une-question-de-respect\\\/#primaryimage\",\"url\":\"https:\\\/\\\/monmaghreb.com\\\/wp-content\\\/uploads\\\/2026\\\/09\\\/featured-25.jpg\",\"contentUrl\":\"https:\\\/\\\/monmaghreb.com\\\/wp-content\\\/uploads\\\/2026\\\/09\\\/featured-25.jpg\",\"width\":1880,\"height\":1253,\"caption\":\"group of people of different nationalities from North Africa discussing language usage\"},{\"@type\":\"BreadcrumbList\",\"@id\":\"https:\\\/\\\/monmaghreb.com\\\/index.php\\\/2026\\\/09\\\/03\\\/le-reflexe-de-lemprunt-du-terme-maghrebin-une-question-de-respect\\\/#breadcrumb\",\"itemListElement\":[{\"@type\":\"ListItem\",\"position\":1,\"name\":\"Home\",\"item\":\"http:\\\/\\\/monmaghreb.com\\\/\"},{\"@type\":\"ListItem\",\"position\":2,\"name\":\"Le r\u00e9flexe de l&#8217;emprunt du terme \u00ab maghr\u00e9bin \u00bb : une question de respect\"}]},{\"@type\":\"WebSite\",\"@id\":\"http:\\\/\\\/monmaghreb.com\\\/#website\",\"url\":\"http:\\\/\\\/monmaghreb.com\\\/\",\"name\":\"Mon Maghreb\",\"description\":\"MonMaghreb United\",\"publisher\":{\"@id\":\"http:\\\/\\\/monmaghreb.com\\\/#organization\"},\"alternateName\":\"Le Monde du Maghreb et au del\u00e0\",\"potentialAction\":[{\"@type\":\"SearchAction\",\"target\":{\"@type\":\"EntryPoint\",\"urlTemplate\":\"http:\\\/\\\/monmaghreb.com\\\/?s={search_term_string}\"},\"query-input\":{\"@type\":\"PropertyValueSpecification\",\"valueRequired\":true,\"valueName\":\"search_term_string\"}}],\"inLanguage\":\"en-US\"},{\"@type\":\"Organization\",\"@id\":\"http:\\\/\\\/monmaghreb.com\\\/#organization\",\"name\":\"Mon Maghreb\",\"url\":\"http:\\\/\\\/monmaghreb.com\\\/\",\"logo\":{\"@type\":\"ImageObject\",\"inLanguage\":\"en-US\",\"@id\":\"http:\\\/\\\/monmaghreb.com\\\/#\\\/schema\\\/logo\\\/image\\\/\",\"url\":\"https:\\\/\\\/monmaghreb.com\\\/wp-content\\\/uploads\\\/2025\\\/12\\\/Mon_Maghreb_Logo.jpg\",\"contentUrl\":\"https:\\\/\\\/monmaghreb.com\\\/wp-content\\\/uploads\\\/2025\\\/12\\\/Mon_Maghreb_Logo.jpg\",\"width\":814,\"height\":374,\"caption\":\"Mon Maghreb\"},\"image\":{\"@id\":\"http:\\\/\\\/monmaghreb.com\\\/#\\\/schema\\\/logo\\\/image\\\/\"}},{\"@type\":\"Person\",\"@id\":\"http:\\\/\\\/monmaghreb.com\\\/#\\\/schema\\\/person\\\/c469a89dc8c6b8987dcb438b1200d054\",\"name\":\"LaMagh\",\"image\":{\"@type\":\"ImageObject\",\"inLanguage\":\"en-US\",\"@id\":\"https:\\\/\\\/secure.gravatar.com\\\/avatar\\\/399d8144bd55fba55e056779aca52fe528bac7911f6449e54d81173d6dfd7f0a?s=96&d=mm&r=g\",\"url\":\"https:\\\/\\\/secure.gravatar.com\\\/avatar\\\/399d8144bd55fba55e056779aca52fe528bac7911f6449e54d81173d6dfd7f0a?s=96&d=mm&r=g\",\"contentUrl\":\"https:\\\/\\\/secure.gravatar.com\\\/avatar\\\/399d8144bd55fba55e056779aca52fe528bac7911f6449e54d81173d6dfd7f0a?s=96&d=mm&r=g\",\"caption\":\"LaMagh\"},\"sameAs\":[\"https:\\\/\\\/monmaghreb.com\",\"https:\\\/\\\/www.facebook.com\\\/monmaghrebcom\",\"https:\\\/\\\/x.com\\\/MMaghreb50977\"],\"url\":\"https:\\\/\\\/monmaghreb.com\\\/index.php\\\/author\\\/lamagh\\\/\"}]}<\/script>\n<!-- \/ Yoast SEO plugin. -->","yoast_head_json":{"title":"Le r\u00e9flexe de l'emprunt du terme \u00ab maghr\u00e9bin \u00bb : une questio","description":"Respectful language matters in media. Learn why using the term 'maghr\u00e9bin' can be insensitive or paternalistic, especially for the Maghrebin diaspora who self-i","robots":{"index":"index","follow":"follow","max-snippet":"max-snippet:-1","max-image-preview":"max-image-preview:large","max-video-preview":"max-video-preview:-1"},"canonical":"https:\/\/monmaghreb.com\/index.php\/2026\/09\/03\/le-reflexe-de-lemprunt-du-terme-maghrebin-une-question-de-respect\/","og_locale":"en_US","og_type":"article","og_title":"Le r\u00e9flexe de l'emprunt du terme \u00ab maghr\u00e9bin \u00bb : une question de respect","og_description":"Respectful language matters in media. Learn why using the term 'maghr\u00e9bin' can be insensitive or paternalistic, especially for the Maghrebin diaspora who self-i","og_url":"https:\/\/monmaghreb.com\/index.php\/2026\/09\/03\/le-reflexe-de-lemprunt-du-terme-maghrebin-une-question-de-respect\/","og_site_name":"Mon Maghreb","article_author":"https:\/\/www.facebook.com\/monmaghrebcom","article_published_time":"2026-09-03T15:34:47+00:00","article_modified_time":"2026-09-03T15:34:55+00:00","og_image":[{"width":1880,"height":1253,"url":"https:\/\/monmaghreb.com\/wp-content\/uploads\/2026\/09\/featured-25.jpg","type":"image\/jpeg"}],"author":"LaMagh","twitter_card":"summary_large_image","twitter_creator":"@MMaghreb50977","twitter_misc":{"Written by":"LaMagh","Est. reading time":"4 minutes"},"schema":{"@context":"https:\/\/schema.org","@graph":[{"@type":"Article","@id":"https:\/\/monmaghreb.com\/index.php\/2026\/09\/03\/le-reflexe-de-lemprunt-du-terme-maghrebin-une-question-de-respect\/#article","isPartOf":{"@id":"https:\/\/monmaghreb.com\/index.php\/2026\/09\/03\/le-reflexe-de-lemprunt-du-terme-maghrebin-une-question-de-respect\/"},"author":{"name":"LaMagh","@id":"http:\/\/monmaghreb.com\/#\/schema\/person\/c469a89dc8c6b8987dcb438b1200d054"},"headline":"Le r\u00e9flexe de l&#8217;emprunt du terme \u00ab maghr\u00e9bin \u00bb : une question de respect","datePublished":"2026-09-03T15:34:47+00:00","dateModified":"2026-09-03T15:34:55+00:00","mainEntityOfPage":{"@id":"https:\/\/monmaghreb.com\/index.php\/2026\/09\/03\/le-reflexe-de-lemprunt-du-terme-maghrebin-une-question-de-respect\/"},"wordCount":924,"publisher":{"@id":"http:\/\/monmaghreb.com\/#organization"},"image":{"@id":"https:\/\/monmaghreb.com\/index.php\/2026\/09\/03\/le-reflexe-de-lemprunt-du-terme-maghrebin-une-question-de-respect\/#primaryimage"},"thumbnailUrl":"https:\/\/monmaghreb.com\/wp-content\/uploads\/2026\/09\/featured-25.jpg","keywords":["\"culture tunisienne\"","assistantelanguageschool","droit m\u00e9dia","maghreb diaspora","respect"],"articleSection":["Diaspora"],"inLanguage":"en-US"},{"@type":"WebPage","@id":"https:\/\/monmaghreb.com\/index.php\/2026\/09\/03\/le-reflexe-de-lemprunt-du-terme-maghrebin-une-question-de-respect\/","url":"https:\/\/monmaghreb.com\/index.php\/2026\/09\/03\/le-reflexe-de-lemprunt-du-terme-maghrebin-une-question-de-respect\/","name":"Le r\u00e9flexe de l'emprunt du terme \u00ab maghr\u00e9bin \u00bb : une questio","isPartOf":{"@id":"http:\/\/monmaghreb.com\/#website"},"primaryImageOfPage":{"@id":"https:\/\/monmaghreb.com\/index.php\/2026\/09\/03\/le-reflexe-de-lemprunt-du-terme-maghrebin-une-question-de-respect\/#primaryimage"},"image":{"@id":"https:\/\/monmaghreb.com\/index.php\/2026\/09\/03\/le-reflexe-de-lemprunt-du-terme-maghrebin-une-question-de-respect\/#primaryimage"},"thumbnailUrl":"https:\/\/monmaghreb.com\/wp-content\/uploads\/2026\/09\/featured-25.jpg","datePublished":"2026-09-03T15:34:47+00:00","dateModified":"2026-09-03T15:34:55+00:00","description":"Respectful language matters in media. Learn why using the term 'maghr\u00e9bin' can be insensitive or paternalistic, especially for the Maghrebin diaspora who self-i","breadcrumb":{"@id":"https:\/\/monmaghreb.com\/index.php\/2026\/09\/03\/le-reflexe-de-lemprunt-du-terme-maghrebin-une-question-de-respect\/#breadcrumb"},"inLanguage":"en-US","potentialAction":[{"@type":"ReadAction","target":["https:\/\/monmaghreb.com\/index.php\/2026\/09\/03\/le-reflexe-de-lemprunt-du-terme-maghrebin-une-question-de-respect\/"]}]},{"@type":"ImageObject","inLanguage":"en-US","@id":"https:\/\/monmaghreb.com\/index.php\/2026\/09\/03\/le-reflexe-de-lemprunt-du-terme-maghrebin-une-question-de-respect\/#primaryimage","url":"https:\/\/monmaghreb.com\/wp-content\/uploads\/2026\/09\/featured-25.jpg","contentUrl":"https:\/\/monmaghreb.com\/wp-content\/uploads\/2026\/09\/featured-25.jpg","width":1880,"height":1253,"caption":"group of people of different nationalities from North Africa discussing language usage"},{"@type":"BreadcrumbList","@id":"https:\/\/monmaghreb.com\/index.php\/2026\/09\/03\/le-reflexe-de-lemprunt-du-terme-maghrebin-une-question-de-respect\/#breadcrumb","itemListElement":[{"@type":"ListItem","position":1,"name":"Home","item":"http:\/\/monmaghreb.com\/"},{"@type":"ListItem","position":2,"name":"Le r\u00e9flexe de l&#8217;emprunt du terme \u00ab maghr\u00e9bin \u00bb : une question de respect"}]},{"@type":"WebSite","@id":"http:\/\/monmaghreb.com\/#website","url":"http:\/\/monmaghreb.com\/","name":"Mon Maghreb","description":"MonMaghreb United","publisher":{"@id":"http:\/\/monmaghreb.com\/#organization"},"alternateName":"Le Monde du Maghreb et au del\u00e0","potentialAction":[{"@type":"SearchAction","target":{"@type":"EntryPoint","urlTemplate":"http:\/\/monmaghreb.com\/?s={search_term_string}"},"query-input":{"@type":"PropertyValueSpecification","valueRequired":true,"valueName":"search_term_string"}}],"inLanguage":"en-US"},{"@type":"Organization","@id":"http:\/\/monmaghreb.com\/#organization","name":"Mon Maghreb","url":"http:\/\/monmaghreb.com\/","logo":{"@type":"ImageObject","inLanguage":"en-US","@id":"http:\/\/monmaghreb.com\/#\/schema\/logo\/image\/","url":"https:\/\/monmaghreb.com\/wp-content\/uploads\/2025\/12\/Mon_Maghreb_Logo.jpg","contentUrl":"https:\/\/monmaghreb.com\/wp-content\/uploads\/2025\/12\/Mon_Maghreb_Logo.jpg","width":814,"height":374,"caption":"Mon Maghreb"},"image":{"@id":"http:\/\/monmaghreb.com\/#\/schema\/logo\/image\/"}},{"@type":"Person","@id":"http:\/\/monmaghreb.com\/#\/schema\/person\/c469a89dc8c6b8987dcb438b1200d054","name":"LaMagh","image":{"@type":"ImageObject","inLanguage":"en-US","@id":"https:\/\/secure.gravatar.com\/avatar\/399d8144bd55fba55e056779aca52fe528bac7911f6449e54d81173d6dfd7f0a?s=96&d=mm&r=g","url":"https:\/\/secure.gravatar.com\/avatar\/399d8144bd55fba55e056779aca52fe528bac7911f6449e54d81173d6dfd7f0a?s=96&d=mm&r=g","contentUrl":"https:\/\/secure.gravatar.com\/avatar\/399d8144bd55fba55e056779aca52fe528bac7911f6449e54d81173d6dfd7f0a?s=96&d=mm&r=g","caption":"LaMagh"},"sameAs":["https:\/\/monmaghreb.com","https:\/\/www.facebook.com\/monmaghrebcom","https:\/\/x.com\/MMaghreb50977"],"url":"https:\/\/monmaghreb.com\/index.php\/author\/lamagh\/"}]}},"_links":{"self":[{"href":"https:\/\/monmaghreb.com\/index.php\/wp-json\/wp\/v2\/posts\/9563","targetHints":{"allow":["GET"]}}],"collection":[{"href":"https:\/\/monmaghreb.com\/index.php\/wp-json\/wp\/v2\/posts"}],"about":[{"href":"https:\/\/monmaghreb.com\/index.php\/wp-json\/wp\/v2\/types\/post"}],"author":[{"embeddable":true,"href":"https:\/\/monmaghreb.com\/index.php\/wp-json\/wp\/v2\/users\/1"}],"replies":[{"embeddable":true,"href":"https:\/\/monmaghreb.com\/index.php\/wp-json\/wp\/v2\/comments?post=9563"}],"version-history":[{"count":1,"href":"https:\/\/monmaghreb.com\/index.php\/wp-json\/wp\/v2\/posts\/9563\/revisions"}],"predecessor-version":[{"id":9564,"href":"https:\/\/monmaghreb.com\/index.php\/wp-json\/wp\/v2\/posts\/9563\/revisions\/9564"}],"wp:featuredmedia":[{"embeddable":true,"href":"https:\/\/monmaghreb.com\/index.php\/wp-json\/wp\/v2\/media\/9562"}],"wp:attachment":[{"href":"https:\/\/monmaghreb.com\/index.php\/wp-json\/wp\/v2\/media?parent=9563"}],"wp:term":[{"taxonomy":"category","embeddable":true,"href":"https:\/\/monmaghreb.com\/index.php\/wp-json\/wp\/v2\/categories?post=9563"},{"taxonomy":"post_tag","embeddable":true,"href":"https:\/\/monmaghreb.com\/index.php\/wp-json\/wp\/v2\/tags?post=9563"}],"curies":[{"name":"wp","href":"https:\/\/api.w.org\/{rel}","templated":true}]}}