
{"id":9578,"date":"2026-09-03T17:44:34","date_gmt":"2026-09-03T17:44:34","guid":{"rendered":"https:\/\/monmaghreb.com\/index.php\/2026\/09\/03\/marrakech-short-film-festival-le-court-metrage-comme-passerelle-entre-le-maroc-et-le-monde\/"},"modified":"2026-09-03T17:44:39","modified_gmt":"2026-09-03T17:44:39","slug":"marrakech-short-film-festival-le-court-metrage-comme-passerelle-entre-le-maroc-et-le-monde","status":"publish","type":"post","link":"https:\/\/monmaghreb.com\/index.php\/2026\/09\/03\/marrakech-short-film-festival-le-court-metrage-comme-passerelle-entre-le-maroc-et-le-monde\/","title":{"rendered":"Marrakech Short Film Festival : le court m\u00e9trage comme passerelle entre le Maroc et le monde"},"content":{"rendered":"<p><!DOCTYPE html><br \/>\n<html lang=\"fr\"><br \/>\n<head><br \/>\n    <meta charset=\"UTF-8\"><br \/>\n    <meta name=\"viewport\" content=\"width=device-width, initial-scale=1.0\"><br \/>\n    <title>Marrakech Short Film Festival<\/title><br \/>\n<\/head><br \/>\n<body><\/p>\n<h1>Marrakech Short Film Festival : le court m\u00e9trage comme passerelle entre le Maroc et le monde<\/h1>\n<p>En s&#8217;inscrivant dans le cadre d&#8217;un renouveau du cin\u00e9ma marocain, le Marrakech Short Film Festival a pris son envol en 2014. Avec un objectif clair : promouvoir le court m\u00e9trage marocain et international, ce festival se distingue par son engagement \u00e0 mettre en avant les cr\u00e9ations de jeunes r\u00e9alisateurs du Maroc et de l&#8217;\u00e9tranger. Depuis sa cr\u00e9ation, le festival a accueilli de nombreux r\u00e9alisateurs de renom, tels que Karim A\u00efnouz, Rachid Bouchareb, et Nabil Ayouch, qui ont partag\u00e9 leurs exp\u00e9riences et ont encourag\u00e9 les r\u00e9alisateurs marocains \u00e9mergents \u00e0 poursuivre leur chemin.<\/p>\n<h2>1. Le Marrakech Short Film Festival : un point de rep\u00e8re dans le paysage du court m\u00e9trage marocain<\/h2>\n<p>Le Marrakech Short Film Festival est un \u00e9v\u00e9nement majeur pour le monde du cin\u00e9ma marocain. Il a \u00e9t\u00e9 cr\u00e9\u00e9 pour soutenir les r\u00e9alisateurs marocains \u00e9mergents et leur donner une plateforme pour pr\u00e9senter leurs \u0153uvres aux plus grandes lumi\u00e8res du monde du cin\u00e9ma. Le festival offre \u00e9galement une opportunit\u00e9 pour les r\u00e9alisateurs internationaux de d\u00e9couvrir le cin\u00e9ma marocain et de collaborer avec les r\u00e9alisateurs locaux. Les films marocains ont \u00e9t\u00e9 reconnus pour leur qualit\u00e9 et leur engagement \u00e0 pr\u00e9senter des sujets qui sont importants pour la soci\u00e9t\u00e9 marocaine.<\/p>\n<p>Les r\u00e9alisateurs marocains ont produit des \u0153uvres remarquables dans divers genres, allant du drame \u00e0 la com\u00e9die, en passant par le documentaire. Les films marocains ont \u00e9galement \u00e9t\u00e9 couronn\u00e9s de succ\u00e8s dans de nombreux festivals internationaux, tels que le Festival de Cannes et le Festival de Berlin.<\/p>\n<h2>2. Les r\u00e9alisateurs marocains \u00e9mergents<\/h2>\n<p>Le Marrakech Short Film Festival offre aux r\u00e9alisateurs marocains \u00e9mergents la possibilit\u00e9 de montrer leur travail au public et \u00e0 des professionnels du cin\u00e9ma. Les laur\u00e9ats du festival sont souvent remarqu\u00e9s pour leur talent et leur cr\u00e9ativit\u00e9, et ont souvent obtenu des opportunit\u00e9s de collaboration \u00e0 l&#8217;\u00e9chelle nationale et internationale. Les r\u00e9alisateurs marocains ont \u00e9galement la possibilit\u00e9 d&#8217;apprendre de leurs coll\u00e8gues \u00e9trangers et d&#8217;\u00e9tendre leur r\u00e9seau de contacts.<\/p>\n<p>Les r\u00e9alisateurs marocains ont \u00e9galement la possibilit\u00e9 de d\u00e9couvrir de nouvelles techniques de production et de r\u00e9alisation, ainsi que de partager leurs exp\u00e9riences avec les r\u00e9alisateurs \u00e9trangers.<\/p>\n<h2>3. Le Maroc et le monde : une collaboration en cours<\/h2>\n<p>Le Marrakech Short Film Festival offre \u00e9galement une opportunit\u00e9 pour les r\u00e9alisateurs marocains d&#8217;interagir avec les cr\u00e9ateurs de cin\u00e9ma internationaux. Les participants \u00e9trangers ont la possibilit\u00e9 de d\u00e9couvrir le cin\u00e9ma marocain et d&#8217;apprendre de ses r\u00e9alisateurs. Les r\u00e9alisateurs marocains ont \u00e9galement la possibilit\u00e9 d&#8217;apprendre des cr\u00e9ateurs \u00e9trangers et d&#8217;\u00e9tendre leur r\u00e9seau de contacts.<\/p>\n<p>Les collaborations entre le Maroc et les pays \u00e9trangers ont \u00e9t\u00e9 enrichissantes pour le monde du cin\u00e9ma marocain. Les r\u00e9alisateurs marocains ont appris \u00e0 utiliser des techniques et des strat\u00e9gies de production plus avanc\u00e9es, ce qui a permis de produire des films de plus grande qualit\u00e9.<\/p>\n<h2>4. Les r\u00e9alisateurs internationaux \u00e0 Marrakech<\/h2>\n<p>Le Marrakech Short Film Festival accueille chaque ann\u00e9e de nombreux r\u00e9alisateurs internationaux qui participent \u00e0 la promotion du court m\u00e9trage marocain. Les r\u00e9alisateurs \u00e9trangers sont invit\u00e9s \u00e0 pr\u00e9senter leurs propres \u0153uvres, \u00e0 partager leurs exp\u00e9riences et \u00e0 collaborer avec les r\u00e9alisateurs marocains.<\/p>\n<p>Les r\u00e9alisateurs \u00e9trangers ont \u00e9galement la possibilit\u00e9 d&#8217;apprendre de la culture et du paysage marocain, ce qui leur donne une nouvelle perspective sur le cin\u00e9ma marocain. Les r\u00e9alisateurs marocains ont \u00e9galement la possibilit\u00e9 d&#8217;apprendre de leurs coll\u00e8gues \u00e9trangers et d&#8217;\u00e9tendre leur r\u00e9seau de contacts.<\/p>\n<h2>5. La pr\u00e9sence du public marocain<\/h2>\n<p>Le Marrakech Short Film Festival attire chaque ann\u00e9e un grand nombre de spectateurs marocains qui viennent voir les \u0153uvres pr\u00e9sent\u00e9es au festival. Les spectateurs marocains ont la possibilit\u00e9 de d\u00e9couvrir le cin\u00e9ma marocain et de se connecter avec les r\u00e9alisateurs marocains \u00e9mergents.<\/p>\n<p>Les spectateurs marocains ont \u00e9galement la possibilit\u00e9 d&#8217;apprendre de leurs coll\u00e8gues \u00e9trangers et de partager leur passion pour le cin\u00e9ma. Le festival offre \u00e9galement une opportunit\u00e9 pour les spectateurs marocains de rencontrer des professionnels du cin\u00e9ma et de d\u00e9couvrir des opportunit\u00e9s de carri\u00e8re.<\/p>\n<h2>6. Appel \u00e0 l&#8217;action<\/h2>\n<p>Le Marrakech Short Film Festival est un \u00e9v\u00e9nement important pour le monde du cin\u00e9ma marocain. Il offre aux r\u00e9alisateurs marocains \u00e9mergents une plateforme pour pr\u00e9senter leurs \u0153uvres aux plus grandes lumi\u00e8res du monde du cin\u00e9ma. Aux cr\u00e9ateurs de cin\u00e9ma internationaux, il offre une opportunit\u00e9 pour d\u00e9couvrir le cin\u00e9ma marocain et pour \u00e9tendre leur r\u00e9seau de contacts.<\/p>\n<p>Les spectateurs marocains ont la possibilit\u00e9 de d\u00e9couvrir le cin\u00e9ma marocain et de se connecter avec les r\u00e9alisateurs marocains \u00e9mergents. Le Marrakech Short Film Festival est un \u00e9v\u00e9nement que tous ceux qui aiment le cin\u00e9ma ne doivent pas manquer.<\/p>\n<p>Donc, si vous aimez le cin\u00e9ma et que vous \u00eates int\u00e9ress\u00e9 par la culture marocaine, vous devez absolument participer au Marrakech Short Film Festival ! Vous aurez la possibilit\u00e9 de d\u00e9couvrir de nouveaux talents, de partager votre passion pour le cin\u00e9ma et de vous connecter avec les cr\u00e9ateurs du monde entier.<\/p>\n<p>Alors, n&#8217;h\u00e9sitez pas ! Profitez de l&#8217;occasion pour d\u00e9couvrir le cin\u00e9ma marocain et pour \u00e9tendre votre r\u00e9seau de contacts. Vous ne serez pas d\u00e9\u00e7u !<\/p>\n<div style=\"background:#f8f9fa;border-left:4px solid #0066cc;border-radius:6px;padding:20px 24px;margin:32px 0;\">\n<p style=\"font-size:13px;color:#888;text-transform:uppercase;letter-spacing:0.8px;margin:0 0 6px 0;\">Vous pourriez aussi aimer<\/p>\n<h3 style=\"font-size:18px;margin:0 0 14px 0;color:#222;\">Articles similaires<\/h3>\n<ul style=\"margin:0;padding-left:20px;list-style:disc;\">\n<li style=\"margin-bottom:10px;\"><a href=\"https:\/\/monmaghreb.com\/index.php\/2026\/08\/31\/le-maroc-une-destination-idyllique-pour-les-camping-caristes-le-monde-du-camping\/\" style=\"color:#0066cc;text-decoration:none;font-weight:500;\" title=\"Le Maroc, une destination idyllique pour les camping-caristes &#8211; Le Monde du Camping\">Le Maroc, une destination idyllique pour les camping-caristes &#8211; Le Monde du Camping<\/a><\/li>\n<li style=\"margin-bottom:10px;\"><a href=\"https:\/\/monmaghreb.com\/index.php\/2026\/09\/03\/le-developpement-de-lenergie-gaziere-au-maroc-une-opportunite-pour-les-entreprises-tunisiennes\/\" style=\"color:#0066cc;text-decoration:none;font-weight:500;\" title=\"Le d\u00e9veloppement de l&#8217;\u00e9nergie gazi\u00e8re au Maroc : une opportunit\u00e9 pour les entreprises tunisiennes\">Le d\u00e9veloppement de l&#8217;\u00e9nergie gazi\u00e8re au Maroc : une opportunit\u00e9 pour les entreprises tunisiennes<\/a><\/li>\n<li style=\"margin-bottom:10px;\"><a href=\"https:\/\/monmaghreb.com\/index.php\/2026\/09\/01\/a-fontainebleau-le-festival-de-lhistoire-de-lart-fete-la-mode-marocaine\/\" style=\"color:#0066cc;text-decoration:none;font-weight:500;\" title=\"\u00c0 Fontainebleau : le festival de l&#8217;histoire de l&#8217;art f\u00eate la mode marocaine\">\u00c0 Fontainebleau : le festival de l&#8217;histoire de l&#8217;art f\u00eate la mode marocaine<\/a><\/li>\n<li style=\"margin-bottom:10px;\"><a href=\"https:\/\/monmaghreb.com\/index.php\/2026\/09\/01\/iqlaa-le-maroc-soutient-les-entreprises-culturelles-et-creatives\/\" style=\"color:#0066cc;text-decoration:none;font-weight:500;\" title=\"Iqlaa : le Maroc soutient les entreprises culturelles et cr\u00e9atives\">Iqlaa : le Maroc soutient les entreprises culturelles et cr\u00e9atives<\/a><\/li>\n<li style=\"margin-bottom:10px;\"><a href=\"https:\/\/monmaghreb.com\/index.php\/2026\/09\/01\/camping-car-decouvrir-le-maroc-en-famille\/\" style=\"color:#0066cc;text-decoration:none;font-weight:500;\" title=\"Camping-car : d\u00e9couvrir le Maroc en famille\">Camping-car : d\u00e9couvrir le Maroc en famille<\/a><\/li>\n<\/ul>\n<\/div>\n<p><\/body><br \/>\n<\/html><\/p>\n","protected":false},"excerpt":{"rendered":"<p>Marrakech Short Film Festival : le court m\u00e9trage comme passerelle entre le Maroc et le monde<\/p>\n","protected":false},"author":1,"featured_media":9577,"comment_status":"closed","ping_status":"open","sticky":false,"template":"","format":"standard","meta":{"_yoast_wpseo_canonical":"","_yoast_wpseo_opengraph-title":"Marrakech Short Film Festival : le court m\u00e9trage comme passerelle entre le Maroc et le monde","_yoast_wpseo_opengraph-description":"Marrakech Short Film Festival : le court m\u00e9trage comme passerelle entre le Maroc et le monde","_yoast_wpseo_opengraph-image":"","tdm_status":"","tdm_grid_status":"","footnotes":""},"categories":[97],"tags":[],"class_list":["post-9578","post","type-post","status-publish","format-standard","has-post-thumbnail","hentry","category-videos"],"yoast_head":"<!-- This site is optimized with the Yoast SEO plugin v28.4 - https:\/\/yoast.com\/product\/yoast-seo-wordpress\/ -->\n<title>Marrakech Short Film Festival : le court m\u00e9trage comme passe<\/title>\n<meta name=\"description\" content=\"Marrakech Short Film Festival : le court m\u00e9trage comme passerelle entre le Maroc et le monde\" \/>\n<meta name=\"robots\" content=\"index, follow, max-snippet:-1, max-image-preview:large, max-video-preview:-1\" \/>\n<link rel=\"canonical\" href=\"https:\/\/monmaghreb.com\/index.php\/2026\/09\/03\/marrakech-short-film-festival-le-court-metrage-comme-passerelle-entre-le-maroc-et-le-monde\/\" \/>\n<meta property=\"og:locale\" content=\"en_US\" \/>\n<meta property=\"og:type\" content=\"article\" \/>\n<meta property=\"og:title\" content=\"Marrakech Short Film Festival : le court m\u00e9trage comme passerelle entre le Maroc et le monde\" \/>\n<meta property=\"og:description\" content=\"Marrakech Short Film Festival : le court m\u00e9trage comme passerelle entre le Maroc et le monde\" \/>\n<meta property=\"og:url\" content=\"https:\/\/monmaghreb.com\/index.php\/2026\/09\/03\/marrakech-short-film-festival-le-court-metrage-comme-passerelle-entre-le-maroc-et-le-monde\/\" \/>\n<meta property=\"og:site_name\" content=\"Mon Maghreb\" \/>\n<meta property=\"article:author\" content=\"https:\/\/www.facebook.com\/monmaghrebcom\" \/>\n<meta property=\"article:published_time\" content=\"2026-09-03T17:44:34+00:00\" \/>\n<meta property=\"article:modified_time\" content=\"2026-09-03T17:44:39+00:00\" \/>\n<meta property=\"og:image\" content=\"https:\/\/monmaghreb.com\/wp-content\/uploads\/2026\/09\/featured-30.jpg\" \/>\n\t<meta property=\"og:image:width\" content=\"1731\" \/>\n\t<meta property=\"og:image:height\" content=\"1300\" \/>\n\t<meta property=\"og:image:type\" content=\"image\/jpeg\" \/>\n<meta name=\"author\" content=\"LaMagh\" \/>\n<meta name=\"twitter:card\" content=\"summary_large_image\" \/>\n<meta name=\"twitter:creator\" content=\"@MMaghreb50977\" \/>\n<meta name=\"twitter:label1\" content=\"Written by\" \/>\n\t<meta name=\"twitter:data1\" content=\"LaMagh\" \/>\n\t<meta name=\"twitter:label2\" content=\"Est. reading time\" \/>\n\t<meta name=\"twitter:data2\" content=\"5 minutes\" \/>\n<script type=\"application\/ld+json\" class=\"yoast-schema-graph\">{\"@context\":\"https:\\\/\\\/schema.org\",\"@graph\":[{\"@type\":\"Article\",\"@id\":\"https:\\\/\\\/monmaghreb.com\\\/index.php\\\/2026\\\/09\\\/03\\\/marrakech-short-film-festival-le-court-metrage-comme-passerelle-entre-le-maroc-et-le-monde\\\/#article\",\"isPartOf\":{\"@id\":\"https:\\\/\\\/monmaghreb.com\\\/index.php\\\/2026\\\/09\\\/03\\\/marrakech-short-film-festival-le-court-metrage-comme-passerelle-entre-le-maroc-et-le-monde\\\/\"},\"author\":{\"name\":\"LaMagh\",\"@id\":\"http:\\\/\\\/monmaghreb.com\\\/#\\\/schema\\\/person\\\/c469a89dc8c6b8987dcb438b1200d054\"},\"headline\":\"Marrakech Short Film Festival : le court m\u00e9trage comme passerelle entre le Maroc et le monde\",\"datePublished\":\"2026-09-03T17:44:34+00:00\",\"dateModified\":\"2026-09-03T17:44:39+00:00\",\"mainEntityOfPage\":{\"@id\":\"https:\\\/\\\/monmaghreb.com\\\/index.php\\\/2026\\\/09\\\/03\\\/marrakech-short-film-festival-le-court-metrage-comme-passerelle-entre-le-maroc-et-le-monde\\\/\"},\"wordCount\":1011,\"publisher\":{\"@id\":\"http:\\\/\\\/monmaghreb.com\\\/#organization\"},\"image\":{\"@id\":\"https:\\\/\\\/monmaghreb.com\\\/index.php\\\/2026\\\/09\\\/03\\\/marrakech-short-film-festival-le-court-metrage-comme-passerelle-entre-le-maroc-et-le-monde\\\/#primaryimage\"},\"thumbnailUrl\":\"https:\\\/\\\/monmaghreb.com\\\/wp-content\\\/uploads\\\/2026\\\/09\\\/featured-30.jpg\",\"articleSection\":[\"Vid\u00e9os\"],\"inLanguage\":\"en-US\"},{\"@type\":\"WebPage\",\"@id\":\"https:\\\/\\\/monmaghreb.com\\\/index.php\\\/2026\\\/09\\\/03\\\/marrakech-short-film-festival-le-court-metrage-comme-passerelle-entre-le-maroc-et-le-monde\\\/\",\"url\":\"https:\\\/\\\/monmaghreb.com\\\/index.php\\\/2026\\\/09\\\/03\\\/marrakech-short-film-festival-le-court-metrage-comme-passerelle-entre-le-maroc-et-le-monde\\\/\",\"name\":\"Marrakech Short Film Festival : le court m\u00e9trage comme passe\",\"isPartOf\":{\"@id\":\"http:\\\/\\\/monmaghreb.com\\\/#website\"},\"primaryImageOfPage\":{\"@id\":\"https:\\\/\\\/monmaghreb.com\\\/index.php\\\/2026\\\/09\\\/03\\\/marrakech-short-film-festival-le-court-metrage-comme-passerelle-entre-le-maroc-et-le-monde\\\/#primaryimage\"},\"image\":{\"@id\":\"https:\\\/\\\/monmaghreb.com\\\/index.php\\\/2026\\\/09\\\/03\\\/marrakech-short-film-festival-le-court-metrage-comme-passerelle-entre-le-maroc-et-le-monde\\\/#primaryimage\"},\"thumbnailUrl\":\"https:\\\/\\\/monmaghreb.com\\\/wp-content\\\/uploads\\\/2026\\\/09\\\/featured-30.jpg\",\"datePublished\":\"2026-09-03T17:44:34+00:00\",\"dateModified\":\"2026-09-03T17:44:39+00:00\",\"description\":\"Marrakech Short Film Festival : le court m\u00e9trage comme passerelle entre le Maroc et le monde\",\"breadcrumb\":{\"@id\":\"https:\\\/\\\/monmaghreb.com\\\/index.php\\\/2026\\\/09\\\/03\\\/marrakech-short-film-festival-le-court-metrage-comme-passerelle-entre-le-maroc-et-le-monde\\\/#breadcrumb\"},\"inLanguage\":\"en-US\",\"potentialAction\":[{\"@type\":\"ReadAction\",\"target\":[\"https:\\\/\\\/monmaghreb.com\\\/index.php\\\/2026\\\/09\\\/03\\\/marrakech-short-film-festival-le-court-metrage-comme-passerelle-entre-le-maroc-et-le-monde\\\/\"]}]},{\"@type\":\"ImageObject\",\"inLanguage\":\"en-US\",\"@id\":\"https:\\\/\\\/monmaghreb.com\\\/index.php\\\/2026\\\/09\\\/03\\\/marrakech-short-film-festival-le-court-metrage-comme-passerelle-entre-le-maroc-et-le-monde\\\/#primaryimage\",\"url\":\"https:\\\/\\\/monmaghreb.com\\\/wp-content\\\/uploads\\\/2026\\\/09\\\/featured-30.jpg\",\"contentUrl\":\"https:\\\/\\\/monmaghreb.com\\\/wp-content\\\/uploads\\\/2026\\\/09\\\/featured-30.jpg\",\"width\":1731,\"height\":1300,\"caption\":\"marrakech short film festival featured image\"},{\"@type\":\"BreadcrumbList\",\"@id\":\"https:\\\/\\\/monmaghreb.com\\\/index.php\\\/2026\\\/09\\\/03\\\/marrakech-short-film-festival-le-court-metrage-comme-passerelle-entre-le-maroc-et-le-monde\\\/#breadcrumb\",\"itemListElement\":[{\"@type\":\"ListItem\",\"position\":1,\"name\":\"Home\",\"item\":\"http:\\\/\\\/monmaghreb.com\\\/\"},{\"@type\":\"ListItem\",\"position\":2,\"name\":\"Marrakech Short Film Festival : le court m\u00e9trage comme passerelle entre le Maroc et le monde\"}]},{\"@type\":\"WebSite\",\"@id\":\"http:\\\/\\\/monmaghreb.com\\\/#website\",\"url\":\"http:\\\/\\\/monmaghreb.com\\\/\",\"name\":\"Mon Maghreb\",\"description\":\"MonMaghreb United\",\"publisher\":{\"@id\":\"http:\\\/\\\/monmaghreb.com\\\/#organization\"},\"alternateName\":\"Le Monde du Maghreb et au del\u00e0\",\"potentialAction\":[{\"@type\":\"SearchAction\",\"target\":{\"@type\":\"EntryPoint\",\"urlTemplate\":\"http:\\\/\\\/monmaghreb.com\\\/?s={search_term_string}\"},\"query-input\":{\"@type\":\"PropertyValueSpecification\",\"valueRequired\":true,\"valueName\":\"search_term_string\"}}],\"inLanguage\":\"en-US\"},{\"@type\":\"Organization\",\"@id\":\"http:\\\/\\\/monmaghreb.com\\\/#organization\",\"name\":\"Mon Maghreb\",\"url\":\"http:\\\/\\\/monmaghreb.com\\\/\",\"logo\":{\"@type\":\"ImageObject\",\"inLanguage\":\"en-US\",\"@id\":\"http:\\\/\\\/monmaghreb.com\\\/#\\\/schema\\\/logo\\\/image\\\/\",\"url\":\"https:\\\/\\\/monmaghreb.com\\\/wp-content\\\/uploads\\\/2025\\\/12\\\/Mon_Maghreb_Logo.jpg\",\"contentUrl\":\"https:\\\/\\\/monmaghreb.com\\\/wp-content\\\/uploads\\\/2025\\\/12\\\/Mon_Maghreb_Logo.jpg\",\"width\":814,\"height\":374,\"caption\":\"Mon Maghreb\"},\"image\":{\"@id\":\"http:\\\/\\\/monmaghreb.com\\\/#\\\/schema\\\/logo\\\/image\\\/\"}},{\"@type\":\"Person\",\"@id\":\"http:\\\/\\\/monmaghreb.com\\\/#\\\/schema\\\/person\\\/c469a89dc8c6b8987dcb438b1200d054\",\"name\":\"LaMagh\",\"image\":{\"@type\":\"ImageObject\",\"inLanguage\":\"en-US\",\"@id\":\"https:\\\/\\\/secure.gravatar.com\\\/avatar\\\/399d8144bd55fba55e056779aca52fe528bac7911f6449e54d81173d6dfd7f0a?s=96&d=mm&r=g\",\"url\":\"https:\\\/\\\/secure.gravatar.com\\\/avatar\\\/399d8144bd55fba55e056779aca52fe528bac7911f6449e54d81173d6dfd7f0a?s=96&d=mm&r=g\",\"contentUrl\":\"https:\\\/\\\/secure.gravatar.com\\\/avatar\\\/399d8144bd55fba55e056779aca52fe528bac7911f6449e54d81173d6dfd7f0a?s=96&d=mm&r=g\",\"caption\":\"LaMagh\"},\"sameAs\":[\"https:\\\/\\\/monmaghreb.com\",\"https:\\\/\\\/www.facebook.com\\\/monmaghrebcom\",\"https:\\\/\\\/x.com\\\/MMaghreb50977\"],\"url\":\"https:\\\/\\\/monmaghreb.com\\\/index.php\\\/author\\\/lamagh\\\/\"}]}<\/script>\n<!-- \/ Yoast SEO plugin. -->","yoast_head_json":{"title":"Marrakech Short Film Festival : le court m\u00e9trage comme passe","description":"Marrakech Short Film Festival : le court m\u00e9trage comme passerelle entre le Maroc et le monde","robots":{"index":"index","follow":"follow","max-snippet":"max-snippet:-1","max-image-preview":"max-image-preview:large","max-video-preview":"max-video-preview:-1"},"canonical":"https:\/\/monmaghreb.com\/index.php\/2026\/09\/03\/marrakech-short-film-festival-le-court-metrage-comme-passerelle-entre-le-maroc-et-le-monde\/","og_locale":"en_US","og_type":"article","og_title":"Marrakech Short Film Festival : le court m\u00e9trage comme passerelle entre le Maroc et le monde","og_description":"Marrakech Short Film Festival : le court m\u00e9trage comme passerelle entre le Maroc et le monde","og_url":"https:\/\/monmaghreb.com\/index.php\/2026\/09\/03\/marrakech-short-film-festival-le-court-metrage-comme-passerelle-entre-le-maroc-et-le-monde\/","og_site_name":"Mon Maghreb","article_author":"https:\/\/www.facebook.com\/monmaghrebcom","article_published_time":"2026-09-03T17:44:34+00:00","article_modified_time":"2026-09-03T17:44:39+00:00","og_image":[{"width":1731,"height":1300,"url":"https:\/\/monmaghreb.com\/wp-content\/uploads\/2026\/09\/featured-30.jpg","type":"image\/jpeg"}],"author":"LaMagh","twitter_card":"summary_large_image","twitter_creator":"@MMaghreb50977","twitter_misc":{"Written by":"LaMagh","Est. reading time":"5 minutes"},"schema":{"@context":"https:\/\/schema.org","@graph":[{"@type":"Article","@id":"https:\/\/monmaghreb.com\/index.php\/2026\/09\/03\/marrakech-short-film-festival-le-court-metrage-comme-passerelle-entre-le-maroc-et-le-monde\/#article","isPartOf":{"@id":"https:\/\/monmaghreb.com\/index.php\/2026\/09\/03\/marrakech-short-film-festival-le-court-metrage-comme-passerelle-entre-le-maroc-et-le-monde\/"},"author":{"name":"LaMagh","@id":"http:\/\/monmaghreb.com\/#\/schema\/person\/c469a89dc8c6b8987dcb438b1200d054"},"headline":"Marrakech Short Film Festival : le court m\u00e9trage comme passerelle entre le Maroc et le monde","datePublished":"2026-09-03T17:44:34+00:00","dateModified":"2026-09-03T17:44:39+00:00","mainEntityOfPage":{"@id":"https:\/\/monmaghreb.com\/index.php\/2026\/09\/03\/marrakech-short-film-festival-le-court-metrage-comme-passerelle-entre-le-maroc-et-le-monde\/"},"wordCount":1011,"publisher":{"@id":"http:\/\/monmaghreb.com\/#organization"},"image":{"@id":"https:\/\/monmaghreb.com\/index.php\/2026\/09\/03\/marrakech-short-film-festival-le-court-metrage-comme-passerelle-entre-le-maroc-et-le-monde\/#primaryimage"},"thumbnailUrl":"https:\/\/monmaghreb.com\/wp-content\/uploads\/2026\/09\/featured-30.jpg","articleSection":["Vid\u00e9os"],"inLanguage":"en-US"},{"@type":"WebPage","@id":"https:\/\/monmaghreb.com\/index.php\/2026\/09\/03\/marrakech-short-film-festival-le-court-metrage-comme-passerelle-entre-le-maroc-et-le-monde\/","url":"https:\/\/monmaghreb.com\/index.php\/2026\/09\/03\/marrakech-short-film-festival-le-court-metrage-comme-passerelle-entre-le-maroc-et-le-monde\/","name":"Marrakech Short Film Festival : le court m\u00e9trage comme passe","isPartOf":{"@id":"http:\/\/monmaghreb.com\/#website"},"primaryImageOfPage":{"@id":"https:\/\/monmaghreb.com\/index.php\/2026\/09\/03\/marrakech-short-film-festival-le-court-metrage-comme-passerelle-entre-le-maroc-et-le-monde\/#primaryimage"},"image":{"@id":"https:\/\/monmaghreb.com\/index.php\/2026\/09\/03\/marrakech-short-film-festival-le-court-metrage-comme-passerelle-entre-le-maroc-et-le-monde\/#primaryimage"},"thumbnailUrl":"https:\/\/monmaghreb.com\/wp-content\/uploads\/2026\/09\/featured-30.jpg","datePublished":"2026-09-03T17:44:34+00:00","dateModified":"2026-09-03T17:44:39+00:00","description":"Marrakech Short Film Festival : le court m\u00e9trage comme passerelle entre le Maroc et le monde","breadcrumb":{"@id":"https:\/\/monmaghreb.com\/index.php\/2026\/09\/03\/marrakech-short-film-festival-le-court-metrage-comme-passerelle-entre-le-maroc-et-le-monde\/#breadcrumb"},"inLanguage":"en-US","potentialAction":[{"@type":"ReadAction","target":["https:\/\/monmaghreb.com\/index.php\/2026\/09\/03\/marrakech-short-film-festival-le-court-metrage-comme-passerelle-entre-le-maroc-et-le-monde\/"]}]},{"@type":"ImageObject","inLanguage":"en-US","@id":"https:\/\/monmaghreb.com\/index.php\/2026\/09\/03\/marrakech-short-film-festival-le-court-metrage-comme-passerelle-entre-le-maroc-et-le-monde\/#primaryimage","url":"https:\/\/monmaghreb.com\/wp-content\/uploads\/2026\/09\/featured-30.jpg","contentUrl":"https:\/\/monmaghreb.com\/wp-content\/uploads\/2026\/09\/featured-30.jpg","width":1731,"height":1300,"caption":"marrakech short film festival featured image"},{"@type":"BreadcrumbList","@id":"https:\/\/monmaghreb.com\/index.php\/2026\/09\/03\/marrakech-short-film-festival-le-court-metrage-comme-passerelle-entre-le-maroc-et-le-monde\/#breadcrumb","itemListElement":[{"@type":"ListItem","position":1,"name":"Home","item":"http:\/\/monmaghreb.com\/"},{"@type":"ListItem","position":2,"name":"Marrakech Short Film Festival : le court m\u00e9trage comme passerelle entre le Maroc et le monde"}]},{"@type":"WebSite","@id":"http:\/\/monmaghreb.com\/#website","url":"http:\/\/monmaghreb.com\/","name":"Mon Maghreb","description":"MonMaghreb United","publisher":{"@id":"http:\/\/monmaghreb.com\/#organization"},"alternateName":"Le Monde du Maghreb et au del\u00e0","potentialAction":[{"@type":"SearchAction","target":{"@type":"EntryPoint","urlTemplate":"http:\/\/monmaghreb.com\/?s={search_term_string}"},"query-input":{"@type":"PropertyValueSpecification","valueRequired":true,"valueName":"search_term_string"}}],"inLanguage":"en-US"},{"@type":"Organization","@id":"http:\/\/monmaghreb.com\/#organization","name":"Mon Maghreb","url":"http:\/\/monmaghreb.com\/","logo":{"@type":"ImageObject","inLanguage":"en-US","@id":"http:\/\/monmaghreb.com\/#\/schema\/logo\/image\/","url":"https:\/\/monmaghreb.com\/wp-content\/uploads\/2025\/12\/Mon_Maghreb_Logo.jpg","contentUrl":"https:\/\/monmaghreb.com\/wp-content\/uploads\/2025\/12\/Mon_Maghreb_Logo.jpg","width":814,"height":374,"caption":"Mon Maghreb"},"image":{"@id":"http:\/\/monmaghreb.com\/#\/schema\/logo\/image\/"}},{"@type":"Person","@id":"http:\/\/monmaghreb.com\/#\/schema\/person\/c469a89dc8c6b8987dcb438b1200d054","name":"LaMagh","image":{"@type":"ImageObject","inLanguage":"en-US","@id":"https:\/\/secure.gravatar.com\/avatar\/399d8144bd55fba55e056779aca52fe528bac7911f6449e54d81173d6dfd7f0a?s=96&d=mm&r=g","url":"https:\/\/secure.gravatar.com\/avatar\/399d8144bd55fba55e056779aca52fe528bac7911f6449e54d81173d6dfd7f0a?s=96&d=mm&r=g","contentUrl":"https:\/\/secure.gravatar.com\/avatar\/399d8144bd55fba55e056779aca52fe528bac7911f6449e54d81173d6dfd7f0a?s=96&d=mm&r=g","caption":"LaMagh"},"sameAs":["https:\/\/monmaghreb.com","https:\/\/www.facebook.com\/monmaghrebcom","https:\/\/x.com\/MMaghreb50977"],"url":"https:\/\/monmaghreb.com\/index.php\/author\/lamagh\/"}]}},"_links":{"self":[{"href":"https:\/\/monmaghreb.com\/index.php\/wp-json\/wp\/v2\/posts\/9578","targetHints":{"allow":["GET"]}}],"collection":[{"href":"https:\/\/monmaghreb.com\/index.php\/wp-json\/wp\/v2\/posts"}],"about":[{"href":"https:\/\/monmaghreb.com\/index.php\/wp-json\/wp\/v2\/types\/post"}],"author":[{"embeddable":true,"href":"https:\/\/monmaghreb.com\/index.php\/wp-json\/wp\/v2\/users\/1"}],"replies":[{"embeddable":true,"href":"https:\/\/monmaghreb.com\/index.php\/wp-json\/wp\/v2\/comments?post=9578"}],"version-history":[{"count":1,"href":"https:\/\/monmaghreb.com\/index.php\/wp-json\/wp\/v2\/posts\/9578\/revisions"}],"predecessor-version":[{"id":9579,"href":"https:\/\/monmaghreb.com\/index.php\/wp-json\/wp\/v2\/posts\/9578\/revisions\/9579"}],"wp:featuredmedia":[{"embeddable":true,"href":"https:\/\/monmaghreb.com\/index.php\/wp-json\/wp\/v2\/media\/9577"}],"wp:attachment":[{"href":"https:\/\/monmaghreb.com\/index.php\/wp-json\/wp\/v2\/media?parent=9578"}],"wp:term":[{"taxonomy":"category","embeddable":true,"href":"https:\/\/monmaghreb.com\/index.php\/wp-json\/wp\/v2\/categories?post=9578"},{"taxonomy":"post_tag","embeddable":true,"href":"https:\/\/monmaghreb.com\/index.php\/wp-json\/wp\/v2\/tags?post=9578"}],"curies":[{"name":"wp","href":"https:\/\/api.w.org\/{rel}","templated":true}]}}