
{"id":9581,"date":"2026-09-03T19:58:54","date_gmt":"2026-09-03T19:58:54","guid":{"rendered":"https:\/\/monmaghreb.com\/index.php\/2026\/09\/03\/lactrice-luz-mendez-pose-pour-lofficiel-arabia-en-caftan-marocain-un-hommage-a-notre-culture-et-a-notre-diversite\/"},"modified":"2026-09-03T19:59:03","modified_gmt":"2026-09-03T19:59:03","slug":"lactrice-luz-mendez-pose-pour-lofficiel-arabia-en-caftan-marocain-un-hommage-a-notre-culture-et-a-notre-diversite","status":"publish","type":"post","link":"https:\/\/monmaghreb.com\/index.php\/2026\/09\/03\/lactrice-luz-mendez-pose-pour-lofficiel-arabia-en-caftan-marocain-un-hommage-a-notre-culture-et-a-notre-diversite\/","title":{"rendered":"L&#8217;actrice Luz M\u00e9ndez pose pour L&#8217;Officiel Arabia en caftan marocain : un hommage \u00e0 notre culture et \u00e0 notre diversit\u00e9"},"content":{"rendered":"<p><!DOCTYPE html><br \/>\n<html lang='fr'><br \/>\n<head><br \/>\n <meta charset='UTF-8'><br \/>\n <title>Luz M\u00e9ndez pour L&#8217;Officiel Arabia<\/title><br \/>\n<\/head><br \/>\n<body><\/p>\n<h1>L&#8217;actrice Luz M\u00e9ndez pose pour L&#8217;Officiel Arabia en caftan marocain : un hommage \u00e0 notre culture et \u00e0 notre diversit\u00e9<\/h1>\n<p>Il y a quelques temps, l&#8217;actrice Luz M\u00e9ndez a fait une couverture \u00e9blouissante pour le magazine L&#8217;Officiel Arabia, en portant un magnifique caftan marocain. Cette photo a suscit\u00e9 une vive \u00e9motion chez les lecteurs maghr\u00e9bins de la diaspora, qui ont trouv\u00e9 en elle un symbole de notre culture et de notre diversit\u00e9. Pour les plus jeunes, ce photoshoot a \u00e9t\u00e9 une introduction \u00e0 la mode maghr\u00e9bine, tandis que pour les anciens, cela a \u00e9t\u00e9 un rappel de leur enfance et de leurs traditions.<\/p>\n<h2>La signification du caftan marocain<\/h2>\n<p>Le caftan marocain est un symbole de la culture marocaine et de notre histoire. Il a \u00e9t\u00e9 port\u00e9 par les souverains, les nobles et les citoyens de tous les niveaux depuis des si\u00e8cles. Les caftans marocains sont connus pour leur vari\u00e9t\u00e9 et leur beaut\u00e9, qui refl\u00e8tent l&#8217;artisanat et la cr\u00e9ativit\u00e9 marocaine. Ils sont souvent orn\u00e9s de motifs et de couleurs qui repr\u00e9sentent la nature et la vie, comme les fleurs, les arbres et les animaux.<\/p>\n<p>L&#8217;actrice Luz M\u00e9ndez a choisi de porter un caftan marocain pour ce photoshoot, ce qui a \u00e9t\u00e9 interpr\u00e9t\u00e9 par certains comme un hommage \u00e0 la culture marocaine et \u00e0 notre h\u00e9ritage. Elle a \u00e9galement d\u00e9clar\u00e9 que le caftan marocain symbolise la diversit\u00e9 et l&#8217;unit\u00e9 de notre r\u00e9gion. En effet, le caftan marocain est un v\u00eatement qui r\u00e9unit les communaut\u00e9s maghr\u00e9bines, qu&#8217;elles soient <a href=\"https:\/\/monmaghreb.com\/index.php\/2026\/09\/01\/272-nouvelles-corporations-marocaines-creees-en-2025-un-eclat-de-diversite-et-de-creativite-marocaine-dans-la-diaspora\/\" title=\"272 nouvelles corporations marocaines cr\u00e9\u00e9es en 2025 : un \u00e9clat de diversit\u00e9 et de cr\u00e9ativit\u00e9 marocaine dans la diaspora\">marocaines<\/a>, alg\u00e9riennes, tunisiennes ou libyennes.<\/p>\n<h2>La diversit\u00e9 de la mode maghr\u00e9bine<\/h2>\n<p>Ce photoshoot de Luz M\u00e9ndez est une preuve de la diversit\u00e9 et de l&#8217;originalit\u00e9 de la mode maghr\u00e9bine. Nous avons une culture et une histoire qui remontent aux temps les plus anciens, et nous avons toujours \u00e9t\u00e9 connus pour notre artisanat, notre cr\u00e9ativit\u00e9 et notre sens de la mode. La mode maghr\u00e9bine se caract\u00e9rise par sa vari\u00e9t\u00e9 et sa beaut\u00e9, qui refl\u00e8tent la diversit\u00e9 de notre r\u00e9gion. Nous avons une large gamme de caftans, de chaussures, de bijoux et de v\u00eatements traditionnels qui ont \u00e9t\u00e9 port\u00e9s depuis des si\u00e8cles.<\/p>\n<p>De la m\u00e9diterran\u00e9e \u00e0 la Sahra, nous avons une r\u00e9gion riche en histoire et en culture. Nous avons une communaut\u00e9 de cr\u00e9ateurs et d&#8217;artisans qui mettent leur c\u0153ur et leur \u00e2me dans leur travail, cr\u00e9ant des v\u00eatements et des bijoux uniques qui refl\u00e8tent notre identit\u00e9. La mode maghr\u00e9bine est un m\u00e9lange de traditions et de cultures, qui se refl\u00e8te dans les couleurs, les motifs et les mati\u00e8res utilis\u00e9es.<\/p>\n<h2>Le r\u00f4le de la diaspora maghr\u00e9bine<\/h2>\n<p>La diaspora maghr\u00e9bine a un r\u00f4le important \u00e0 jouer dans la promotion et la pr\u00e9servation de notre culture et de notre mode. Nous sommes les ambassadeurs de notre r\u00e9gion dans le monde, et nous avons une responsabilit\u00e9 morale de nous pr\u00e9senter avec fiert\u00e9 et de d\u00e9fendre nos traditions. Nous devons partager notre culture et notre mode avec le monde entier, pour montrer \u00e0 la g\u00e9n\u00e9ration suivante que notre identit\u00e9 est pr\u00e9cieuse et que nous devons la pr\u00e9server.<\/p>\n<p>Ce photoshoot de Luz M\u00e9ndez a \u00e9t\u00e9 un coup de c\u0153ur pour la communaut\u00e9 maghr\u00e9bine de la diaspora, qui a trouv\u00e9 en elle un symbole de notre culture et de notre h\u00e9ritage. Nous esp\u00e9rons que ce photoshoot a \u00e9galement suscit\u00e9 une nouvelle forme de fiert\u00e9 et de reconnaissance chez les non-maghr\u00e9bins, qui ont pu voir la beaut\u00e9 et la diversit\u00e9 de notre mode maghr\u00e9bine.<\/p>\n<h2>Comment soutenir la mode maghr\u00e9bine<\/h2>\n<p>Si vous souhaitez soutenir la mode maghr\u00e9bine, il y a plusieurs mani\u00e8res de le faire. Vous pouvez acheter des produits de marque maghr\u00e9bine, suivre des influencers maghr\u00e9bins et soutenir des \u00e9v\u00e9nements de mode maghr\u00e9bins. Vous pouvez \u00e9galement aider \u00e0 promouvoir la mode maghr\u00e9bine en partageant des photos et des articles sur les r\u00e9seaux sociaux.<\/p>\n<p>Il est important de soutenir nos cr\u00e9ateurs et de d\u00e9fendre nos traditions, afin de maintenir notre culture et notre mode vivantes pour les g\u00e9n\u00e9rations futures. Vous pouvez \u00e9galement visiter les march\u00e9s et les souks de notre r\u00e9gion, pour d\u00e9couvrir les cr\u00e9ations des artisans maghr\u00e9bins et les soutenir.<\/p>\n<h2>Conclusion<\/h2>\n<p>L&#8217;actrice Luz M\u00e9ndez a fait un photoshoot \u00e9blouissant pour le magazine L&#8217;Officiel Arabia en portant un caftan marocain. Ce photoshoot a \u00e9t\u00e9 un coup de c\u0153ur pour la communaut\u00e9 maghr\u00e9bine de la diaspora, qui a trouv\u00e9 en elle un symbole de notre culture et de notre h\u00e9ritage. Nous sommes fiers de notre mode maghr\u00e9bine et de ses traditions, et nous esp\u00e9rons que ce photoshoot a suscit\u00e9 une nouvelle forme de fiert\u00e9 et de reconnaissance chez les non-maghr\u00e9bins. Si vous souhaitez soutenir la mode maghr\u00e9bine, il y a plusieurs mani\u00e8res de le faire, et nous encourageons tous \u00e0 aider \u00e0 pr\u00e9server et \u00e0 promouvoir notre culture et notre mode.<\/p>\n<div style=\"background:#f8f9fa;border-left:4px solid #0066cc;border-radius:6px;padding:20px 24px;margin:32px 0;\">\n<p style=\"font-size:13px;color:#888;text-transform:uppercase;letter-spacing:0.8px;margin:0 0 6px 0;\">Vous pourriez aussi aimer<\/p>\n<h3 style=\"font-size:18px;margin:0 0 14px 0;color:#222;\">Articles similaires<\/h3>\n<ul style=\"margin:0;padding-left:20px;list-style:disc;\">\n<li style=\"margin-bottom:10px;\"><a href=\"https:\/\/monmaghreb.com\/index.php\/2026\/09\/01\/272-nouvelles-corporations-marocaines-creees-en-2025-un-eclat-de-diversite-et-de-creativite-marocaine-dans-la-diaspora\/\" style=\"color:#0066cc;text-decoration:none;font-weight:500;\" title=\"272 nouvelles corporations marocaines cr\u00e9\u00e9es en 2025 : un \u00e9clat de diversit\u00e9 et de cr\u00e9ativit\u00e9 marocaine dans la diaspora\">272 nouvelles corporations marocaines cr\u00e9\u00e9es en 2025 : un \u00e9clat de diversit\u00e9 et de cr\u00e9ativit\u00e9 marocaine dans la diaspora<\/a><\/li>\n<li style=\"margin-bottom:10px;\"><a href=\"https:\/\/monmaghreb.com\/index.php\/2026\/08\/29\/celebration-de-la-culture-marocaine-a-montreal-les-mille-visages-de-la-diversite\/\" style=\"color:#0066cc;text-decoration:none;font-weight:500;\" title=\"C\u00e9l\u00e9bration de la culture marocaine \u00e0 Montr\u00e9al : les mille visages de la diversit\u00e9\">C\u00e9l\u00e9bration de la culture marocaine \u00e0 Montr\u00e9al : les mille visages de la diversit\u00e9<\/a><\/li>\n<li style=\"margin-bottom:10px;\"><a href=\"https:\/\/monmaghreb.com\/index.php\/2026\/09\/03\/ragout-marocain-aux-patates-douces-et-poulet-un-delice-a-decouvrir\/\" style=\"color:#0066cc;text-decoration:none;font-weight:500;\" title=\"Rago\u00fbt marocain aux patates douces et poulet : un d\u00e9lice \u00e0 d\u00e9couvrir\">Rago\u00fbt marocain aux patates douces et poulet : un d\u00e9lice \u00e0 d\u00e9couvrir<\/a><\/li>\n<li style=\"margin-bottom:10px;\"><a href=\"https:\/\/monmaghreb.com\/index.php\/2026\/08\/31\/concept-stores-africains-a-paris-ou-decouvrir-le-design-du-maghreb\/\" style=\"color:#0066cc;text-decoration:none;font-weight:500;\" title=\"Concept stores africains \u00e0 Paris : o\u00f9 d\u00e9couvrir le design du Maghreb\">Concept stores africains \u00e0 Paris : o\u00f9 d\u00e9couvrir le design du Maghreb<\/a><\/li>\n<li style=\"margin-bottom:10px;\"><a href=\"https:\/\/monmaghreb.com\/index.php\/2026\/08\/30\/artisanat-marocain-272-corporations-creees-une-progression-en-2025-malgre-un-contexte-international-difficile\/\" style=\"color:#0066cc;text-decoration:none;font-weight:500;\" title=\"Artisanat marocain : 272 corporations cr\u00e9\u00e9es, une progression en 2025 malgr\u00e9 un contexte international difficile\">Artisanat marocain : 272 corporations cr\u00e9\u00e9es, une progression en 2025 malgr\u00e9 un contexte international difficile<\/a><\/li>\n<\/ul>\n<\/div>\n<p><\/body><br \/>\n<\/html><\/p>\n","protected":false},"excerpt":{"rendered":"<p>Luz M\u00e9ndez honore notre culture et notre diversit\u00e9 en posant pour L&#8217;Officiel Arabia en caftan marocain. D\u00e9couvrez la photo \u00e9blouissante.<\/p>\n","protected":false},"author":1,"featured_media":9580,"comment_status":"closed","ping_status":"open","sticky":false,"template":"","format":"standard","meta":{"_yoast_wpseo_canonical":"","_yoast_wpseo_opengraph-title":"L'actrice Luz M\u00e9ndez pose pour L'Officiel Arabia en caftan marocain : un hommage \u00e0 notre culture et \u00e0 notre diversit\u00e9","_yoast_wpseo_opengraph-description":"Luz M\u00e9ndez honore notre culture et notre diversit\u00e9 en posant pour L'Officiel Arabia en caftan marocain. D\u00e9couvrez la photo \u00e9blouissante.","_yoast_wpseo_opengraph-image":"","tdm_status":"","tdm_grid_status":"","footnotes":""},"categories":[655],"tags":[45,3374,2179,2239,1336],"class_list":["post-9581","post","type-post","status-publish","format-standard","has-post-thumbnail","hentry","category-maroc","tag-culture-tunisienne","tag-africa-diaspora","tag-africa-fashion","tag-alimentation-maghrebine","tag-celebrity"],"yoast_head":"<!-- This site is optimized with the Yoast SEO plugin v28.4 - https:\/\/yoast.com\/product\/yoast-seo-wordpress\/ -->\n<title>L&#039;actrice Luz M\u00e9ndez pose pour L&#039;Officiel Arabia en caftan m<\/title>\n<meta name=\"description\" content=\"Luz M\u00e9ndez honore notre culture et notre diversit\u00e9 en posant pour L&#039;Officiel Arabia en caftan marocain. D\u00e9couvrez la photo \u00e9blouissante.\" \/>\n<meta name=\"robots\" content=\"index, follow, max-snippet:-1, max-image-preview:large, max-video-preview:-1\" \/>\n<link rel=\"canonical\" href=\"https:\/\/monmaghreb.com\/index.php\/2026\/09\/03\/lactrice-luz-mendez-pose-pour-lofficiel-arabia-en-caftan-marocain-un-hommage-a-notre-culture-et-a-notre-diversite\/\" \/>\n<meta property=\"og:locale\" content=\"en_US\" \/>\n<meta property=\"og:type\" content=\"article\" \/>\n<meta property=\"og:title\" content=\"L&#039;actrice Luz M\u00e9ndez pose pour L&#039;Officiel Arabia en caftan marocain : un hommage \u00e0 notre culture et \u00e0 notre diversit\u00e9\" \/>\n<meta property=\"og:description\" content=\"Luz M\u00e9ndez honore notre culture et notre diversit\u00e9 en posant pour L&#039;Officiel Arabia en caftan marocain. D\u00e9couvrez la photo \u00e9blouissante.\" \/>\n<meta property=\"og:url\" content=\"https:\/\/monmaghreb.com\/index.php\/2026\/09\/03\/lactrice-luz-mendez-pose-pour-lofficiel-arabia-en-caftan-marocain-un-hommage-a-notre-culture-et-a-notre-diversite\/\" \/>\n<meta property=\"og:site_name\" content=\"Mon Maghreb\" \/>\n<meta property=\"article:author\" content=\"https:\/\/www.facebook.com\/monmaghrebcom\" \/>\n<meta property=\"article:published_time\" content=\"2026-09-03T19:58:54+00:00\" \/>\n<meta property=\"article:modified_time\" content=\"2026-09-03T19:59:03+00:00\" \/>\n<meta property=\"og:image\" content=\"https:\/\/monmaghreb.com\/wp-content\/uploads\/2026\/09\/featured-31.jpg\" \/>\n\t<meta property=\"og:image:width\" content=\"1880\" \/>\n\t<meta property=\"og:image:height\" content=\"1055\" \/>\n\t<meta property=\"og:image:type\" content=\"image\/jpeg\" \/>\n<meta name=\"author\" content=\"LaMagh\" \/>\n<meta name=\"twitter:card\" content=\"summary_large_image\" \/>\n<meta name=\"twitter:creator\" content=\"@MMaghreb50977\" \/>\n<meta name=\"twitter:label1\" content=\"Written by\" \/>\n\t<meta name=\"twitter:data1\" content=\"LaMagh\" \/>\n\t<meta name=\"twitter:label2\" content=\"Est. reading time\" \/>\n\t<meta name=\"twitter:data2\" content=\"5 minutes\" \/>\n<script type=\"application\/ld+json\" class=\"yoast-schema-graph\">{\"@context\":\"https:\\\/\\\/schema.org\",\"@graph\":[{\"@type\":\"Article\",\"@id\":\"https:\\\/\\\/monmaghreb.com\\\/index.php\\\/2026\\\/09\\\/03\\\/lactrice-luz-mendez-pose-pour-lofficiel-arabia-en-caftan-marocain-un-hommage-a-notre-culture-et-a-notre-diversite\\\/#article\",\"isPartOf\":{\"@id\":\"https:\\\/\\\/monmaghreb.com\\\/index.php\\\/2026\\\/09\\\/03\\\/lactrice-luz-mendez-pose-pour-lofficiel-arabia-en-caftan-marocain-un-hommage-a-notre-culture-et-a-notre-diversite\\\/\"},\"author\":{\"name\":\"LaMagh\",\"@id\":\"http:\\\/\\\/monmaghreb.com\\\/#\\\/schema\\\/person\\\/c469a89dc8c6b8987dcb438b1200d054\"},\"headline\":\"L&#8217;actrice Luz M\u00e9ndez pose pour L&#8217;Officiel Arabia en caftan marocain : un hommage \u00e0 notre culture et \u00e0 notre diversit\u00e9\",\"datePublished\":\"2026-09-03T19:58:54+00:00\",\"dateModified\":\"2026-09-03T19:59:03+00:00\",\"mainEntityOfPage\":{\"@id\":\"https:\\\/\\\/monmaghreb.com\\\/index.php\\\/2026\\\/09\\\/03\\\/lactrice-luz-mendez-pose-pour-lofficiel-arabia-en-caftan-marocain-un-hommage-a-notre-culture-et-a-notre-diversite\\\/\"},\"wordCount\":969,\"publisher\":{\"@id\":\"http:\\\/\\\/monmaghreb.com\\\/#organization\"},\"image\":{\"@id\":\"https:\\\/\\\/monmaghreb.com\\\/index.php\\\/2026\\\/09\\\/03\\\/lactrice-luz-mendez-pose-pour-lofficiel-arabia-en-caftan-marocain-un-hommage-a-notre-culture-et-a-notre-diversite\\\/#primaryimage\"},\"thumbnailUrl\":\"https:\\\/\\\/monmaghreb.com\\\/wp-content\\\/uploads\\\/2026\\\/09\\\/featured-31.jpg\",\"keywords\":[\"\\\"culture tunisienne\\\"\",\"africa diaspora\",\"africa fashion\",\"alimentation maghr\u00e9bine\",\"celebrity\"],\"articleSection\":[\"Maroc\"],\"inLanguage\":\"en-US\"},{\"@type\":\"WebPage\",\"@id\":\"https:\\\/\\\/monmaghreb.com\\\/index.php\\\/2026\\\/09\\\/03\\\/lactrice-luz-mendez-pose-pour-lofficiel-arabia-en-caftan-marocain-un-hommage-a-notre-culture-et-a-notre-diversite\\\/\",\"url\":\"https:\\\/\\\/monmaghreb.com\\\/index.php\\\/2026\\\/09\\\/03\\\/lactrice-luz-mendez-pose-pour-lofficiel-arabia-en-caftan-marocain-un-hommage-a-notre-culture-et-a-notre-diversite\\\/\",\"name\":\"L'actrice Luz M\u00e9ndez pose pour L'Officiel Arabia en caftan m\",\"isPartOf\":{\"@id\":\"http:\\\/\\\/monmaghreb.com\\\/#website\"},\"primaryImageOfPage\":{\"@id\":\"https:\\\/\\\/monmaghreb.com\\\/index.php\\\/2026\\\/09\\\/03\\\/lactrice-luz-mendez-pose-pour-lofficiel-arabia-en-caftan-marocain-un-hommage-a-notre-culture-et-a-notre-diversite\\\/#primaryimage\"},\"image\":{\"@id\":\"https:\\\/\\\/monmaghreb.com\\\/index.php\\\/2026\\\/09\\\/03\\\/lactrice-luz-mendez-pose-pour-lofficiel-arabia-en-caftan-marocain-un-hommage-a-notre-culture-et-a-notre-diversite\\\/#primaryimage\"},\"thumbnailUrl\":\"https:\\\/\\\/monmaghreb.com\\\/wp-content\\\/uploads\\\/2026\\\/09\\\/featured-31.jpg\",\"datePublished\":\"2026-09-03T19:58:54+00:00\",\"dateModified\":\"2026-09-03T19:59:03+00:00\",\"description\":\"Luz M\u00e9ndez honore notre culture et notre diversit\u00e9 en posant pour L'Officiel Arabia en caftan marocain. D\u00e9couvrez la photo \u00e9blouissante.\",\"breadcrumb\":{\"@id\":\"https:\\\/\\\/monmaghreb.com\\\/index.php\\\/2026\\\/09\\\/03\\\/lactrice-luz-mendez-pose-pour-lofficiel-arabia-en-caftan-marocain-un-hommage-a-notre-culture-et-a-notre-diversite\\\/#breadcrumb\"},\"inLanguage\":\"en-US\",\"potentialAction\":[{\"@type\":\"ReadAction\",\"target\":[\"https:\\\/\\\/monmaghreb.com\\\/index.php\\\/2026\\\/09\\\/03\\\/lactrice-luz-mendez-pose-pour-lofficiel-arabia-en-caftan-marocain-un-hommage-a-notre-culture-et-a-notre-diversite\\\/\"]}]},{\"@type\":\"ImageObject\",\"inLanguage\":\"en-US\",\"@id\":\"https:\\\/\\\/monmaghreb.com\\\/index.php\\\/2026\\\/09\\\/03\\\/lactrice-luz-mendez-pose-pour-lofficiel-arabia-en-caftan-marocain-un-hommage-a-notre-culture-et-a-notre-diversite\\\/#primaryimage\",\"url\":\"https:\\\/\\\/monmaghreb.com\\\/wp-content\\\/uploads\\\/2026\\\/09\\\/featured-31.jpg\",\"contentUrl\":\"https:\\\/\\\/monmaghreb.com\\\/wp-content\\\/uploads\\\/2026\\\/09\\\/featured-31.jpg\",\"width\":1880,\"height\":1055,\"caption\":\"Luz M\u00e9ndez posant pour L'Officiel Arabia en caftan marocain\"},{\"@type\":\"BreadcrumbList\",\"@id\":\"https:\\\/\\\/monmaghreb.com\\\/index.php\\\/2026\\\/09\\\/03\\\/lactrice-luz-mendez-pose-pour-lofficiel-arabia-en-caftan-marocain-un-hommage-a-notre-culture-et-a-notre-diversite\\\/#breadcrumb\",\"itemListElement\":[{\"@type\":\"ListItem\",\"position\":1,\"name\":\"Home\",\"item\":\"http:\\\/\\\/monmaghreb.com\\\/\"},{\"@type\":\"ListItem\",\"position\":2,\"name\":\"L&#8217;actrice Luz M\u00e9ndez pose pour L&#8217;Officiel Arabia en caftan marocain : un hommage \u00e0 notre culture et \u00e0 notre diversit\u00e9\"}]},{\"@type\":\"WebSite\",\"@id\":\"http:\\\/\\\/monmaghreb.com\\\/#website\",\"url\":\"http:\\\/\\\/monmaghreb.com\\\/\",\"name\":\"Mon Maghreb\",\"description\":\"MonMaghreb United\",\"publisher\":{\"@id\":\"http:\\\/\\\/monmaghreb.com\\\/#organization\"},\"alternateName\":\"Le Monde du Maghreb et au del\u00e0\",\"potentialAction\":[{\"@type\":\"SearchAction\",\"target\":{\"@type\":\"EntryPoint\",\"urlTemplate\":\"http:\\\/\\\/monmaghreb.com\\\/?s={search_term_string}\"},\"query-input\":{\"@type\":\"PropertyValueSpecification\",\"valueRequired\":true,\"valueName\":\"search_term_string\"}}],\"inLanguage\":\"en-US\"},{\"@type\":\"Organization\",\"@id\":\"http:\\\/\\\/monmaghreb.com\\\/#organization\",\"name\":\"Mon Maghreb\",\"url\":\"http:\\\/\\\/monmaghreb.com\\\/\",\"logo\":{\"@type\":\"ImageObject\",\"inLanguage\":\"en-US\",\"@id\":\"http:\\\/\\\/monmaghreb.com\\\/#\\\/schema\\\/logo\\\/image\\\/\",\"url\":\"https:\\\/\\\/monmaghreb.com\\\/wp-content\\\/uploads\\\/2025\\\/12\\\/Mon_Maghreb_Logo.jpg\",\"contentUrl\":\"https:\\\/\\\/monmaghreb.com\\\/wp-content\\\/uploads\\\/2025\\\/12\\\/Mon_Maghreb_Logo.jpg\",\"width\":814,\"height\":374,\"caption\":\"Mon Maghreb\"},\"image\":{\"@id\":\"http:\\\/\\\/monmaghreb.com\\\/#\\\/schema\\\/logo\\\/image\\\/\"}},{\"@type\":\"Person\",\"@id\":\"http:\\\/\\\/monmaghreb.com\\\/#\\\/schema\\\/person\\\/c469a89dc8c6b8987dcb438b1200d054\",\"name\":\"LaMagh\",\"image\":{\"@type\":\"ImageObject\",\"inLanguage\":\"en-US\",\"@id\":\"https:\\\/\\\/secure.gravatar.com\\\/avatar\\\/399d8144bd55fba55e056779aca52fe528bac7911f6449e54d81173d6dfd7f0a?s=96&d=mm&r=g\",\"url\":\"https:\\\/\\\/secure.gravatar.com\\\/avatar\\\/399d8144bd55fba55e056779aca52fe528bac7911f6449e54d81173d6dfd7f0a?s=96&d=mm&r=g\",\"contentUrl\":\"https:\\\/\\\/secure.gravatar.com\\\/avatar\\\/399d8144bd55fba55e056779aca52fe528bac7911f6449e54d81173d6dfd7f0a?s=96&d=mm&r=g\",\"caption\":\"LaMagh\"},\"sameAs\":[\"https:\\\/\\\/monmaghreb.com\",\"https:\\\/\\\/www.facebook.com\\\/monmaghrebcom\",\"https:\\\/\\\/x.com\\\/MMaghreb50977\"],\"url\":\"https:\\\/\\\/monmaghreb.com\\\/index.php\\\/author\\\/lamagh\\\/\"}]}<\/script>\n<!-- \/ Yoast SEO plugin. -->","yoast_head_json":{"title":"L'actrice Luz M\u00e9ndez pose pour L'Officiel Arabia en caftan m","description":"Luz M\u00e9ndez honore notre culture et notre diversit\u00e9 en posant pour L'Officiel Arabia en caftan marocain. D\u00e9couvrez la photo \u00e9blouissante.","robots":{"index":"index","follow":"follow","max-snippet":"max-snippet:-1","max-image-preview":"max-image-preview:large","max-video-preview":"max-video-preview:-1"},"canonical":"https:\/\/monmaghreb.com\/index.php\/2026\/09\/03\/lactrice-luz-mendez-pose-pour-lofficiel-arabia-en-caftan-marocain-un-hommage-a-notre-culture-et-a-notre-diversite\/","og_locale":"en_US","og_type":"article","og_title":"L'actrice Luz M\u00e9ndez pose pour L'Officiel Arabia en caftan marocain : un hommage \u00e0 notre culture et \u00e0 notre diversit\u00e9","og_description":"Luz M\u00e9ndez honore notre culture et notre diversit\u00e9 en posant pour L'Officiel Arabia en caftan marocain. D\u00e9couvrez la photo \u00e9blouissante.","og_url":"https:\/\/monmaghreb.com\/index.php\/2026\/09\/03\/lactrice-luz-mendez-pose-pour-lofficiel-arabia-en-caftan-marocain-un-hommage-a-notre-culture-et-a-notre-diversite\/","og_site_name":"Mon Maghreb","article_author":"https:\/\/www.facebook.com\/monmaghrebcom","article_published_time":"2026-09-03T19:58:54+00:00","article_modified_time":"2026-09-03T19:59:03+00:00","og_image":[{"width":1880,"height":1055,"url":"https:\/\/monmaghreb.com\/wp-content\/uploads\/2026\/09\/featured-31.jpg","type":"image\/jpeg"}],"author":"LaMagh","twitter_card":"summary_large_image","twitter_creator":"@MMaghreb50977","twitter_misc":{"Written by":"LaMagh","Est. reading time":"5 minutes"},"schema":{"@context":"https:\/\/schema.org","@graph":[{"@type":"Article","@id":"https:\/\/monmaghreb.com\/index.php\/2026\/09\/03\/lactrice-luz-mendez-pose-pour-lofficiel-arabia-en-caftan-marocain-un-hommage-a-notre-culture-et-a-notre-diversite\/#article","isPartOf":{"@id":"https:\/\/monmaghreb.com\/index.php\/2026\/09\/03\/lactrice-luz-mendez-pose-pour-lofficiel-arabia-en-caftan-marocain-un-hommage-a-notre-culture-et-a-notre-diversite\/"},"author":{"name":"LaMagh","@id":"http:\/\/monmaghreb.com\/#\/schema\/person\/c469a89dc8c6b8987dcb438b1200d054"},"headline":"L&#8217;actrice Luz M\u00e9ndez pose pour L&#8217;Officiel Arabia en caftan marocain : un hommage \u00e0 notre culture et \u00e0 notre diversit\u00e9","datePublished":"2026-09-03T19:58:54+00:00","dateModified":"2026-09-03T19:59:03+00:00","mainEntityOfPage":{"@id":"https:\/\/monmaghreb.com\/index.php\/2026\/09\/03\/lactrice-luz-mendez-pose-pour-lofficiel-arabia-en-caftan-marocain-un-hommage-a-notre-culture-et-a-notre-diversite\/"},"wordCount":969,"publisher":{"@id":"http:\/\/monmaghreb.com\/#organization"},"image":{"@id":"https:\/\/monmaghreb.com\/index.php\/2026\/09\/03\/lactrice-luz-mendez-pose-pour-lofficiel-arabia-en-caftan-marocain-un-hommage-a-notre-culture-et-a-notre-diversite\/#primaryimage"},"thumbnailUrl":"https:\/\/monmaghreb.com\/wp-content\/uploads\/2026\/09\/featured-31.jpg","keywords":["\"culture tunisienne\"","africa diaspora","africa fashion","alimentation maghr\u00e9bine","celebrity"],"articleSection":["Maroc"],"inLanguage":"en-US"},{"@type":"WebPage","@id":"https:\/\/monmaghreb.com\/index.php\/2026\/09\/03\/lactrice-luz-mendez-pose-pour-lofficiel-arabia-en-caftan-marocain-un-hommage-a-notre-culture-et-a-notre-diversite\/","url":"https:\/\/monmaghreb.com\/index.php\/2026\/09\/03\/lactrice-luz-mendez-pose-pour-lofficiel-arabia-en-caftan-marocain-un-hommage-a-notre-culture-et-a-notre-diversite\/","name":"L'actrice Luz M\u00e9ndez pose pour L'Officiel Arabia en caftan m","isPartOf":{"@id":"http:\/\/monmaghreb.com\/#website"},"primaryImageOfPage":{"@id":"https:\/\/monmaghreb.com\/index.php\/2026\/09\/03\/lactrice-luz-mendez-pose-pour-lofficiel-arabia-en-caftan-marocain-un-hommage-a-notre-culture-et-a-notre-diversite\/#primaryimage"},"image":{"@id":"https:\/\/monmaghreb.com\/index.php\/2026\/09\/03\/lactrice-luz-mendez-pose-pour-lofficiel-arabia-en-caftan-marocain-un-hommage-a-notre-culture-et-a-notre-diversite\/#primaryimage"},"thumbnailUrl":"https:\/\/monmaghreb.com\/wp-content\/uploads\/2026\/09\/featured-31.jpg","datePublished":"2026-09-03T19:58:54+00:00","dateModified":"2026-09-03T19:59:03+00:00","description":"Luz M\u00e9ndez honore notre culture et notre diversit\u00e9 en posant pour L'Officiel Arabia en caftan marocain. D\u00e9couvrez la photo \u00e9blouissante.","breadcrumb":{"@id":"https:\/\/monmaghreb.com\/index.php\/2026\/09\/03\/lactrice-luz-mendez-pose-pour-lofficiel-arabia-en-caftan-marocain-un-hommage-a-notre-culture-et-a-notre-diversite\/#breadcrumb"},"inLanguage":"en-US","potentialAction":[{"@type":"ReadAction","target":["https:\/\/monmaghreb.com\/index.php\/2026\/09\/03\/lactrice-luz-mendez-pose-pour-lofficiel-arabia-en-caftan-marocain-un-hommage-a-notre-culture-et-a-notre-diversite\/"]}]},{"@type":"ImageObject","inLanguage":"en-US","@id":"https:\/\/monmaghreb.com\/index.php\/2026\/09\/03\/lactrice-luz-mendez-pose-pour-lofficiel-arabia-en-caftan-marocain-un-hommage-a-notre-culture-et-a-notre-diversite\/#primaryimage","url":"https:\/\/monmaghreb.com\/wp-content\/uploads\/2026\/09\/featured-31.jpg","contentUrl":"https:\/\/monmaghreb.com\/wp-content\/uploads\/2026\/09\/featured-31.jpg","width":1880,"height":1055,"caption":"Luz M\u00e9ndez posant pour L'Officiel Arabia en caftan marocain"},{"@type":"BreadcrumbList","@id":"https:\/\/monmaghreb.com\/index.php\/2026\/09\/03\/lactrice-luz-mendez-pose-pour-lofficiel-arabia-en-caftan-marocain-un-hommage-a-notre-culture-et-a-notre-diversite\/#breadcrumb","itemListElement":[{"@type":"ListItem","position":1,"name":"Home","item":"http:\/\/monmaghreb.com\/"},{"@type":"ListItem","position":2,"name":"L&#8217;actrice Luz M\u00e9ndez pose pour L&#8217;Officiel Arabia en caftan marocain : un hommage \u00e0 notre culture et \u00e0 notre diversit\u00e9"}]},{"@type":"WebSite","@id":"http:\/\/monmaghreb.com\/#website","url":"http:\/\/monmaghreb.com\/","name":"Mon Maghreb","description":"MonMaghreb United","publisher":{"@id":"http:\/\/monmaghreb.com\/#organization"},"alternateName":"Le Monde du Maghreb et au del\u00e0","potentialAction":[{"@type":"SearchAction","target":{"@type":"EntryPoint","urlTemplate":"http:\/\/monmaghreb.com\/?s={search_term_string}"},"query-input":{"@type":"PropertyValueSpecification","valueRequired":true,"valueName":"search_term_string"}}],"inLanguage":"en-US"},{"@type":"Organization","@id":"http:\/\/monmaghreb.com\/#organization","name":"Mon Maghreb","url":"http:\/\/monmaghreb.com\/","logo":{"@type":"ImageObject","inLanguage":"en-US","@id":"http:\/\/monmaghreb.com\/#\/schema\/logo\/image\/","url":"https:\/\/monmaghreb.com\/wp-content\/uploads\/2025\/12\/Mon_Maghreb_Logo.jpg","contentUrl":"https:\/\/monmaghreb.com\/wp-content\/uploads\/2025\/12\/Mon_Maghreb_Logo.jpg","width":814,"height":374,"caption":"Mon Maghreb"},"image":{"@id":"http:\/\/monmaghreb.com\/#\/schema\/logo\/image\/"}},{"@type":"Person","@id":"http:\/\/monmaghreb.com\/#\/schema\/person\/c469a89dc8c6b8987dcb438b1200d054","name":"LaMagh","image":{"@type":"ImageObject","inLanguage":"en-US","@id":"https:\/\/secure.gravatar.com\/avatar\/399d8144bd55fba55e056779aca52fe528bac7911f6449e54d81173d6dfd7f0a?s=96&d=mm&r=g","url":"https:\/\/secure.gravatar.com\/avatar\/399d8144bd55fba55e056779aca52fe528bac7911f6449e54d81173d6dfd7f0a?s=96&d=mm&r=g","contentUrl":"https:\/\/secure.gravatar.com\/avatar\/399d8144bd55fba55e056779aca52fe528bac7911f6449e54d81173d6dfd7f0a?s=96&d=mm&r=g","caption":"LaMagh"},"sameAs":["https:\/\/monmaghreb.com","https:\/\/www.facebook.com\/monmaghrebcom","https:\/\/x.com\/MMaghreb50977"],"url":"https:\/\/monmaghreb.com\/index.php\/author\/lamagh\/"}]}},"_links":{"self":[{"href":"https:\/\/monmaghreb.com\/index.php\/wp-json\/wp\/v2\/posts\/9581","targetHints":{"allow":["GET"]}}],"collection":[{"href":"https:\/\/monmaghreb.com\/index.php\/wp-json\/wp\/v2\/posts"}],"about":[{"href":"https:\/\/monmaghreb.com\/index.php\/wp-json\/wp\/v2\/types\/post"}],"author":[{"embeddable":true,"href":"https:\/\/monmaghreb.com\/index.php\/wp-json\/wp\/v2\/users\/1"}],"replies":[{"embeddable":true,"href":"https:\/\/monmaghreb.com\/index.php\/wp-json\/wp\/v2\/comments?post=9581"}],"version-history":[{"count":1,"href":"https:\/\/monmaghreb.com\/index.php\/wp-json\/wp\/v2\/posts\/9581\/revisions"}],"predecessor-version":[{"id":9582,"href":"https:\/\/monmaghreb.com\/index.php\/wp-json\/wp\/v2\/posts\/9581\/revisions\/9582"}],"wp:featuredmedia":[{"embeddable":true,"href":"https:\/\/monmaghreb.com\/index.php\/wp-json\/wp\/v2\/media\/9580"}],"wp:attachment":[{"href":"https:\/\/monmaghreb.com\/index.php\/wp-json\/wp\/v2\/media?parent=9581"}],"wp:term":[{"taxonomy":"category","embeddable":true,"href":"https:\/\/monmaghreb.com\/index.php\/wp-json\/wp\/v2\/categories?post=9581"},{"taxonomy":"post_tag","embeddable":true,"href":"https:\/\/monmaghreb.com\/index.php\/wp-json\/wp\/v2\/tags?post=9581"}],"curies":[{"name":"wp","href":"https:\/\/api.w.org\/{rel}","templated":true}]}}