
{"id":9584,"date":"2026-09-03T21:28:57","date_gmt":"2026-09-03T21:28:57","guid":{"rendered":"https:\/\/monmaghreb.com\/index.php\/2026\/09\/03\/la-mode-marocaine-conquiert-le-monde-exemple-dachraf-hakimi\/"},"modified":"2026-09-03T21:29:20","modified_gmt":"2026-09-03T21:29:20","slug":"la-mode-marocaine-conquiert-le-monde-exemple-dachraf-hakimi","status":"publish","type":"post","link":"https:\/\/monmaghreb.com\/index.php\/2026\/09\/03\/la-mode-marocaine-conquiert-le-monde-exemple-dachraf-hakimi\/","title":{"rendered":"La mode marocaine conquiert le monde : exemple d&#8217;Achraf Hakimi"},"content":{"rendered":"<p><!DOCTYPE html><br \/>\n<html lang='fr'><br \/>\n<head><br \/>\n  <meta charset='UTF-8'><br \/>\n  <meta name='viewport' content='width=device-width, initial-scale=1.0'><br \/>\n  <title>La mode marocaine conquiert le monde : exemple d&#8217;Achraf Hakimi<\/title><br \/>\n<\/head><br \/>\n<body><\/p>\n<h1>La mode marocaine conquiert le monde : exemple d&#8217;Achraf Hakimi<\/h1>\n<p>Depuis quelques ann\u00e9es, la mode marocaine conna\u00eet un v\u00e9ritable essor international. Ce ph\u00e9nom\u00e8ne est en partie d\u00fb \u00e0 l&#8217;influence croissante de personnalit\u00e9s <a href=\"https:\/\/monmaghreb.com\/index.php\/2026\/09\/01\/272-nouvelles-corporations-marocaines-creees-en-2025-un-eclat-de-diversite-et-de-creativite-marocaine-dans-la-diaspora\/\" title=\"272 nouvelles corporations marocaines cr\u00e9\u00e9es en 2025 : un \u00e9clat de diversit\u00e9 et de cr\u00e9ativit\u00e9 marocaine dans la diaspora\">marocaines<\/a> de la diaspora dans le monde de la mode. Voici comment le footballeur international marocain, Achraf Hakimi, contribue \u00e0 cette conqu\u00eate du monde de la mode marocaine. En effet, Hakimi est souvent vu portant des v\u00eatements marocains \u00e0 des \u00e9v\u00e9nements publics et de mode, ce qui aide \u00e0 populariser la mode marocaine au-del\u00e0 des fronti\u00e8res du Maroc. De plus, sa pr\u00e9sence dans les m\u00e9dias sociaux et les r\u00e9seaux de communication internationaux permet de faire d\u00e9couvrir la mode marocaine \u00e0 un public plus large.<\/p>\n<h2>Les racines du ph\u00e9nom\u00e8ne : la mode marocaine authentique<\/h2>\n<p>La mode marocaine est marqu\u00e9e par un m\u00e9lange de cultures et de influences venant des diff\u00e9rentes r\u00e9gions du pays. Cette diversit\u00e9 est \u00e0 l&#8217;origine de l&#8217;originalit\u00e9 de la mode marocaine, qui se caract\u00e9rise par sa vive couleur, ses motifs inspir\u00e9s de la nature et de la culture berb\u00e8re, ainsi que son \u00e9legance et sa sophistication. Les souks de Marrakech, o\u00f9 se trouvent des boutiques d&#8217;artisans qui produisent des v\u00eatements et des accessoires de haute qualit\u00e9, sont un exemple de la richesse de la mode marocaine authentique.<\/p>\n<p>La mode marocaine authentique a \u00e9t\u00e9 popularis\u00e9e par les souks de Marrakech, o\u00f9 se trouvent des boutiques d&#8217;artisans qui produisent des v\u00eatements et des accessoires de haute qualit\u00e9. Les artisans marocains ont toujours \u00e9t\u00e9 connus pour leur talent et leur cr\u00e9ativit\u00e9, ce qui explique pourquoi la mode marocaine est si riche en couleurs et en motifs. De plus, la mode marocaine est souvent li\u00e9e \u00e0 l&#8217;artisanat, ce qui signifie que chaque pi\u00e8ce est unique et refl\u00e8te la personnalit\u00e9 de l&#8217;artisan qui l&#8217;a cr\u00e9\u00e9e.<\/p>\n<p>Cependant, la mode marocaine authentique est souvent associ\u00e9e \u00e0 une image r\u00e9tro ou traditionnelle, ce qui peut la rendre moins attrayante pour certains clients occidentaux. Cependant, avec l&#8217;\u00e9mergence de la mode marocaine contemporaine, les Marocains de la diaspora et les cr\u00e9ateurs de mode marocains ont commenc\u00e9 \u00e0 s&#8217;inspirer des tendances de la mode mondiale, tout en restant fid\u00e8les \u00e0 leurs racines culturelles.<\/p>\n<h2>Le changement en marche : la mode marocaine contemporaine<\/h2>\n<p>Les derni\u00e8res ann\u00e9es ont vu l&#8217;\u00e9mergence de la mode marocaine contemporaine, qui s&#8217;\u00e9loigne de l&#8217;image r\u00e9tro de la mode marocaine traditionnelle pour s&#8217;inspirer davantage des tendances de la mode mondiale. Cette mode marocaine contemporaine se caract\u00e9rise par son style moderne, sa r\u00e9flexion sur les questions soci\u00e9tales et politiques du Maroc, et son int\u00e9gration de nouveaux mat\u00e9riaux et techniques. Les cr\u00e9ateurs de mode marocains tels que Haider Ackermann et Vivienne Westwood ont d\u00e9j\u00e0 contribu\u00e9 \u00e0 populariser la mode marocaine au niveau international.<\/p>\n<p>Achraf Hakimi est l&#8217;un des repr\u00e9sentants les plus connus de la mode marocaine contemporaine. Il est souvent vu portant des v\u00eatements marocains \u00e0 des \u00e9v\u00e9nements publics et de mode, ce qui aide \u00e0 populariser la mode marocaine au-del\u00e0 des fronti\u00e8res du Maroc. De plus, sa pr\u00e9sence dans les m\u00e9dias sociaux et les r\u00e9seaux de communication internationaux permet de faire d\u00e9couvrir la mode marocaine \u00e0 un public plus large.<\/p>\n<h2>Les influences marocaines dans la mode internationale<\/h2>\n<p>La mode marocaine contemporaine a \u00e9galement eu un impact sur la mode internationale. Les tendances marocaines peuvent \u00eatre observ\u00e9es dans les collections de grands cr\u00e9ateurs de mode tels que Yves Saint Laurent, Dolce &#038; Gabbana, et Balmain. Les Marocains de la diaspora ont \u00e9galement commenc\u00e9 \u00e0 s&#8217;inspirer des tendances de la mode marocaine pour cr\u00e9er leurs propres collections de mode.<\/p>\n<p>Achraf Hakimi est un exemple de la fa\u00e7on dont les Marocains de la diaspora peuvent contribuer \u00e0 la diffusion de la mode marocaine au-del\u00e0 des fronti\u00e8res du Maroc. En collaborant avec des marques de mode internationales, il popularise la mode marocaine aupr\u00e8s d&#8217;un public plus large. De plus, sa pr\u00e9sence dans les m\u00e9dias sociaux et les r\u00e9seaux de communication internationaux permet de faire d\u00e9couvrir la mode marocaine \u00e0 un public plus large.<\/p>\n<h2>Les d\u00e9fis \u00e0 surmonter<\/h2>\n<ul>\n<li>La standardisation de la mode marocaine : Il est n\u00e9cessaire de cr\u00e9er des normes et des r\u00e8gles pour la conception et la production de la mode marocaine afin de s&#8217;assurer de sa qualit\u00e9 et de sa conformit\u00e9 aux normes internationales.<\/li>\n<li>La protection des droits des artisans marocains : Il est important de prot\u00e9ger les droits des artisans marocains en leur permettant de b\u00e9n\u00e9ficier de revenus \u00e9quitables pour leur travail et en les aidant \u00e0 prot\u00e9ger leurs cr\u00e9ations contre les copies.<\/li>\n<li>La lutte contre les copies : Il est n\u00e9cessaire de lutter contre les copies de la mode marocaine pour prot\u00e9ger les int\u00e9r\u00eats des artisans marocains et pour \u00e9viter de ternir l&#8217;image de la mode marocaine au niveau international.<\/li>\n<\/ul>\n<h2>En conclusion : appel \u00e0 l&#8217;action<\/h2>\n<p>La mode marocaine a connu un essor international et a \u00e9t\u00e9 popularis\u00e9e par des personnalit\u00e9s marocaines de la diaspora, telles que Achraf Hakimi. Cependant, des d\u00e9fis persistants restent \u00e0 surmonter pour standardiser la mode marocaine, prot\u00e9ger les droits des artisans marocains, et lutter contre les copies. Nous appelons les lecteurs \u00e0 soutenir les artisans marocains et \u00e0 d\u00e9fendre la mode marocaine en soutenant des marques marocaines de mode responsables et \u00e9thiques, en faisant la promotion de la mode marocaine sur les r\u00e9seaux sociaux, et en collaborant avec des initiatives de soutien \u00e0 l&#8217;industrie de la mode marocaine.<\/p>\n<div style=\"background:#f8f9fa;border-left:4px solid #0066cc;border-radius:6px;padding:20px 24px;margin:32px 0;\">\n<p style=\"font-size:13px;color:#888;text-transform:uppercase;letter-spacing:0.8px;margin:0 0 6px 0;\">Vous pourriez aussi aimer<\/p>\n<h3 style=\"font-size:18px;margin:0 0 14px 0;color:#222;\">Articles similaires<\/h3>\n<ul style=\"margin:0;padding-left:20px;list-style:disc;\">\n<li style=\"margin-bottom:10px;\"><a href=\"https:\/\/monmaghreb.com\/index.php\/2026\/09\/01\/272-nouvelles-corporations-marocaines-creees-en-2025-un-eclat-de-diversite-et-de-creativite-marocaine-dans-la-diaspora\/\" style=\"color:#0066cc;text-decoration:none;font-weight:500;\" title=\"272 nouvelles corporations marocaines cr\u00e9\u00e9es en 2025 : un \u00e9clat de diversit\u00e9 et de cr\u00e9ativit\u00e9 marocaine dans la diaspora\">272 nouvelles corporations marocaines cr\u00e9\u00e9es en 2025 : un \u00e9clat de diversit\u00e9 et de cr\u00e9ativit\u00e9 marocaine dans la diaspora<\/a><\/li>\n<li style=\"margin-bottom:10px;\"><a href=\"https:\/\/monmaghreb.com\/index.php\/2026\/09\/01\/a-fontainebleau-le-festival-de-lhistoire-de-lart-fete-la-mode-marocaine\/\" style=\"color:#0066cc;text-decoration:none;font-weight:500;\" title=\"\u00c0 Fontainebleau : le festival de l&#8217;histoire de l&#8217;art f\u00eate la mode marocaine\">\u00c0 Fontainebleau : le festival de l&#8217;histoire de l&#8217;art f\u00eate la mode marocaine<\/a><\/li>\n<li style=\"margin-bottom:10px;\"><a href=\"https:\/\/monmaghreb.com\/index.php\/2026\/08\/29\/celebration-de-la-culture-marocaine-a-montreal-les-mille-visages-de-la-diversite\/\" style=\"color:#0066cc;text-decoration:none;font-weight:500;\" title=\"C\u00e9l\u00e9bration de la culture marocaine \u00e0 Montr\u00e9al : les mille visages de la diversit\u00e9\">C\u00e9l\u00e9bration de la culture marocaine \u00e0 Montr\u00e9al : les mille visages de la diversit\u00e9<\/a><\/li>\n<li style=\"margin-bottom:10px;\"><a href=\"https:\/\/monmaghreb.com\/index.php\/2026\/08\/29\/celebration-de-la-culture-berbere-lexposition-de-zahira-tigtate-a-drancy\/\" style=\"color:#0066cc;text-decoration:none;font-weight:500;\" title=\"C\u00e9l\u00e9bration de la culture berb\u00e8re : l&#8217;exposition de Zahira Tigtate \u00e0 Drancy\">C\u00e9l\u00e9bration de la culture berb\u00e8re : l&#8217;exposition de Zahira Tigtate \u00e0 Drancy<\/a><\/li>\n<li style=\"margin-bottom:10px;\"><a href=\"https:\/\/monmaghreb.com\/index.php\/2026\/08\/29\/carole-bouquet-et-la-perle-noire-de-la-mediterranee-un-lieu-idyllique-dete-pour-les-lecteurs-maghrebins-de-la-diaspora\/\" style=\"color:#0066cc;text-decoration:none;font-weight:500;\" title=\"Carole Bouquet et la Perle noire de la M\u00e9diterran\u00e9e : un lieu idyllique d&#8217;\u00e9t\u00e9 pour les lecteurs maghr\u00e9bins de la diaspora\">Carole Bouquet et la Perle noire de la M\u00e9diterran\u00e9e : un lieu idyllique d&#8217;\u00e9t\u00e9 pour les lecteurs maghr\u00e9bins de la diaspora<\/a><\/li>\n<\/ul>\n<\/div>\n<p><\/body><br \/>\n<\/html><\/p>\n","protected":false},"excerpt":{"rendered":"<p>D\u00e9couvrez comment Achraf Hakimi contribue \u00e0 la conqu\u00eate internationale de la mode marocaine. Son influence croissante dans le monde de la mode marocaine est inc<\/p>\n","protected":false},"author":1,"featured_media":9583,"comment_status":"closed","ping_status":"open","sticky":false,"template":"","format":"standard","meta":{"_yoast_wpseo_canonical":"","_yoast_wpseo_opengraph-title":"La mode marocaine conquiert le monde : exemple d'Achraf Hakimi","_yoast_wpseo_opengraph-description":"D\u00e9couvrez comment Achraf Hakimi contribue \u00e0 la conqu\u00eate internationale de la mode marocaine. Son influence croissante dans le monde de la mode marocaine est inc","_yoast_wpseo_opengraph-image":"","tdm_status":"","tdm_grid_status":"","footnotes":""},"categories":[655],"tags":[3374,2399,4782,4100,967],"class_list":["post-9584","post","type-post","status-publish","format-standard","has-post-thumbnail","hentry","category-maroc","tag-africa-diaspora","tag-africa-football","tag-agriculture-marocaine","tag-algerian-style","tag-mode-marocaine"],"yoast_head":"<!-- This site is optimized with the Yoast SEO plugin v28.4 - https:\/\/yoast.com\/product\/yoast-seo-wordpress\/ -->\n<title>La mode marocaine conquiert le monde : exemple d&#039;Achraf Haki<\/title>\n<meta name=\"description\" content=\"D\u00e9couvrez comment Achraf Hakimi contribue \u00e0 la conqu\u00eate internationale de la mode marocaine. Son influence croissante dans le monde de la mode marocaine est inc\" \/>\n<meta name=\"robots\" content=\"index, follow, max-snippet:-1, max-image-preview:large, max-video-preview:-1\" \/>\n<link rel=\"canonical\" href=\"https:\/\/monmaghreb.com\/index.php\/2026\/09\/03\/la-mode-marocaine-conquiert-le-monde-exemple-dachraf-hakimi\/\" \/>\n<meta property=\"og:locale\" content=\"en_US\" \/>\n<meta property=\"og:type\" content=\"article\" \/>\n<meta property=\"og:title\" content=\"La mode marocaine conquiert le monde : exemple d&#039;Achraf Hakimi\" \/>\n<meta property=\"og:description\" content=\"D\u00e9couvrez comment Achraf Hakimi contribue \u00e0 la conqu\u00eate internationale de la mode marocaine. Son influence croissante dans le monde de la mode marocaine est inc\" \/>\n<meta property=\"og:url\" content=\"https:\/\/monmaghreb.com\/index.php\/2026\/09\/03\/la-mode-marocaine-conquiert-le-monde-exemple-dachraf-hakimi\/\" \/>\n<meta property=\"og:site_name\" content=\"Mon Maghreb\" \/>\n<meta property=\"article:author\" content=\"https:\/\/www.facebook.com\/monmaghrebcom\" \/>\n<meta property=\"article:published_time\" content=\"2026-09-03T21:28:57+00:00\" \/>\n<meta property=\"article:modified_time\" content=\"2026-09-03T21:29:20+00:00\" \/>\n<meta property=\"og:image\" content=\"https:\/\/monmaghreb.com\/wp-content\/uploads\/2026\/09\/featured-32.jpg\" \/>\n\t<meta property=\"og:image:width\" content=\"1626\" \/>\n\t<meta property=\"og:image:height\" content=\"1300\" \/>\n\t<meta property=\"og:image:type\" content=\"image\/jpeg\" \/>\n<meta name=\"author\" content=\"LaMagh\" \/>\n<meta name=\"twitter:card\" content=\"summary_large_image\" \/>\n<meta name=\"twitter:creator\" content=\"@MMaghreb50977\" \/>\n<meta name=\"twitter:label1\" content=\"Written by\" \/>\n\t<meta name=\"twitter:data1\" content=\"LaMagh\" \/>\n\t<meta name=\"twitter:label2\" content=\"Est. reading time\" \/>\n\t<meta name=\"twitter:data2\" content=\"5 minutes\" \/>\n<script type=\"application\/ld+json\" class=\"yoast-schema-graph\">{\"@context\":\"https:\\\/\\\/schema.org\",\"@graph\":[{\"@type\":\"Article\",\"@id\":\"https:\\\/\\\/monmaghreb.com\\\/index.php\\\/2026\\\/09\\\/03\\\/la-mode-marocaine-conquiert-le-monde-exemple-dachraf-hakimi\\\/#article\",\"isPartOf\":{\"@id\":\"https:\\\/\\\/monmaghreb.com\\\/index.php\\\/2026\\\/09\\\/03\\\/la-mode-marocaine-conquiert-le-monde-exemple-dachraf-hakimi\\\/\"},\"author\":{\"name\":\"LaMagh\",\"@id\":\"http:\\\/\\\/monmaghreb.com\\\/#\\\/schema\\\/person\\\/c469a89dc8c6b8987dcb438b1200d054\"},\"headline\":\"La mode marocaine conquiert le monde : exemple d&#8217;Achraf Hakimi\",\"datePublished\":\"2026-09-03T21:28:57+00:00\",\"dateModified\":\"2026-09-03T21:29:20+00:00\",\"mainEntityOfPage\":{\"@id\":\"https:\\\/\\\/monmaghreb.com\\\/index.php\\\/2026\\\/09\\\/03\\\/la-mode-marocaine-conquiert-le-monde-exemple-dachraf-hakimi\\\/\"},\"wordCount\":1061,\"publisher\":{\"@id\":\"http:\\\/\\\/monmaghreb.com\\\/#organization\"},\"image\":{\"@id\":\"https:\\\/\\\/monmaghreb.com\\\/index.php\\\/2026\\\/09\\\/03\\\/la-mode-marocaine-conquiert-le-monde-exemple-dachraf-hakimi\\\/#primaryimage\"},\"thumbnailUrl\":\"https:\\\/\\\/monmaghreb.com\\\/wp-content\\\/uploads\\\/2026\\\/09\\\/featured-32.jpg\",\"keywords\":[\"africa diaspora\",\"africa football\",\"agriculture marocaine\",\"algerian style\",\"mode marocaine\"],\"articleSection\":[\"Maroc\"],\"inLanguage\":\"en-US\"},{\"@type\":\"WebPage\",\"@id\":\"https:\\\/\\\/monmaghreb.com\\\/index.php\\\/2026\\\/09\\\/03\\\/la-mode-marocaine-conquiert-le-monde-exemple-dachraf-hakimi\\\/\",\"url\":\"https:\\\/\\\/monmaghreb.com\\\/index.php\\\/2026\\\/09\\\/03\\\/la-mode-marocaine-conquiert-le-monde-exemple-dachraf-hakimi\\\/\",\"name\":\"La mode marocaine conquiert le monde : exemple d'Achraf Haki\",\"isPartOf\":{\"@id\":\"http:\\\/\\\/monmaghreb.com\\\/#website\"},\"primaryImageOfPage\":{\"@id\":\"https:\\\/\\\/monmaghreb.com\\\/index.php\\\/2026\\\/09\\\/03\\\/la-mode-marocaine-conquiert-le-monde-exemple-dachraf-hakimi\\\/#primaryimage\"},\"image\":{\"@id\":\"https:\\\/\\\/monmaghreb.com\\\/index.php\\\/2026\\\/09\\\/03\\\/la-mode-marocaine-conquiert-le-monde-exemple-dachraf-hakimi\\\/#primaryimage\"},\"thumbnailUrl\":\"https:\\\/\\\/monmaghreb.com\\\/wp-content\\\/uploads\\\/2026\\\/09\\\/featured-32.jpg\",\"datePublished\":\"2026-09-03T21:28:57+00:00\",\"dateModified\":\"2026-09-03T21:29:20+00:00\",\"description\":\"D\u00e9couvrez comment Achraf Hakimi contribue \u00e0 la conqu\u00eate internationale de la mode marocaine. Son influence croissante dans le monde de la mode marocaine est inc\",\"breadcrumb\":{\"@id\":\"https:\\\/\\\/monmaghreb.com\\\/index.php\\\/2026\\\/09\\\/03\\\/la-mode-marocaine-conquiert-le-monde-exemple-dachraf-hakimi\\\/#breadcrumb\"},\"inLanguage\":\"en-US\",\"potentialAction\":[{\"@type\":\"ReadAction\",\"target\":[\"https:\\\/\\\/monmaghreb.com\\\/index.php\\\/2026\\\/09\\\/03\\\/la-mode-marocaine-conquiert-le-monde-exemple-dachraf-hakimi\\\/\"]}]},{\"@type\":\"ImageObject\",\"inLanguage\":\"en-US\",\"@id\":\"https:\\\/\\\/monmaghreb.com\\\/index.php\\\/2026\\\/09\\\/03\\\/la-mode-marocaine-conquiert-le-monde-exemple-dachraf-hakimi\\\/#primaryimage\",\"url\":\"https:\\\/\\\/monmaghreb.com\\\/wp-content\\\/uploads\\\/2026\\\/09\\\/featured-32.jpg\",\"contentUrl\":\"https:\\\/\\\/monmaghreb.com\\\/wp-content\\\/uploads\\\/2026\\\/09\\\/featured-32.jpg\",\"width\":1626,\"height\":1300,\"caption\":\"Achraf Hakimi portant une tenue de mode marocaine \u00e0 l'ext\u00e9rieur d'un stade de football\"},{\"@type\":\"BreadcrumbList\",\"@id\":\"https:\\\/\\\/monmaghreb.com\\\/index.php\\\/2026\\\/09\\\/03\\\/la-mode-marocaine-conquiert-le-monde-exemple-dachraf-hakimi\\\/#breadcrumb\",\"itemListElement\":[{\"@type\":\"ListItem\",\"position\":1,\"name\":\"Home\",\"item\":\"http:\\\/\\\/monmaghreb.com\\\/\"},{\"@type\":\"ListItem\",\"position\":2,\"name\":\"La mode marocaine conquiert le monde : exemple d&#8217;Achraf Hakimi\"}]},{\"@type\":\"WebSite\",\"@id\":\"http:\\\/\\\/monmaghreb.com\\\/#website\",\"url\":\"http:\\\/\\\/monmaghreb.com\\\/\",\"name\":\"Mon Maghreb\",\"description\":\"MonMaghreb United\",\"publisher\":{\"@id\":\"http:\\\/\\\/monmaghreb.com\\\/#organization\"},\"alternateName\":\"Le Monde du Maghreb et au del\u00e0\",\"potentialAction\":[{\"@type\":\"SearchAction\",\"target\":{\"@type\":\"EntryPoint\",\"urlTemplate\":\"http:\\\/\\\/monmaghreb.com\\\/?s={search_term_string}\"},\"query-input\":{\"@type\":\"PropertyValueSpecification\",\"valueRequired\":true,\"valueName\":\"search_term_string\"}}],\"inLanguage\":\"en-US\"},{\"@type\":\"Organization\",\"@id\":\"http:\\\/\\\/monmaghreb.com\\\/#organization\",\"name\":\"Mon Maghreb\",\"url\":\"http:\\\/\\\/monmaghreb.com\\\/\",\"logo\":{\"@type\":\"ImageObject\",\"inLanguage\":\"en-US\",\"@id\":\"http:\\\/\\\/monmaghreb.com\\\/#\\\/schema\\\/logo\\\/image\\\/\",\"url\":\"https:\\\/\\\/monmaghreb.com\\\/wp-content\\\/uploads\\\/2025\\\/12\\\/Mon_Maghreb_Logo.jpg\",\"contentUrl\":\"https:\\\/\\\/monmaghreb.com\\\/wp-content\\\/uploads\\\/2025\\\/12\\\/Mon_Maghreb_Logo.jpg\",\"width\":814,\"height\":374,\"caption\":\"Mon Maghreb\"},\"image\":{\"@id\":\"http:\\\/\\\/monmaghreb.com\\\/#\\\/schema\\\/logo\\\/image\\\/\"}},{\"@type\":\"Person\",\"@id\":\"http:\\\/\\\/monmaghreb.com\\\/#\\\/schema\\\/person\\\/c469a89dc8c6b8987dcb438b1200d054\",\"name\":\"LaMagh\",\"image\":{\"@type\":\"ImageObject\",\"inLanguage\":\"en-US\",\"@id\":\"https:\\\/\\\/secure.gravatar.com\\\/avatar\\\/399d8144bd55fba55e056779aca52fe528bac7911f6449e54d81173d6dfd7f0a?s=96&d=mm&r=g\",\"url\":\"https:\\\/\\\/secure.gravatar.com\\\/avatar\\\/399d8144bd55fba55e056779aca52fe528bac7911f6449e54d81173d6dfd7f0a?s=96&d=mm&r=g\",\"contentUrl\":\"https:\\\/\\\/secure.gravatar.com\\\/avatar\\\/399d8144bd55fba55e056779aca52fe528bac7911f6449e54d81173d6dfd7f0a?s=96&d=mm&r=g\",\"caption\":\"LaMagh\"},\"sameAs\":[\"https:\\\/\\\/monmaghreb.com\",\"https:\\\/\\\/www.facebook.com\\\/monmaghrebcom\",\"https:\\\/\\\/x.com\\\/MMaghreb50977\"],\"url\":\"https:\\\/\\\/monmaghreb.com\\\/index.php\\\/author\\\/lamagh\\\/\"}]}<\/script>\n<!-- \/ Yoast SEO plugin. -->","yoast_head_json":{"title":"La mode marocaine conquiert le monde : exemple d'Achraf Haki","description":"D\u00e9couvrez comment Achraf Hakimi contribue \u00e0 la conqu\u00eate internationale de la mode marocaine. Son influence croissante dans le monde de la mode marocaine est inc","robots":{"index":"index","follow":"follow","max-snippet":"max-snippet:-1","max-image-preview":"max-image-preview:large","max-video-preview":"max-video-preview:-1"},"canonical":"https:\/\/monmaghreb.com\/index.php\/2026\/09\/03\/la-mode-marocaine-conquiert-le-monde-exemple-dachraf-hakimi\/","og_locale":"en_US","og_type":"article","og_title":"La mode marocaine conquiert le monde : exemple d'Achraf Hakimi","og_description":"D\u00e9couvrez comment Achraf Hakimi contribue \u00e0 la conqu\u00eate internationale de la mode marocaine. Son influence croissante dans le monde de la mode marocaine est inc","og_url":"https:\/\/monmaghreb.com\/index.php\/2026\/09\/03\/la-mode-marocaine-conquiert-le-monde-exemple-dachraf-hakimi\/","og_site_name":"Mon Maghreb","article_author":"https:\/\/www.facebook.com\/monmaghrebcom","article_published_time":"2026-09-03T21:28:57+00:00","article_modified_time":"2026-09-03T21:29:20+00:00","og_image":[{"width":1626,"height":1300,"url":"https:\/\/monmaghreb.com\/wp-content\/uploads\/2026\/09\/featured-32.jpg","type":"image\/jpeg"}],"author":"LaMagh","twitter_card":"summary_large_image","twitter_creator":"@MMaghreb50977","twitter_misc":{"Written by":"LaMagh","Est. reading time":"5 minutes"},"schema":{"@context":"https:\/\/schema.org","@graph":[{"@type":"Article","@id":"https:\/\/monmaghreb.com\/index.php\/2026\/09\/03\/la-mode-marocaine-conquiert-le-monde-exemple-dachraf-hakimi\/#article","isPartOf":{"@id":"https:\/\/monmaghreb.com\/index.php\/2026\/09\/03\/la-mode-marocaine-conquiert-le-monde-exemple-dachraf-hakimi\/"},"author":{"name":"LaMagh","@id":"http:\/\/monmaghreb.com\/#\/schema\/person\/c469a89dc8c6b8987dcb438b1200d054"},"headline":"La mode marocaine conquiert le monde : exemple d&#8217;Achraf Hakimi","datePublished":"2026-09-03T21:28:57+00:00","dateModified":"2026-09-03T21:29:20+00:00","mainEntityOfPage":{"@id":"https:\/\/monmaghreb.com\/index.php\/2026\/09\/03\/la-mode-marocaine-conquiert-le-monde-exemple-dachraf-hakimi\/"},"wordCount":1061,"publisher":{"@id":"http:\/\/monmaghreb.com\/#organization"},"image":{"@id":"https:\/\/monmaghreb.com\/index.php\/2026\/09\/03\/la-mode-marocaine-conquiert-le-monde-exemple-dachraf-hakimi\/#primaryimage"},"thumbnailUrl":"https:\/\/monmaghreb.com\/wp-content\/uploads\/2026\/09\/featured-32.jpg","keywords":["africa diaspora","africa football","agriculture marocaine","algerian style","mode marocaine"],"articleSection":["Maroc"],"inLanguage":"en-US"},{"@type":"WebPage","@id":"https:\/\/monmaghreb.com\/index.php\/2026\/09\/03\/la-mode-marocaine-conquiert-le-monde-exemple-dachraf-hakimi\/","url":"https:\/\/monmaghreb.com\/index.php\/2026\/09\/03\/la-mode-marocaine-conquiert-le-monde-exemple-dachraf-hakimi\/","name":"La mode marocaine conquiert le monde : exemple d'Achraf Haki","isPartOf":{"@id":"http:\/\/monmaghreb.com\/#website"},"primaryImageOfPage":{"@id":"https:\/\/monmaghreb.com\/index.php\/2026\/09\/03\/la-mode-marocaine-conquiert-le-monde-exemple-dachraf-hakimi\/#primaryimage"},"image":{"@id":"https:\/\/monmaghreb.com\/index.php\/2026\/09\/03\/la-mode-marocaine-conquiert-le-monde-exemple-dachraf-hakimi\/#primaryimage"},"thumbnailUrl":"https:\/\/monmaghreb.com\/wp-content\/uploads\/2026\/09\/featured-32.jpg","datePublished":"2026-09-03T21:28:57+00:00","dateModified":"2026-09-03T21:29:20+00:00","description":"D\u00e9couvrez comment Achraf Hakimi contribue \u00e0 la conqu\u00eate internationale de la mode marocaine. Son influence croissante dans le monde de la mode marocaine est inc","breadcrumb":{"@id":"https:\/\/monmaghreb.com\/index.php\/2026\/09\/03\/la-mode-marocaine-conquiert-le-monde-exemple-dachraf-hakimi\/#breadcrumb"},"inLanguage":"en-US","potentialAction":[{"@type":"ReadAction","target":["https:\/\/monmaghreb.com\/index.php\/2026\/09\/03\/la-mode-marocaine-conquiert-le-monde-exemple-dachraf-hakimi\/"]}]},{"@type":"ImageObject","inLanguage":"en-US","@id":"https:\/\/monmaghreb.com\/index.php\/2026\/09\/03\/la-mode-marocaine-conquiert-le-monde-exemple-dachraf-hakimi\/#primaryimage","url":"https:\/\/monmaghreb.com\/wp-content\/uploads\/2026\/09\/featured-32.jpg","contentUrl":"https:\/\/monmaghreb.com\/wp-content\/uploads\/2026\/09\/featured-32.jpg","width":1626,"height":1300,"caption":"Achraf Hakimi portant une tenue de mode marocaine \u00e0 l'ext\u00e9rieur d'un stade de football"},{"@type":"BreadcrumbList","@id":"https:\/\/monmaghreb.com\/index.php\/2026\/09\/03\/la-mode-marocaine-conquiert-le-monde-exemple-dachraf-hakimi\/#breadcrumb","itemListElement":[{"@type":"ListItem","position":1,"name":"Home","item":"http:\/\/monmaghreb.com\/"},{"@type":"ListItem","position":2,"name":"La mode marocaine conquiert le monde : exemple d&#8217;Achraf Hakimi"}]},{"@type":"WebSite","@id":"http:\/\/monmaghreb.com\/#website","url":"http:\/\/monmaghreb.com\/","name":"Mon Maghreb","description":"MonMaghreb United","publisher":{"@id":"http:\/\/monmaghreb.com\/#organization"},"alternateName":"Le Monde du Maghreb et au del\u00e0","potentialAction":[{"@type":"SearchAction","target":{"@type":"EntryPoint","urlTemplate":"http:\/\/monmaghreb.com\/?s={search_term_string}"},"query-input":{"@type":"PropertyValueSpecification","valueRequired":true,"valueName":"search_term_string"}}],"inLanguage":"en-US"},{"@type":"Organization","@id":"http:\/\/monmaghreb.com\/#organization","name":"Mon Maghreb","url":"http:\/\/monmaghreb.com\/","logo":{"@type":"ImageObject","inLanguage":"en-US","@id":"http:\/\/monmaghreb.com\/#\/schema\/logo\/image\/","url":"https:\/\/monmaghreb.com\/wp-content\/uploads\/2025\/12\/Mon_Maghreb_Logo.jpg","contentUrl":"https:\/\/monmaghreb.com\/wp-content\/uploads\/2025\/12\/Mon_Maghreb_Logo.jpg","width":814,"height":374,"caption":"Mon Maghreb"},"image":{"@id":"http:\/\/monmaghreb.com\/#\/schema\/logo\/image\/"}},{"@type":"Person","@id":"http:\/\/monmaghreb.com\/#\/schema\/person\/c469a89dc8c6b8987dcb438b1200d054","name":"LaMagh","image":{"@type":"ImageObject","inLanguage":"en-US","@id":"https:\/\/secure.gravatar.com\/avatar\/399d8144bd55fba55e056779aca52fe528bac7911f6449e54d81173d6dfd7f0a?s=96&d=mm&r=g","url":"https:\/\/secure.gravatar.com\/avatar\/399d8144bd55fba55e056779aca52fe528bac7911f6449e54d81173d6dfd7f0a?s=96&d=mm&r=g","contentUrl":"https:\/\/secure.gravatar.com\/avatar\/399d8144bd55fba55e056779aca52fe528bac7911f6449e54d81173d6dfd7f0a?s=96&d=mm&r=g","caption":"LaMagh"},"sameAs":["https:\/\/monmaghreb.com","https:\/\/www.facebook.com\/monmaghrebcom","https:\/\/x.com\/MMaghreb50977"],"url":"https:\/\/monmaghreb.com\/index.php\/author\/lamagh\/"}]}},"_links":{"self":[{"href":"https:\/\/monmaghreb.com\/index.php\/wp-json\/wp\/v2\/posts\/9584","targetHints":{"allow":["GET"]}}],"collection":[{"href":"https:\/\/monmaghreb.com\/index.php\/wp-json\/wp\/v2\/posts"}],"about":[{"href":"https:\/\/monmaghreb.com\/index.php\/wp-json\/wp\/v2\/types\/post"}],"author":[{"embeddable":true,"href":"https:\/\/monmaghreb.com\/index.php\/wp-json\/wp\/v2\/users\/1"}],"replies":[{"embeddable":true,"href":"https:\/\/monmaghreb.com\/index.php\/wp-json\/wp\/v2\/comments?post=9584"}],"version-history":[{"count":1,"href":"https:\/\/monmaghreb.com\/index.php\/wp-json\/wp\/v2\/posts\/9584\/revisions"}],"predecessor-version":[{"id":9585,"href":"https:\/\/monmaghreb.com\/index.php\/wp-json\/wp\/v2\/posts\/9584\/revisions\/9585"}],"wp:featuredmedia":[{"embeddable":true,"href":"https:\/\/monmaghreb.com\/index.php\/wp-json\/wp\/v2\/media\/9583"}],"wp:attachment":[{"href":"https:\/\/monmaghreb.com\/index.php\/wp-json\/wp\/v2\/media?parent=9584"}],"wp:term":[{"taxonomy":"category","embeddable":true,"href":"https:\/\/monmaghreb.com\/index.php\/wp-json\/wp\/v2\/categories?post=9584"},{"taxonomy":"post_tag","embeddable":true,"href":"https:\/\/monmaghreb.com\/index.php\/wp-json\/wp\/v2\/tags?post=9584"}],"curies":[{"name":"wp","href":"https:\/\/api.w.org\/{rel}","templated":true}]}}