
{"id":9602,"date":"2026-09-04T13:57:26","date_gmt":"2026-09-04T13:57:26","guid":{"rendered":"https:\/\/monmaghreb.com\/index.php\/2026\/09\/04\/video-un-couple-marocain-partage-leur-emotion-pour-la-rencontre-france-maroc\/"},"modified":"2026-09-04T13:57:40","modified_gmt":"2026-09-04T13:57:40","slug":"video-un-couple-marocain-partage-leur-emotion-pour-la-rencontre-france-maroc","status":"publish","type":"post","link":"https:\/\/monmaghreb.com\/index.php\/2026\/09\/04\/video-un-couple-marocain-partage-leur-emotion-pour-la-rencontre-france-maroc\/","title":{"rendered":"Vid\u00e9o : Un couple marocain partage leur \u00e9motion pour la rencontre France-Maroc"},"content":{"rendered":"<p><!DOCTYPE html><br \/>\n<html lang='fr'><br \/>\n<head><br \/>\n  <meta charset='UTF-8'><br \/>\n  <meta name='viewport' content='width=device-width, initial-scale=1.0'><br \/>\n  <title>Vid\u00e9o : Un couple marocain partage leur \u00e9motion pour la rencontre France-Maroc<\/title><\/p>\n<style>\n    body {\n      font-family: Arial, sans-serif;\n      font-size: 16px;\n    }\n    h1 {\n      color: #00698f;\n      font-size: 24px;\n      margin-bottom: 10px;\n    }\n    h2 {\n      font-size: 20px;\n      margin-top: 20px;\n    }\n  <\/style>\n<p><\/head><br \/>\n<body><\/p>\n<h1>Vid\u00e9o : Un couple marocain partage leur \u00e9motion pour la rencontre France-Maroc<\/h1>\n<p>Un couple marocain, bas\u00e9 en France, a partag\u00e9 leur \u00e9motion pour la rencontre France-Maroc sur une vid\u00e9o qui a fait sensation sur les r\u00e9seaux sociaux. Dans cette vid\u00e9o, ils ont partag\u00e9 leur histoire, leur exp\u00e9rience personnelle de la rencontre entre les deux cultures et leur appel \u00e0 l&#8217;amour et \u00e0 la compr\u00e9hension entre les peuples. Rachid, un Marocain de 30 ans, et Marie, une Fran\u00e7aise de 27 ans, se sont rencontr\u00e9s \u00e0 Paris trois ans ago, lors d&#8217;une f\u00eate organis\u00e9e par leur ami commun. Depuis lors, ils sont ensemble et ont d\u00e9cid\u00e9 de partager leur histoire et leur exp\u00e9rience avec les autres.<\/p>\n<h2>La vid\u00e9o en question<\/h2>\n<p>La vid\u00e9o a \u00e9t\u00e9 publi\u00e9e sur YouTube le 15 d\u00e9cembre dernier et a d\u00e9j\u00e0 \u00e9t\u00e9 vue plus de 100 000 fois. Dans cette vid\u00e9o, le couple Marocain partage leur histoire, comment ils se sont rencontr\u00e9s, comment ils ont r\u00e9solu les diff\u00e9rences culturelles et leur vision pour l&#8217;avenir. Ils ont d\u00e9taill\u00e9 leur histoire, en montrant les moments les plus \u00e9motionnels de leur rencontre, tels que leur premier rendez-vous et leur premier voyage ensemble au Maroc.<\/p>\n<h2>Le couple marocain<\/h2>\n<p>Le couple est compos\u00e9 de Rachid, un Marocain de 30 ans, et de Marie, une Fran\u00e7aise de 27 ans. Ils se sont rencontr\u00e9s \u00e0 Paris trois ans ago, lors d&#8217;une f\u00eate organis\u00e9e par leur ami commun. Ils ont rapidement compris que leur amour \u00e9tait r\u00e9ciproque et ont d\u00e9cid\u00e9 de vivre ensemble. Ils ont d\u00fb s&#8217;adapter aux diff\u00e9rences culturelles, notamment en ce qui concerne la cuisine, les c\u00e9l\u00e9brations et les traditions familiales.<\/p>\n<h2>La rencontre entre les cultures<\/h2>\n<p>La rencontre entre les cultures a \u00e9t\u00e9 un d\u00e9fi pour le couple. Ils ont d\u00fb se familiariser avec les diff\u00e9rences culturelles, notamment en mati\u00e8re de religion, de cuisine et de mani\u00e8res de vivre. Cependant, ils ont trouv\u00e9 des moyens de r\u00e9soudre les diff\u00e9rences et de vivre ensemble en harmonie. Ils ont appris \u00e0 appr\u00e9cier les traditions et les c\u00e9l\u00e9brations de chaque culture, et \u00e0 int\u00e9grer les valeurs et les coutumes de chacun dans leur vie quotidienne.<\/p>\n<h2>L&#8217;appel \u00e0 l&#8217;amour et \u00e0 la compr\u00e9hension entre les peuples<\/h2>\n<p>Le couple a fait un appel \u00e0 l&#8217;amour et \u00e0 la compr\u00e9hension entre les peuples dans leur vid\u00e9o. Ils ont dit qu&#8217;il est important de se comprendre pour vivre en harmonie et qu&#8217;il est n\u00e9cessaire de respecter les diff\u00e9rences culturelles. Ils ont \u00e9galement soulign\u00e9 l&#8217;importance de promouvoir l&#8217;amour et la compr\u00e9hension entre les peuples, en montrant que les diff\u00e9rences culturelles ne sont pas des obstacles \u00e0 l&#8217;amour.<\/p>\n<h2>Le message pour les lecteurs maghr\u00e9bins de la diaspora<\/h2>\n<p>Le message pour les lecteurs maghr\u00e9bins de la diaspora est de soutenir le couple dans leur effort pour promouvoir l&#8217;amour et la compr\u00e9hension entre les peuples. Ils ont dit que leur histoire peut \u00eatre un exemple pour d&#8217;autres couples qui souhaitent vivre ensemble en harmonie. Ils ont \u00e9galement encourag\u00e9 les lecteurs \u00e0 partager leur propre histoire et leurs exp\u00e9riences pour promouvoir l&#8217;amour et la compr\u00e9hension entre les peuples.<\/p>\n<h2>Conclusion<\/h2>\n<p>La vid\u00e9o de ce couple marocain est un exemple de l&#8217;amour et de la compr\u00e9hension entre les peuples. Nous devons tous travailler pour faire avancer cette id\u00e9e et pour cr\u00e9er un monde meilleur pour tous les humains. Nous sommes tous des \u00eatres humains et nous devons respecter les diff\u00e9rences culturelles pour vivre en harmonie. Il est important de promouvoir l&#8217;amour et la compr\u00e9hension entre les peuples, en montrant que les diff\u00e9rences culturelles ne sont pas des obstacles \u00e0 l&#8217;amour.<\/p>\n<p>En fin de compte, la vid\u00e9o de ce couple marocain est un appel \u00e0 l&#8217;amour et \u00e0 la compr\u00e9hension entre les peuples. Elle montre que les diff\u00e9rences culturelles ne sont pas des obstacles \u00e0 l&#8217;amour, et qu&#8217;il est possible de vivre ensemble en harmonie, malgr\u00e9 les diff\u00e9rences. Nous devons tous travailler pour promouvoir l&#8217;amour et la compr\u00e9hension entre les peuples, et cr\u00e9er un monde meilleur pour tous les humains.<\/p>\n<div style=\"background:#f8f9fa;border-left:4px solid #0066cc;border-radius:6px;padding:20px 24px;margin:32px 0;\">\n<p style=\"font-size:13px;color:#888;text-transform:uppercase;letter-spacing:0.8px;margin:0 0 6px 0;\">Vous pourriez aussi aimer<\/p>\n<h3 style=\"font-size:18px;margin:0 0 14px 0;color:#222;\">Articles similaires<\/h3>\n<ul style=\"margin:0;padding-left:20px;list-style:disc;\">\n<li style=\"margin-bottom:10px;\"><a href=\"https:\/\/monmaghreb.com\/index.php\/2026\/09\/01\/le-tourisme-estival-le-maroc-et-lespagne-dominent-la-france-en-retrait-strategique\/\" style=\"color:#0066cc;text-decoration:none;font-weight:500;\" title=\"Le tourisme estival : le Maroc et l&#8217;Espagne dominent, la France en retrait strat\u00e9gique\">Le tourisme estival : le Maroc et l&#8217;Espagne dominent, la France en retrait strat\u00e9gique<\/a><\/li>\n<li style=\"margin-bottom:10px;\"><a href=\"https:\/\/monmaghreb.com\/index.php\/2026\/08\/29\/le-maroc-au-gamescom-participation-au-plus-grand-salon-mondial-du-jeu-video\/\" style=\"color:#0066cc;text-decoration:none;font-weight:500;\" title=\"Le Maroc au Gamescom : participation au plus grand salon mondial du jeu vid\u00e9o\">Le Maroc au Gamescom : participation au plus grand salon mondial du jeu vid\u00e9o<\/a><\/li>\n<li style=\"margin-bottom:10px;\"><a href=\"https:\/\/monmaghreb.com\/index.php\/2026\/08\/29\/iqlaa-le-maroc-lance-son-premier-accelerateur-pour-les-entreprises-culturelles-et-creatives\/\" style=\"color:#0066cc;text-decoration:none;font-weight:500;\" title=\"Iqlaa : le Maroc lance son premier acc\u00e9l\u00e9rateur pour les entreprises culturelles et cr\u00e9atives\">Iqlaa : le Maroc lance son premier acc\u00e9l\u00e9rateur pour les entreprises culturelles et cr\u00e9atives<\/a><\/li>\n<li style=\"margin-bottom:10px;\"><a href=\"https:\/\/monmaghreb.com\/index.php\/2026\/09\/04\/le-carnet-rose-de-la-famille-royale-du-maroc-quelles-sont-les-regles\/\" style=\"color:#0066cc;text-decoration:none;font-weight:500;\" title=\"Le carnet rose de la famille royale du Maroc : quelles sont les r\u00e8gles?\">Le carnet rose de la famille royale du Maroc : quelles sont les r\u00e8gles?<\/a><\/li>\n<li style=\"margin-bottom:10px;\"><a href=\"https:\/\/monmaghreb.com\/index.php\/2026\/09\/04\/analyse-sociologique-evolution-des-modeles-de-la-famille-au-maroc\/\" style=\"color:#0066cc;text-decoration:none;font-weight:500;\" title=\"Analyse sociologique : \u00e9volution des mod\u00e8les de la famille au Maroc\">Analyse sociologique : \u00e9volution des mod\u00e8les de la famille au Maroc<\/a><\/li>\n<\/ul>\n<\/div>\n<p><\/body><br \/>\n<\/html><\/p>\n","protected":false},"excerpt":{"rendered":"<p>Video: A Moroccan couple shares their emotions about the France-Morocco meeting. Go viral on social media!<\/p>\n","protected":false},"author":1,"featured_media":9601,"comment_status":"closed","ping_status":"open","sticky":false,"template":"","format":"standard","meta":{"_yoast_wpseo_canonical":"","_yoast_wpseo_opengraph-title":"Vid\u00e9o : Un couple marocain partage leur \u00e9motion pour la rencontre France-Maroc","_yoast_wpseo_opengraph-description":"Video: A Moroccan couple shares their emotions about the France-Morocco meeting. Go viral on social media!","_yoast_wpseo_opengraph-image":"","tdm_status":"","tdm_grid_status":"","footnotes":""},"categories":[653],"tags":[766,1497,4378,3807,1309],"class_list":["post-9602","post","type-post","status-publish","format-standard","has-post-thumbnail","hentry","category-humour-culture-pop","tag-activitesenfrance","tag-affaires-marocaines","tag-couple-creatif","tag-emotion","tag-recette-virale"],"yoast_head":"<!-- This site is optimized with the Yoast SEO plugin v28.4 - https:\/\/yoast.com\/product\/yoast-seo-wordpress\/ -->\n<title>Vid\u00e9o : Un couple marocain partage leur \u00e9motion pour la renc<\/title>\n<meta name=\"description\" content=\"Video: A Moroccan couple shares their emotions about the France-Morocco meeting. Go viral on social media!\" \/>\n<meta name=\"robots\" content=\"index, follow, max-snippet:-1, max-image-preview:large, max-video-preview:-1\" \/>\n<link rel=\"canonical\" href=\"https:\/\/monmaghreb.com\/index.php\/2026\/09\/04\/video-un-couple-marocain-partage-leur-emotion-pour-la-rencontre-france-maroc\/\" \/>\n<meta property=\"og:locale\" content=\"en_US\" \/>\n<meta property=\"og:type\" content=\"article\" \/>\n<meta property=\"og:title\" content=\"Vid\u00e9o : Un couple marocain partage leur \u00e9motion pour la rencontre France-Maroc\" \/>\n<meta property=\"og:description\" content=\"Video: A Moroccan couple shares their emotions about the France-Morocco meeting. Go viral on social media!\" \/>\n<meta property=\"og:url\" content=\"https:\/\/monmaghreb.com\/index.php\/2026\/09\/04\/video-un-couple-marocain-partage-leur-emotion-pour-la-rencontre-france-maroc\/\" \/>\n<meta property=\"og:site_name\" content=\"Mon Maghreb\" \/>\n<meta property=\"article:author\" content=\"https:\/\/www.facebook.com\/monmaghrebcom\" \/>\n<meta property=\"article:published_time\" content=\"2026-09-04T13:57:26+00:00\" \/>\n<meta property=\"article:modified_time\" content=\"2026-09-04T13:57:40+00:00\" \/>\n<meta property=\"og:image\" content=\"https:\/\/monmaghreb.com\/wp-content\/uploads\/2026\/09\/featured-38.jpg\" \/>\n\t<meta property=\"og:image:width\" content=\"1611\" \/>\n\t<meta property=\"og:image:height\" content=\"1300\" \/>\n\t<meta property=\"og:image:type\" content=\"image\/jpeg\" \/>\n<meta name=\"author\" content=\"LaMagh\" \/>\n<meta name=\"twitter:card\" content=\"summary_large_image\" \/>\n<meta name=\"twitter:creator\" content=\"@MMaghreb50977\" \/>\n<meta name=\"twitter:label1\" content=\"Written by\" \/>\n\t<meta name=\"twitter:data1\" content=\"LaMagh\" \/>\n\t<meta name=\"twitter:label2\" content=\"Est. reading time\" \/>\n\t<meta name=\"twitter:data2\" content=\"4 minutes\" \/>\n<script type=\"application\/ld+json\" class=\"yoast-schema-graph\">{\"@context\":\"https:\\\/\\\/schema.org\",\"@graph\":[{\"@type\":\"Article\",\"@id\":\"https:\\\/\\\/monmaghreb.com\\\/index.php\\\/2026\\\/09\\\/04\\\/video-un-couple-marocain-partage-leur-emotion-pour-la-rencontre-france-maroc\\\/#article\",\"isPartOf\":{\"@id\":\"https:\\\/\\\/monmaghreb.com\\\/index.php\\\/2026\\\/09\\\/04\\\/video-un-couple-marocain-partage-leur-emotion-pour-la-rencontre-france-maroc\\\/\"},\"author\":{\"name\":\"LaMagh\",\"@id\":\"http:\\\/\\\/monmaghreb.com\\\/#\\\/schema\\\/person\\\/c469a89dc8c6b8987dcb438b1200d054\"},\"headline\":\"Vid\u00e9o : Un couple marocain partage leur \u00e9motion pour la rencontre France-Maroc\",\"datePublished\":\"2026-09-04T13:57:26+00:00\",\"dateModified\":\"2026-09-04T13:57:40+00:00\",\"mainEntityOfPage\":{\"@id\":\"https:\\\/\\\/monmaghreb.com\\\/index.php\\\/2026\\\/09\\\/04\\\/video-un-couple-marocain-partage-leur-emotion-pour-la-rencontre-france-maroc\\\/\"},\"wordCount\":815,\"publisher\":{\"@id\":\"http:\\\/\\\/monmaghreb.com\\\/#organization\"},\"image\":{\"@id\":\"https:\\\/\\\/monmaghreb.com\\\/index.php\\\/2026\\\/09\\\/04\\\/video-un-couple-marocain-partage-leur-emotion-pour-la-rencontre-france-maroc\\\/#primaryimage\"},\"thumbnailUrl\":\"https:\\\/\\\/monmaghreb.com\\\/wp-content\\\/uploads\\\/2026\\\/09\\\/featured-38.jpg\",\"keywords\":[\"activitesenfrance\",\"affaires marocaines\",\"couple creatif\",\"\u00e9motion\",\"recette virale\"],\"articleSection\":[\"Humour &amp; Culture Pop\"],\"inLanguage\":\"en-US\"},{\"@type\":\"WebPage\",\"@id\":\"https:\\\/\\\/monmaghreb.com\\\/index.php\\\/2026\\\/09\\\/04\\\/video-un-couple-marocain-partage-leur-emotion-pour-la-rencontre-france-maroc\\\/\",\"url\":\"https:\\\/\\\/monmaghreb.com\\\/index.php\\\/2026\\\/09\\\/04\\\/video-un-couple-marocain-partage-leur-emotion-pour-la-rencontre-france-maroc\\\/\",\"name\":\"Vid\u00e9o : Un couple marocain partage leur \u00e9motion pour la renc\",\"isPartOf\":{\"@id\":\"http:\\\/\\\/monmaghreb.com\\\/#website\"},\"primaryImageOfPage\":{\"@id\":\"https:\\\/\\\/monmaghreb.com\\\/index.php\\\/2026\\\/09\\\/04\\\/video-un-couple-marocain-partage-leur-emotion-pour-la-rencontre-france-maroc\\\/#primaryimage\"},\"image\":{\"@id\":\"https:\\\/\\\/monmaghreb.com\\\/index.php\\\/2026\\\/09\\\/04\\\/video-un-couple-marocain-partage-leur-emotion-pour-la-rencontre-france-maroc\\\/#primaryimage\"},\"thumbnailUrl\":\"https:\\\/\\\/monmaghreb.com\\\/wp-content\\\/uploads\\\/2026\\\/09\\\/featured-38.jpg\",\"datePublished\":\"2026-09-04T13:57:26+00:00\",\"dateModified\":\"2026-09-04T13:57:40+00:00\",\"description\":\"Video: A Moroccan couple shares their emotions about the France-Morocco meeting. Go viral on social media!\",\"breadcrumb\":{\"@id\":\"https:\\\/\\\/monmaghreb.com\\\/index.php\\\/2026\\\/09\\\/04\\\/video-un-couple-marocain-partage-leur-emotion-pour-la-rencontre-france-maroc\\\/#breadcrumb\"},\"inLanguage\":\"en-US\",\"potentialAction\":[{\"@type\":\"ReadAction\",\"target\":[\"https:\\\/\\\/monmaghreb.com\\\/index.php\\\/2026\\\/09\\\/04\\\/video-un-couple-marocain-partage-leur-emotion-pour-la-rencontre-france-maroc\\\/\"]}]},{\"@type\":\"ImageObject\",\"inLanguage\":\"en-US\",\"@id\":\"https:\\\/\\\/monmaghreb.com\\\/index.php\\\/2026\\\/09\\\/04\\\/video-un-couple-marocain-partage-leur-emotion-pour-la-rencontre-france-maroc\\\/#primaryimage\",\"url\":\"https:\\\/\\\/monmaghreb.com\\\/wp-content\\\/uploads\\\/2026\\\/09\\\/featured-38.jpg\",\"contentUrl\":\"https:\\\/\\\/monmaghreb.com\\\/wp-content\\\/uploads\\\/2026\\\/09\\\/featured-38.jpg\",\"width\":1611,\"height\":1300,\"caption\":\"Moroccan couple in France sharing their emotions about the France-Morocco meeting\"},{\"@type\":\"BreadcrumbList\",\"@id\":\"https:\\\/\\\/monmaghreb.com\\\/index.php\\\/2026\\\/09\\\/04\\\/video-un-couple-marocain-partage-leur-emotion-pour-la-rencontre-france-maroc\\\/#breadcrumb\",\"itemListElement\":[{\"@type\":\"ListItem\",\"position\":1,\"name\":\"Home\",\"item\":\"http:\\\/\\\/monmaghreb.com\\\/\"},{\"@type\":\"ListItem\",\"position\":2,\"name\":\"Vid\u00e9o : Un couple marocain partage leur \u00e9motion pour la rencontre France-Maroc\"}]},{\"@type\":\"WebSite\",\"@id\":\"http:\\\/\\\/monmaghreb.com\\\/#website\",\"url\":\"http:\\\/\\\/monmaghreb.com\\\/\",\"name\":\"Mon Maghreb\",\"description\":\"MonMaghreb United\",\"publisher\":{\"@id\":\"http:\\\/\\\/monmaghreb.com\\\/#organization\"},\"alternateName\":\"Le Monde du Maghreb et au del\u00e0\",\"potentialAction\":[{\"@type\":\"SearchAction\",\"target\":{\"@type\":\"EntryPoint\",\"urlTemplate\":\"http:\\\/\\\/monmaghreb.com\\\/?s={search_term_string}\"},\"query-input\":{\"@type\":\"PropertyValueSpecification\",\"valueRequired\":true,\"valueName\":\"search_term_string\"}}],\"inLanguage\":\"en-US\"},{\"@type\":\"Organization\",\"@id\":\"http:\\\/\\\/monmaghreb.com\\\/#organization\",\"name\":\"Mon Maghreb\",\"url\":\"http:\\\/\\\/monmaghreb.com\\\/\",\"logo\":{\"@type\":\"ImageObject\",\"inLanguage\":\"en-US\",\"@id\":\"http:\\\/\\\/monmaghreb.com\\\/#\\\/schema\\\/logo\\\/image\\\/\",\"url\":\"https:\\\/\\\/monmaghreb.com\\\/wp-content\\\/uploads\\\/2025\\\/12\\\/Mon_Maghreb_Logo.jpg\",\"contentUrl\":\"https:\\\/\\\/monmaghreb.com\\\/wp-content\\\/uploads\\\/2025\\\/12\\\/Mon_Maghreb_Logo.jpg\",\"width\":814,\"height\":374,\"caption\":\"Mon Maghreb\"},\"image\":{\"@id\":\"http:\\\/\\\/monmaghreb.com\\\/#\\\/schema\\\/logo\\\/image\\\/\"}},{\"@type\":\"Person\",\"@id\":\"http:\\\/\\\/monmaghreb.com\\\/#\\\/schema\\\/person\\\/c469a89dc8c6b8987dcb438b1200d054\",\"name\":\"LaMagh\",\"image\":{\"@type\":\"ImageObject\",\"inLanguage\":\"en-US\",\"@id\":\"https:\\\/\\\/secure.gravatar.com\\\/avatar\\\/399d8144bd55fba55e056779aca52fe528bac7911f6449e54d81173d6dfd7f0a?s=96&d=mm&r=g\",\"url\":\"https:\\\/\\\/secure.gravatar.com\\\/avatar\\\/399d8144bd55fba55e056779aca52fe528bac7911f6449e54d81173d6dfd7f0a?s=96&d=mm&r=g\",\"contentUrl\":\"https:\\\/\\\/secure.gravatar.com\\\/avatar\\\/399d8144bd55fba55e056779aca52fe528bac7911f6449e54d81173d6dfd7f0a?s=96&d=mm&r=g\",\"caption\":\"LaMagh\"},\"sameAs\":[\"https:\\\/\\\/monmaghreb.com\",\"https:\\\/\\\/www.facebook.com\\\/monmaghrebcom\",\"https:\\\/\\\/x.com\\\/MMaghreb50977\"],\"url\":\"https:\\\/\\\/monmaghreb.com\\\/index.php\\\/author\\\/lamagh\\\/\"}]}<\/script>\n<!-- \/ Yoast SEO plugin. -->","yoast_head_json":{"title":"Vid\u00e9o : Un couple marocain partage leur \u00e9motion pour la renc","description":"Video: A Moroccan couple shares their emotions about the France-Morocco meeting. Go viral on social media!","robots":{"index":"index","follow":"follow","max-snippet":"max-snippet:-1","max-image-preview":"max-image-preview:large","max-video-preview":"max-video-preview:-1"},"canonical":"https:\/\/monmaghreb.com\/index.php\/2026\/09\/04\/video-un-couple-marocain-partage-leur-emotion-pour-la-rencontre-france-maroc\/","og_locale":"en_US","og_type":"article","og_title":"Vid\u00e9o : Un couple marocain partage leur \u00e9motion pour la rencontre France-Maroc","og_description":"Video: A Moroccan couple shares their emotions about the France-Morocco meeting. Go viral on social media!","og_url":"https:\/\/monmaghreb.com\/index.php\/2026\/09\/04\/video-un-couple-marocain-partage-leur-emotion-pour-la-rencontre-france-maroc\/","og_site_name":"Mon Maghreb","article_author":"https:\/\/www.facebook.com\/monmaghrebcom","article_published_time":"2026-09-04T13:57:26+00:00","article_modified_time":"2026-09-04T13:57:40+00:00","og_image":[{"width":1611,"height":1300,"url":"https:\/\/monmaghreb.com\/wp-content\/uploads\/2026\/09\/featured-38.jpg","type":"image\/jpeg"}],"author":"LaMagh","twitter_card":"summary_large_image","twitter_creator":"@MMaghreb50977","twitter_misc":{"Written by":"LaMagh","Est. reading time":"4 minutes"},"schema":{"@context":"https:\/\/schema.org","@graph":[{"@type":"Article","@id":"https:\/\/monmaghreb.com\/index.php\/2026\/09\/04\/video-un-couple-marocain-partage-leur-emotion-pour-la-rencontre-france-maroc\/#article","isPartOf":{"@id":"https:\/\/monmaghreb.com\/index.php\/2026\/09\/04\/video-un-couple-marocain-partage-leur-emotion-pour-la-rencontre-france-maroc\/"},"author":{"name":"LaMagh","@id":"http:\/\/monmaghreb.com\/#\/schema\/person\/c469a89dc8c6b8987dcb438b1200d054"},"headline":"Vid\u00e9o : Un couple marocain partage leur \u00e9motion pour la rencontre France-Maroc","datePublished":"2026-09-04T13:57:26+00:00","dateModified":"2026-09-04T13:57:40+00:00","mainEntityOfPage":{"@id":"https:\/\/monmaghreb.com\/index.php\/2026\/09\/04\/video-un-couple-marocain-partage-leur-emotion-pour-la-rencontre-france-maroc\/"},"wordCount":815,"publisher":{"@id":"http:\/\/monmaghreb.com\/#organization"},"image":{"@id":"https:\/\/monmaghreb.com\/index.php\/2026\/09\/04\/video-un-couple-marocain-partage-leur-emotion-pour-la-rencontre-france-maroc\/#primaryimage"},"thumbnailUrl":"https:\/\/monmaghreb.com\/wp-content\/uploads\/2026\/09\/featured-38.jpg","keywords":["activitesenfrance","affaires marocaines","couple creatif","\u00e9motion","recette virale"],"articleSection":["Humour &amp; Culture Pop"],"inLanguage":"en-US"},{"@type":"WebPage","@id":"https:\/\/monmaghreb.com\/index.php\/2026\/09\/04\/video-un-couple-marocain-partage-leur-emotion-pour-la-rencontre-france-maroc\/","url":"https:\/\/monmaghreb.com\/index.php\/2026\/09\/04\/video-un-couple-marocain-partage-leur-emotion-pour-la-rencontre-france-maroc\/","name":"Vid\u00e9o : Un couple marocain partage leur \u00e9motion pour la renc","isPartOf":{"@id":"http:\/\/monmaghreb.com\/#website"},"primaryImageOfPage":{"@id":"https:\/\/monmaghreb.com\/index.php\/2026\/09\/04\/video-un-couple-marocain-partage-leur-emotion-pour-la-rencontre-france-maroc\/#primaryimage"},"image":{"@id":"https:\/\/monmaghreb.com\/index.php\/2026\/09\/04\/video-un-couple-marocain-partage-leur-emotion-pour-la-rencontre-france-maroc\/#primaryimage"},"thumbnailUrl":"https:\/\/monmaghreb.com\/wp-content\/uploads\/2026\/09\/featured-38.jpg","datePublished":"2026-09-04T13:57:26+00:00","dateModified":"2026-09-04T13:57:40+00:00","description":"Video: A Moroccan couple shares their emotions about the France-Morocco meeting. Go viral on social media!","breadcrumb":{"@id":"https:\/\/monmaghreb.com\/index.php\/2026\/09\/04\/video-un-couple-marocain-partage-leur-emotion-pour-la-rencontre-france-maroc\/#breadcrumb"},"inLanguage":"en-US","potentialAction":[{"@type":"ReadAction","target":["https:\/\/monmaghreb.com\/index.php\/2026\/09\/04\/video-un-couple-marocain-partage-leur-emotion-pour-la-rencontre-france-maroc\/"]}]},{"@type":"ImageObject","inLanguage":"en-US","@id":"https:\/\/monmaghreb.com\/index.php\/2026\/09\/04\/video-un-couple-marocain-partage-leur-emotion-pour-la-rencontre-france-maroc\/#primaryimage","url":"https:\/\/monmaghreb.com\/wp-content\/uploads\/2026\/09\/featured-38.jpg","contentUrl":"https:\/\/monmaghreb.com\/wp-content\/uploads\/2026\/09\/featured-38.jpg","width":1611,"height":1300,"caption":"Moroccan couple in France sharing their emotions about the France-Morocco meeting"},{"@type":"BreadcrumbList","@id":"https:\/\/monmaghreb.com\/index.php\/2026\/09\/04\/video-un-couple-marocain-partage-leur-emotion-pour-la-rencontre-france-maroc\/#breadcrumb","itemListElement":[{"@type":"ListItem","position":1,"name":"Home","item":"http:\/\/monmaghreb.com\/"},{"@type":"ListItem","position":2,"name":"Vid\u00e9o : Un couple marocain partage leur \u00e9motion pour la rencontre France-Maroc"}]},{"@type":"WebSite","@id":"http:\/\/monmaghreb.com\/#website","url":"http:\/\/monmaghreb.com\/","name":"Mon Maghreb","description":"MonMaghreb United","publisher":{"@id":"http:\/\/monmaghreb.com\/#organization"},"alternateName":"Le Monde du Maghreb et au del\u00e0","potentialAction":[{"@type":"SearchAction","target":{"@type":"EntryPoint","urlTemplate":"http:\/\/monmaghreb.com\/?s={search_term_string}"},"query-input":{"@type":"PropertyValueSpecification","valueRequired":true,"valueName":"search_term_string"}}],"inLanguage":"en-US"},{"@type":"Organization","@id":"http:\/\/monmaghreb.com\/#organization","name":"Mon Maghreb","url":"http:\/\/monmaghreb.com\/","logo":{"@type":"ImageObject","inLanguage":"en-US","@id":"http:\/\/monmaghreb.com\/#\/schema\/logo\/image\/","url":"https:\/\/monmaghreb.com\/wp-content\/uploads\/2025\/12\/Mon_Maghreb_Logo.jpg","contentUrl":"https:\/\/monmaghreb.com\/wp-content\/uploads\/2025\/12\/Mon_Maghreb_Logo.jpg","width":814,"height":374,"caption":"Mon Maghreb"},"image":{"@id":"http:\/\/monmaghreb.com\/#\/schema\/logo\/image\/"}},{"@type":"Person","@id":"http:\/\/monmaghreb.com\/#\/schema\/person\/c469a89dc8c6b8987dcb438b1200d054","name":"LaMagh","image":{"@type":"ImageObject","inLanguage":"en-US","@id":"https:\/\/secure.gravatar.com\/avatar\/399d8144bd55fba55e056779aca52fe528bac7911f6449e54d81173d6dfd7f0a?s=96&d=mm&r=g","url":"https:\/\/secure.gravatar.com\/avatar\/399d8144bd55fba55e056779aca52fe528bac7911f6449e54d81173d6dfd7f0a?s=96&d=mm&r=g","contentUrl":"https:\/\/secure.gravatar.com\/avatar\/399d8144bd55fba55e056779aca52fe528bac7911f6449e54d81173d6dfd7f0a?s=96&d=mm&r=g","caption":"LaMagh"},"sameAs":["https:\/\/monmaghreb.com","https:\/\/www.facebook.com\/monmaghrebcom","https:\/\/x.com\/MMaghreb50977"],"url":"https:\/\/monmaghreb.com\/index.php\/author\/lamagh\/"}]}},"_links":{"self":[{"href":"https:\/\/monmaghreb.com\/index.php\/wp-json\/wp\/v2\/posts\/9602","targetHints":{"allow":["GET"]}}],"collection":[{"href":"https:\/\/monmaghreb.com\/index.php\/wp-json\/wp\/v2\/posts"}],"about":[{"href":"https:\/\/monmaghreb.com\/index.php\/wp-json\/wp\/v2\/types\/post"}],"author":[{"embeddable":true,"href":"https:\/\/monmaghreb.com\/index.php\/wp-json\/wp\/v2\/users\/1"}],"replies":[{"embeddable":true,"href":"https:\/\/monmaghreb.com\/index.php\/wp-json\/wp\/v2\/comments?post=9602"}],"version-history":[{"count":1,"href":"https:\/\/monmaghreb.com\/index.php\/wp-json\/wp\/v2\/posts\/9602\/revisions"}],"predecessor-version":[{"id":9603,"href":"https:\/\/monmaghreb.com\/index.php\/wp-json\/wp\/v2\/posts\/9602\/revisions\/9603"}],"wp:featuredmedia":[{"embeddable":true,"href":"https:\/\/monmaghreb.com\/index.php\/wp-json\/wp\/v2\/media\/9601"}],"wp:attachment":[{"href":"https:\/\/monmaghreb.com\/index.php\/wp-json\/wp\/v2\/media?parent=9602"}],"wp:term":[{"taxonomy":"category","embeddable":true,"href":"https:\/\/monmaghreb.com\/index.php\/wp-json\/wp\/v2\/categories?post=9602"},{"taxonomy":"post_tag","embeddable":true,"href":"https:\/\/monmaghreb.com\/index.php\/wp-json\/wp\/v2\/tags?post=9602"}],"curies":[{"name":"wp","href":"https:\/\/api.w.org\/{rel}","templated":true}]}}