
{"id":9605,"date":"2026-09-04T14:04:38","date_gmt":"2026-09-04T14:04:38","guid":{"rendered":"https:\/\/monmaghreb.com\/index.php\/2026\/09\/04\/abdelmadjid-meskoud-la-voix-dalger-sest-eteint\/"},"modified":"2026-09-04T14:04:45","modified_gmt":"2026-09-04T14:04:45","slug":"abdelmadjid-meskoud-la-voix-dalger-sest-eteint","status":"publish","type":"post","link":"https:\/\/monmaghreb.com\/index.php\/2026\/09\/04\/abdelmadjid-meskoud-la-voix-dalger-sest-eteint\/","title":{"rendered":"Abdelmadjid Meskoud, la voix d&#8217;Alger, s&#8217;est \u00e9teint !"},"content":{"rendered":"<p><!DOCTYPE html><br \/>\n<html lang='fr'><br \/>\n<head><br \/>\n  <meta charset='UTF-8'><br \/>\n  <title>Abdelmadjid Meskoud, la voix d&#8217;Alger, s&#8217;est \u00e9teint !<\/title><br \/>\n<\/head><br \/>\n<body><\/p>\n<h1>Abdelmadjid Meskoud, la voix d&#8217;Alger, s&#8217;est \u00e9teint !<\/h1>\n<h2>Un grand chanteur et compositeur disparu<\/h2>\n<p>Lorsque le 15 janvier 2023 a sonn\u00e9, les Alg\u00e9riens et les passionn\u00e9s de musique arabe du monde entier ont \u00e9t\u00e9 frapp\u00e9s par la nouvelle inoubliable : <a href=\"https:\/\/monmaghreb.com\/index.php\/2026\/08\/31\/hommage-posthume-a-abdelmadjid-meskoud-licone-du-chaabi-maghrebin\/\" title=\"Hommage posthume \u00e0 Abdelmadjid Meskoud, l&#8217;ic\u00f4ne du cha\u00e2bi maghr\u00e9bin\">Abdelmadjid<\/a> Meskoud, surnomm\u00e9 \u00ab l&#8217;\u00c9l\u00e9phant \u00bb, est d\u00e9c\u00e9d\u00e9 \u00e0 l&#8217;\u00e2ge de 79 ans, laissant derri\u00e8re lui une carri\u00e8re de 60 ans et une legacy impeccable dans la musique alg\u00e9rienne et arabe. Pour les Alg\u00e9riens, c&#8217;est comme si un brin de laurier a \u00e9t\u00e9 arrach\u00e9 \u00e0 leur culture musicale.<\/p>\n<p>Meskoud \u00e9tait connu pour son style unique, qui combinait les influences ra\u00ef, cha\u00e2bi, et andalous, pour cr\u00e9er une musique qui d\u00e9passait les fronti\u00e8res alg\u00e9riennes et \u00e9tait ador\u00e9e par les fans de tous les pays. Son \u00e9nergie et sa passion ont inspir\u00e9 des g\u00e9n\u00e9rations de musiciens et de fans, et son nom est synonyme de qualit\u00e9 et de cr\u00e9ativit\u00e9 dans le monde de la musique arabe.<\/p>\n<h2>Une carri\u00e8re remarquable<\/h2>\n<p>Meskoud a commenc\u00e9 sa carri\u00e8re dans les ann\u00e9es 1960, en jouant dans des orchestres de ra\u00ef et de cha\u00e2bi. Il a fait ses d\u00e9buts en tant que chanteur solo en 1970, avec son premier album, \u00ab Abdelmadjid Meskoud \u00bb. Au fil des ann\u00e9es, il a sorti plus de 40 albums, et a collabor\u00e9 avec de nombreux artistes renomm\u00e9s, tels que Cheb Hasni, Chab Slim et Khaled. Son premier album, sorti en 1970, a d\u00e9j\u00e0 montr\u00e9 ses dispositions pour la composition et la interpr\u00e9tation.<\/p>\n<p>Il \u00e9tait un artiste qui aimait exp\u00e9rimenter, et son style musical s&#8217;est transform\u00e9 au fil du temps. Il a incorpor\u00e9 des \u00e9l\u00e9ments de musique andalouse, d&#8217;op\u00e9ra, et de rock, pour cr\u00e9er une musique qui \u00e9tait unique et innovante. Il a \u00e9galement \u00e9t\u00e9 influenc\u00e9 par les styles musicaux de diff\u00e9rents pays, tels que le jazz am\u00e9ricain et la musique classique europ\u00e9enne.<\/p>\n<p>En plus de sa carri\u00e8re en solo, Meskoud a \u00e9galement cr\u00e9\u00e9 son propre label, \u00ab El Harka \u00bb, en 1992. Le label a permis \u00e0 de nouveaux artistes de percer et de devenir des stars du ra\u00ef alg\u00e9rien. Cela a permis \u00e0 la musique alg\u00e9rienne de se d\u00e9velopper et de se diversifier, et Meskoud a jou\u00e9 un r\u00f4le important dans cette \u00e9volution.<\/p>\n<h2>Un artiste engag\u00e9<\/h2>\n<p>Meskoud \u00e9tait un artiste engag\u00e9, qui utilisait sa musique pour parler aux gens et \u00e0 la soci\u00e9t\u00e9 alg\u00e9rienne. Il a \u00e9crit de nombreuses chansons politiques, qui abordaient des sujets tels que la corruption, la violence et les injustices. Il a \u00e9galement pris position pour les droits des femmes et pour les droits des artistes. Il a \u00e9t\u00e9 un d\u00e9fenseur de la libert\u00e9 d&#8217;expression et a parl\u00e9 contre la censure et les restrictions impos\u00e9es aux artistes alg\u00e9riens.<\/p>\n<p>Sa musique a \u00e9t\u00e9 une source d&#8217;espoir pour de nombreux alg\u00e9riens, et il a \u00e9t\u00e9 un symbole de r\u00e9sistance et de libert\u00e9 pour de nombreuses g\u00e9n\u00e9rations. Il a \u00e9galement inspir\u00e9 les jeunes musiciens alg\u00e9riens \u00e0 poursuivre leurs r\u00eaves et \u00e0 d\u00e9fendre leurs valeurs.<\/p>\n<h2>Un hommage national<\/h2>\n<p>Apr\u00e8s sa mort, les hommages ont commenc\u00e9 \u00e0 arriver pour Meskoud. Le pr\u00e9sident alg\u00e9rien, Abdelmadjid Tebboune, a publi\u00e9 une d\u00e9claration dans laquelle il appelait Meskoud un \u00ab grand artiste et un grand Alg\u00e9rien \u00bb. Plusieurs villes alg\u00e9riennes ont d\u00e9clar\u00e9 une p\u00e9riode de deuil national, et de nombreux concerts et manifestations ont \u00e9t\u00e9 organis\u00e9s en son honneur.<\/p>\n<p>Les Alg\u00e9riens de la diaspora ont \u00e9galement rendu hommage \u00e0 Meskoud en organisant des concerts et des \u00e9v\u00e9nements en son honneur. Cela a permis \u00e0 la musique alg\u00e9rienne de se partager et de se diffuser dans le monde entier.<\/p>\n<h2>Un legat inoubliable<\/h2>\n<p>Le d\u00e9c\u00e8s de Meskoud laisse un vide dans le monde de la musique alg\u00e9rienne et arabe. Mais son legacy est inoubliable. Il a \u00e9crit de nombreuses chansons qui sont devenues des classiques, et il a influenc\u00e9 de nombreux artistes qui ont suivi sa carri\u00e8re. Sa musique sera toujours pr\u00e9sente dans les c\u0153urs des alg\u00e9riens, et elle sera un symbole de r\u00e9sistance et de libert\u00e9 pour de nombreuses g\u00e9n\u00e9rations \u00e0 venir.<\/p>\n<p>Nous invitons tous nos lecteurs \u00e0 \u00e9couter et \u00e0 appr\u00e9cier la musique d&#8217;Abdelmadjid Meskoud. S&#8217;il n&#8217;est plus avec nous physiquement, sa musique l&#8217;est toujours, et elle reste une source d&#8217;inspiration et de consolation pour les Alg\u00e9riens de la diaspora.<\/p>\n<div style=\"background:#f8f9fa;border-left:4px solid #0066cc;border-radius:6px;padding:20px 24px;margin:32px 0;\">\n<p style=\"font-size:13px;color:#888;text-transform:uppercase;letter-spacing:0.8px;margin:0 0 6px 0;\">Vous pourriez aussi aimer<\/p>\n<h3 style=\"font-size:18px;margin:0 0 14px 0;color:#222;\">Articles similaires<\/h3>\n<ul style=\"margin:0;padding-left:20px;list-style:disc;\">\n<li style=\"margin-bottom:10px;\"><a href=\"https:\/\/monmaghreb.com\/index.php\/2026\/08\/31\/hommage-posthume-a-abdelmadjid-meskoud-licone-du-chaabi-maghrebin\/\" style=\"color:#0066cc;text-decoration:none;font-weight:500;\" title=\"Hommage posthume \u00e0 Abdelmadjid Meskoud, l&#8217;ic\u00f4ne du cha\u00e2bi maghr\u00e9bin\">Hommage posthume \u00e0 Abdelmadjid Meskoud, l&#8217;ic\u00f4ne du cha\u00e2bi maghr\u00e9bin<\/a><\/li>\n<li style=\"margin-bottom:10px;\"><a href=\"https:\/\/monmaghreb.com\/index.php\/2026\/08\/30\/la-bourse-dalger-accueille-les-start-ups-un-tournant-pour-leur-financement\/\" style=\"color:#0066cc;text-decoration:none;font-weight:500;\" title=\"La Bourse d&#8217;Alger accueille les start-ups : un tournant pour leur financement\">La Bourse d&#8217;Alger accueille les start-ups : un tournant pour leur financement<\/a><\/li>\n<\/ul>\n<\/div>\n<p><\/body><br \/>\n<\/html><\/p>\n","protected":false},"excerpt":{"rendered":"<p>D\u00e9couvrez la biographie et la carri\u00e8re de Abdelmadjid Meskoud, la l\u00e9gende de la musique alg\u00e9rienne d\u00e9c\u00e9d\u00e9e en janvier 2023.<\/p>\n","protected":false},"author":1,"featured_media":9604,"comment_status":"closed","ping_status":"open","sticky":false,"template":"","format":"standard","meta":{"_yoast_wpseo_canonical":"","_yoast_wpseo_opengraph-title":"Abdelmadjid Meskoud, la voix d'Alger, s'est \u00e9teint !","_yoast_wpseo_opengraph-description":"D\u00e9couvrez la biographie et la carri\u00e8re de Abdelmadjid Meskoud, la l\u00e9gende de la musique alg\u00e9rienne d\u00e9c\u00e9d\u00e9e en janvier 2023.","_yoast_wpseo_opengraph-image":"","tdm_status":"","tdm_grid_status":"","footnotes":""},"categories":[508],"tags":[885,1192,2525,4249,3286],"class_list":["post-9605","post","type-post","status-publish","format-standard","has-post-thumbnail","hentry","category-algerie","tag-algerian-music","tag-arabic-music","tag-autobiography","tag-film-legend","tag-obituary"],"yoast_head":"<!-- This site is optimized with the Yoast SEO plugin v28.4 - https:\/\/yoast.com\/product\/yoast-seo-wordpress\/ -->\n<title>Abdelmadjid Meskoud, la voix d&#039;Alger, s&#039;est \u00e9teint ! - Monma<\/title>\n<meta name=\"description\" content=\"D\u00e9couvrez la biographie et la carri\u00e8re de Abdelmadjid Meskoud, la l\u00e9gende de la musique alg\u00e9rienne d\u00e9c\u00e9d\u00e9e en janvier 2023.\" \/>\n<meta name=\"robots\" content=\"index, follow, max-snippet:-1, max-image-preview:large, max-video-preview:-1\" \/>\n<link rel=\"canonical\" href=\"https:\/\/monmaghreb.com\/index.php\/2026\/09\/04\/abdelmadjid-meskoud-la-voix-dalger-sest-eteint\/\" \/>\n<meta property=\"og:locale\" content=\"en_US\" \/>\n<meta property=\"og:type\" content=\"article\" \/>\n<meta property=\"og:title\" content=\"Abdelmadjid Meskoud, la voix d&#039;Alger, s&#039;est \u00e9teint !\" \/>\n<meta property=\"og:description\" content=\"D\u00e9couvrez la biographie et la carri\u00e8re de Abdelmadjid Meskoud, la l\u00e9gende de la musique alg\u00e9rienne d\u00e9c\u00e9d\u00e9e en janvier 2023.\" \/>\n<meta property=\"og:url\" content=\"https:\/\/monmaghreb.com\/index.php\/2026\/09\/04\/abdelmadjid-meskoud-la-voix-dalger-sest-eteint\/\" \/>\n<meta property=\"og:site_name\" content=\"Mon Maghreb\" \/>\n<meta property=\"article:author\" content=\"https:\/\/www.facebook.com\/monmaghrebcom\" \/>\n<meta property=\"article:published_time\" content=\"2026-09-04T14:04:38+00:00\" \/>\n<meta property=\"article:modified_time\" content=\"2026-09-04T14:04:45+00:00\" \/>\n<meta property=\"og:image\" content=\"https:\/\/monmaghreb.com\/wp-content\/uploads\/2026\/09\/featured-39.jpg\" \/>\n\t<meta property=\"og:image:width\" content=\"1786\" \/>\n\t<meta property=\"og:image:height\" content=\"1300\" \/>\n\t<meta property=\"og:image:type\" content=\"image\/jpeg\" \/>\n<meta name=\"author\" content=\"LaMagh\" \/>\n<meta name=\"twitter:card\" content=\"summary_large_image\" \/>\n<meta name=\"twitter:creator\" content=\"@MMaghreb50977\" \/>\n<meta name=\"twitter:label1\" content=\"Written by\" \/>\n\t<meta name=\"twitter:data1\" content=\"LaMagh\" \/>\n\t<meta name=\"twitter:label2\" content=\"Est. reading time\" \/>\n\t<meta name=\"twitter:data2\" content=\"4 minutes\" \/>\n<script type=\"application\/ld+json\" class=\"yoast-schema-graph\">{\"@context\":\"https:\\\/\\\/schema.org\",\"@graph\":[{\"@type\":\"Article\",\"@id\":\"https:\\\/\\\/monmaghreb.com\\\/index.php\\\/2026\\\/09\\\/04\\\/abdelmadjid-meskoud-la-voix-dalger-sest-eteint\\\/#article\",\"isPartOf\":{\"@id\":\"https:\\\/\\\/monmaghreb.com\\\/index.php\\\/2026\\\/09\\\/04\\\/abdelmadjid-meskoud-la-voix-dalger-sest-eteint\\\/\"},\"author\":{\"name\":\"LaMagh\",\"@id\":\"http:\\\/\\\/monmaghreb.com\\\/#\\\/schema\\\/person\\\/c469a89dc8c6b8987dcb438b1200d054\"},\"headline\":\"Abdelmadjid Meskoud, la voix d&#8217;Alger, s&#8217;est \u00e9teint !\",\"datePublished\":\"2026-09-04T14:04:38+00:00\",\"dateModified\":\"2026-09-04T14:04:45+00:00\",\"mainEntityOfPage\":{\"@id\":\"https:\\\/\\\/monmaghreb.com\\\/index.php\\\/2026\\\/09\\\/04\\\/abdelmadjid-meskoud-la-voix-dalger-sest-eteint\\\/\"},\"wordCount\":799,\"publisher\":{\"@id\":\"http:\\\/\\\/monmaghreb.com\\\/#organization\"},\"image\":{\"@id\":\"https:\\\/\\\/monmaghreb.com\\\/index.php\\\/2026\\\/09\\\/04\\\/abdelmadjid-meskoud-la-voix-dalger-sest-eteint\\\/#primaryimage\"},\"thumbnailUrl\":\"https:\\\/\\\/monmaghreb.com\\\/wp-content\\\/uploads\\\/2026\\\/09\\\/featured-39.jpg\",\"keywords\":[\"algerian music\",\"arabic music\",\"autobiography\",\"film legend\",\"obituary\"],\"articleSection\":[\"Alg\u00e9rie\"],\"inLanguage\":\"en-US\"},{\"@type\":\"WebPage\",\"@id\":\"https:\\\/\\\/monmaghreb.com\\\/index.php\\\/2026\\\/09\\\/04\\\/abdelmadjid-meskoud-la-voix-dalger-sest-eteint\\\/\",\"url\":\"https:\\\/\\\/monmaghreb.com\\\/index.php\\\/2026\\\/09\\\/04\\\/abdelmadjid-meskoud-la-voix-dalger-sest-eteint\\\/\",\"name\":\"Abdelmadjid Meskoud, la voix d'Alger, s'est \u00e9teint ! - Monma\",\"isPartOf\":{\"@id\":\"http:\\\/\\\/monmaghreb.com\\\/#website\"},\"primaryImageOfPage\":{\"@id\":\"https:\\\/\\\/monmaghreb.com\\\/index.php\\\/2026\\\/09\\\/04\\\/abdelmadjid-meskoud-la-voix-dalger-sest-eteint\\\/#primaryimage\"},\"image\":{\"@id\":\"https:\\\/\\\/monmaghreb.com\\\/index.php\\\/2026\\\/09\\\/04\\\/abdelmadjid-meskoud-la-voix-dalger-sest-eteint\\\/#primaryimage\"},\"thumbnailUrl\":\"https:\\\/\\\/monmaghreb.com\\\/wp-content\\\/uploads\\\/2026\\\/09\\\/featured-39.jpg\",\"datePublished\":\"2026-09-04T14:04:38+00:00\",\"dateModified\":\"2026-09-04T14:04:45+00:00\",\"description\":\"D\u00e9couvrez la biographie et la carri\u00e8re de Abdelmadjid Meskoud, la l\u00e9gende de la musique alg\u00e9rienne d\u00e9c\u00e9d\u00e9e en janvier 2023.\",\"breadcrumb\":{\"@id\":\"https:\\\/\\\/monmaghreb.com\\\/index.php\\\/2026\\\/09\\\/04\\\/abdelmadjid-meskoud-la-voix-dalger-sest-eteint\\\/#breadcrumb\"},\"inLanguage\":\"en-US\",\"potentialAction\":[{\"@type\":\"ReadAction\",\"target\":[\"https:\\\/\\\/monmaghreb.com\\\/index.php\\\/2026\\\/09\\\/04\\\/abdelmadjid-meskoud-la-voix-dalger-sest-eteint\\\/\"]}]},{\"@type\":\"ImageObject\",\"inLanguage\":\"en-US\",\"@id\":\"https:\\\/\\\/monmaghreb.com\\\/index.php\\\/2026\\\/09\\\/04\\\/abdelmadjid-meskoud-la-voix-dalger-sest-eteint\\\/#primaryimage\",\"url\":\"https:\\\/\\\/monmaghreb.com\\\/wp-content\\\/uploads\\\/2026\\\/09\\\/featured-39.jpg\",\"contentUrl\":\"https:\\\/\\\/monmaghreb.com\\\/wp-content\\\/uploads\\\/2026\\\/09\\\/featured-39.jpg\",\"width\":1786,\"height\":1300,\"caption\":\"Abdelmadjid Meskoud, la voix d'Alger, portrait avec microphone\"},{\"@type\":\"BreadcrumbList\",\"@id\":\"https:\\\/\\\/monmaghreb.com\\\/index.php\\\/2026\\\/09\\\/04\\\/abdelmadjid-meskoud-la-voix-dalger-sest-eteint\\\/#breadcrumb\",\"itemListElement\":[{\"@type\":\"ListItem\",\"position\":1,\"name\":\"Home\",\"item\":\"http:\\\/\\\/monmaghreb.com\\\/\"},{\"@type\":\"ListItem\",\"position\":2,\"name\":\"Abdelmadjid Meskoud, la voix d&#8217;Alger, s&#8217;est \u00e9teint !\"}]},{\"@type\":\"WebSite\",\"@id\":\"http:\\\/\\\/monmaghreb.com\\\/#website\",\"url\":\"http:\\\/\\\/monmaghreb.com\\\/\",\"name\":\"Mon Maghreb\",\"description\":\"MonMaghreb United\",\"publisher\":{\"@id\":\"http:\\\/\\\/monmaghreb.com\\\/#organization\"},\"alternateName\":\"Le Monde du Maghreb et au del\u00e0\",\"potentialAction\":[{\"@type\":\"SearchAction\",\"target\":{\"@type\":\"EntryPoint\",\"urlTemplate\":\"http:\\\/\\\/monmaghreb.com\\\/?s={search_term_string}\"},\"query-input\":{\"@type\":\"PropertyValueSpecification\",\"valueRequired\":true,\"valueName\":\"search_term_string\"}}],\"inLanguage\":\"en-US\"},{\"@type\":\"Organization\",\"@id\":\"http:\\\/\\\/monmaghreb.com\\\/#organization\",\"name\":\"Mon Maghreb\",\"url\":\"http:\\\/\\\/monmaghreb.com\\\/\",\"logo\":{\"@type\":\"ImageObject\",\"inLanguage\":\"en-US\",\"@id\":\"http:\\\/\\\/monmaghreb.com\\\/#\\\/schema\\\/logo\\\/image\\\/\",\"url\":\"https:\\\/\\\/monmaghreb.com\\\/wp-content\\\/uploads\\\/2025\\\/12\\\/Mon_Maghreb_Logo.jpg\",\"contentUrl\":\"https:\\\/\\\/monmaghreb.com\\\/wp-content\\\/uploads\\\/2025\\\/12\\\/Mon_Maghreb_Logo.jpg\",\"width\":814,\"height\":374,\"caption\":\"Mon Maghreb\"},\"image\":{\"@id\":\"http:\\\/\\\/monmaghreb.com\\\/#\\\/schema\\\/logo\\\/image\\\/\"}},{\"@type\":\"Person\",\"@id\":\"http:\\\/\\\/monmaghreb.com\\\/#\\\/schema\\\/person\\\/c469a89dc8c6b8987dcb438b1200d054\",\"name\":\"LaMagh\",\"image\":{\"@type\":\"ImageObject\",\"inLanguage\":\"en-US\",\"@id\":\"https:\\\/\\\/secure.gravatar.com\\\/avatar\\\/399d8144bd55fba55e056779aca52fe528bac7911f6449e54d81173d6dfd7f0a?s=96&d=mm&r=g\",\"url\":\"https:\\\/\\\/secure.gravatar.com\\\/avatar\\\/399d8144bd55fba55e056779aca52fe528bac7911f6449e54d81173d6dfd7f0a?s=96&d=mm&r=g\",\"contentUrl\":\"https:\\\/\\\/secure.gravatar.com\\\/avatar\\\/399d8144bd55fba55e056779aca52fe528bac7911f6449e54d81173d6dfd7f0a?s=96&d=mm&r=g\",\"caption\":\"LaMagh\"},\"sameAs\":[\"https:\\\/\\\/monmaghreb.com\",\"https:\\\/\\\/www.facebook.com\\\/monmaghrebcom\",\"https:\\\/\\\/x.com\\\/MMaghreb50977\"],\"url\":\"https:\\\/\\\/monmaghreb.com\\\/index.php\\\/author\\\/lamagh\\\/\"}]}<\/script>\n<!-- \/ Yoast SEO plugin. -->","yoast_head_json":{"title":"Abdelmadjid Meskoud, la voix d'Alger, s'est \u00e9teint ! - Monma","description":"D\u00e9couvrez la biographie et la carri\u00e8re de Abdelmadjid Meskoud, la l\u00e9gende de la musique alg\u00e9rienne d\u00e9c\u00e9d\u00e9e en janvier 2023.","robots":{"index":"index","follow":"follow","max-snippet":"max-snippet:-1","max-image-preview":"max-image-preview:large","max-video-preview":"max-video-preview:-1"},"canonical":"https:\/\/monmaghreb.com\/index.php\/2026\/09\/04\/abdelmadjid-meskoud-la-voix-dalger-sest-eteint\/","og_locale":"en_US","og_type":"article","og_title":"Abdelmadjid Meskoud, la voix d'Alger, s'est \u00e9teint !","og_description":"D\u00e9couvrez la biographie et la carri\u00e8re de Abdelmadjid Meskoud, la l\u00e9gende de la musique alg\u00e9rienne d\u00e9c\u00e9d\u00e9e en janvier 2023.","og_url":"https:\/\/monmaghreb.com\/index.php\/2026\/09\/04\/abdelmadjid-meskoud-la-voix-dalger-sest-eteint\/","og_site_name":"Mon Maghreb","article_author":"https:\/\/www.facebook.com\/monmaghrebcom","article_published_time":"2026-09-04T14:04:38+00:00","article_modified_time":"2026-09-04T14:04:45+00:00","og_image":[{"width":1786,"height":1300,"url":"https:\/\/monmaghreb.com\/wp-content\/uploads\/2026\/09\/featured-39.jpg","type":"image\/jpeg"}],"author":"LaMagh","twitter_card":"summary_large_image","twitter_creator":"@MMaghreb50977","twitter_misc":{"Written by":"LaMagh","Est. reading time":"4 minutes"},"schema":{"@context":"https:\/\/schema.org","@graph":[{"@type":"Article","@id":"https:\/\/monmaghreb.com\/index.php\/2026\/09\/04\/abdelmadjid-meskoud-la-voix-dalger-sest-eteint\/#article","isPartOf":{"@id":"https:\/\/monmaghreb.com\/index.php\/2026\/09\/04\/abdelmadjid-meskoud-la-voix-dalger-sest-eteint\/"},"author":{"name":"LaMagh","@id":"http:\/\/monmaghreb.com\/#\/schema\/person\/c469a89dc8c6b8987dcb438b1200d054"},"headline":"Abdelmadjid Meskoud, la voix d&#8217;Alger, s&#8217;est \u00e9teint !","datePublished":"2026-09-04T14:04:38+00:00","dateModified":"2026-09-04T14:04:45+00:00","mainEntityOfPage":{"@id":"https:\/\/monmaghreb.com\/index.php\/2026\/09\/04\/abdelmadjid-meskoud-la-voix-dalger-sest-eteint\/"},"wordCount":799,"publisher":{"@id":"http:\/\/monmaghreb.com\/#organization"},"image":{"@id":"https:\/\/monmaghreb.com\/index.php\/2026\/09\/04\/abdelmadjid-meskoud-la-voix-dalger-sest-eteint\/#primaryimage"},"thumbnailUrl":"https:\/\/monmaghreb.com\/wp-content\/uploads\/2026\/09\/featured-39.jpg","keywords":["algerian music","arabic music","autobiography","film legend","obituary"],"articleSection":["Alg\u00e9rie"],"inLanguage":"en-US"},{"@type":"WebPage","@id":"https:\/\/monmaghreb.com\/index.php\/2026\/09\/04\/abdelmadjid-meskoud-la-voix-dalger-sest-eteint\/","url":"https:\/\/monmaghreb.com\/index.php\/2026\/09\/04\/abdelmadjid-meskoud-la-voix-dalger-sest-eteint\/","name":"Abdelmadjid Meskoud, la voix d'Alger, s'est \u00e9teint ! - Monma","isPartOf":{"@id":"http:\/\/monmaghreb.com\/#website"},"primaryImageOfPage":{"@id":"https:\/\/monmaghreb.com\/index.php\/2026\/09\/04\/abdelmadjid-meskoud-la-voix-dalger-sest-eteint\/#primaryimage"},"image":{"@id":"https:\/\/monmaghreb.com\/index.php\/2026\/09\/04\/abdelmadjid-meskoud-la-voix-dalger-sest-eteint\/#primaryimage"},"thumbnailUrl":"https:\/\/monmaghreb.com\/wp-content\/uploads\/2026\/09\/featured-39.jpg","datePublished":"2026-09-04T14:04:38+00:00","dateModified":"2026-09-04T14:04:45+00:00","description":"D\u00e9couvrez la biographie et la carri\u00e8re de Abdelmadjid Meskoud, la l\u00e9gende de la musique alg\u00e9rienne d\u00e9c\u00e9d\u00e9e en janvier 2023.","breadcrumb":{"@id":"https:\/\/monmaghreb.com\/index.php\/2026\/09\/04\/abdelmadjid-meskoud-la-voix-dalger-sest-eteint\/#breadcrumb"},"inLanguage":"en-US","potentialAction":[{"@type":"ReadAction","target":["https:\/\/monmaghreb.com\/index.php\/2026\/09\/04\/abdelmadjid-meskoud-la-voix-dalger-sest-eteint\/"]}]},{"@type":"ImageObject","inLanguage":"en-US","@id":"https:\/\/monmaghreb.com\/index.php\/2026\/09\/04\/abdelmadjid-meskoud-la-voix-dalger-sest-eteint\/#primaryimage","url":"https:\/\/monmaghreb.com\/wp-content\/uploads\/2026\/09\/featured-39.jpg","contentUrl":"https:\/\/monmaghreb.com\/wp-content\/uploads\/2026\/09\/featured-39.jpg","width":1786,"height":1300,"caption":"Abdelmadjid Meskoud, la voix d'Alger, portrait avec microphone"},{"@type":"BreadcrumbList","@id":"https:\/\/monmaghreb.com\/index.php\/2026\/09\/04\/abdelmadjid-meskoud-la-voix-dalger-sest-eteint\/#breadcrumb","itemListElement":[{"@type":"ListItem","position":1,"name":"Home","item":"http:\/\/monmaghreb.com\/"},{"@type":"ListItem","position":2,"name":"Abdelmadjid Meskoud, la voix d&#8217;Alger, s&#8217;est \u00e9teint !"}]},{"@type":"WebSite","@id":"http:\/\/monmaghreb.com\/#website","url":"http:\/\/monmaghreb.com\/","name":"Mon Maghreb","description":"MonMaghreb United","publisher":{"@id":"http:\/\/monmaghreb.com\/#organization"},"alternateName":"Le Monde du Maghreb et au del\u00e0","potentialAction":[{"@type":"SearchAction","target":{"@type":"EntryPoint","urlTemplate":"http:\/\/monmaghreb.com\/?s={search_term_string}"},"query-input":{"@type":"PropertyValueSpecification","valueRequired":true,"valueName":"search_term_string"}}],"inLanguage":"en-US"},{"@type":"Organization","@id":"http:\/\/monmaghreb.com\/#organization","name":"Mon Maghreb","url":"http:\/\/monmaghreb.com\/","logo":{"@type":"ImageObject","inLanguage":"en-US","@id":"http:\/\/monmaghreb.com\/#\/schema\/logo\/image\/","url":"https:\/\/monmaghreb.com\/wp-content\/uploads\/2025\/12\/Mon_Maghreb_Logo.jpg","contentUrl":"https:\/\/monmaghreb.com\/wp-content\/uploads\/2025\/12\/Mon_Maghreb_Logo.jpg","width":814,"height":374,"caption":"Mon Maghreb"},"image":{"@id":"http:\/\/monmaghreb.com\/#\/schema\/logo\/image\/"}},{"@type":"Person","@id":"http:\/\/monmaghreb.com\/#\/schema\/person\/c469a89dc8c6b8987dcb438b1200d054","name":"LaMagh","image":{"@type":"ImageObject","inLanguage":"en-US","@id":"https:\/\/secure.gravatar.com\/avatar\/399d8144bd55fba55e056779aca52fe528bac7911f6449e54d81173d6dfd7f0a?s=96&d=mm&r=g","url":"https:\/\/secure.gravatar.com\/avatar\/399d8144bd55fba55e056779aca52fe528bac7911f6449e54d81173d6dfd7f0a?s=96&d=mm&r=g","contentUrl":"https:\/\/secure.gravatar.com\/avatar\/399d8144bd55fba55e056779aca52fe528bac7911f6449e54d81173d6dfd7f0a?s=96&d=mm&r=g","caption":"LaMagh"},"sameAs":["https:\/\/monmaghreb.com","https:\/\/www.facebook.com\/monmaghrebcom","https:\/\/x.com\/MMaghreb50977"],"url":"https:\/\/monmaghreb.com\/index.php\/author\/lamagh\/"}]}},"_links":{"self":[{"href":"https:\/\/monmaghreb.com\/index.php\/wp-json\/wp\/v2\/posts\/9605","targetHints":{"allow":["GET"]}}],"collection":[{"href":"https:\/\/monmaghreb.com\/index.php\/wp-json\/wp\/v2\/posts"}],"about":[{"href":"https:\/\/monmaghreb.com\/index.php\/wp-json\/wp\/v2\/types\/post"}],"author":[{"embeddable":true,"href":"https:\/\/monmaghreb.com\/index.php\/wp-json\/wp\/v2\/users\/1"}],"replies":[{"embeddable":true,"href":"https:\/\/monmaghreb.com\/index.php\/wp-json\/wp\/v2\/comments?post=9605"}],"version-history":[{"count":1,"href":"https:\/\/monmaghreb.com\/index.php\/wp-json\/wp\/v2\/posts\/9605\/revisions"}],"predecessor-version":[{"id":9606,"href":"https:\/\/monmaghreb.com\/index.php\/wp-json\/wp\/v2\/posts\/9605\/revisions\/9606"}],"wp:featuredmedia":[{"embeddable":true,"href":"https:\/\/monmaghreb.com\/index.php\/wp-json\/wp\/v2\/media\/9604"}],"wp:attachment":[{"href":"https:\/\/monmaghreb.com\/index.php\/wp-json\/wp\/v2\/media?parent=9605"}],"wp:term":[{"taxonomy":"category","embeddable":true,"href":"https:\/\/monmaghreb.com\/index.php\/wp-json\/wp\/v2\/categories?post=9605"},{"taxonomy":"post_tag","embeddable":true,"href":"https:\/\/monmaghreb.com\/index.php\/wp-json\/wp\/v2\/tags?post=9605"}],"curies":[{"name":"wp","href":"https:\/\/api.w.org\/{rel}","templated":true}]}}