
{"id":9608,"date":"2026-09-04T14:28:14","date_gmt":"2026-09-04T14:28:14","guid":{"rendered":"https:\/\/monmaghreb.com\/index.php\/2026\/09\/04\/le-nouvel-an-amazigh-la-fete-de-la-culture-berbere-au-maroc-et-les-esperances-de-ses-defenseurs\/"},"modified":"2026-09-04T14:28:25","modified_gmt":"2026-09-04T14:28:25","slug":"le-nouvel-an-amazigh-la-fete-de-la-culture-berbere-au-maroc-et-les-esperances-de-ses-defenseurs","status":"publish","type":"post","link":"https:\/\/monmaghreb.com\/index.php\/2026\/09\/04\/le-nouvel-an-amazigh-la-fete-de-la-culture-berbere-au-maroc-et-les-esperances-de-ses-defenseurs\/","title":{"rendered":"Le Nouvel An amazigh : la f\u00eate de la culture berb\u00e8re au Maroc et les esp\u00e9rances de ses d\u00e9fenseurs"},"content":{"rendered":"<p><!DOCTYPE html><br \/>\n<html lang='fr'><br \/>\n<head><br \/>\n <meta charset='UTF-8'><br \/>\n <title>Le Nouvel An amazigh au Maroc<\/title><br \/>\n<\/head><br \/>\n<body><\/p>\n<h1>Le Nouvel An amazigh : la f\u00eate de la culture berb\u00e8re au Maroc et les esp\u00e9rances de ses d\u00e9fenseurs<\/h1>\n<p>Le Maroc, pays \u00e0 majorit\u00e9 arabophone, est \u00e9galement habit\u00e9 par la plus grande population berb\u00e8re de l&#8217;Afrique du Nord. La f\u00eate du Nouvel An amazigh est pour la communaut\u00e9 berb\u00e8re une occasion de c\u00e9l\u00e9brer leur identit\u00e9 et leur culture. Cependant, il existe toujours des attentes des d\u00e9fenseurs de la culture berb\u00e8re qui esp\u00e8rent que cette f\u00eate puisse devenir plus populaire et mieux accept\u00e9e au Maroc. Pour les Amazighs, le Nouvel An amazigh est un moment unique pour se r\u00e9unir et c\u00e9l\u00e9brer leur h\u00e9ritage <a href=\"https:\/\/monmaghreb.com\/index.php\/2026\/08\/30\/exposition-zahira-tigtate-lart-de-vivre-amazigh-une-fete-permanente-de-la-culture-berbere-au-centre-culturel-cbf-de-drancy\/\" title=\"Exposition Zahira Tigtate : L&#8217;Art de vivre Amazigh, une f\u00eate permanente de la culture berb\u00e8re au Centre Culturel CBF de Drancy\">culturel<\/a>, qui remonte \u00e0 plusieurs si\u00e8cles. Les c\u00e9r\u00e9monies religieuses et les danses traditionnelles sont une partie int\u00e9grante de cette f\u00eate, qui rassemble les familles et les amis pour c\u00e9l\u00e9brer la nouvelle ann\u00e9e amazigh.<\/p>\n<h2>L&#8217;origine et l&#8217;importance du Nouvel An amazigh<\/h2>\n<p>Le Nouvel An amazigh marocain est c\u00e9l\u00e9br\u00e9 le 29 ao\u00fbt, date de l&#8217;an 1 de l&#8217;\u00e8re amazigh. Cette f\u00eate a une signification historique, car elle symbolise la r\u00e9sistance des Amazighs contre les envahisseurs arabes et les conqu\u00eates islamiques. Elle est ainsi consid\u00e9r\u00e9e comme une f\u00eate nationale par les Amazighs, qui cherchent \u00e0 revendiquer une plus grande reconnaissance pour leur culture et leur langue.<\/p>\n<p>La c\u00e9l\u00e9bration du Nouvel An amazigh est \u00e9galement une occasion pour les Amazighs de se souvenir de leur h\u00e9ritage culturel et de leur histoire. Les c\u00e9r\u00e9monies religieuses et les danses traditionnelles sont une partie int\u00e9grante de cette f\u00eate, qui rassemble les familles et les amis pour c\u00e9l\u00e9brer la nouvelle ann\u00e9e amazigh.<\/p>\n<p>Les d\u00e9fenseurs de la culture berb\u00e8re esp\u00e8rent que la popularisation de cette f\u00eate puisse contribuer \u00e0 mieux comprendre et appr\u00e9cier la culture berb\u00e8re au Maroc. Ils ont soulign\u00e9 que la culture berb\u00e8re est une partie importante de l&#8217;identit\u00e9 nationale marocaine et qu&#8217;elle doit \u00eatre mieux reconnue et appr\u00e9ci\u00e9e.<\/p>\n<h2>La promotion de la culture berb\u00e8re au Maroc<\/h2>\n<p>La promotion de la culture berb\u00e8re est un sujet important au Maroc depuis plusieurs ann\u00e9es. Le gouvernement marocain a pris de nombreuses mesures pour promouvoir la culture berb\u00e8re, notamment en cr\u00e9ant l&#8217;Institut royal de la culture amazighe (IRCAM) et en introduisant l&#8217;Amazigh dans l&#8217;enseignement.<\/p>\n<p>Cependant, les d\u00e9fenseurs de la culture berb\u00e8re ont soulign\u00e9 qu&#8217;il reste encore beaucoup \u00e0 faire pour promouvoir la culture berb\u00e8re au Maroc. Ils ont demand\u00e9 une plus grande repr\u00e9sentation des Amazighs dans les m\u00e9dias et dans l&#8217;administration publique. Ils ont \u00e9galement soulign\u00e9 le besoin de plus de soutien pour la promotion de la culture berb\u00e8re au Maroc.<\/p>\n<p>La promotion de la culture berb\u00e8re peut \u00e9galement contribuer \u00e0 d\u00e9velopper l&#8217;industrie touristique et culturelle du Maroc. Les d\u00e9fenseurs de la culture berb\u00e8re esp\u00e8rent que la popularisation de la culture berb\u00e8re puisse attirer plus de touristes dans le pays et augmenter les revenus de l&#8217;industrie touristique.<\/p>\n<h2>Les d\u00e9fis \u00e0 surmonter<\/h2>\n<p>La promotion de la culture berb\u00e8re au Maroc ne sera pas facile, car elle implique de relever des d\u00e9fis. Un des d\u00e9fis majeurs est la r\u00e9sistance de certains groupes conservateurs, qui consid\u00e8rent que la culture berb\u00e8re est en conflit avec l&#8217;islam et les traditions arabes.<\/p>\n<p>Il y a \u00e9galement des d\u00e9fis \u00e9conomiques, car la culture berb\u00e8re n&#8217;est pas consid\u00e9r\u00e9e comme une source de revenus significatifs. Cependant, les d\u00e9fenseurs de la culture berb\u00e8re ont insist\u00e9 sur le fait que la promotion de la culture berb\u00e8re peut contribuer \u00e0 d\u00e9velopper l&#8217;industrie touristique et culturelle du Maroc.<\/p>\n<p>Les d\u00e9fenseurs de la culture berb\u00e8re ont \u00e9galement soulign\u00e9 le besoin de plus de soutien pour la promotion de la culture berb\u00e8re au Maroc. Ils ont demand\u00e9 une plus grande reconnaissance de la culture berb\u00e8re et de sa langue, ainsi que des ressources pour promouvoir la culture berb\u00e8re.<\/p>\n<h2>L&#8217;espoir des d\u00e9fenseurs<\/h2>\n<p>Les d\u00e9fenseurs de la culture berb\u00e8re ont exprim\u00e9 leur espoir que le Nouvel An amazigh puisse devenir une occasion de r\u00e9unir les Marocains autour de la f\u00eate de la culture berb\u00e8re et de la c\u00e9l\u00e9brer comme une f\u00eate nationale au Maroc. Ils ont \u00e9galement soulign\u00e9 le besoin de plus de soutien pour la promotion de la culture berb\u00e8re au Maroc.<\/p>\n<p>Le Nouvel An amazigh marocain est un \u00e9v\u00e9nement important pour les Amazighs, mais il reste peu connu et mal compris pour les non-Amazighs. Cependant, les d\u00e9fenseurs de la culture berb\u00e8re esp\u00e8rent que cette f\u00eate puisse devenir plus populaire et mieux accept\u00e9e au Maroc, et ainsi contribuer \u00e0 promouvoir la culture berb\u00e8re et \u00e0 renforcer l&#8217;identit\u00e9 nationale marocaine.<\/p>\n<h2>Appel \u00e0 l&#8217;action<\/h2>\n<p>Si vous souhaitez apporter votre soutien \u00e0 la promotion de la culture berb\u00e8re au Maroc, il y a plusieurs choses que vous pouvez faire. Vous pouvez apporter votre soutien aux organisations qui travaillent pour promouvoir la culture berb\u00e8re, tels que l&#8217;IRCAM. Vous pouvez \u00e9galement participer \u00e0 des \u00e9v\u00e9nements li\u00e9s \u00e0 la culture berb\u00e8re, tels que le Nouvel An amazigh marocain.<\/p>\n<p>Enfin, vous pouvez \u00e9galement apporter votre soutien \u00e0 la reconnaissance du Nouvel An amazigh marocain comme une f\u00eate nationale au Maroc. Cela peut \u00eatre fait en contactant votre d\u00e9put\u00e9 ou votre repr\u00e9sentant \u00e0 l&#8217;Assembl\u00e9e nationale marocaine et en demandant qu&#8217;une loi soit adopt\u00e9e pour reconna\u00eetre le Nouvel An amazigh marocain comme une f\u00eate nationale.<\/p>\n<p>Il est \u00e9galement important de soutenir les \u00e9coles et les institutions qui promeuvent la culture berb\u00e8re, ainsi que les artistes et les musiciens qui contribuent \u00e0 la promotion de la culture berb\u00e8re.<\/p>\n<p>En r\u00e9sum\u00e9, le Nouvel An amazigh est une f\u00eate importante pour la culture berb\u00e8re au Maroc. Les d\u00e9fenseurs de la culture berb\u00e8re esp\u00e8rent que cette f\u00eate puisse devenir plus populaire et mieux accept\u00e9e au Maroc, et ainsi contribuer \u00e0 promouvoir la culture berb\u00e8re et \u00e0 renforcer l&#8217;identit\u00e9 nationale marocaine.<\/p>\n<div style=\"background:#f8f9fa;border-left:4px solid #0066cc;border-radius:6px;padding:20px 24px;margin:32px 0;\">\n<p style=\"font-size:13px;color:#888;text-transform:uppercase;letter-spacing:0.8px;margin:0 0 6px 0;\">Vous pourriez aussi aimer<\/p>\n<h3 style=\"font-size:18px;margin:0 0 14px 0;color:#222;\">Articles similaires<\/h3>\n<ul style=\"margin:0;padding-left:20px;list-style:disc;\">\n<li style=\"margin-bottom:10px;\"><a href=\"https:\/\/monmaghreb.com\/index.php\/2026\/08\/30\/exposition-zahira-tigtate-lart-de-vivre-amazigh-une-fete-permanente-de-la-culture-berbere-au-centre-culturel-cbf-de-drancy\/\" style=\"color:#0066cc;text-decoration:none;font-weight:500;\" title=\"Exposition Zahira Tigtate : L&#8217;Art de vivre Amazigh, une f\u00eate permanente de la culture berb\u00e8re au Centre Culturel CBF de Drancy\">Exposition Zahira Tigtate : L&#8217;Art de vivre Amazigh, une f\u00eate permanente de la culture berb\u00e8re au Centre Culturel CBF de Drancy<\/a><\/li>\n<li style=\"margin-bottom:10px;\"><a href=\"https:\/\/monmaghreb.com\/index.php\/2026\/08\/30\/celebrons-ensemble-le-nouvel-an-berbere-yennayer-avec-zahira-tigtate-decouvrez-lexposition-a-new-york\/\" style=\"color:#0066cc;text-decoration:none;font-weight:500;\" title=\"C\u00e9l\u00e9brons ensemble le Nouvel An berb\u00e8re Yennayer avec Zahira Tigtate : d\u00e9couvrez l&#8217;exposition \u00e0 New York\">C\u00e9l\u00e9brons ensemble le Nouvel An berb\u00e8re Yennayer avec Zahira Tigtate : d\u00e9couvrez l&#8217;exposition \u00e0 New York<\/a><\/li>\n<li style=\"margin-bottom:10px;\"><a href=\"https:\/\/monmaghreb.com\/index.php\/2026\/08\/29\/celebration-de-la-culture-berbere-lexposition-de-zahira-tigtate-a-drancy\/\" style=\"color:#0066cc;text-decoration:none;font-weight:500;\" title=\"C\u00e9l\u00e9bration de la culture berb\u00e8re : l&#8217;exposition de Zahira Tigtate \u00e0 Drancy\">C\u00e9l\u00e9bration de la culture berb\u00e8re : l&#8217;exposition de Zahira Tigtate \u00e0 Drancy<\/a><\/li>\n<li style=\"margin-bottom:10px;\"><a href=\"https:\/\/monmaghreb.com\/index.php\/2026\/09\/01\/le-maroc-est-le-premier-choix-des-francais-pour-leurs-vacances-dete\/\" style=\"color:#0066cc;text-decoration:none;font-weight:500;\" title=\"Le Maroc est le premier choix des Fran\u00e7ais pour leurs vacances d&#8217;\u00e9t\u00e9\">Le Maroc est le premier choix des Fran\u00e7ais pour leurs vacances d&#8217;\u00e9t\u00e9<\/a><\/li>\n<li style=\"margin-bottom:10px;\"><a href=\"https:\/\/monmaghreb.com\/index.php\/2026\/08\/31\/le-maroc-une-destination-idyllique-pour-les-camping-caristes-le-monde-du-camping\/\" style=\"color:#0066cc;text-decoration:none;font-weight:500;\" title=\"Le Maroc, une destination idyllique pour les camping-caristes &#8211; Le Monde du Camping\">Le Maroc, une destination idyllique pour les camping-caristes &#8211; Le Monde du Camping<\/a><\/li>\n<\/ul>\n<\/div>\n<p><\/body><br \/>\n<\/html><\/p>\n","protected":false},"excerpt":{"rendered":"<p>C\u00e9l\u00e9brer la culture berb\u00e8re au Maroc avec la f\u00eate du Nouvel An amazigh. D\u00e9couvrez les attentes des d\u00e9fenseurs de la culture berb\u00e8re. Lisez plus.<\/p>\n","protected":false},"author":1,"featured_media":9607,"comment_status":"closed","ping_status":"open","sticky":false,"template":"","format":"standard","meta":{"_yoast_wpseo_canonical":"","_yoast_wpseo_opengraph-title":"Le Nouvel An amazigh : la f\u00eate de la culture berb\u00e8re au Maroc et les esp\u00e9rances de ses d\u00e9fenseurs","_yoast_wpseo_opengraph-description":"C\u00e9l\u00e9brer la culture berb\u00e8re au Maroc avec la f\u00eate du Nouvel An amazigh. D\u00e9couvrez les attentes des d\u00e9fenseurs de la culture berb\u00e8re. Lisez plus.","_yoast_wpseo_opengraph-image":"","tdm_status":"","tdm_grid_status":"","footnotes":""},"categories":[652],"tags":[2085,5252,10,4003,4311],"class_list":["post-9608","post","type-post","status-publish","format-standard","has-post-thumbnail","hentry","category-histoire-patrimoine","tag-accords-algerie-maroc","tag-communaute-berbere","tag-culture-berbere","tag-identite-culturelle","tag-nouvel-an-amazigh"],"yoast_head":"<!-- This site is optimized with the Yoast SEO plugin v28.4 - https:\/\/yoast.com\/product\/yoast-seo-wordpress\/ -->\n<title>Le Nouvel An amazigh : la f\u00eate de la culture berb\u00e8re au Maro<\/title>\n<meta name=\"description\" content=\"C\u00e9l\u00e9brer la culture berb\u00e8re au Maroc avec la f\u00eate du Nouvel An amazigh. D\u00e9couvrez les attentes des d\u00e9fenseurs de la culture berb\u00e8re. Lisez plus.\" \/>\n<meta name=\"robots\" content=\"index, follow, max-snippet:-1, max-image-preview:large, max-video-preview:-1\" \/>\n<link rel=\"canonical\" href=\"https:\/\/monmaghreb.com\/index.php\/2026\/09\/04\/le-nouvel-an-amazigh-la-fete-de-la-culture-berbere-au-maroc-et-les-esperances-de-ses-defenseurs\/\" \/>\n<meta property=\"og:locale\" content=\"en_US\" \/>\n<meta property=\"og:type\" content=\"article\" \/>\n<meta property=\"og:title\" content=\"Le Nouvel An amazigh : la f\u00eate de la culture berb\u00e8re au Maroc et les esp\u00e9rances de ses d\u00e9fenseurs\" \/>\n<meta property=\"og:description\" content=\"C\u00e9l\u00e9brer la culture berb\u00e8re au Maroc avec la f\u00eate du Nouvel An amazigh. D\u00e9couvrez les attentes des d\u00e9fenseurs de la culture berb\u00e8re. Lisez plus.\" \/>\n<meta property=\"og:url\" content=\"https:\/\/monmaghreb.com\/index.php\/2026\/09\/04\/le-nouvel-an-amazigh-la-fete-de-la-culture-berbere-au-maroc-et-les-esperances-de-ses-defenseurs\/\" \/>\n<meta property=\"og:site_name\" content=\"Mon Maghreb\" \/>\n<meta property=\"article:author\" content=\"https:\/\/www.facebook.com\/monmaghrebcom\" \/>\n<meta property=\"article:published_time\" content=\"2026-09-04T14:28:14+00:00\" \/>\n<meta property=\"article:modified_time\" content=\"2026-09-04T14:28:25+00:00\" \/>\n<meta property=\"og:image\" content=\"https:\/\/monmaghreb.com\/wp-content\/uploads\/2026\/09\/featured-40.jpg\" \/>\n\t<meta property=\"og:image:width\" content=\"1880\" \/>\n\t<meta property=\"og:image:height\" content=\"1253\" \/>\n\t<meta property=\"og:image:type\" content=\"image\/jpeg\" \/>\n<meta name=\"author\" content=\"LaMagh\" \/>\n<meta name=\"twitter:card\" content=\"summary_large_image\" \/>\n<meta name=\"twitter:creator\" content=\"@MMaghreb50977\" \/>\n<meta name=\"twitter:label1\" content=\"Written by\" \/>\n\t<meta name=\"twitter:data1\" content=\"LaMagh\" \/>\n\t<meta name=\"twitter:label2\" content=\"Est. reading time\" \/>\n\t<meta name=\"twitter:data2\" content=\"6 minutes\" \/>\n<script type=\"application\/ld+json\" class=\"yoast-schema-graph\">{\"@context\":\"https:\\\/\\\/schema.org\",\"@graph\":[{\"@type\":\"Article\",\"@id\":\"https:\\\/\\\/monmaghreb.com\\\/index.php\\\/2026\\\/09\\\/04\\\/le-nouvel-an-amazigh-la-fete-de-la-culture-berbere-au-maroc-et-les-esperances-de-ses-defenseurs\\\/#article\",\"isPartOf\":{\"@id\":\"https:\\\/\\\/monmaghreb.com\\\/index.php\\\/2026\\\/09\\\/04\\\/le-nouvel-an-amazigh-la-fete-de-la-culture-berbere-au-maroc-et-les-esperances-de-ses-defenseurs\\\/\"},\"author\":{\"name\":\"LaMagh\",\"@id\":\"http:\\\/\\\/monmaghreb.com\\\/#\\\/schema\\\/person\\\/c469a89dc8c6b8987dcb438b1200d054\"},\"headline\":\"Le Nouvel An amazigh : la f\u00eate de la culture berb\u00e8re au Maroc et les esp\u00e9rances de ses d\u00e9fenseurs\",\"datePublished\":\"2026-09-04T14:28:14+00:00\",\"dateModified\":\"2026-09-04T14:28:25+00:00\",\"mainEntityOfPage\":{\"@id\":\"https:\\\/\\\/monmaghreb.com\\\/index.php\\\/2026\\\/09\\\/04\\\/le-nouvel-an-amazigh-la-fete-de-la-culture-berbere-au-maroc-et-les-esperances-de-ses-defenseurs\\\/\"},\"wordCount\":1172,\"publisher\":{\"@id\":\"http:\\\/\\\/monmaghreb.com\\\/#organization\"},\"image\":{\"@id\":\"https:\\\/\\\/monmaghreb.com\\\/index.php\\\/2026\\\/09\\\/04\\\/le-nouvel-an-amazigh-la-fete-de-la-culture-berbere-au-maroc-et-les-esperances-de-ses-defenseurs\\\/#primaryimage\"},\"thumbnailUrl\":\"https:\\\/\\\/monmaghreb.com\\\/wp-content\\\/uploads\\\/2026\\\/09\\\/featured-40.jpg\",\"keywords\":[\"accords alg\u00e9rie maroc\",\"communaut\u00e9 berb\u00e8re\",\"Culture berb\u00e8re\",\"identite culturelle\",\"nouvel an amazigh\"],\"articleSection\":[\"Histoire &amp; Patrimoine\"],\"inLanguage\":\"en-US\"},{\"@type\":\"WebPage\",\"@id\":\"https:\\\/\\\/monmaghreb.com\\\/index.php\\\/2026\\\/09\\\/04\\\/le-nouvel-an-amazigh-la-fete-de-la-culture-berbere-au-maroc-et-les-esperances-de-ses-defenseurs\\\/\",\"url\":\"https:\\\/\\\/monmaghreb.com\\\/index.php\\\/2026\\\/09\\\/04\\\/le-nouvel-an-amazigh-la-fete-de-la-culture-berbere-au-maroc-et-les-esperances-de-ses-defenseurs\\\/\",\"name\":\"Le Nouvel An amazigh : la f\u00eate de la culture berb\u00e8re au Maro\",\"isPartOf\":{\"@id\":\"http:\\\/\\\/monmaghreb.com\\\/#website\"},\"primaryImageOfPage\":{\"@id\":\"https:\\\/\\\/monmaghreb.com\\\/index.php\\\/2026\\\/09\\\/04\\\/le-nouvel-an-amazigh-la-fete-de-la-culture-berbere-au-maroc-et-les-esperances-de-ses-defenseurs\\\/#primaryimage\"},\"image\":{\"@id\":\"https:\\\/\\\/monmaghreb.com\\\/index.php\\\/2026\\\/09\\\/04\\\/le-nouvel-an-amazigh-la-fete-de-la-culture-berbere-au-maroc-et-les-esperances-de-ses-defenseurs\\\/#primaryimage\"},\"thumbnailUrl\":\"https:\\\/\\\/monmaghreb.com\\\/wp-content\\\/uploads\\\/2026\\\/09\\\/featured-40.jpg\",\"datePublished\":\"2026-09-04T14:28:14+00:00\",\"dateModified\":\"2026-09-04T14:28:25+00:00\",\"description\":\"C\u00e9l\u00e9brer la culture berb\u00e8re au Maroc avec la f\u00eate du Nouvel An amazigh. D\u00e9couvrez les attentes des d\u00e9fenseurs de la culture berb\u00e8re. Lisez plus.\",\"breadcrumb\":{\"@id\":\"https:\\\/\\\/monmaghreb.com\\\/index.php\\\/2026\\\/09\\\/04\\\/le-nouvel-an-amazigh-la-fete-de-la-culture-berbere-au-maroc-et-les-esperances-de-ses-defenseurs\\\/#breadcrumb\"},\"inLanguage\":\"en-US\",\"potentialAction\":[{\"@type\":\"ReadAction\",\"target\":[\"https:\\\/\\\/monmaghreb.com\\\/index.php\\\/2026\\\/09\\\/04\\\/le-nouvel-an-amazigh-la-fete-de-la-culture-berbere-au-maroc-et-les-esperances-de-ses-defenseurs\\\/\"]}]},{\"@type\":\"ImageObject\",\"inLanguage\":\"en-US\",\"@id\":\"https:\\\/\\\/monmaghreb.com\\\/index.php\\\/2026\\\/09\\\/04\\\/le-nouvel-an-amazigh-la-fete-de-la-culture-berbere-au-maroc-et-les-esperances-de-ses-defenseurs\\\/#primaryimage\",\"url\":\"https:\\\/\\\/monmaghreb.com\\\/wp-content\\\/uploads\\\/2026\\\/09\\\/featured-40.jpg\",\"contentUrl\":\"https:\\\/\\\/monmaghreb.com\\\/wp-content\\\/uploads\\\/2026\\\/09\\\/featured-40.jpg\",\"width\":1880,\"height\":1253,\"caption\":\"F\u00eate de la culture berb\u00e8re au Maroc avec des Amazighs en tenues traditionnelles\"},{\"@type\":\"BreadcrumbList\",\"@id\":\"https:\\\/\\\/monmaghreb.com\\\/index.php\\\/2026\\\/09\\\/04\\\/le-nouvel-an-amazigh-la-fete-de-la-culture-berbere-au-maroc-et-les-esperances-de-ses-defenseurs\\\/#breadcrumb\",\"itemListElement\":[{\"@type\":\"ListItem\",\"position\":1,\"name\":\"Home\",\"item\":\"http:\\\/\\\/monmaghreb.com\\\/\"},{\"@type\":\"ListItem\",\"position\":2,\"name\":\"Le Nouvel An amazigh : la f\u00eate de la culture berb\u00e8re au Maroc et les esp\u00e9rances de ses d\u00e9fenseurs\"}]},{\"@type\":\"WebSite\",\"@id\":\"http:\\\/\\\/monmaghreb.com\\\/#website\",\"url\":\"http:\\\/\\\/monmaghreb.com\\\/\",\"name\":\"Mon Maghreb\",\"description\":\"MonMaghreb United\",\"publisher\":{\"@id\":\"http:\\\/\\\/monmaghreb.com\\\/#organization\"},\"alternateName\":\"Le Monde du Maghreb et au del\u00e0\",\"potentialAction\":[{\"@type\":\"SearchAction\",\"target\":{\"@type\":\"EntryPoint\",\"urlTemplate\":\"http:\\\/\\\/monmaghreb.com\\\/?s={search_term_string}\"},\"query-input\":{\"@type\":\"PropertyValueSpecification\",\"valueRequired\":true,\"valueName\":\"search_term_string\"}}],\"inLanguage\":\"en-US\"},{\"@type\":\"Organization\",\"@id\":\"http:\\\/\\\/monmaghreb.com\\\/#organization\",\"name\":\"Mon Maghreb\",\"url\":\"http:\\\/\\\/monmaghreb.com\\\/\",\"logo\":{\"@type\":\"ImageObject\",\"inLanguage\":\"en-US\",\"@id\":\"http:\\\/\\\/monmaghreb.com\\\/#\\\/schema\\\/logo\\\/image\\\/\",\"url\":\"https:\\\/\\\/monmaghreb.com\\\/wp-content\\\/uploads\\\/2025\\\/12\\\/Mon_Maghreb_Logo.jpg\",\"contentUrl\":\"https:\\\/\\\/monmaghreb.com\\\/wp-content\\\/uploads\\\/2025\\\/12\\\/Mon_Maghreb_Logo.jpg\",\"width\":814,\"height\":374,\"caption\":\"Mon Maghreb\"},\"image\":{\"@id\":\"http:\\\/\\\/monmaghreb.com\\\/#\\\/schema\\\/logo\\\/image\\\/\"}},{\"@type\":\"Person\",\"@id\":\"http:\\\/\\\/monmaghreb.com\\\/#\\\/schema\\\/person\\\/c469a89dc8c6b8987dcb438b1200d054\",\"name\":\"LaMagh\",\"image\":{\"@type\":\"ImageObject\",\"inLanguage\":\"en-US\",\"@id\":\"https:\\\/\\\/secure.gravatar.com\\\/avatar\\\/399d8144bd55fba55e056779aca52fe528bac7911f6449e54d81173d6dfd7f0a?s=96&d=mm&r=g\",\"url\":\"https:\\\/\\\/secure.gravatar.com\\\/avatar\\\/399d8144bd55fba55e056779aca52fe528bac7911f6449e54d81173d6dfd7f0a?s=96&d=mm&r=g\",\"contentUrl\":\"https:\\\/\\\/secure.gravatar.com\\\/avatar\\\/399d8144bd55fba55e056779aca52fe528bac7911f6449e54d81173d6dfd7f0a?s=96&d=mm&r=g\",\"caption\":\"LaMagh\"},\"sameAs\":[\"https:\\\/\\\/monmaghreb.com\",\"https:\\\/\\\/www.facebook.com\\\/monmaghrebcom\",\"https:\\\/\\\/x.com\\\/MMaghreb50977\"],\"url\":\"https:\\\/\\\/monmaghreb.com\\\/index.php\\\/author\\\/lamagh\\\/\"}]}<\/script>\n<!-- \/ Yoast SEO plugin. -->","yoast_head_json":{"title":"Le Nouvel An amazigh : la f\u00eate de la culture berb\u00e8re au Maro","description":"C\u00e9l\u00e9brer la culture berb\u00e8re au Maroc avec la f\u00eate du Nouvel An amazigh. D\u00e9couvrez les attentes des d\u00e9fenseurs de la culture berb\u00e8re. Lisez plus.","robots":{"index":"index","follow":"follow","max-snippet":"max-snippet:-1","max-image-preview":"max-image-preview:large","max-video-preview":"max-video-preview:-1"},"canonical":"https:\/\/monmaghreb.com\/index.php\/2026\/09\/04\/le-nouvel-an-amazigh-la-fete-de-la-culture-berbere-au-maroc-et-les-esperances-de-ses-defenseurs\/","og_locale":"en_US","og_type":"article","og_title":"Le Nouvel An amazigh : la f\u00eate de la culture berb\u00e8re au Maroc et les esp\u00e9rances de ses d\u00e9fenseurs","og_description":"C\u00e9l\u00e9brer la culture berb\u00e8re au Maroc avec la f\u00eate du Nouvel An amazigh. D\u00e9couvrez les attentes des d\u00e9fenseurs de la culture berb\u00e8re. Lisez plus.","og_url":"https:\/\/monmaghreb.com\/index.php\/2026\/09\/04\/le-nouvel-an-amazigh-la-fete-de-la-culture-berbere-au-maroc-et-les-esperances-de-ses-defenseurs\/","og_site_name":"Mon Maghreb","article_author":"https:\/\/www.facebook.com\/monmaghrebcom","article_published_time":"2026-09-04T14:28:14+00:00","article_modified_time":"2026-09-04T14:28:25+00:00","og_image":[{"width":1880,"height":1253,"url":"https:\/\/monmaghreb.com\/wp-content\/uploads\/2026\/09\/featured-40.jpg","type":"image\/jpeg"}],"author":"LaMagh","twitter_card":"summary_large_image","twitter_creator":"@MMaghreb50977","twitter_misc":{"Written by":"LaMagh","Est. reading time":"6 minutes"},"schema":{"@context":"https:\/\/schema.org","@graph":[{"@type":"Article","@id":"https:\/\/monmaghreb.com\/index.php\/2026\/09\/04\/le-nouvel-an-amazigh-la-fete-de-la-culture-berbere-au-maroc-et-les-esperances-de-ses-defenseurs\/#article","isPartOf":{"@id":"https:\/\/monmaghreb.com\/index.php\/2026\/09\/04\/le-nouvel-an-amazigh-la-fete-de-la-culture-berbere-au-maroc-et-les-esperances-de-ses-defenseurs\/"},"author":{"name":"LaMagh","@id":"http:\/\/monmaghreb.com\/#\/schema\/person\/c469a89dc8c6b8987dcb438b1200d054"},"headline":"Le Nouvel An amazigh : la f\u00eate de la culture berb\u00e8re au Maroc et les esp\u00e9rances de ses d\u00e9fenseurs","datePublished":"2026-09-04T14:28:14+00:00","dateModified":"2026-09-04T14:28:25+00:00","mainEntityOfPage":{"@id":"https:\/\/monmaghreb.com\/index.php\/2026\/09\/04\/le-nouvel-an-amazigh-la-fete-de-la-culture-berbere-au-maroc-et-les-esperances-de-ses-defenseurs\/"},"wordCount":1172,"publisher":{"@id":"http:\/\/monmaghreb.com\/#organization"},"image":{"@id":"https:\/\/monmaghreb.com\/index.php\/2026\/09\/04\/le-nouvel-an-amazigh-la-fete-de-la-culture-berbere-au-maroc-et-les-esperances-de-ses-defenseurs\/#primaryimage"},"thumbnailUrl":"https:\/\/monmaghreb.com\/wp-content\/uploads\/2026\/09\/featured-40.jpg","keywords":["accords alg\u00e9rie maroc","communaut\u00e9 berb\u00e8re","Culture berb\u00e8re","identite culturelle","nouvel an amazigh"],"articleSection":["Histoire &amp; Patrimoine"],"inLanguage":"en-US"},{"@type":"WebPage","@id":"https:\/\/monmaghreb.com\/index.php\/2026\/09\/04\/le-nouvel-an-amazigh-la-fete-de-la-culture-berbere-au-maroc-et-les-esperances-de-ses-defenseurs\/","url":"https:\/\/monmaghreb.com\/index.php\/2026\/09\/04\/le-nouvel-an-amazigh-la-fete-de-la-culture-berbere-au-maroc-et-les-esperances-de-ses-defenseurs\/","name":"Le Nouvel An amazigh : la f\u00eate de la culture berb\u00e8re au Maro","isPartOf":{"@id":"http:\/\/monmaghreb.com\/#website"},"primaryImageOfPage":{"@id":"https:\/\/monmaghreb.com\/index.php\/2026\/09\/04\/le-nouvel-an-amazigh-la-fete-de-la-culture-berbere-au-maroc-et-les-esperances-de-ses-defenseurs\/#primaryimage"},"image":{"@id":"https:\/\/monmaghreb.com\/index.php\/2026\/09\/04\/le-nouvel-an-amazigh-la-fete-de-la-culture-berbere-au-maroc-et-les-esperances-de-ses-defenseurs\/#primaryimage"},"thumbnailUrl":"https:\/\/monmaghreb.com\/wp-content\/uploads\/2026\/09\/featured-40.jpg","datePublished":"2026-09-04T14:28:14+00:00","dateModified":"2026-09-04T14:28:25+00:00","description":"C\u00e9l\u00e9brer la culture berb\u00e8re au Maroc avec la f\u00eate du Nouvel An amazigh. D\u00e9couvrez les attentes des d\u00e9fenseurs de la culture berb\u00e8re. Lisez plus.","breadcrumb":{"@id":"https:\/\/monmaghreb.com\/index.php\/2026\/09\/04\/le-nouvel-an-amazigh-la-fete-de-la-culture-berbere-au-maroc-et-les-esperances-de-ses-defenseurs\/#breadcrumb"},"inLanguage":"en-US","potentialAction":[{"@type":"ReadAction","target":["https:\/\/monmaghreb.com\/index.php\/2026\/09\/04\/le-nouvel-an-amazigh-la-fete-de-la-culture-berbere-au-maroc-et-les-esperances-de-ses-defenseurs\/"]}]},{"@type":"ImageObject","inLanguage":"en-US","@id":"https:\/\/monmaghreb.com\/index.php\/2026\/09\/04\/le-nouvel-an-amazigh-la-fete-de-la-culture-berbere-au-maroc-et-les-esperances-de-ses-defenseurs\/#primaryimage","url":"https:\/\/monmaghreb.com\/wp-content\/uploads\/2026\/09\/featured-40.jpg","contentUrl":"https:\/\/monmaghreb.com\/wp-content\/uploads\/2026\/09\/featured-40.jpg","width":1880,"height":1253,"caption":"F\u00eate de la culture berb\u00e8re au Maroc avec des Amazighs en tenues traditionnelles"},{"@type":"BreadcrumbList","@id":"https:\/\/monmaghreb.com\/index.php\/2026\/09\/04\/le-nouvel-an-amazigh-la-fete-de-la-culture-berbere-au-maroc-et-les-esperances-de-ses-defenseurs\/#breadcrumb","itemListElement":[{"@type":"ListItem","position":1,"name":"Home","item":"http:\/\/monmaghreb.com\/"},{"@type":"ListItem","position":2,"name":"Le Nouvel An amazigh : la f\u00eate de la culture berb\u00e8re au Maroc et les esp\u00e9rances de ses d\u00e9fenseurs"}]},{"@type":"WebSite","@id":"http:\/\/monmaghreb.com\/#website","url":"http:\/\/monmaghreb.com\/","name":"Mon Maghreb","description":"MonMaghreb United","publisher":{"@id":"http:\/\/monmaghreb.com\/#organization"},"alternateName":"Le Monde du Maghreb et au del\u00e0","potentialAction":[{"@type":"SearchAction","target":{"@type":"EntryPoint","urlTemplate":"http:\/\/monmaghreb.com\/?s={search_term_string}"},"query-input":{"@type":"PropertyValueSpecification","valueRequired":true,"valueName":"search_term_string"}}],"inLanguage":"en-US"},{"@type":"Organization","@id":"http:\/\/monmaghreb.com\/#organization","name":"Mon Maghreb","url":"http:\/\/monmaghreb.com\/","logo":{"@type":"ImageObject","inLanguage":"en-US","@id":"http:\/\/monmaghreb.com\/#\/schema\/logo\/image\/","url":"https:\/\/monmaghreb.com\/wp-content\/uploads\/2025\/12\/Mon_Maghreb_Logo.jpg","contentUrl":"https:\/\/monmaghreb.com\/wp-content\/uploads\/2025\/12\/Mon_Maghreb_Logo.jpg","width":814,"height":374,"caption":"Mon Maghreb"},"image":{"@id":"http:\/\/monmaghreb.com\/#\/schema\/logo\/image\/"}},{"@type":"Person","@id":"http:\/\/monmaghreb.com\/#\/schema\/person\/c469a89dc8c6b8987dcb438b1200d054","name":"LaMagh","image":{"@type":"ImageObject","inLanguage":"en-US","@id":"https:\/\/secure.gravatar.com\/avatar\/399d8144bd55fba55e056779aca52fe528bac7911f6449e54d81173d6dfd7f0a?s=96&d=mm&r=g","url":"https:\/\/secure.gravatar.com\/avatar\/399d8144bd55fba55e056779aca52fe528bac7911f6449e54d81173d6dfd7f0a?s=96&d=mm&r=g","contentUrl":"https:\/\/secure.gravatar.com\/avatar\/399d8144bd55fba55e056779aca52fe528bac7911f6449e54d81173d6dfd7f0a?s=96&d=mm&r=g","caption":"LaMagh"},"sameAs":["https:\/\/monmaghreb.com","https:\/\/www.facebook.com\/monmaghrebcom","https:\/\/x.com\/MMaghreb50977"],"url":"https:\/\/monmaghreb.com\/index.php\/author\/lamagh\/"}]}},"_links":{"self":[{"href":"https:\/\/monmaghreb.com\/index.php\/wp-json\/wp\/v2\/posts\/9608","targetHints":{"allow":["GET"]}}],"collection":[{"href":"https:\/\/monmaghreb.com\/index.php\/wp-json\/wp\/v2\/posts"}],"about":[{"href":"https:\/\/monmaghreb.com\/index.php\/wp-json\/wp\/v2\/types\/post"}],"author":[{"embeddable":true,"href":"https:\/\/monmaghreb.com\/index.php\/wp-json\/wp\/v2\/users\/1"}],"replies":[{"embeddable":true,"href":"https:\/\/monmaghreb.com\/index.php\/wp-json\/wp\/v2\/comments?post=9608"}],"version-history":[{"count":1,"href":"https:\/\/monmaghreb.com\/index.php\/wp-json\/wp\/v2\/posts\/9608\/revisions"}],"predecessor-version":[{"id":9609,"href":"https:\/\/monmaghreb.com\/index.php\/wp-json\/wp\/v2\/posts\/9608\/revisions\/9609"}],"wp:featuredmedia":[{"embeddable":true,"href":"https:\/\/monmaghreb.com\/index.php\/wp-json\/wp\/v2\/media\/9607"}],"wp:attachment":[{"href":"https:\/\/monmaghreb.com\/index.php\/wp-json\/wp\/v2\/media?parent=9608"}],"wp:term":[{"taxonomy":"category","embeddable":true,"href":"https:\/\/monmaghreb.com\/index.php\/wp-json\/wp\/v2\/categories?post=9608"},{"taxonomy":"post_tag","embeddable":true,"href":"https:\/\/monmaghreb.com\/index.php\/wp-json\/wp\/v2\/tags?post=9608"}],"curies":[{"name":"wp","href":"https:\/\/api.w.org\/{rel}","templated":true}]}}