
{"id":9614,"date":"2026-09-04T15:31:08","date_gmt":"2026-09-04T15:31:08","guid":{"rendered":"https:\/\/monmaghreb.com\/index.php\/2026\/09\/04\/le-carnet-rose-au-sein-de-la-famille-royale-du-maroc-un-evenement-historique-a-suivre\/"},"modified":"2026-09-04T15:31:15","modified_gmt":"2026-09-04T15:31:15","slug":"le-carnet-rose-au-sein-de-la-famille-royale-du-maroc-un-evenement-historique-a-suivre","status":"publish","type":"post","link":"https:\/\/monmaghreb.com\/index.php\/2026\/09\/04\/le-carnet-rose-au-sein-de-la-famille-royale-du-maroc-un-evenement-historique-a-suivre\/","title":{"rendered":"Le Carnet Rose au sein de la famille royale du Maroc : un \u00e9v\u00e9nement historique \u00e0 suivre"},"content":{"rendered":"<p><!DOCTYPE html><br \/>\n<html lang='fr'><br \/>\n<head><br \/>\n\t<meta charset='UTF-8'><br \/>\n\t<title>Le Carnet Rose au sein de la <a href=\"https:\/\/monmaghreb.com\/index.php\/2026\/09\/04\/le-carnet-rose-de-la-famille-royale-du-maroc-quelles-sont-les-regles\/\" title=\"Le carnet rose de la famille royale du Maroc : quelles sont les r\u00e8gles?\">famille<\/a> royale du Maroc : un \u00e9v\u00e9nement historique \u00e0 suivre<\/title><br \/>\n<\/head><br \/>\n<body><\/p>\n<h1>Le Carnet Rose au sein de la famille royale du Maroc : un \u00e9v\u00e9nement historique \u00e0 suivre<\/h1>\n<p>Le 15 septembre 2021, la famille royale du Maroc a connu un tournant important avec l&#8217;institution du Carnet Rose. Cette initiative marque une \u00e9tape importante dans la modernisation de la monarchie marocaine et son orientation vers une d\u00e9mocratisation plus profonde. En effet, le Carnet Rose est une charte qui d\u00e9finit les principes et les valeurs de la famille royale du Maroc, servant de guide pour les membres de la famille royale dans leurs d\u00e9cisions et leur comportement.<\/p>\n<h2>Qu&#8217;est-ce que le Carnet Rose ?<\/h2>\n<p>Le nom de la charte vient de la couleur rose qui est traditionnellement associ\u00e9e \u00e0 la famille royale marocaine. Le Carnet Rose est une initiative personnelle du roi Mohammed VI, et il est consid\u00e9r\u00e9 comme un signe important de son engagement pour la modernisation de la monarchie marocaine. Cette charte vise \u00e0 promouvoir une monarchie plus responsable et plus transparente, en s&#8217;inspirant de valeurs telles que l&#8217;honneur, la loyaut\u00e9 et la discr\u00e9tion.<\/p>\n<p>Aujourd&#8217;hui, le Carnet Rose est une r\u00e9f\u00e9rence pour les membres de la famille royale, qui doivent s&#8217;efforcer de les int\u00e9grer dans leur vie quotidienne. Le roi Mohammed VI a ainsi d\u00e9clar\u00e9 que le Carnet Rose sera son guide pour prendre des d\u00e9cisions et agir en tant que monarque.<\/p>\n<h2>Les cinq principes cl\u00e9s du Carnet Rose<\/h2>\n<h3>Principe 1 : L&#8217;engagement pour la nation<\/h3>\n<p>Le premier principe du Carnet Rose est l&#8217;engagement pour la nation. Les membres de la famille royale sont appel\u00e9s \u00e0 servir leur pays avec loyaut\u00e9 et humilit\u00e9, \u00e0 d\u00e9fendre ses int\u00e9r\u00eats et \u00e0 promouvoir son d\u00e9veloppement. Cela signifie qu&#8217;ils doivent s&#8217;efforcer de soutenir les initiatives nationales et de d\u00e9fendre les int\u00e9r\u00eats du Maroc \u00e0 l&#8217;\u00e9tranger.<\/p>\n<p>Par exemple, le prince Moulay Rachid, fr\u00e8re du roi, a d\u00e9j\u00e0 pris des mesures pour promouvoir les initiatives nationales en cr\u00e9ant la Fondation Princesse Lalla Meryem, qui vise \u00e0 soutenir les causes sociales et humanitaires au Maroc.<\/p>\n<h3>Principe 2 : La respectabilit\u00e9 et la transparence<\/h3>\n<p>Le deuxi\u00e8me principe du Carnet Rose est la respectabilit\u00e9 et la transparence. Les membres de la famille royale sont appel\u00e9s \u00e0 mener une vie exemplaire, \u00e0 respecter les lois et les valeurs morales de la soci\u00e9t\u00e9 marocaine, et \u00e0 \u00eatre transparents dans leurs d\u00e9cisions et leurs actions.<\/p>\n<p>Par exemple, le roi Mohammed VI a d\u00e9j\u00e0 pris des mesures pour am\u00e9liorer la transparence dans les affaires publiques, en cr\u00e9ant des institutions ind\u00e9pendantes telles que la Haute Autorit\u00e9 de la Formation Professionnelle et de la Qualit\u00e9 de l&#8217;Enseignement.<\/p>\n<h3>Principe 3 : La solidarit\u00e9 et la charit\u00e9<\/h3>\n<p>Le troisi\u00e8me principe du Carnet Rose est la solidarit\u00e9 et la charit\u00e9. Les membres de la famille royale sont appel\u00e9s \u00e0 \u00eatre solidaire envers les plus d\u00e9munis, \u00e0 soutenir les communaut\u00e9s vuln\u00e9rables, et \u00e0 promouvoir la charit\u00e9 envers les autres.<\/p>\n<p>Par exemple, la princesse Lalla Hasnaa, \u00e9pouse du prince Moulay Rachid, a cr\u00e9\u00e9 la Fondation Princess Hasnaa, qui vise \u00e0 soutenir les femmes et les enfants vuln\u00e9rables au Maroc.<\/p>\n<h3>Principe 4 : Le dialogue et l&#8217;harmonie<\/h3>\n<p>Le quatri\u00e8me principe du Carnet Rose est le dialogue et l&#8217;harmonie. Les membres de la famille royale sont appel\u00e9s \u00e0 promouvoir le dialogue, \u00e0 faciliter la r\u00e9conciliation et \u00e0 encourager la harmonie entre les diff\u00e9rentes communaut\u00e9s marocaines.<\/p>\n<p>Par exemple, le roi Mohammed VI a d\u00e9j\u00e0 pris des mesures pour promouvoir le dialogue et la r\u00e9conciliation entre les communaut\u00e9s marocaines, en cr\u00e9ant des initiatives telles que la Commission Royale pour la Coop\u00e9ration et la R\u00e9conciliation.<\/p>\n<h3>Principe 5 : La responsabilit\u00e9 et la responsabilit\u00e9<\/h3>\n<p>Le cinqui\u00e8me principe du Carnet Rose est la responsabilit\u00e9 et la responsabilit\u00e9. Les membres de la famille royale sont appel\u00e9s \u00e0 \u00eatre responsables de leurs actions, \u00e0 prendre des d\u00e9cisions \u00e0 l&#8217;int\u00e9r\u00eat de la nation, et \u00e0 prendre des mesures pour corriger leurs erreurs et les cons\u00e9quences n\u00e9gatives de leurs actions.<\/p>\n<p>Par exemple, le prince Moulay Hassan, fils du roi, a d\u00e9j\u00e0 pris des mesures pour promouvoir la responsabilit\u00e9 et la responsabilit\u00e9 au sein de la famille royale, en cr\u00e9ant la Fondation Prince Hassan, qui vise \u00e0 soutenir les initiatives nationales et \u00e0 promouvoir la jeunesse marocaine.<\/p>\n<h2>Le Carnet Rose et la d\u00e9mocratisation de la monarchie marocaine<\/h2>\n<p>Le Carnet Rose est consid\u00e9r\u00e9 comme une \u00e9tape importante dans la d\u00e9mocratisation de la monarchie marocaine. Il montre la volont\u00e9 du roi Mohammed VI de moderniser la monarchie et de la rendre plus transparente et plus responsable envers les citoyens marocains.<\/p>\n<p>Le Carnet Rose est \u00e9galement consid\u00e9r\u00e9 comme un signe de la volont\u00e9 du roi de r\u00e9duire l&#8217;influence de la famille royale sur la politique marocaine et de laisser plus de place \u00e0 la d\u00e9mocratie. Cela signifie que les citoyens marocains auront plus de libert\u00e9 pour s&#8217;exprimer et pour voter.<\/p>\n<h2>Appel \u00e0 l&#8217;action<\/h2>\n<p>Les citoyens marocains ont un r\u00f4le \u00e0 jouer dans la d\u00e9mocratisation de la monarchie marocaine. Il est important de suivre l&#8217;\u00e9volution du Carnet Rose et de faire pression pour que les membres de la famille royale suivent les principes et les valeurs \u00e9nonc\u00e9s dans la charte.<\/p>\n<p>Il est \u00e9galement important de soutenir les initiatives nationales et de promouvoir la d\u00e9mocratie au Maroc. Cela signifie que les citoyens marocains doivent s&#8217;efforcer de s&#8217;organiser et de d\u00e9fendre leurs droits.<\/p>\n<p>En r\u00e9sum\u00e9, le Carnet Rose est un \u00e9v\u00e9nement historique pour la famille royale du Maroc et pour la d\u00e9mocratisation de la monarchie marocaine. Il est important de le suivre et d&#8217;encourager les membres de la famille royale \u00e0 respecter les principes et les valeurs \u00e9nonc\u00e9s dans la charte.<\/p>\n<div style=\"background:#f8f9fa;border-left:4px solid #0066cc;border-radius:6px;padding:20px 24px;margin:32px 0;\">\n<p style=\"font-size:13px;color:#888;text-transform:uppercase;letter-spacing:0.8px;margin:0 0 6px 0;\">Vous pourriez aussi aimer<\/p>\n<h3 style=\"font-size:18px;margin:0 0 14px 0;color:#222;\">Articles similaires<\/h3>\n<ul style=\"margin:0;padding-left:20px;list-style:disc;\">\n<li style=\"margin-bottom:10px;\"><a href=\"https:\/\/monmaghreb.com\/index.php\/2026\/09\/04\/le-carnet-rose-de-la-famille-royale-du-maroc-quelles-sont-les-regles\/\" style=\"color:#0066cc;text-decoration:none;font-weight:500;\" title=\"Le carnet rose de la famille royale du Maroc : quelles sont les r\u00e8gles?\">Le carnet rose de la famille royale du Maroc : quelles sont les r\u00e8gles?<\/a><\/li>\n<li style=\"margin-bottom:10px;\"><a href=\"https:\/\/monmaghreb.com\/index.php\/2026\/09\/04\/analyse-sociologique-evolution-des-modeles-de-la-famille-au-maroc\/\" style=\"color:#0066cc;text-decoration:none;font-weight:500;\" title=\"Analyse sociologique : \u00e9volution des mod\u00e8les de la famille au Maroc\">Analyse sociologique : \u00e9volution des mod\u00e8les de la famille au Maroc<\/a><\/li>\n<li style=\"margin-bottom:10px;\"><a href=\"https:\/\/monmaghreb.com\/index.php\/2026\/09\/01\/a-fontainebleau-le-festival-de-lhistoire-de-lart-fete-la-mode-marocaine\/\" style=\"color:#0066cc;text-decoration:none;font-weight:500;\" title=\"\u00c0 Fontainebleau : le festival de l&#8217;histoire de l&#8217;art f\u00eate la mode marocaine\">\u00c0 Fontainebleau : le festival de l&#8217;histoire de l&#8217;art f\u00eate la mode marocaine<\/a><\/li>\n<li style=\"margin-bottom:10px;\"><a href=\"https:\/\/monmaghreb.com\/index.php\/2026\/09\/01\/camping-car-decouvrir-le-maroc-en-famille\/\" style=\"color:#0066cc;text-decoration:none;font-weight:500;\" title=\"Camping-car : d\u00e9couvrir le Maroc en famille\">Camping-car : d\u00e9couvrir le Maroc en famille<\/a><\/li>\n<li style=\"margin-bottom:10px;\"><a href=\"https:\/\/monmaghreb.com\/index.php\/2026\/08\/30\/comment-preparer-un-mariage-traditionnel-africain-au-maroc-pour-un-evenement-memorable\/\" style=\"color:#0066cc;text-decoration:none;font-weight:500;\" title=\"Comment pr\u00e9parer un mariage traditionnel africain au Maroc pour un \u00e9v\u00e9nement m\u00e9morable\">Comment pr\u00e9parer un mariage traditionnel africain au Maroc pour un \u00e9v\u00e9nement m\u00e9morable<\/a><\/li>\n<\/ul>\n<\/div>\n<p><\/body><br \/>\n<\/html><\/p>\n","protected":false},"excerpt":{"rendered":"<p>Suivez l&#8217;\u00e9v\u00e9nement historique de l&#8217;institution du Carnet Rose par la famille royale du Maroc, marquant un tournant dans la modernisation de la monarchie.<\/p>\n","protected":false},"author":1,"featured_media":9613,"comment_status":"closed","ping_status":"open","sticky":false,"template":"","format":"standard","meta":{"_yoast_wpseo_canonical":"","_yoast_wpseo_opengraph-title":"Le Carnet Rose au sein de la famille royale du Maroc : un \u00e9v\u00e9nement historique \u00e0 suivre","_yoast_wpseo_opengraph-description":"Suivez l'\u00e9v\u00e9nement historique de l'institution du Carnet Rose par la famille royale du Maroc, marquant un tournant dans la modernisation de la monarchie.","_yoast_wpseo_opengraph-image":"","tdm_status":"","tdm_grid_status":"","footnotes":""},"categories":[652],"tags":[5254,5250,556,5255,1383],"class_list":["post-9614","post","type-post","status-publish","format-standard","has-post-thumbnail","hentry","category-histoire-patrimoine","tag-democratisation","tag-famille-royale","tag-guide-pratique","tag-histoire-marocaine","tag-monarchie-marocaine"],"yoast_head":"<!-- This site is optimized with the Yoast SEO plugin v28.4 - https:\/\/yoast.com\/product\/yoast-seo-wordpress\/ -->\n<title>Le Carnet Rose au sein de la famille royale du Maroc : un \u00e9v<\/title>\n<meta name=\"description\" content=\"Suivez l&#039;\u00e9v\u00e9nement historique de l&#039;institution du Carnet Rose par la famille royale du Maroc, marquant un tournant dans la modernisation de la monarchie.\" \/>\n<meta name=\"robots\" content=\"index, follow, max-snippet:-1, max-image-preview:large, max-video-preview:-1\" \/>\n<link rel=\"canonical\" href=\"https:\/\/monmaghreb.com\/index.php\/2026\/09\/04\/le-carnet-rose-au-sein-de-la-famille-royale-du-maroc-un-evenement-historique-a-suivre\/\" \/>\n<meta property=\"og:locale\" content=\"en_US\" \/>\n<meta property=\"og:type\" content=\"article\" \/>\n<meta property=\"og:title\" content=\"Le Carnet Rose au sein de la famille royale du Maroc : un \u00e9v\u00e9nement historique \u00e0 suivre\" \/>\n<meta property=\"og:description\" content=\"Suivez l&#039;\u00e9v\u00e9nement historique de l&#039;institution du Carnet Rose par la famille royale du Maroc, marquant un tournant dans la modernisation de la monarchie.\" \/>\n<meta property=\"og:url\" content=\"https:\/\/monmaghreb.com\/index.php\/2026\/09\/04\/le-carnet-rose-au-sein-de-la-famille-royale-du-maroc-un-evenement-historique-a-suivre\/\" \/>\n<meta property=\"og:site_name\" content=\"Mon Maghreb\" \/>\n<meta property=\"article:author\" content=\"https:\/\/www.facebook.com\/monmaghrebcom\" \/>\n<meta property=\"article:published_time\" content=\"2026-09-04T15:31:08+00:00\" \/>\n<meta property=\"article:modified_time\" content=\"2026-09-04T15:31:15+00:00\" \/>\n<meta property=\"og:image\" content=\"https:\/\/monmaghreb.com\/wp-content\/uploads\/2026\/09\/featured-42.jpg\" \/>\n\t<meta property=\"og:image:width\" content=\"1880\" \/>\n\t<meta property=\"og:image:height\" content=\"1250\" \/>\n\t<meta property=\"og:image:type\" content=\"image\/jpeg\" \/>\n<meta name=\"author\" content=\"LaMagh\" \/>\n<meta name=\"twitter:card\" content=\"summary_large_image\" \/>\n<meta name=\"twitter:creator\" content=\"@MMaghreb50977\" \/>\n<meta name=\"twitter:label1\" content=\"Written by\" \/>\n\t<meta name=\"twitter:data1\" content=\"LaMagh\" \/>\n\t<meta name=\"twitter:label2\" content=\"Est. reading time\" \/>\n\t<meta name=\"twitter:data2\" content=\"5 minutes\" \/>\n<script type=\"application\/ld+json\" class=\"yoast-schema-graph\">{\"@context\":\"https:\\\/\\\/schema.org\",\"@graph\":[{\"@type\":\"Article\",\"@id\":\"https:\\\/\\\/monmaghreb.com\\\/index.php\\\/2026\\\/09\\\/04\\\/le-carnet-rose-au-sein-de-la-famille-royale-du-maroc-un-evenement-historique-a-suivre\\\/#article\",\"isPartOf\":{\"@id\":\"https:\\\/\\\/monmaghreb.com\\\/index.php\\\/2026\\\/09\\\/04\\\/le-carnet-rose-au-sein-de-la-famille-royale-du-maroc-un-evenement-historique-a-suivre\\\/\"},\"author\":{\"name\":\"LaMagh\",\"@id\":\"http:\\\/\\\/monmaghreb.com\\\/#\\\/schema\\\/person\\\/c469a89dc8c6b8987dcb438b1200d054\"},\"headline\":\"Le Carnet Rose au sein de la famille royale du Maroc : un \u00e9v\u00e9nement historique \u00e0 suivre\",\"datePublished\":\"2026-09-04T15:31:08+00:00\",\"dateModified\":\"2026-09-04T15:31:15+00:00\",\"mainEntityOfPage\":{\"@id\":\"https:\\\/\\\/monmaghreb.com\\\/index.php\\\/2026\\\/09\\\/04\\\/le-carnet-rose-au-sein-de-la-famille-royale-du-maroc-un-evenement-historique-a-suivre\\\/\"},\"wordCount\":1063,\"publisher\":{\"@id\":\"http:\\\/\\\/monmaghreb.com\\\/#organization\"},\"image\":{\"@id\":\"https:\\\/\\\/monmaghreb.com\\\/index.php\\\/2026\\\/09\\\/04\\\/le-carnet-rose-au-sein-de-la-famille-royale-du-maroc-un-evenement-historique-a-suivre\\\/#primaryimage\"},\"thumbnailUrl\":\"https:\\\/\\\/monmaghreb.com\\\/wp-content\\\/uploads\\\/2026\\\/09\\\/featured-42.jpg\",\"keywords\":[\"d\u00e9mocratisation\",\"famille royale\",\"guide pratique\",\"histoire marocaine\",\"monarchie marocaine\"],\"articleSection\":[\"Histoire &amp; Patrimoine\"],\"inLanguage\":\"en-US\"},{\"@type\":\"WebPage\",\"@id\":\"https:\\\/\\\/monmaghreb.com\\\/index.php\\\/2026\\\/09\\\/04\\\/le-carnet-rose-au-sein-de-la-famille-royale-du-maroc-un-evenement-historique-a-suivre\\\/\",\"url\":\"https:\\\/\\\/monmaghreb.com\\\/index.php\\\/2026\\\/09\\\/04\\\/le-carnet-rose-au-sein-de-la-famille-royale-du-maroc-un-evenement-historique-a-suivre\\\/\",\"name\":\"Le Carnet Rose au sein de la famille royale du Maroc : un \u00e9v\",\"isPartOf\":{\"@id\":\"http:\\\/\\\/monmaghreb.com\\\/#website\"},\"primaryImageOfPage\":{\"@id\":\"https:\\\/\\\/monmaghreb.com\\\/index.php\\\/2026\\\/09\\\/04\\\/le-carnet-rose-au-sein-de-la-famille-royale-du-maroc-un-evenement-historique-a-suivre\\\/#primaryimage\"},\"image\":{\"@id\":\"https:\\\/\\\/monmaghreb.com\\\/index.php\\\/2026\\\/09\\\/04\\\/le-carnet-rose-au-sein-de-la-famille-royale-du-maroc-un-evenement-historique-a-suivre\\\/#primaryimage\"},\"thumbnailUrl\":\"https:\\\/\\\/monmaghreb.com\\\/wp-content\\\/uploads\\\/2026\\\/09\\\/featured-42.jpg\",\"datePublished\":\"2026-09-04T15:31:08+00:00\",\"dateModified\":\"2026-09-04T15:31:15+00:00\",\"description\":\"Suivez l'\u00e9v\u00e9nement historique de l'institution du Carnet Rose par la famille royale du Maroc, marquant un tournant dans la modernisation de la monarchie.\",\"breadcrumb\":{\"@id\":\"https:\\\/\\\/monmaghreb.com\\\/index.php\\\/2026\\\/09\\\/04\\\/le-carnet-rose-au-sein-de-la-famille-royale-du-maroc-un-evenement-historique-a-suivre\\\/#breadcrumb\"},\"inLanguage\":\"en-US\",\"potentialAction\":[{\"@type\":\"ReadAction\",\"target\":[\"https:\\\/\\\/monmaghreb.com\\\/index.php\\\/2026\\\/09\\\/04\\\/le-carnet-rose-au-sein-de-la-famille-royale-du-maroc-un-evenement-historique-a-suivre\\\/\"]}]},{\"@type\":\"ImageObject\",\"inLanguage\":\"en-US\",\"@id\":\"https:\\\/\\\/monmaghreb.com\\\/index.php\\\/2026\\\/09\\\/04\\\/le-carnet-rose-au-sein-de-la-famille-royale-du-maroc-un-evenement-historique-a-suivre\\\/#primaryimage\",\"url\":\"https:\\\/\\\/monmaghreb.com\\\/wp-content\\\/uploads\\\/2026\\\/09\\\/featured-42.jpg\",\"contentUrl\":\"https:\\\/\\\/monmaghreb.com\\\/wp-content\\\/uploads\\\/2026\\\/09\\\/featured-42.jpg\",\"width\":1880,\"height\":1250,\"caption\":\"Famille royale du Maroc autour du Carnet Rose\"},{\"@type\":\"BreadcrumbList\",\"@id\":\"https:\\\/\\\/monmaghreb.com\\\/index.php\\\/2026\\\/09\\\/04\\\/le-carnet-rose-au-sein-de-la-famille-royale-du-maroc-un-evenement-historique-a-suivre\\\/#breadcrumb\",\"itemListElement\":[{\"@type\":\"ListItem\",\"position\":1,\"name\":\"Home\",\"item\":\"http:\\\/\\\/monmaghreb.com\\\/\"},{\"@type\":\"ListItem\",\"position\":2,\"name\":\"Le Carnet Rose au sein de la famille royale du Maroc : un \u00e9v\u00e9nement historique \u00e0 suivre\"}]},{\"@type\":\"WebSite\",\"@id\":\"http:\\\/\\\/monmaghreb.com\\\/#website\",\"url\":\"http:\\\/\\\/monmaghreb.com\\\/\",\"name\":\"Mon Maghreb\",\"description\":\"MonMaghreb United\",\"publisher\":{\"@id\":\"http:\\\/\\\/monmaghreb.com\\\/#organization\"},\"alternateName\":\"Le Monde du Maghreb et au del\u00e0\",\"potentialAction\":[{\"@type\":\"SearchAction\",\"target\":{\"@type\":\"EntryPoint\",\"urlTemplate\":\"http:\\\/\\\/monmaghreb.com\\\/?s={search_term_string}\"},\"query-input\":{\"@type\":\"PropertyValueSpecification\",\"valueRequired\":true,\"valueName\":\"search_term_string\"}}],\"inLanguage\":\"en-US\"},{\"@type\":\"Organization\",\"@id\":\"http:\\\/\\\/monmaghreb.com\\\/#organization\",\"name\":\"Mon Maghreb\",\"url\":\"http:\\\/\\\/monmaghreb.com\\\/\",\"logo\":{\"@type\":\"ImageObject\",\"inLanguage\":\"en-US\",\"@id\":\"http:\\\/\\\/monmaghreb.com\\\/#\\\/schema\\\/logo\\\/image\\\/\",\"url\":\"https:\\\/\\\/monmaghreb.com\\\/wp-content\\\/uploads\\\/2025\\\/12\\\/Mon_Maghreb_Logo.jpg\",\"contentUrl\":\"https:\\\/\\\/monmaghreb.com\\\/wp-content\\\/uploads\\\/2025\\\/12\\\/Mon_Maghreb_Logo.jpg\",\"width\":814,\"height\":374,\"caption\":\"Mon Maghreb\"},\"image\":{\"@id\":\"http:\\\/\\\/monmaghreb.com\\\/#\\\/schema\\\/logo\\\/image\\\/\"}},{\"@type\":\"Person\",\"@id\":\"http:\\\/\\\/monmaghreb.com\\\/#\\\/schema\\\/person\\\/c469a89dc8c6b8987dcb438b1200d054\",\"name\":\"LaMagh\",\"image\":{\"@type\":\"ImageObject\",\"inLanguage\":\"en-US\",\"@id\":\"https:\\\/\\\/secure.gravatar.com\\\/avatar\\\/399d8144bd55fba55e056779aca52fe528bac7911f6449e54d81173d6dfd7f0a?s=96&d=mm&r=g\",\"url\":\"https:\\\/\\\/secure.gravatar.com\\\/avatar\\\/399d8144bd55fba55e056779aca52fe528bac7911f6449e54d81173d6dfd7f0a?s=96&d=mm&r=g\",\"contentUrl\":\"https:\\\/\\\/secure.gravatar.com\\\/avatar\\\/399d8144bd55fba55e056779aca52fe528bac7911f6449e54d81173d6dfd7f0a?s=96&d=mm&r=g\",\"caption\":\"LaMagh\"},\"sameAs\":[\"https:\\\/\\\/monmaghreb.com\",\"https:\\\/\\\/www.facebook.com\\\/monmaghrebcom\",\"https:\\\/\\\/x.com\\\/MMaghreb50977\"],\"url\":\"https:\\\/\\\/monmaghreb.com\\\/index.php\\\/author\\\/lamagh\\\/\"}]}<\/script>\n<!-- \/ Yoast SEO plugin. -->","yoast_head_json":{"title":"Le Carnet Rose au sein de la famille royale du Maroc : un \u00e9v","description":"Suivez l'\u00e9v\u00e9nement historique de l'institution du Carnet Rose par la famille royale du Maroc, marquant un tournant dans la modernisation de la monarchie.","robots":{"index":"index","follow":"follow","max-snippet":"max-snippet:-1","max-image-preview":"max-image-preview:large","max-video-preview":"max-video-preview:-1"},"canonical":"https:\/\/monmaghreb.com\/index.php\/2026\/09\/04\/le-carnet-rose-au-sein-de-la-famille-royale-du-maroc-un-evenement-historique-a-suivre\/","og_locale":"en_US","og_type":"article","og_title":"Le Carnet Rose au sein de la famille royale du Maroc : un \u00e9v\u00e9nement historique \u00e0 suivre","og_description":"Suivez l'\u00e9v\u00e9nement historique de l'institution du Carnet Rose par la famille royale du Maroc, marquant un tournant dans la modernisation de la monarchie.","og_url":"https:\/\/monmaghreb.com\/index.php\/2026\/09\/04\/le-carnet-rose-au-sein-de-la-famille-royale-du-maroc-un-evenement-historique-a-suivre\/","og_site_name":"Mon Maghreb","article_author":"https:\/\/www.facebook.com\/monmaghrebcom","article_published_time":"2026-09-04T15:31:08+00:00","article_modified_time":"2026-09-04T15:31:15+00:00","og_image":[{"width":1880,"height":1250,"url":"https:\/\/monmaghreb.com\/wp-content\/uploads\/2026\/09\/featured-42.jpg","type":"image\/jpeg"}],"author":"LaMagh","twitter_card":"summary_large_image","twitter_creator":"@MMaghreb50977","twitter_misc":{"Written by":"LaMagh","Est. reading time":"5 minutes"},"schema":{"@context":"https:\/\/schema.org","@graph":[{"@type":"Article","@id":"https:\/\/monmaghreb.com\/index.php\/2026\/09\/04\/le-carnet-rose-au-sein-de-la-famille-royale-du-maroc-un-evenement-historique-a-suivre\/#article","isPartOf":{"@id":"https:\/\/monmaghreb.com\/index.php\/2026\/09\/04\/le-carnet-rose-au-sein-de-la-famille-royale-du-maroc-un-evenement-historique-a-suivre\/"},"author":{"name":"LaMagh","@id":"http:\/\/monmaghreb.com\/#\/schema\/person\/c469a89dc8c6b8987dcb438b1200d054"},"headline":"Le Carnet Rose au sein de la famille royale du Maroc : un \u00e9v\u00e9nement historique \u00e0 suivre","datePublished":"2026-09-04T15:31:08+00:00","dateModified":"2026-09-04T15:31:15+00:00","mainEntityOfPage":{"@id":"https:\/\/monmaghreb.com\/index.php\/2026\/09\/04\/le-carnet-rose-au-sein-de-la-famille-royale-du-maroc-un-evenement-historique-a-suivre\/"},"wordCount":1063,"publisher":{"@id":"http:\/\/monmaghreb.com\/#organization"},"image":{"@id":"https:\/\/monmaghreb.com\/index.php\/2026\/09\/04\/le-carnet-rose-au-sein-de-la-famille-royale-du-maroc-un-evenement-historique-a-suivre\/#primaryimage"},"thumbnailUrl":"https:\/\/monmaghreb.com\/wp-content\/uploads\/2026\/09\/featured-42.jpg","keywords":["d\u00e9mocratisation","famille royale","guide pratique","histoire marocaine","monarchie marocaine"],"articleSection":["Histoire &amp; Patrimoine"],"inLanguage":"en-US"},{"@type":"WebPage","@id":"https:\/\/monmaghreb.com\/index.php\/2026\/09\/04\/le-carnet-rose-au-sein-de-la-famille-royale-du-maroc-un-evenement-historique-a-suivre\/","url":"https:\/\/monmaghreb.com\/index.php\/2026\/09\/04\/le-carnet-rose-au-sein-de-la-famille-royale-du-maroc-un-evenement-historique-a-suivre\/","name":"Le Carnet Rose au sein de la famille royale du Maroc : un \u00e9v","isPartOf":{"@id":"http:\/\/monmaghreb.com\/#website"},"primaryImageOfPage":{"@id":"https:\/\/monmaghreb.com\/index.php\/2026\/09\/04\/le-carnet-rose-au-sein-de-la-famille-royale-du-maroc-un-evenement-historique-a-suivre\/#primaryimage"},"image":{"@id":"https:\/\/monmaghreb.com\/index.php\/2026\/09\/04\/le-carnet-rose-au-sein-de-la-famille-royale-du-maroc-un-evenement-historique-a-suivre\/#primaryimage"},"thumbnailUrl":"https:\/\/monmaghreb.com\/wp-content\/uploads\/2026\/09\/featured-42.jpg","datePublished":"2026-09-04T15:31:08+00:00","dateModified":"2026-09-04T15:31:15+00:00","description":"Suivez l'\u00e9v\u00e9nement historique de l'institution du Carnet Rose par la famille royale du Maroc, marquant un tournant dans la modernisation de la monarchie.","breadcrumb":{"@id":"https:\/\/monmaghreb.com\/index.php\/2026\/09\/04\/le-carnet-rose-au-sein-de-la-famille-royale-du-maroc-un-evenement-historique-a-suivre\/#breadcrumb"},"inLanguage":"en-US","potentialAction":[{"@type":"ReadAction","target":["https:\/\/monmaghreb.com\/index.php\/2026\/09\/04\/le-carnet-rose-au-sein-de-la-famille-royale-du-maroc-un-evenement-historique-a-suivre\/"]}]},{"@type":"ImageObject","inLanguage":"en-US","@id":"https:\/\/monmaghreb.com\/index.php\/2026\/09\/04\/le-carnet-rose-au-sein-de-la-famille-royale-du-maroc-un-evenement-historique-a-suivre\/#primaryimage","url":"https:\/\/monmaghreb.com\/wp-content\/uploads\/2026\/09\/featured-42.jpg","contentUrl":"https:\/\/monmaghreb.com\/wp-content\/uploads\/2026\/09\/featured-42.jpg","width":1880,"height":1250,"caption":"Famille royale du Maroc autour du Carnet Rose"},{"@type":"BreadcrumbList","@id":"https:\/\/monmaghreb.com\/index.php\/2026\/09\/04\/le-carnet-rose-au-sein-de-la-famille-royale-du-maroc-un-evenement-historique-a-suivre\/#breadcrumb","itemListElement":[{"@type":"ListItem","position":1,"name":"Home","item":"http:\/\/monmaghreb.com\/"},{"@type":"ListItem","position":2,"name":"Le Carnet Rose au sein de la famille royale du Maroc : un \u00e9v\u00e9nement historique \u00e0 suivre"}]},{"@type":"WebSite","@id":"http:\/\/monmaghreb.com\/#website","url":"http:\/\/monmaghreb.com\/","name":"Mon Maghreb","description":"MonMaghreb United","publisher":{"@id":"http:\/\/monmaghreb.com\/#organization"},"alternateName":"Le Monde du Maghreb et au del\u00e0","potentialAction":[{"@type":"SearchAction","target":{"@type":"EntryPoint","urlTemplate":"http:\/\/monmaghreb.com\/?s={search_term_string}"},"query-input":{"@type":"PropertyValueSpecification","valueRequired":true,"valueName":"search_term_string"}}],"inLanguage":"en-US"},{"@type":"Organization","@id":"http:\/\/monmaghreb.com\/#organization","name":"Mon Maghreb","url":"http:\/\/monmaghreb.com\/","logo":{"@type":"ImageObject","inLanguage":"en-US","@id":"http:\/\/monmaghreb.com\/#\/schema\/logo\/image\/","url":"https:\/\/monmaghreb.com\/wp-content\/uploads\/2025\/12\/Mon_Maghreb_Logo.jpg","contentUrl":"https:\/\/monmaghreb.com\/wp-content\/uploads\/2025\/12\/Mon_Maghreb_Logo.jpg","width":814,"height":374,"caption":"Mon Maghreb"},"image":{"@id":"http:\/\/monmaghreb.com\/#\/schema\/logo\/image\/"}},{"@type":"Person","@id":"http:\/\/monmaghreb.com\/#\/schema\/person\/c469a89dc8c6b8987dcb438b1200d054","name":"LaMagh","image":{"@type":"ImageObject","inLanguage":"en-US","@id":"https:\/\/secure.gravatar.com\/avatar\/399d8144bd55fba55e056779aca52fe528bac7911f6449e54d81173d6dfd7f0a?s=96&d=mm&r=g","url":"https:\/\/secure.gravatar.com\/avatar\/399d8144bd55fba55e056779aca52fe528bac7911f6449e54d81173d6dfd7f0a?s=96&d=mm&r=g","contentUrl":"https:\/\/secure.gravatar.com\/avatar\/399d8144bd55fba55e056779aca52fe528bac7911f6449e54d81173d6dfd7f0a?s=96&d=mm&r=g","caption":"LaMagh"},"sameAs":["https:\/\/monmaghreb.com","https:\/\/www.facebook.com\/monmaghrebcom","https:\/\/x.com\/MMaghreb50977"],"url":"https:\/\/monmaghreb.com\/index.php\/author\/lamagh\/"}]}},"_links":{"self":[{"href":"https:\/\/monmaghreb.com\/index.php\/wp-json\/wp\/v2\/posts\/9614","targetHints":{"allow":["GET"]}}],"collection":[{"href":"https:\/\/monmaghreb.com\/index.php\/wp-json\/wp\/v2\/posts"}],"about":[{"href":"https:\/\/monmaghreb.com\/index.php\/wp-json\/wp\/v2\/types\/post"}],"author":[{"embeddable":true,"href":"https:\/\/monmaghreb.com\/index.php\/wp-json\/wp\/v2\/users\/1"}],"replies":[{"embeddable":true,"href":"https:\/\/monmaghreb.com\/index.php\/wp-json\/wp\/v2\/comments?post=9614"}],"version-history":[{"count":1,"href":"https:\/\/monmaghreb.com\/index.php\/wp-json\/wp\/v2\/posts\/9614\/revisions"}],"predecessor-version":[{"id":9615,"href":"https:\/\/monmaghreb.com\/index.php\/wp-json\/wp\/v2\/posts\/9614\/revisions\/9615"}],"wp:featuredmedia":[{"embeddable":true,"href":"https:\/\/monmaghreb.com\/index.php\/wp-json\/wp\/v2\/media\/9613"}],"wp:attachment":[{"href":"https:\/\/monmaghreb.com\/index.php\/wp-json\/wp\/v2\/media?parent=9614"}],"wp:term":[{"taxonomy":"category","embeddable":true,"href":"https:\/\/monmaghreb.com\/index.php\/wp-json\/wp\/v2\/categories?post=9614"},{"taxonomy":"post_tag","embeddable":true,"href":"https:\/\/monmaghreb.com\/index.php\/wp-json\/wp\/v2\/tags?post=9614"}],"curies":[{"name":"wp","href":"https:\/\/api.w.org\/{rel}","templated":true}]}}