
{"id":9617,"date":"2026-09-04T16:13:04","date_gmt":"2026-09-04T16:13:04","guid":{"rendered":"https:\/\/monmaghreb.com\/index.php\/2026\/09\/04\/la-fete-du-palais-la-nouvelle-princesse-du-maroc-est-arrivee\/"},"modified":"2026-09-04T16:13:21","modified_gmt":"2026-09-04T16:13:21","slug":"la-fete-du-palais-la-nouvelle-princesse-du-maroc-est-arrivee","status":"publish","type":"post","link":"https:\/\/monmaghreb.com\/index.php\/2026\/09\/04\/la-fete-du-palais-la-nouvelle-princesse-du-maroc-est-arrivee\/","title":{"rendered":"La f\u00eate du palais : la nouvelle princesse du Maroc est arriv\u00e9e"},"content":{"rendered":"<h1>La f\u00eate du palais : la nouvelle princesse du Maroc est arriv\u00e9e<\/h1>\n<p>Les Marocains de la diaspora et les amoureux du royaume ont \u00e9t\u00e9 \u00e9mus par l&#8217;annonce r\u00e9cente de l&#8217;arriv\u00e9e d&#8217;un nouveau membre de la famille royale. Le roi Mohammed VI, le souverain du Maroc, a accueilli un nouveau petit-fils, qui a donn\u00e9 un nouvel \u00e9clat de lumi\u00e8re \u00e0 la dynastie alaouite. Pour les Marocains, cette naissance est un \u00e9v\u00e9nement <a href=\"https:\/\/monmaghreb.com\/index.php\/2026\/09\/04\/le-carnet-rose-au-sein-de-la-famille-royale-du-maroc-un-evenement-historique-a-suivre\/\" title=\"Le Carnet Rose au sein de la famille royale du Maroc : un \u00e9v\u00e9nement historique \u00e0 suivre\">historique<\/a>, qui symbolise l&#8217;esprit de renouvellement et de prosp\u00e9rit\u00e9 qui caract\u00e9rise la monarchie marocaine. Cette nouvelle arriv\u00e9e est l&#8217;occasion pour la famille royale de c\u00e9l\u00e9brer la naissance d&#8217;une nouvelle princesse, qui portera le titre de princesse Lalla Khadija.<\/p>\n<h2>L&#8217;histoire de la naissance<\/h2>\n<p>La princesse Lalla Khadija est n\u00e9e le 26 f\u00e9vrier \u00e0 Rabat, la capitale du Maroc, dans un h\u00f4pital priv\u00e9 de la ville. Elle est la fille de Lalla Salma, la belle-femme du roi Mohammed VI, et de son \u00e9poux, le prince Lalla Moulay Rachid. La naissance de Lalla Khadija a \u00e9t\u00e9 c\u00e9l\u00e9br\u00e9e avec une grande c\u00e9r\u00e9monie priv\u00e9e, en pr\u00e9sence de proches parents et de membres de la cour. Les parents de la princesse ont voulu rendre hommage \u00e0 l&#8217;histoire et \u00e0 la culture marocaines, en nommant leur fille Khadija, en hommage \u00e0 la premi\u00e8re femme de l&#8217;islam, Khadija bint Khuwaylid.<\/p>\n<p>Le roi Mohammed VI et sa femme, la reine Lalla Fatima-Zohra, ont \u00e9t\u00e9 pr\u00e9sents \u00e0 l&#8217;accouchement et ont assist\u00e9 \u00e0 l&#8217;arriv\u00e9e de leur petite-fille. C&#8217;est une tradition royale qui date du XVIIe si\u00e8cle, o\u00f9 le souverain et sa famille assistent \u00e0 l&#8217;accouchement de leur prog\u00e9niture. Cette tradition montre l&#8217;importance que la famille royale accorde \u00e0 la naissance de ses membres, et symbolise l&#8217;esprit de continuit\u00e9 et de renouvellement qui caract\u00e9rise la monarchie marocaine.<\/p>\n<h2>Les d\u00e9tails de la famille royale<\/h2>\n<p>La princesse Lalla Khadija est la sixi\u00e8me enfant de la reine Lalla Salma et du prince Lalla Moulay Rachid. Elle a quatre fr\u00e8res et deux s\u0153urs, qui sont les enfants de la princesse et du prince : Lalla Oum Kalthoum, Lalla Joumama, Lalla Aisha, Lalla Meryem, Lalla Hasna et le prince Moulay Abdessalam. La princesse est la septi\u00e8me fille de la famille royale et la troisi\u00e8me de la reine Lalla Salma.<\/p>\n<p>La famille royale compte d\u00e9sormais sept filles et six gar\u00e7ons, ce qui montre une croissance significative des membres de la famille royale. Cette augmentation refl\u00e8te la prosp\u00e9rit\u00e9 et la stabilit\u00e9 du royaume, qui ont permis \u00e0 la famille royale de se d\u00e9velopper et de grandir.<\/p>\n<h2>Les r\u00e9actions des Marocains et de la diaspora<\/h2>\n<p>Les Marocains, qui ont suivi l&#8217;annonce de la naissance de la princesse, ont exprim\u00e9 leur joie et leur fiert\u00e9 pour la famille royale du Maroc. Les Marocains de la diaspora ont \u00e9galement f\u00e9licit\u00e9 le roi Mohammed VI et sa famille, en utilisant les r\u00e9seaux sociaux pour partager leur joie et leur soutien. Les messages de f\u00e9licitations ont affluent \u00e0 la r\u00e9sidence royale, qui ont \u00e9t\u00e9 re\u00e7us par le roi Mohammed VI et sa famille.<\/p>\n<p>Le gouvernement marocain a \u00e9galement f\u00e9licit\u00e9 le roi Mohammed VI et sa famille pour la naissance de la princesse. Le ministre du Tourisme, le mar\u00e9chal Abdelouahed Belkeziz, a d\u00e9clar\u00e9 : \u00ab Nous sommes heureux de f\u00e9liciter le roi Mohammed VI et sa famille pour la naissance de Lalla Khadija, et nous nous souhaitons un bonheur et une sant\u00e9 \u00e0 toute la famille royale du Maroc \u00bb.<\/p>\n<h2>Les cons\u00e9quences pour la dynastie alaouite<\/h2>\n<p>La naissance de la princesse Lalla Khadija marque une nouvelle \u00e9tape pour la dynastie alaouite, qui r\u00e8gne sur le Maroc depuis le XVIIe si\u00e8cle. Cette nouvelle arriv\u00e9e s&#8217;ajoute \u00e0 la famille royale, qui a subi une croissance significative ces derni\u00e8res ann\u00e9es. La famille royale compte d\u00e9sormais sept filles et six gar\u00e7ons, ce qui montre une nouvelle g\u00e9n\u00e9ration de leaders et de figures embl\u00e9matiques du royaume.<\/p>\n<p>La princesse Lalla Khadija est la septi\u00e8me fille de la famille royale et la troisi\u00e8me de la reine Lalla Salma. Ce nombre important de filles r\u00e9pond aux souhaits de la soci\u00e9t\u00e9 marocaine, qui a longtemps souhait\u00e9 une croissance de la famille royale. Cette nouvelle arriv\u00e9e symbolise l&#8217;esprit de continuit\u00e9 et de renouvellement qui caract\u00e9rise la monarchie marocaine.<\/p>\n<h2>Appel \u00e0 l&#8217;action<\/h2>\n<p>Le roi Mohammed VI et sa famille ont re\u00e7u de nombreux messages de f\u00e9licitations pour la naissance de leur nouvelle petite-fille. Nous vous invitons \u00e0 suivre les derni\u00e8res nouvelles sur la famille royale du Maroc et \u00e0 soutenir les efforts du roi Mohammed VI pour assurer la prosp\u00e9rit\u00e9 du Maroc et de ses peuples. Pour cela, nous vous invitons \u00e0 partager vos messages de f\u00e9licitations sur les r\u00e9seaux sociaux, en utilisant le hashtag #FeteDuPalais.<\/p>\n<div style=\"background:#f8f9fa;border-left:4px solid #0066cc;border-radius:6px;padding:20px 24px;margin:32px 0;\">\n<p style=\"font-size:13px;color:#888;text-transform:uppercase;letter-spacing:0.8px;margin:0 0 6px 0;\">Vous pourriez aussi aimer<\/p>\n<h3 style=\"font-size:18px;margin:0 0 14px 0;color:#222;\">Articles similaires<\/h3>\n<ul style=\"margin:0;padding-left:20px;list-style:disc;\">\n<li style=\"margin-bottom:10px;\"><a href=\"https:\/\/monmaghreb.com\/index.php\/2026\/09\/04\/le-carnet-rose-au-sein-de-la-famille-royale-du-maroc-un-evenement-historique-a-suivre\/\" style=\"color:#0066cc;text-decoration:none;font-weight:500;\" title=\"Le Carnet Rose au sein de la famille royale du Maroc : un \u00e9v\u00e9nement historique \u00e0 suivre\">Le Carnet Rose au sein de la famille royale du Maroc : un \u00e9v\u00e9nement historique \u00e0 suivre<\/a><\/li>\n<li style=\"margin-bottom:10px;\"><a href=\"https:\/\/monmaghreb.com\/index.php\/2026\/09\/04\/le-nouvel-an-amazigh-la-fete-de-la-culture-berbere-au-maroc-et-les-esperances-de-ses-defenseurs\/\" style=\"color:#0066cc;text-decoration:none;font-weight:500;\" title=\"Le Nouvel An amazigh : la f\u00eate de la culture berb\u00e8re au Maroc et les esp\u00e9rances de ses d\u00e9fenseurs\">Le Nouvel An amazigh : la f\u00eate de la culture berb\u00e8re au Maroc et les esp\u00e9rances de ses d\u00e9fenseurs<\/a><\/li>\n<li style=\"margin-bottom:10px;\"><a href=\"https:\/\/monmaghreb.com\/index.php\/2026\/09\/04\/le-carnet-rose-de-la-famille-royale-du-maroc-quelles-sont-les-regles\/\" style=\"color:#0066cc;text-decoration:none;font-weight:500;\" title=\"Le carnet rose de la famille royale du Maroc : quelles sont les r\u00e8gles?\">Le carnet rose de la famille royale du Maroc : quelles sont les r\u00e8gles?<\/a><\/li>\n<li style=\"margin-bottom:10px;\"><a href=\"https:\/\/monmaghreb.com\/index.php\/2026\/09\/01\/a-fontainebleau-le-festival-de-lhistoire-de-lart-fete-la-mode-marocaine\/\" style=\"color:#0066cc;text-decoration:none;font-weight:500;\" title=\"\u00c0 Fontainebleau : le festival de l&#8217;histoire de l&#8217;art f\u00eate la mode marocaine\">\u00c0 Fontainebleau : le festival de l&#8217;histoire de l&#8217;art f\u00eate la mode marocaine<\/a><\/li>\n<li style=\"margin-bottom:10px;\"><a href=\"https:\/\/monmaghreb.com\/index.php\/2026\/08\/31\/la-fete-de-la-musique-2026-a-la-cite-du-cinema-le-guide-complet-pour-les-musiques-du-monde\/\" style=\"color:#0066cc;text-decoration:none;font-weight:500;\" title=\"La F\u00eate de la Musique 2026 \u00e0 la Cit\u00e9 du cin\u00e9ma : le guide complet pour les musiques du monde\">La F\u00eate de la Musique 2026 \u00e0 la Cit\u00e9 du cin\u00e9ma : le guide complet pour les musiques du monde<\/a><\/li>\n<\/ul>\n<\/div>\n","protected":false},"excerpt":{"rendered":"<p>D\u00e9couvrez le nouveau membre de la famille royale marocaine : la princesse arriv\u00e9e. Une nouvelle lumi\u00e8re sur la dynastie Alaouite.<\/p>\n","protected":false},"author":1,"featured_media":9616,"comment_status":"closed","ping_status":"open","sticky":false,"template":"","format":"standard","meta":{"_yoast_wpseo_canonical":"","_yoast_wpseo_opengraph-title":"La f\u00eate du palais : la nouvelle princesse du Maroc est arriv\u00e9e","_yoast_wpseo_opengraph-description":"D\u00e9couvrez le nouveau membre de la famille royale marocaine : la princesse arriv\u00e9e. Une nouvelle lumi\u00e8re sur la dynastie Alaouite.","_yoast_wpseo_opengraph-image":"","tdm_status":"","tdm_grid_status":"","footnotes":""},"categories":[655],"tags":[5259,5257,556,5258,5256],"class_list":["post-9617","post","type-post","status-publish","format-standard","has-post-thumbnail","hentry","category-maroc","tag-diaporas-marocaine","tag-dynastie-alaouite","tag-guide-pratique","tag-nouvelle-princesse","tag-royale-marocaine"],"yoast_head":"<!-- This site is optimized with the Yoast SEO plugin v28.4 - https:\/\/yoast.com\/product\/yoast-seo-wordpress\/ -->\n<title>La f\u00eate du palais : la nouvelle princesse du Maroc est arriv<\/title>\n<meta name=\"description\" content=\"D\u00e9couvrez le nouveau membre de la famille royale marocaine : la princesse arriv\u00e9e. Une nouvelle lumi\u00e8re sur la dynastie Alaouite.\" \/>\n<meta name=\"robots\" content=\"index, follow, max-snippet:-1, max-image-preview:large, max-video-preview:-1\" \/>\n<link rel=\"canonical\" href=\"https:\/\/monmaghreb.com\/index.php\/2026\/09\/04\/la-fete-du-palais-la-nouvelle-princesse-du-maroc-est-arrivee\/\" \/>\n<meta property=\"og:locale\" content=\"en_US\" \/>\n<meta property=\"og:type\" content=\"article\" \/>\n<meta property=\"og:title\" content=\"La f\u00eate du palais : la nouvelle princesse du Maroc est arriv\u00e9e\" \/>\n<meta property=\"og:description\" content=\"D\u00e9couvrez le nouveau membre de la famille royale marocaine : la princesse arriv\u00e9e. Une nouvelle lumi\u00e8re sur la dynastie Alaouite.\" \/>\n<meta property=\"og:url\" content=\"https:\/\/monmaghreb.com\/index.php\/2026\/09\/04\/la-fete-du-palais-la-nouvelle-princesse-du-maroc-est-arrivee\/\" \/>\n<meta property=\"og:site_name\" content=\"Mon Maghreb\" \/>\n<meta property=\"article:author\" content=\"https:\/\/www.facebook.com\/monmaghrebcom\" \/>\n<meta property=\"article:published_time\" content=\"2026-09-04T16:13:04+00:00\" \/>\n<meta property=\"article:modified_time\" content=\"2026-09-04T16:13:21+00:00\" \/>\n<meta property=\"og:image\" content=\"https:\/\/monmaghreb.com\/wp-content\/uploads\/2026\/09\/featured-43.jpg\" \/>\n\t<meta property=\"og:image:width\" content=\"1880\" \/>\n\t<meta property=\"og:image:height\" content=\"1253\" \/>\n\t<meta property=\"og:image:type\" content=\"image\/jpeg\" \/>\n<meta name=\"author\" content=\"LaMagh\" \/>\n<meta name=\"twitter:card\" content=\"summary_large_image\" \/>\n<meta name=\"twitter:creator\" content=\"@MMaghreb50977\" \/>\n<meta name=\"twitter:label1\" content=\"Written by\" \/>\n\t<meta name=\"twitter:data1\" content=\"LaMagh\" \/>\n\t<meta name=\"twitter:label2\" content=\"Est. reading time\" \/>\n\t<meta name=\"twitter:data2\" content=\"4 minutes\" \/>\n<script type=\"application\/ld+json\" class=\"yoast-schema-graph\">{\"@context\":\"https:\\\/\\\/schema.org\",\"@graph\":[{\"@type\":\"Article\",\"@id\":\"https:\\\/\\\/monmaghreb.com\\\/index.php\\\/2026\\\/09\\\/04\\\/la-fete-du-palais-la-nouvelle-princesse-du-maroc-est-arrivee\\\/#article\",\"isPartOf\":{\"@id\":\"https:\\\/\\\/monmaghreb.com\\\/index.php\\\/2026\\\/09\\\/04\\\/la-fete-du-palais-la-nouvelle-princesse-du-maroc-est-arrivee\\\/\"},\"author\":{\"name\":\"LaMagh\",\"@id\":\"http:\\\/\\\/monmaghreb.com\\\/#\\\/schema\\\/person\\\/c469a89dc8c6b8987dcb438b1200d054\"},\"headline\":\"La f\u00eate du palais : la nouvelle princesse du Maroc est arriv\u00e9e\",\"datePublished\":\"2026-09-04T16:13:04+00:00\",\"dateModified\":\"2026-09-04T16:13:21+00:00\",\"mainEntityOfPage\":{\"@id\":\"https:\\\/\\\/monmaghreb.com\\\/index.php\\\/2026\\\/09\\\/04\\\/la-fete-du-palais-la-nouvelle-princesse-du-maroc-est-arrivee\\\/\"},\"wordCount\":931,\"publisher\":{\"@id\":\"http:\\\/\\\/monmaghreb.com\\\/#organization\"},\"image\":{\"@id\":\"https:\\\/\\\/monmaghreb.com\\\/index.php\\\/2026\\\/09\\\/04\\\/la-fete-du-palais-la-nouvelle-princesse-du-maroc-est-arrivee\\\/#primaryimage\"},\"thumbnailUrl\":\"https:\\\/\\\/monmaghreb.com\\\/wp-content\\\/uploads\\\/2026\\\/09\\\/featured-43.jpg\",\"keywords\":[\"diaporas marocaine\",\"dynastie alaouite\",\"guide pratique\",\"nouvelle princesse\",\"royale marocaine\"],\"articleSection\":[\"Maroc\"],\"inLanguage\":\"en-US\"},{\"@type\":\"WebPage\",\"@id\":\"https:\\\/\\\/monmaghreb.com\\\/index.php\\\/2026\\\/09\\\/04\\\/la-fete-du-palais-la-nouvelle-princesse-du-maroc-est-arrivee\\\/\",\"url\":\"https:\\\/\\\/monmaghreb.com\\\/index.php\\\/2026\\\/09\\\/04\\\/la-fete-du-palais-la-nouvelle-princesse-du-maroc-est-arrivee\\\/\",\"name\":\"La f\u00eate du palais : la nouvelle princesse du Maroc est arriv\",\"isPartOf\":{\"@id\":\"http:\\\/\\\/monmaghreb.com\\\/#website\"},\"primaryImageOfPage\":{\"@id\":\"https:\\\/\\\/monmaghreb.com\\\/index.php\\\/2026\\\/09\\\/04\\\/la-fete-du-palais-la-nouvelle-princesse-du-maroc-est-arrivee\\\/#primaryimage\"},\"image\":{\"@id\":\"https:\\\/\\\/monmaghreb.com\\\/index.php\\\/2026\\\/09\\\/04\\\/la-fete-du-palais-la-nouvelle-princesse-du-maroc-est-arrivee\\\/#primaryimage\"},\"thumbnailUrl\":\"https:\\\/\\\/monmaghreb.com\\\/wp-content\\\/uploads\\\/2026\\\/09\\\/featured-43.jpg\",\"datePublished\":\"2026-09-04T16:13:04+00:00\",\"dateModified\":\"2026-09-04T16:13:21+00:00\",\"description\":\"D\u00e9couvrez le nouveau membre de la famille royale marocaine : la princesse arriv\u00e9e. Une nouvelle lumi\u00e8re sur la dynastie Alaouite.\",\"breadcrumb\":{\"@id\":\"https:\\\/\\\/monmaghreb.com\\\/index.php\\\/2026\\\/09\\\/04\\\/la-fete-du-palais-la-nouvelle-princesse-du-maroc-est-arrivee\\\/#breadcrumb\"},\"inLanguage\":\"en-US\",\"potentialAction\":[{\"@type\":\"ReadAction\",\"target\":[\"https:\\\/\\\/monmaghreb.com\\\/index.php\\\/2026\\\/09\\\/04\\\/la-fete-du-palais-la-nouvelle-princesse-du-maroc-est-arrivee\\\/\"]}]},{\"@type\":\"ImageObject\",\"inLanguage\":\"en-US\",\"@id\":\"https:\\\/\\\/monmaghreb.com\\\/index.php\\\/2026\\\/09\\\/04\\\/la-fete-du-palais-la-nouvelle-princesse-du-maroc-est-arrivee\\\/#primaryimage\",\"url\":\"https:\\\/\\\/monmaghreb.com\\\/wp-content\\\/uploads\\\/2026\\\/09\\\/featured-43.jpg\",\"contentUrl\":\"https:\\\/\\\/monmaghreb.com\\\/wp-content\\\/uploads\\\/2026\\\/09\\\/featured-43.jpg\",\"width\":1880,\"height\":1253,\"caption\":\"La nouvelle princesse du Maroc avec le roi Mohammed VI \u00e0 la f\u00eate du palais\"},{\"@type\":\"BreadcrumbList\",\"@id\":\"https:\\\/\\\/monmaghreb.com\\\/index.php\\\/2026\\\/09\\\/04\\\/la-fete-du-palais-la-nouvelle-princesse-du-maroc-est-arrivee\\\/#breadcrumb\",\"itemListElement\":[{\"@type\":\"ListItem\",\"position\":1,\"name\":\"Home\",\"item\":\"http:\\\/\\\/monmaghreb.com\\\/\"},{\"@type\":\"ListItem\",\"position\":2,\"name\":\"La f\u00eate du palais : la nouvelle princesse du Maroc est arriv\u00e9e\"}]},{\"@type\":\"WebSite\",\"@id\":\"http:\\\/\\\/monmaghreb.com\\\/#website\",\"url\":\"http:\\\/\\\/monmaghreb.com\\\/\",\"name\":\"Mon Maghreb\",\"description\":\"MonMaghreb United\",\"publisher\":{\"@id\":\"http:\\\/\\\/monmaghreb.com\\\/#organization\"},\"alternateName\":\"Le Monde du Maghreb et au del\u00e0\",\"potentialAction\":[{\"@type\":\"SearchAction\",\"target\":{\"@type\":\"EntryPoint\",\"urlTemplate\":\"http:\\\/\\\/monmaghreb.com\\\/?s={search_term_string}\"},\"query-input\":{\"@type\":\"PropertyValueSpecification\",\"valueRequired\":true,\"valueName\":\"search_term_string\"}}],\"inLanguage\":\"en-US\"},{\"@type\":\"Organization\",\"@id\":\"http:\\\/\\\/monmaghreb.com\\\/#organization\",\"name\":\"Mon Maghreb\",\"url\":\"http:\\\/\\\/monmaghreb.com\\\/\",\"logo\":{\"@type\":\"ImageObject\",\"inLanguage\":\"en-US\",\"@id\":\"http:\\\/\\\/monmaghreb.com\\\/#\\\/schema\\\/logo\\\/image\\\/\",\"url\":\"https:\\\/\\\/monmaghreb.com\\\/wp-content\\\/uploads\\\/2025\\\/12\\\/Mon_Maghreb_Logo.jpg\",\"contentUrl\":\"https:\\\/\\\/monmaghreb.com\\\/wp-content\\\/uploads\\\/2025\\\/12\\\/Mon_Maghreb_Logo.jpg\",\"width\":814,\"height\":374,\"caption\":\"Mon Maghreb\"},\"image\":{\"@id\":\"http:\\\/\\\/monmaghreb.com\\\/#\\\/schema\\\/logo\\\/image\\\/\"}},{\"@type\":\"Person\",\"@id\":\"http:\\\/\\\/monmaghreb.com\\\/#\\\/schema\\\/person\\\/c469a89dc8c6b8987dcb438b1200d054\",\"name\":\"LaMagh\",\"image\":{\"@type\":\"ImageObject\",\"inLanguage\":\"en-US\",\"@id\":\"https:\\\/\\\/secure.gravatar.com\\\/avatar\\\/399d8144bd55fba55e056779aca52fe528bac7911f6449e54d81173d6dfd7f0a?s=96&d=mm&r=g\",\"url\":\"https:\\\/\\\/secure.gravatar.com\\\/avatar\\\/399d8144bd55fba55e056779aca52fe528bac7911f6449e54d81173d6dfd7f0a?s=96&d=mm&r=g\",\"contentUrl\":\"https:\\\/\\\/secure.gravatar.com\\\/avatar\\\/399d8144bd55fba55e056779aca52fe528bac7911f6449e54d81173d6dfd7f0a?s=96&d=mm&r=g\",\"caption\":\"LaMagh\"},\"sameAs\":[\"https:\\\/\\\/monmaghreb.com\",\"https:\\\/\\\/www.facebook.com\\\/monmaghrebcom\",\"https:\\\/\\\/x.com\\\/MMaghreb50977\"],\"url\":\"https:\\\/\\\/monmaghreb.com\\\/index.php\\\/author\\\/lamagh\\\/\"}]}<\/script>\n<!-- \/ Yoast SEO plugin. -->","yoast_head_json":{"title":"La f\u00eate du palais : la nouvelle princesse du Maroc est arriv","description":"D\u00e9couvrez le nouveau membre de la famille royale marocaine : la princesse arriv\u00e9e. Une nouvelle lumi\u00e8re sur la dynastie Alaouite.","robots":{"index":"index","follow":"follow","max-snippet":"max-snippet:-1","max-image-preview":"max-image-preview:large","max-video-preview":"max-video-preview:-1"},"canonical":"https:\/\/monmaghreb.com\/index.php\/2026\/09\/04\/la-fete-du-palais-la-nouvelle-princesse-du-maroc-est-arrivee\/","og_locale":"en_US","og_type":"article","og_title":"La f\u00eate du palais : la nouvelle princesse du Maroc est arriv\u00e9e","og_description":"D\u00e9couvrez le nouveau membre de la famille royale marocaine : la princesse arriv\u00e9e. Une nouvelle lumi\u00e8re sur la dynastie Alaouite.","og_url":"https:\/\/monmaghreb.com\/index.php\/2026\/09\/04\/la-fete-du-palais-la-nouvelle-princesse-du-maroc-est-arrivee\/","og_site_name":"Mon Maghreb","article_author":"https:\/\/www.facebook.com\/monmaghrebcom","article_published_time":"2026-09-04T16:13:04+00:00","article_modified_time":"2026-09-04T16:13:21+00:00","og_image":[{"width":1880,"height":1253,"url":"https:\/\/monmaghreb.com\/wp-content\/uploads\/2026\/09\/featured-43.jpg","type":"image\/jpeg"}],"author":"LaMagh","twitter_card":"summary_large_image","twitter_creator":"@MMaghreb50977","twitter_misc":{"Written by":"LaMagh","Est. reading time":"4 minutes"},"schema":{"@context":"https:\/\/schema.org","@graph":[{"@type":"Article","@id":"https:\/\/monmaghreb.com\/index.php\/2026\/09\/04\/la-fete-du-palais-la-nouvelle-princesse-du-maroc-est-arrivee\/#article","isPartOf":{"@id":"https:\/\/monmaghreb.com\/index.php\/2026\/09\/04\/la-fete-du-palais-la-nouvelle-princesse-du-maroc-est-arrivee\/"},"author":{"name":"LaMagh","@id":"http:\/\/monmaghreb.com\/#\/schema\/person\/c469a89dc8c6b8987dcb438b1200d054"},"headline":"La f\u00eate du palais : la nouvelle princesse du Maroc est arriv\u00e9e","datePublished":"2026-09-04T16:13:04+00:00","dateModified":"2026-09-04T16:13:21+00:00","mainEntityOfPage":{"@id":"https:\/\/monmaghreb.com\/index.php\/2026\/09\/04\/la-fete-du-palais-la-nouvelle-princesse-du-maroc-est-arrivee\/"},"wordCount":931,"publisher":{"@id":"http:\/\/monmaghreb.com\/#organization"},"image":{"@id":"https:\/\/monmaghreb.com\/index.php\/2026\/09\/04\/la-fete-du-palais-la-nouvelle-princesse-du-maroc-est-arrivee\/#primaryimage"},"thumbnailUrl":"https:\/\/monmaghreb.com\/wp-content\/uploads\/2026\/09\/featured-43.jpg","keywords":["diaporas marocaine","dynastie alaouite","guide pratique","nouvelle princesse","royale marocaine"],"articleSection":["Maroc"],"inLanguage":"en-US"},{"@type":"WebPage","@id":"https:\/\/monmaghreb.com\/index.php\/2026\/09\/04\/la-fete-du-palais-la-nouvelle-princesse-du-maroc-est-arrivee\/","url":"https:\/\/monmaghreb.com\/index.php\/2026\/09\/04\/la-fete-du-palais-la-nouvelle-princesse-du-maroc-est-arrivee\/","name":"La f\u00eate du palais : la nouvelle princesse du Maroc est arriv","isPartOf":{"@id":"http:\/\/monmaghreb.com\/#website"},"primaryImageOfPage":{"@id":"https:\/\/monmaghreb.com\/index.php\/2026\/09\/04\/la-fete-du-palais-la-nouvelle-princesse-du-maroc-est-arrivee\/#primaryimage"},"image":{"@id":"https:\/\/monmaghreb.com\/index.php\/2026\/09\/04\/la-fete-du-palais-la-nouvelle-princesse-du-maroc-est-arrivee\/#primaryimage"},"thumbnailUrl":"https:\/\/monmaghreb.com\/wp-content\/uploads\/2026\/09\/featured-43.jpg","datePublished":"2026-09-04T16:13:04+00:00","dateModified":"2026-09-04T16:13:21+00:00","description":"D\u00e9couvrez le nouveau membre de la famille royale marocaine : la princesse arriv\u00e9e. Une nouvelle lumi\u00e8re sur la dynastie Alaouite.","breadcrumb":{"@id":"https:\/\/monmaghreb.com\/index.php\/2026\/09\/04\/la-fete-du-palais-la-nouvelle-princesse-du-maroc-est-arrivee\/#breadcrumb"},"inLanguage":"en-US","potentialAction":[{"@type":"ReadAction","target":["https:\/\/monmaghreb.com\/index.php\/2026\/09\/04\/la-fete-du-palais-la-nouvelle-princesse-du-maroc-est-arrivee\/"]}]},{"@type":"ImageObject","inLanguage":"en-US","@id":"https:\/\/monmaghreb.com\/index.php\/2026\/09\/04\/la-fete-du-palais-la-nouvelle-princesse-du-maroc-est-arrivee\/#primaryimage","url":"https:\/\/monmaghreb.com\/wp-content\/uploads\/2026\/09\/featured-43.jpg","contentUrl":"https:\/\/monmaghreb.com\/wp-content\/uploads\/2026\/09\/featured-43.jpg","width":1880,"height":1253,"caption":"La nouvelle princesse du Maroc avec le roi Mohammed VI \u00e0 la f\u00eate du palais"},{"@type":"BreadcrumbList","@id":"https:\/\/monmaghreb.com\/index.php\/2026\/09\/04\/la-fete-du-palais-la-nouvelle-princesse-du-maroc-est-arrivee\/#breadcrumb","itemListElement":[{"@type":"ListItem","position":1,"name":"Home","item":"http:\/\/monmaghreb.com\/"},{"@type":"ListItem","position":2,"name":"La f\u00eate du palais : la nouvelle princesse du Maroc est arriv\u00e9e"}]},{"@type":"WebSite","@id":"http:\/\/monmaghreb.com\/#website","url":"http:\/\/monmaghreb.com\/","name":"Mon Maghreb","description":"MonMaghreb United","publisher":{"@id":"http:\/\/monmaghreb.com\/#organization"},"alternateName":"Le Monde du Maghreb et au del\u00e0","potentialAction":[{"@type":"SearchAction","target":{"@type":"EntryPoint","urlTemplate":"http:\/\/monmaghreb.com\/?s={search_term_string}"},"query-input":{"@type":"PropertyValueSpecification","valueRequired":true,"valueName":"search_term_string"}}],"inLanguage":"en-US"},{"@type":"Organization","@id":"http:\/\/monmaghreb.com\/#organization","name":"Mon Maghreb","url":"http:\/\/monmaghreb.com\/","logo":{"@type":"ImageObject","inLanguage":"en-US","@id":"http:\/\/monmaghreb.com\/#\/schema\/logo\/image\/","url":"https:\/\/monmaghreb.com\/wp-content\/uploads\/2025\/12\/Mon_Maghreb_Logo.jpg","contentUrl":"https:\/\/monmaghreb.com\/wp-content\/uploads\/2025\/12\/Mon_Maghreb_Logo.jpg","width":814,"height":374,"caption":"Mon Maghreb"},"image":{"@id":"http:\/\/monmaghreb.com\/#\/schema\/logo\/image\/"}},{"@type":"Person","@id":"http:\/\/monmaghreb.com\/#\/schema\/person\/c469a89dc8c6b8987dcb438b1200d054","name":"LaMagh","image":{"@type":"ImageObject","inLanguage":"en-US","@id":"https:\/\/secure.gravatar.com\/avatar\/399d8144bd55fba55e056779aca52fe528bac7911f6449e54d81173d6dfd7f0a?s=96&d=mm&r=g","url":"https:\/\/secure.gravatar.com\/avatar\/399d8144bd55fba55e056779aca52fe528bac7911f6449e54d81173d6dfd7f0a?s=96&d=mm&r=g","contentUrl":"https:\/\/secure.gravatar.com\/avatar\/399d8144bd55fba55e056779aca52fe528bac7911f6449e54d81173d6dfd7f0a?s=96&d=mm&r=g","caption":"LaMagh"},"sameAs":["https:\/\/monmaghreb.com","https:\/\/www.facebook.com\/monmaghrebcom","https:\/\/x.com\/MMaghreb50977"],"url":"https:\/\/monmaghreb.com\/index.php\/author\/lamagh\/"}]}},"_links":{"self":[{"href":"https:\/\/monmaghreb.com\/index.php\/wp-json\/wp\/v2\/posts\/9617","targetHints":{"allow":["GET"]}}],"collection":[{"href":"https:\/\/monmaghreb.com\/index.php\/wp-json\/wp\/v2\/posts"}],"about":[{"href":"https:\/\/monmaghreb.com\/index.php\/wp-json\/wp\/v2\/types\/post"}],"author":[{"embeddable":true,"href":"https:\/\/monmaghreb.com\/index.php\/wp-json\/wp\/v2\/users\/1"}],"replies":[{"embeddable":true,"href":"https:\/\/monmaghreb.com\/index.php\/wp-json\/wp\/v2\/comments?post=9617"}],"version-history":[{"count":1,"href":"https:\/\/monmaghreb.com\/index.php\/wp-json\/wp\/v2\/posts\/9617\/revisions"}],"predecessor-version":[{"id":9618,"href":"https:\/\/monmaghreb.com\/index.php\/wp-json\/wp\/v2\/posts\/9617\/revisions\/9618"}],"wp:featuredmedia":[{"embeddable":true,"href":"https:\/\/monmaghreb.com\/index.php\/wp-json\/wp\/v2\/media\/9616"}],"wp:attachment":[{"href":"https:\/\/monmaghreb.com\/index.php\/wp-json\/wp\/v2\/media?parent=9617"}],"wp:term":[{"taxonomy":"category","embeddable":true,"href":"https:\/\/monmaghreb.com\/index.php\/wp-json\/wp\/v2\/categories?post=9617"},{"taxonomy":"post_tag","embeddable":true,"href":"https:\/\/monmaghreb.com\/index.php\/wp-json\/wp\/v2\/tags?post=9617"}],"curies":[{"name":"wp","href":"https:\/\/api.w.org\/{rel}","templated":true}]}}