
{"id":9623,"date":"2026-09-04T16:57:28","date_gmt":"2026-09-04T16:57:28","guid":{"rendered":"https:\/\/monmaghreb.com\/index.php\/2026\/09\/04\/le-match-france-maroc-vu-par-un-couple-marocain-installe-a-dieppe-une-experience-emotionnelle-et-multicolore\/"},"modified":"2026-09-04T16:57:38","modified_gmt":"2026-09-04T16:57:38","slug":"le-match-france-maroc-vu-par-un-couple-marocain-installe-a-dieppe-une-experience-emotionnelle-et-multicolore","status":"publish","type":"post","link":"https:\/\/monmaghreb.com\/index.php\/2026\/09\/04\/le-match-france-maroc-vu-par-un-couple-marocain-installe-a-dieppe-une-experience-emotionnelle-et-multicolore\/","title":{"rendered":"Le match France-Maroc vu par un couple marocain install\u00e9 \u00e0 Dieppe : une exp\u00e9rience emotionnelle et multicolore"},"content":{"rendered":"<p>Le match France-Maroc de la Coupe du Monde de football 2022 a \u00e9t\u00e9 une exp\u00e9rience inoubliable pour une famille marocaine install\u00e9e \u00e0 Dieppe, en France. Ce match a suscit\u00e9 une grande \u00e9motion et des sentiments forts, de part et d&#8217;autre des spectateurs, comme l&#8217;atteste la participation de 1,12 millions de supporters marocains \u00e0 travers le monde. A Dieppe, une communaut\u00e9 marocaine vivante a \u00e9t\u00e9 unie par l&#8217;espoir d&#8217;une victoire.<\/p>\n<h2>L&#8217;anticipation et le d\u00e9fi<\/h2>\n<p>Quelques semaines avant le match, nous avons commenc\u00e9 \u00e0 parler de l&#8217;importance de cette <a href=\"https:\/\/monmaghreb.com\/index.php\/2026\/09\/04\/video-un-couple-marocain-partage-leur-emotion-pour-la-rencontre-france-maroc\/\" title=\"Vid\u00e9o : Un couple marocain partage leur \u00e9motion pour la rencontre France-Maroc\">rencontre<\/a> avec nos amis marocains de la r\u00e9gion. Nous \u00e9tions tous convaincus que le Maroc avait une \u00e9quipe forte et que la victoire \u00e9tait possible. Cependant, nous savions \u00e9galement que la France \u00e9tait l&#8217;une des meilleures \u00e9quipes de football du monde, et que cela ne faisait pas de l&#8217;ombre au Maroc.<\/p>\n<p>Notre famille a toujours \u00e9t\u00e9 attach\u00e9e au football marocain, et nous avons souvent regard\u00e9 les matchs de l&#8217;\u00e9quipe nationale ensemble. Nous avons \u00e9galement rencontr\u00e9 d&#8217;autres Marocains \u00e0 Dieppe, qui partagent notre passion pour le football. Nous avons d\u00e9cid\u00e9 de suivre le match avec un groupe d&#8217;amis marocains install\u00e9s \u00e0 Dieppe.<\/p>\n<p>Le jour du match, la tension \u00e9tait palpable. Les rues \u00e9taient remplies de supporters marocains qui chantaient des chants traditionnels et arboraient des maillots de l&#8217;\u00e9quipe marocaine. Nous \u00e9tions pr\u00eats \u00e0 faire une f\u00eate si notre \u00e9quipe gagnait, mais aussi \u00e0 \u00eatre tristes si elle perdait.<\/p>\n<h2>Le match lui-m\u00eame<\/h2>\n<p>Le match commence sous une pluie battante, mais cela n&#8217;emp\u00eache pas les supporters de s&#8217;exciter. Les deux \u00e9quipes semblent \u00e9quilibr\u00e9es, avec chaque c\u00f4t\u00e9 ayant ses moments de gloire. Le match est serr\u00e9, avec chaque but susceptible de d\u00e9terminer le vainqueur.<\/p>\n<p>Au milieu du match, le Maroc prend l&#8217;avantage. Les supporters marocains sont d\u00e9sormais convaincus que leur \u00e9quipe va remporter la victoire. Nous avons tous commenc\u00e9 \u00e0 chanter et \u00e0 danser dans la rue, avec des flambeaux allum\u00e9s et des drapeaux de la couleur du drapeau marocain.<\/p>\n<p>Cependant, la France ne se laisse pas battre et \u00e9galise \u00e0 la fin du temps r\u00e9glementaire. Nous sommes alors tous de nouveau \u00e0 la peine, mais nous savons que les prolongations pouvaient changer tout. La tension rena\u00eet alors entre les supporters.<\/p>\n<h2>Les prolongations<\/h2>\n<p>Les prolongations sont une \u00e9preuve pour les deux \u00e9quipes, mais la France prend l&#8217;avantage \u00e0 la fin du premier temps de prolongation. Les supporters marocains sont d\u00e9sormais d\u00e9\u00e7us, mais l&#8217;espoir n&#8217;est pas perdu. Nous savons que nous avons toujours la chance de gagner le match en tir de penalty.<\/p>\n<p>Le match est alors \u00e0 l&#8217;agonie. Les supporters marocains ont tous r\u00e9serv\u00e9 leurs derniers souffles pour soutenir leur \u00e9quipe. Nous savons que nous avons besoin de gagner ce match pour montrer au monde qu&#8217;il y a des talents marocains en football.<\/p>\n<p>Le match se termine par une victoire de la France, mais la d\u00e9faite ne d\u00e9truit pas notre espoir. Nous sommes fiers de notre \u00e9quipe et de sa performance, et nous savons que cela ne sera qu&#8217;un pas vers la gloire pour le football marocain.<\/p>\n<h2>Les le\u00e7ons apprises<\/h2>\n<p>Le match France-Maroc a \u00e9t\u00e9 une exp\u00e9rience inoubliable pour notre famille. Nous avons appris que la passion et le soutien peuvent \u00eatre plus importants que la victoire ou la d\u00e9faite. Nous avons \u00e9galement appris \u00e0 appr\u00e9cier et \u00e0 c\u00e9l\u00e9brer notre identit\u00e9 marocaine, m\u00eame lorsque nous sommes \u00e9loign\u00e9s de notre pays natal.<\/p>\n<p>Nous invitons tous les lecteurs marocains de la diaspora \u00e0 continuer \u00e0 soutenir leur \u00e9quipe nationale et \u00e0 partager leur passion pour le football avec les Fran\u00e7ais locaux. Nous avons aussi \u00e9t\u00e9 surpris par la bienveillance des gens de Dieppe et nous esp\u00e9rons que cette amiti\u00e9 continue \u00e0 grandir.<\/p>\n<h2>Appel \u00e0 l&#8217;action<\/h2>\n<p>Nous invitons tous les marocains de la diaspora \u00e0 suivre l&#8217;\u00e9volution du football marocain et \u00e0 soutenir leur \u00e9quipe nationale dans leur chemin vers la gloire. Nous invitons \u00e9galement les Fran\u00e7ais locaux \u00e0 se joindre \u00e0 nous et \u00e0 d\u00e9couvrir notre passion pour le football. Nous sommes fiers de notre identit\u00e9 marocaine et sommes pr\u00eats \u00e0 partager notre culture avec le monde.<\/p>\n<div style=\"background:#f8f9fa;border-left:4px solid #0066cc;border-radius:6px;padding:20px 24px;margin:32px 0;\">\n<p style=\"font-size:13px;color:#888;text-transform:uppercase;letter-spacing:0.8px;margin:0 0 6px 0;\">Vous pourriez aussi aimer<\/p>\n<h3 style=\"font-size:18px;margin:0 0 14px 0;color:#222;\">Articles similaires<\/h3>\n<ul style=\"margin:0;padding-left:20px;list-style:disc;\">\n<li style=\"margin-bottom:10px;\"><a href=\"https:\/\/monmaghreb.com\/index.php\/2026\/09\/04\/video-un-couple-marocain-partage-leur-emotion-pour-la-rencontre-france-maroc\/\" style=\"color:#0066cc;text-decoration:none;font-weight:500;\" title=\"Vid\u00e9o : Un couple marocain partage leur \u00e9motion pour la rencontre France-Maroc\">Vid\u00e9o : Un couple marocain partage leur \u00e9motion pour la rencontre France-Maroc<\/a><\/li>\n<li style=\"margin-bottom:10px;\"><a href=\"https:\/\/monmaghreb.com\/index.php\/2026\/09\/04\/le-nouvel-an-amazigh-la-fete-de-la-culture-berbere-au-maroc-et-les-esperances-de-ses-defenseurs\/\" style=\"color:#0066cc;text-decoration:none;font-weight:500;\" title=\"Le Nouvel An amazigh : la f\u00eate de la culture berb\u00e8re au Maroc et les esp\u00e9rances de ses d\u00e9fenseurs\">Le Nouvel An amazigh : la f\u00eate de la culture berb\u00e8re au Maroc et les esp\u00e9rances de ses d\u00e9fenseurs<\/a><\/li>\n<li style=\"margin-bottom:10px;\"><a href=\"https:\/\/monmaghreb.com\/index.php\/2026\/09\/03\/lactrice-luz-mendez-pose-pour-lofficiel-arabia-en-caftan-marocain-un-hommage-a-notre-culture-et-a-notre-diversite\/\" style=\"color:#0066cc;text-decoration:none;font-weight:500;\" title=\"L&#8217;actrice Luz M\u00e9ndez pose pour L&#8217;Officiel Arabia en caftan marocain : un hommage \u00e0 notre culture et \u00e0 notre diversit\u00e9\">L&#8217;actrice Luz M\u00e9ndez pose pour L&#8217;Officiel Arabia en caftan marocain : un hommage \u00e0 notre culture et \u00e0 notre diversit\u00e9<\/a><\/li>\n<li style=\"margin-bottom:10px;\"><a href=\"https:\/\/monmaghreb.com\/index.php\/2026\/09\/01\/le-tourisme-estival-le-maroc-et-lespagne-dominent-la-france-en-retrait-strategique\/\" style=\"color:#0066cc;text-decoration:none;font-weight:500;\" title=\"Le tourisme estival : le Maroc et l&#8217;Espagne dominent, la France en retrait strat\u00e9gique\">Le tourisme estival : le Maroc et l&#8217;Espagne dominent, la France en retrait strat\u00e9gique<\/a><\/li>\n<li style=\"margin-bottom:10px;\"><a href=\"https:\/\/monmaghreb.com\/index.php\/2026\/09\/01\/le-maroc-est-le-premier-choix-des-francais-pour-leurs-vacances-dete\/\" style=\"color:#0066cc;text-decoration:none;font-weight:500;\" title=\"Le Maroc est le premier choix des Fran\u00e7ais pour leurs vacances d&#8217;\u00e9t\u00e9\">Le Maroc est le premier choix des Fran\u00e7ais pour leurs vacances d&#8217;\u00e9t\u00e9<\/a><\/li>\n<\/ul>\n<\/div>\n","protected":false},"excerpt":{"rendered":"<p>Une famille marocaine \u00e0 Dieppe partage leur exp\u00e9rience \u00e9mouvante du match France-Maroc de la Coupe du Monde 2022. Vive la passion!<\/p>\n","protected":false},"author":1,"featured_media":9622,"comment_status":"closed","ping_status":"open","sticky":false,"template":"","format":"standard","meta":{"_yoast_wpseo_canonical":"","_yoast_wpseo_opengraph-title":"Le match France-Maroc vu par un couple marocain install\u00e9 \u00e0 Dieppe : une exp\u00e9rience emotionnelle et multicolore","_yoast_wpseo_opengraph-description":"Une famille marocaine \u00e0 Dieppe partage leur exp\u00e9rience \u00e9mouvante du match France-Maroc de la Coupe du Monde 2022. Vive la passion!","_yoast_wpseo_opengraph-image":"","tdm_status":"","tdm_grid_status":"","footnotes":""},"categories":[655],"tags":[45,5262,5263,3530,1312],"class_list":["post-9623","post","type-post","status-publish","format-standard","has-post-thumbnail","hentry","category-maroc","tag-culture-tunisienne","tag-coupledieppe","tag-footballmondiale","tag-francemaroc","tag-immigration"],"yoast_head":"<!-- This site is optimized with the Yoast SEO plugin v28.4 - https:\/\/yoast.com\/product\/yoast-seo-wordpress\/ -->\n<title>Le match France-Maroc vu par un couple marocain install\u00e9 \u00e0 D<\/title>\n<meta name=\"description\" content=\"Une famille marocaine \u00e0 Dieppe partage leur exp\u00e9rience \u00e9mouvante du match France-Maroc de la Coupe du Monde 2022. Vive la passion!\" \/>\n<meta name=\"robots\" content=\"index, follow, max-snippet:-1, max-image-preview:large, max-video-preview:-1\" \/>\n<link rel=\"canonical\" href=\"https:\/\/monmaghreb.com\/index.php\/2026\/09\/04\/le-match-france-maroc-vu-par-un-couple-marocain-installe-a-dieppe-une-experience-emotionnelle-et-multicolore\/\" \/>\n<meta property=\"og:locale\" content=\"en_US\" \/>\n<meta property=\"og:type\" content=\"article\" \/>\n<meta property=\"og:title\" content=\"Le match France-Maroc vu par un couple marocain install\u00e9 \u00e0 Dieppe : une exp\u00e9rience emotionnelle et multicolore\" \/>\n<meta property=\"og:description\" content=\"Une famille marocaine \u00e0 Dieppe partage leur exp\u00e9rience \u00e9mouvante du match France-Maroc de la Coupe du Monde 2022. Vive la passion!\" \/>\n<meta property=\"og:url\" content=\"https:\/\/monmaghreb.com\/index.php\/2026\/09\/04\/le-match-france-maroc-vu-par-un-couple-marocain-installe-a-dieppe-une-experience-emotionnelle-et-multicolore\/\" \/>\n<meta property=\"og:site_name\" content=\"Mon Maghreb\" \/>\n<meta property=\"article:author\" content=\"https:\/\/www.facebook.com\/monmaghrebcom\" \/>\n<meta property=\"article:published_time\" content=\"2026-09-04T16:57:28+00:00\" \/>\n<meta property=\"article:modified_time\" content=\"2026-09-04T16:57:38+00:00\" \/>\n<meta property=\"og:image\" content=\"https:\/\/monmaghreb.com\/wp-content\/uploads\/2026\/09\/featured-45.jpg\" \/>\n\t<meta property=\"og:image:width\" content=\"1880\" \/>\n\t<meta property=\"og:image:height\" content=\"1058\" \/>\n\t<meta property=\"og:image:type\" content=\"image\/jpeg\" \/>\n<meta name=\"author\" content=\"LaMagh\" \/>\n<meta name=\"twitter:card\" content=\"summary_large_image\" \/>\n<meta name=\"twitter:creator\" content=\"@MMaghreb50977\" \/>\n<meta name=\"twitter:label1\" content=\"Written by\" \/>\n\t<meta name=\"twitter:data1\" content=\"LaMagh\" \/>\n\t<meta name=\"twitter:label2\" content=\"Est. reading time\" \/>\n\t<meta name=\"twitter:data2\" content=\"4 minutes\" \/>\n<script type=\"application\/ld+json\" class=\"yoast-schema-graph\">{\"@context\":\"https:\\\/\\\/schema.org\",\"@graph\":[{\"@type\":\"Article\",\"@id\":\"https:\\\/\\\/monmaghreb.com\\\/index.php\\\/2026\\\/09\\\/04\\\/le-match-france-maroc-vu-par-un-couple-marocain-installe-a-dieppe-une-experience-emotionnelle-et-multicolore\\\/#article\",\"isPartOf\":{\"@id\":\"https:\\\/\\\/monmaghreb.com\\\/index.php\\\/2026\\\/09\\\/04\\\/le-match-france-maroc-vu-par-un-couple-marocain-installe-a-dieppe-une-experience-emotionnelle-et-multicolore\\\/\"},\"author\":{\"name\":\"LaMagh\",\"@id\":\"http:\\\/\\\/monmaghreb.com\\\/#\\\/schema\\\/person\\\/c469a89dc8c6b8987dcb438b1200d054\"},\"headline\":\"Le match France-Maroc vu par un couple marocain install\u00e9 \u00e0 Dieppe : une exp\u00e9rience emotionnelle et multicolore\",\"datePublished\":\"2026-09-04T16:57:28+00:00\",\"dateModified\":\"2026-09-04T16:57:38+00:00\",\"mainEntityOfPage\":{\"@id\":\"https:\\\/\\\/monmaghreb.com\\\/index.php\\\/2026\\\/09\\\/04\\\/le-match-france-maroc-vu-par-un-couple-marocain-installe-a-dieppe-une-experience-emotionnelle-et-multicolore\\\/\"},\"wordCount\":804,\"publisher\":{\"@id\":\"http:\\\/\\\/monmaghreb.com\\\/#organization\"},\"image\":{\"@id\":\"https:\\\/\\\/monmaghreb.com\\\/index.php\\\/2026\\\/09\\\/04\\\/le-match-france-maroc-vu-par-un-couple-marocain-installe-a-dieppe-une-experience-emotionnelle-et-multicolore\\\/#primaryimage\"},\"thumbnailUrl\":\"https:\\\/\\\/monmaghreb.com\\\/wp-content\\\/uploads\\\/2026\\\/09\\\/featured-45.jpg\",\"keywords\":[\"\\\"culture tunisienne\\\"\",\"coupledieppe\",\"footballmondiale\",\"francemaroc\",\"immigration\"],\"articleSection\":[\"Maroc\"],\"inLanguage\":\"en-US\"},{\"@type\":\"WebPage\",\"@id\":\"https:\\\/\\\/monmaghreb.com\\\/index.php\\\/2026\\\/09\\\/04\\\/le-match-france-maroc-vu-par-un-couple-marocain-installe-a-dieppe-une-experience-emotionnelle-et-multicolore\\\/\",\"url\":\"https:\\\/\\\/monmaghreb.com\\\/index.php\\\/2026\\\/09\\\/04\\\/le-match-france-maroc-vu-par-un-couple-marocain-installe-a-dieppe-une-experience-emotionnelle-et-multicolore\\\/\",\"name\":\"Le match France-Maroc vu par un couple marocain install\u00e9 \u00e0 D\",\"isPartOf\":{\"@id\":\"http:\\\/\\\/monmaghreb.com\\\/#website\"},\"primaryImageOfPage\":{\"@id\":\"https:\\\/\\\/monmaghreb.com\\\/index.php\\\/2026\\\/09\\\/04\\\/le-match-france-maroc-vu-par-un-couple-marocain-installe-a-dieppe-une-experience-emotionnelle-et-multicolore\\\/#primaryimage\"},\"image\":{\"@id\":\"https:\\\/\\\/monmaghreb.com\\\/index.php\\\/2026\\\/09\\\/04\\\/le-match-france-maroc-vu-par-un-couple-marocain-installe-a-dieppe-une-experience-emotionnelle-et-multicolore\\\/#primaryimage\"},\"thumbnailUrl\":\"https:\\\/\\\/monmaghreb.com\\\/wp-content\\\/uploads\\\/2026\\\/09\\\/featured-45.jpg\",\"datePublished\":\"2026-09-04T16:57:28+00:00\",\"dateModified\":\"2026-09-04T16:57:38+00:00\",\"description\":\"Une famille marocaine \u00e0 Dieppe partage leur exp\u00e9rience \u00e9mouvante du match France-Maroc de la Coupe du Monde 2022. Vive la passion!\",\"breadcrumb\":{\"@id\":\"https:\\\/\\\/monmaghreb.com\\\/index.php\\\/2026\\\/09\\\/04\\\/le-match-france-maroc-vu-par-un-couple-marocain-installe-a-dieppe-une-experience-emotionnelle-et-multicolore\\\/#breadcrumb\"},\"inLanguage\":\"en-US\",\"potentialAction\":[{\"@type\":\"ReadAction\",\"target\":[\"https:\\\/\\\/monmaghreb.com\\\/index.php\\\/2026\\\/09\\\/04\\\/le-match-france-maroc-vu-par-un-couple-marocain-installe-a-dieppe-une-experience-emotionnelle-et-multicolore\\\/\"]}]},{\"@type\":\"ImageObject\",\"inLanguage\":\"en-US\",\"@id\":\"https:\\\/\\\/monmaghreb.com\\\/index.php\\\/2026\\\/09\\\/04\\\/le-match-france-maroc-vu-par-un-couple-marocain-installe-a-dieppe-une-experience-emotionnelle-et-multicolore\\\/#primaryimage\",\"url\":\"https:\\\/\\\/monmaghreb.com\\\/wp-content\\\/uploads\\\/2026\\\/09\\\/featured-45.jpg\",\"contentUrl\":\"https:\\\/\\\/monmaghreb.com\\\/wp-content\\\/uploads\\\/2026\\\/09\\\/featured-45.jpg\",\"width\":1880,\"height\":1058,\"caption\":\"Famille marocaine dans la foule au match France-Maroc de la Coupe du Monde \u00e0 Dieppe\"},{\"@type\":\"BreadcrumbList\",\"@id\":\"https:\\\/\\\/monmaghreb.com\\\/index.php\\\/2026\\\/09\\\/04\\\/le-match-france-maroc-vu-par-un-couple-marocain-installe-a-dieppe-une-experience-emotionnelle-et-multicolore\\\/#breadcrumb\",\"itemListElement\":[{\"@type\":\"ListItem\",\"position\":1,\"name\":\"Home\",\"item\":\"http:\\\/\\\/monmaghreb.com\\\/\"},{\"@type\":\"ListItem\",\"position\":2,\"name\":\"Le match France-Maroc vu par un couple marocain install\u00e9 \u00e0 Dieppe : une exp\u00e9rience emotionnelle et multicolore\"}]},{\"@type\":\"WebSite\",\"@id\":\"http:\\\/\\\/monmaghreb.com\\\/#website\",\"url\":\"http:\\\/\\\/monmaghreb.com\\\/\",\"name\":\"Mon Maghreb\",\"description\":\"MonMaghreb United\",\"publisher\":{\"@id\":\"http:\\\/\\\/monmaghreb.com\\\/#organization\"},\"alternateName\":\"Le Monde du Maghreb et au del\u00e0\",\"potentialAction\":[{\"@type\":\"SearchAction\",\"target\":{\"@type\":\"EntryPoint\",\"urlTemplate\":\"http:\\\/\\\/monmaghreb.com\\\/?s={search_term_string}\"},\"query-input\":{\"@type\":\"PropertyValueSpecification\",\"valueRequired\":true,\"valueName\":\"search_term_string\"}}],\"inLanguage\":\"en-US\"},{\"@type\":\"Organization\",\"@id\":\"http:\\\/\\\/monmaghreb.com\\\/#organization\",\"name\":\"Mon Maghreb\",\"url\":\"http:\\\/\\\/monmaghreb.com\\\/\",\"logo\":{\"@type\":\"ImageObject\",\"inLanguage\":\"en-US\",\"@id\":\"http:\\\/\\\/monmaghreb.com\\\/#\\\/schema\\\/logo\\\/image\\\/\",\"url\":\"https:\\\/\\\/monmaghreb.com\\\/wp-content\\\/uploads\\\/2025\\\/12\\\/Mon_Maghreb_Logo.jpg\",\"contentUrl\":\"https:\\\/\\\/monmaghreb.com\\\/wp-content\\\/uploads\\\/2025\\\/12\\\/Mon_Maghreb_Logo.jpg\",\"width\":814,\"height\":374,\"caption\":\"Mon Maghreb\"},\"image\":{\"@id\":\"http:\\\/\\\/monmaghreb.com\\\/#\\\/schema\\\/logo\\\/image\\\/\"}},{\"@type\":\"Person\",\"@id\":\"http:\\\/\\\/monmaghreb.com\\\/#\\\/schema\\\/person\\\/c469a89dc8c6b8987dcb438b1200d054\",\"name\":\"LaMagh\",\"image\":{\"@type\":\"ImageObject\",\"inLanguage\":\"en-US\",\"@id\":\"https:\\\/\\\/secure.gravatar.com\\\/avatar\\\/399d8144bd55fba55e056779aca52fe528bac7911f6449e54d81173d6dfd7f0a?s=96&d=mm&r=g\",\"url\":\"https:\\\/\\\/secure.gravatar.com\\\/avatar\\\/399d8144bd55fba55e056779aca52fe528bac7911f6449e54d81173d6dfd7f0a?s=96&d=mm&r=g\",\"contentUrl\":\"https:\\\/\\\/secure.gravatar.com\\\/avatar\\\/399d8144bd55fba55e056779aca52fe528bac7911f6449e54d81173d6dfd7f0a?s=96&d=mm&r=g\",\"caption\":\"LaMagh\"},\"sameAs\":[\"https:\\\/\\\/monmaghreb.com\",\"https:\\\/\\\/www.facebook.com\\\/monmaghrebcom\",\"https:\\\/\\\/x.com\\\/MMaghreb50977\"],\"url\":\"https:\\\/\\\/monmaghreb.com\\\/index.php\\\/author\\\/lamagh\\\/\"}]}<\/script>\n<!-- \/ Yoast SEO plugin. -->","yoast_head_json":{"title":"Le match France-Maroc vu par un couple marocain install\u00e9 \u00e0 D","description":"Une famille marocaine \u00e0 Dieppe partage leur exp\u00e9rience \u00e9mouvante du match France-Maroc de la Coupe du Monde 2022. Vive la passion!","robots":{"index":"index","follow":"follow","max-snippet":"max-snippet:-1","max-image-preview":"max-image-preview:large","max-video-preview":"max-video-preview:-1"},"canonical":"https:\/\/monmaghreb.com\/index.php\/2026\/09\/04\/le-match-france-maroc-vu-par-un-couple-marocain-installe-a-dieppe-une-experience-emotionnelle-et-multicolore\/","og_locale":"en_US","og_type":"article","og_title":"Le match France-Maroc vu par un couple marocain install\u00e9 \u00e0 Dieppe : une exp\u00e9rience emotionnelle et multicolore","og_description":"Une famille marocaine \u00e0 Dieppe partage leur exp\u00e9rience \u00e9mouvante du match France-Maroc de la Coupe du Monde 2022. Vive la passion!","og_url":"https:\/\/monmaghreb.com\/index.php\/2026\/09\/04\/le-match-france-maroc-vu-par-un-couple-marocain-installe-a-dieppe-une-experience-emotionnelle-et-multicolore\/","og_site_name":"Mon Maghreb","article_author":"https:\/\/www.facebook.com\/monmaghrebcom","article_published_time":"2026-09-04T16:57:28+00:00","article_modified_time":"2026-09-04T16:57:38+00:00","og_image":[{"width":1880,"height":1058,"url":"https:\/\/monmaghreb.com\/wp-content\/uploads\/2026\/09\/featured-45.jpg","type":"image\/jpeg"}],"author":"LaMagh","twitter_card":"summary_large_image","twitter_creator":"@MMaghreb50977","twitter_misc":{"Written by":"LaMagh","Est. reading time":"4 minutes"},"schema":{"@context":"https:\/\/schema.org","@graph":[{"@type":"Article","@id":"https:\/\/monmaghreb.com\/index.php\/2026\/09\/04\/le-match-france-maroc-vu-par-un-couple-marocain-installe-a-dieppe-une-experience-emotionnelle-et-multicolore\/#article","isPartOf":{"@id":"https:\/\/monmaghreb.com\/index.php\/2026\/09\/04\/le-match-france-maroc-vu-par-un-couple-marocain-installe-a-dieppe-une-experience-emotionnelle-et-multicolore\/"},"author":{"name":"LaMagh","@id":"http:\/\/monmaghreb.com\/#\/schema\/person\/c469a89dc8c6b8987dcb438b1200d054"},"headline":"Le match France-Maroc vu par un couple marocain install\u00e9 \u00e0 Dieppe : une exp\u00e9rience emotionnelle et multicolore","datePublished":"2026-09-04T16:57:28+00:00","dateModified":"2026-09-04T16:57:38+00:00","mainEntityOfPage":{"@id":"https:\/\/monmaghreb.com\/index.php\/2026\/09\/04\/le-match-france-maroc-vu-par-un-couple-marocain-installe-a-dieppe-une-experience-emotionnelle-et-multicolore\/"},"wordCount":804,"publisher":{"@id":"http:\/\/monmaghreb.com\/#organization"},"image":{"@id":"https:\/\/monmaghreb.com\/index.php\/2026\/09\/04\/le-match-france-maroc-vu-par-un-couple-marocain-installe-a-dieppe-une-experience-emotionnelle-et-multicolore\/#primaryimage"},"thumbnailUrl":"https:\/\/monmaghreb.com\/wp-content\/uploads\/2026\/09\/featured-45.jpg","keywords":["\"culture tunisienne\"","coupledieppe","footballmondiale","francemaroc","immigration"],"articleSection":["Maroc"],"inLanguage":"en-US"},{"@type":"WebPage","@id":"https:\/\/monmaghreb.com\/index.php\/2026\/09\/04\/le-match-france-maroc-vu-par-un-couple-marocain-installe-a-dieppe-une-experience-emotionnelle-et-multicolore\/","url":"https:\/\/monmaghreb.com\/index.php\/2026\/09\/04\/le-match-france-maroc-vu-par-un-couple-marocain-installe-a-dieppe-une-experience-emotionnelle-et-multicolore\/","name":"Le match France-Maroc vu par un couple marocain install\u00e9 \u00e0 D","isPartOf":{"@id":"http:\/\/monmaghreb.com\/#website"},"primaryImageOfPage":{"@id":"https:\/\/monmaghreb.com\/index.php\/2026\/09\/04\/le-match-france-maroc-vu-par-un-couple-marocain-installe-a-dieppe-une-experience-emotionnelle-et-multicolore\/#primaryimage"},"image":{"@id":"https:\/\/monmaghreb.com\/index.php\/2026\/09\/04\/le-match-france-maroc-vu-par-un-couple-marocain-installe-a-dieppe-une-experience-emotionnelle-et-multicolore\/#primaryimage"},"thumbnailUrl":"https:\/\/monmaghreb.com\/wp-content\/uploads\/2026\/09\/featured-45.jpg","datePublished":"2026-09-04T16:57:28+00:00","dateModified":"2026-09-04T16:57:38+00:00","description":"Une famille marocaine \u00e0 Dieppe partage leur exp\u00e9rience \u00e9mouvante du match France-Maroc de la Coupe du Monde 2022. Vive la passion!","breadcrumb":{"@id":"https:\/\/monmaghreb.com\/index.php\/2026\/09\/04\/le-match-france-maroc-vu-par-un-couple-marocain-installe-a-dieppe-une-experience-emotionnelle-et-multicolore\/#breadcrumb"},"inLanguage":"en-US","potentialAction":[{"@type":"ReadAction","target":["https:\/\/monmaghreb.com\/index.php\/2026\/09\/04\/le-match-france-maroc-vu-par-un-couple-marocain-installe-a-dieppe-une-experience-emotionnelle-et-multicolore\/"]}]},{"@type":"ImageObject","inLanguage":"en-US","@id":"https:\/\/monmaghreb.com\/index.php\/2026\/09\/04\/le-match-france-maroc-vu-par-un-couple-marocain-installe-a-dieppe-une-experience-emotionnelle-et-multicolore\/#primaryimage","url":"https:\/\/monmaghreb.com\/wp-content\/uploads\/2026\/09\/featured-45.jpg","contentUrl":"https:\/\/monmaghreb.com\/wp-content\/uploads\/2026\/09\/featured-45.jpg","width":1880,"height":1058,"caption":"Famille marocaine dans la foule au match France-Maroc de la Coupe du Monde \u00e0 Dieppe"},{"@type":"BreadcrumbList","@id":"https:\/\/monmaghreb.com\/index.php\/2026\/09\/04\/le-match-france-maroc-vu-par-un-couple-marocain-installe-a-dieppe-une-experience-emotionnelle-et-multicolore\/#breadcrumb","itemListElement":[{"@type":"ListItem","position":1,"name":"Home","item":"http:\/\/monmaghreb.com\/"},{"@type":"ListItem","position":2,"name":"Le match France-Maroc vu par un couple marocain install\u00e9 \u00e0 Dieppe : une exp\u00e9rience emotionnelle et multicolore"}]},{"@type":"WebSite","@id":"http:\/\/monmaghreb.com\/#website","url":"http:\/\/monmaghreb.com\/","name":"Mon Maghreb","description":"MonMaghreb United","publisher":{"@id":"http:\/\/monmaghreb.com\/#organization"},"alternateName":"Le Monde du Maghreb et au del\u00e0","potentialAction":[{"@type":"SearchAction","target":{"@type":"EntryPoint","urlTemplate":"http:\/\/monmaghreb.com\/?s={search_term_string}"},"query-input":{"@type":"PropertyValueSpecification","valueRequired":true,"valueName":"search_term_string"}}],"inLanguage":"en-US"},{"@type":"Organization","@id":"http:\/\/monmaghreb.com\/#organization","name":"Mon Maghreb","url":"http:\/\/monmaghreb.com\/","logo":{"@type":"ImageObject","inLanguage":"en-US","@id":"http:\/\/monmaghreb.com\/#\/schema\/logo\/image\/","url":"https:\/\/monmaghreb.com\/wp-content\/uploads\/2025\/12\/Mon_Maghreb_Logo.jpg","contentUrl":"https:\/\/monmaghreb.com\/wp-content\/uploads\/2025\/12\/Mon_Maghreb_Logo.jpg","width":814,"height":374,"caption":"Mon Maghreb"},"image":{"@id":"http:\/\/monmaghreb.com\/#\/schema\/logo\/image\/"}},{"@type":"Person","@id":"http:\/\/monmaghreb.com\/#\/schema\/person\/c469a89dc8c6b8987dcb438b1200d054","name":"LaMagh","image":{"@type":"ImageObject","inLanguage":"en-US","@id":"https:\/\/secure.gravatar.com\/avatar\/399d8144bd55fba55e056779aca52fe528bac7911f6449e54d81173d6dfd7f0a?s=96&d=mm&r=g","url":"https:\/\/secure.gravatar.com\/avatar\/399d8144bd55fba55e056779aca52fe528bac7911f6449e54d81173d6dfd7f0a?s=96&d=mm&r=g","contentUrl":"https:\/\/secure.gravatar.com\/avatar\/399d8144bd55fba55e056779aca52fe528bac7911f6449e54d81173d6dfd7f0a?s=96&d=mm&r=g","caption":"LaMagh"},"sameAs":["https:\/\/monmaghreb.com","https:\/\/www.facebook.com\/monmaghrebcom","https:\/\/x.com\/MMaghreb50977"],"url":"https:\/\/monmaghreb.com\/index.php\/author\/lamagh\/"}]}},"_links":{"self":[{"href":"https:\/\/monmaghreb.com\/index.php\/wp-json\/wp\/v2\/posts\/9623","targetHints":{"allow":["GET"]}}],"collection":[{"href":"https:\/\/monmaghreb.com\/index.php\/wp-json\/wp\/v2\/posts"}],"about":[{"href":"https:\/\/monmaghreb.com\/index.php\/wp-json\/wp\/v2\/types\/post"}],"author":[{"embeddable":true,"href":"https:\/\/monmaghreb.com\/index.php\/wp-json\/wp\/v2\/users\/1"}],"replies":[{"embeddable":true,"href":"https:\/\/monmaghreb.com\/index.php\/wp-json\/wp\/v2\/comments?post=9623"}],"version-history":[{"count":1,"href":"https:\/\/monmaghreb.com\/index.php\/wp-json\/wp\/v2\/posts\/9623\/revisions"}],"predecessor-version":[{"id":9624,"href":"https:\/\/monmaghreb.com\/index.php\/wp-json\/wp\/v2\/posts\/9623\/revisions\/9624"}],"wp:featuredmedia":[{"embeddable":true,"href":"https:\/\/monmaghreb.com\/index.php\/wp-json\/wp\/v2\/media\/9622"}],"wp:attachment":[{"href":"https:\/\/monmaghreb.com\/index.php\/wp-json\/wp\/v2\/media?parent=9623"}],"wp:term":[{"taxonomy":"category","embeddable":true,"href":"https:\/\/monmaghreb.com\/index.php\/wp-json\/wp\/v2\/categories?post=9623"},{"taxonomy":"post_tag","embeddable":true,"href":"https:\/\/monmaghreb.com\/index.php\/wp-json\/wp\/v2\/tags?post=9623"}],"curies":[{"name":"wp","href":"https:\/\/api.w.org\/{rel}","templated":true}]}}