
{"id":9626,"date":"2026-09-04T17:05:01","date_gmt":"2026-09-04T17:05:01","guid":{"rendered":"https:\/\/monmaghreb.com\/index.php\/2026\/09\/04\/expo-les-berberes-au-maroc-une-culture-en-resistance-un-voyage-culturel-incontournable\/"},"modified":"2026-09-04T17:05:12","modified_gmt":"2026-09-04T17:05:12","slug":"expo-les-berberes-au-maroc-une-culture-en-resistance-un-voyage-culturel-incontournable","status":"publish","type":"post","link":"https:\/\/monmaghreb.com\/index.php\/2026\/09\/04\/expo-les-berberes-au-maroc-une-culture-en-resistance-un-voyage-culturel-incontournable\/","title":{"rendered":"Expo Les Berb\u00e8res au Maroc : une culture en r\u00e9sistance &#8211; un voyage culturel incontournable"},"content":{"rendered":"<p><!DOCTYPE html><br \/>\n<html lang='fr'><br \/>\n<head><br \/>\n\t<meta charset='UTF-8'><br \/>\n\t<meta name='viewport' content='width=device-width, initial-scale=1.0'><br \/>\n\t<title>Expo Les Berb\u00e8res au Maroc<\/title><br \/>\n<\/head><br \/>\n<body><\/p>\n<h1>Expo Les Berb\u00e8res au Maroc : une culture en r\u00e9sistance &#8211; un voyage culturel incontournable<\/h1>\n<h2>Introduction<\/h2>\n<p>La culture berb\u00e8re, l&#8217;une des plus anciennes du monde, se d\u00e9ploie dans toute la r\u00e9gion du Maghreb et au-del\u00e0, en tant qu&#8217;h\u00e9ritage commun des populations locales. Malgr\u00e9 cette continuit\u00e9 historique, la culture berb\u00e8re est souvent ignor\u00e9e ou sous-estim\u00e9e, ce qui rend l&#8217;<a href=\"https:\/\/monmaghreb.com\/index.php\/2026\/08\/30\/exposition-zahira-tigtate-lart-de-vivre-amazigh-une-fete-permanente-de-la-culture-berbere-au-centre-culturel-cbf-de-drancy\/\" title=\"Exposition Zahira Tigtate : L&#8217;Art de vivre Amazigh, une f\u00eate permanente de la culture berb\u00e8re au Centre Culturel CBF de Drancy\">Exposition<\/a> Les Berb\u00e8res au Maroc un \u00e9v\u00e9nement culturel incontournable pour les lecteurs maghr\u00e9bins de la diaspora. Aujourd&#8217;hui, les Berb\u00e8res sont environ 30 millions \u00e0 travers le monde, avec une grande majorit\u00e9 au Maroc, mais \u00e9galement en Alg\u00e9rie, au Tunisie, en Libye et en Mauritanie. Il est donc crucial de c\u00e9l\u00e9brer et de promouvoir cette culture riche et complexe.<\/p>\n<p>L&#8217;Exposition Les Berb\u00e8res au Maroc, qui s&#8217;est tenue r\u00e9cemment \u00e0 Rabat, a offert une occasion unique de d\u00e9couvrir et de c\u00e9l\u00e9brer cette culture qui a \u00e9volu\u00e9 au fil des si\u00e8cles et qui continue de r\u00e9sister \u00e0 la pression des cultures dominantes. Les visiteurs ont pu d\u00e9couvrir les traditions, les croyances et les pratiques culturelles des Berb\u00e8res, ainsi que leur histoire et leur identit\u00e9.<\/p>\n<h2>L&#8217;histoire des Berb\u00e8res<\/h2>\n<p>Les Berb\u00e8res sont une population autochtone du Maghreb qui remonte \u00e0 plus de 5 000 ans. Ils ont jou\u00e9 un r\u00f4le important dans l&#8217;histoire de la r\u00e9gion, notamment pendant la p\u00e9riode romaine et l&#8217;\u00e8re musulmane. Cependant, leur histoire a souvent \u00e9t\u00e9 occult\u00e9e et malrepresent\u00e9e, ce qui rend ce sujet une partie int\u00e9ressante et importante \u00e0 d\u00e9couvrir lors de l&#8217;exposition.<\/p>\n<p>Les Berb\u00e8res ont d\u00e9velopp\u00e9 une culture unique, comprenant des langues, des traditions, des croyances et des arts. Ils ont \u00e9t\u00e9 marqu\u00e9s par des influences ext\u00e9rieures tout au long de leur histoire, notamment l&#8217;influence romaine et l&#8217;influence arabe. Cependant, ils ont toujours r\u00e9ussi \u00e0 conserver leur identit\u00e9 et leur langue.<\/p>\n<p>La culture berb\u00e8re a \u00e9galement \u00e9t\u00e9 marqu\u00e9e par des guerres et des conflits, notamment pendant la p\u00e9riode colonial. Les Berb\u00e8res ont \u00e9galement \u00e9t\u00e9 influenc\u00e9s par les mouvements nationalistes et les luttes pour l&#8217;ind\u00e9pendance.<\/p>\n<h2>La langue berb\u00e8re<\/h2>\n<p>La langue berb\u00e8re, \u00e9galement connue sous le nom de Tamazight, est la langue autochtone du Maghreb. Elle est parl\u00e9e par plus de 30 millions de personnes, mais est souvent sous-estim\u00e9e et n\u00e9glig\u00e9e dans les \u00e9coles et les m\u00e9dias. Les Berb\u00e8res ont d\u00e9velopp\u00e9 une langue unique, avec des sons et des sons qui sont distinctifs par rapport \u00e0 d&#8217;autres langues.<\/p>\n<p>La langue berb\u00e8re a une longue histoire, mais a \u00e9t\u00e9 fortement influenc\u00e9e par les langues arabe et latine. Elle est \u00e9galement divis\u00e9e en plusieurs dialectes et est \u00e9crit dans plusieurs syst\u00e8mes d&#8217;\u00e9criture, notamment le alphabet latin et l&#8217;alphabet arabe.<\/p>\n<p>L&#8217;exposition a offert une occasion de d\u00e9couvrir la langue berb\u00e8re et ses diff\u00e9rents dialectes, ainsi que les syst\u00e8mes d&#8217;\u00e9criture utilis\u00e9s pour \u00e9crire la langue. Les visiteurs ont pu d\u00e9couvrir les diff\u00e9rents sons et les sons de la langue berb\u00e8re, ainsi que les mots et les expressions couramment utilis\u00e9s.<\/p>\n<h2>Les traditions berb\u00e8res<\/h2>\n<p>Les traditions berb\u00e8res comprennent des croyances, des rites et des pratiques qui remontent \u00e0 des milliers d&#8217;ann\u00e9es. Ils ont \u00e9t\u00e9 marqu\u00e9s par des influences ext\u00e9rieures tout au long de leur histoire, notamment l&#8217;influence romaine et l&#8217;influence arabe. Cependant, ils ont toujours r\u00e9ussi \u00e0 conserver leur identit\u00e9 et leur individualit\u00e9.<\/p>\n<p>Les traditions berb\u00e8res sont souvent associ\u00e9es \u00e0 des rites de passage, des f\u00eates et des \u00e9v\u00e9nements communautaires. Elles comprennent \u00e9galement des pratiques agricoles, artisanales et culinaires qui remontent \u00e0 des milliers d&#8217;ann\u00e9es.<\/p>\n<p>Les traditions berb\u00e8res sont \u00e9galement marqu\u00e9es par une grande richesse culturelle, avec des chants, des danses, des instruments de musique et des v\u00eatements traditionnels.<\/p>\n<h2>Les arts berb\u00e8res<\/h2>\n<p>Les arts berb\u00e8res comprennent des formes de peinture, de sculpture, de poterie et de tissage qui remontent \u00e0 des milliers d&#8217;ann\u00e9es. Ils ont \u00e9t\u00e9 marqu\u00e9s par des influences ext\u00e9rieures tout au long de leur histoire, notamment l&#8217;influence romaine et l&#8217;influence arabe. Cependant, ils ont toujours r\u00e9ussi \u00e0 conserver leur individualit\u00e9 et leur originalit\u00e9.<\/p>\n<p>Les arts berb\u00e8res sont souvent associ\u00e9s \u00e0 des traditions et \u00e0 des croyances qui remontent \u00e0 des milliers d&#8217;ann\u00e9es. Ils comprennent \u00e9galement des pratiques de d\u00e9coration de maisons et de v\u00eatements qui sont encore pratiqu\u00e9es aujourd&#8217;hui.<\/p>\n<h2>Conclusion<\/h2>\n<p>L&#8217;Exposition Les Berb\u00e8res au Maroc est un \u00e9v\u00e9nement culturel incontournable pour les lecteurs maghr\u00e9bins de la diaspora. Elle offre une occasion unique de d\u00e9couvrir et de c\u00e9l\u00e9brer cette culture riche et complexe qui a \u00e9volu\u00e9 au fil des si\u00e8cles et qui continue de r\u00e9sister \u00e0 la pression des cultures dominantes. N&#8217;h\u00e9sitez pas \u00e0 d\u00e9couvrir et \u00e0 soutenir cette culture berb\u00e8re.<\/p>\n<div style=\"background:#f8f9fa;border-left:4px solid #0066cc;border-radius:6px;padding:20px 24px;margin:32px 0;\">\n<p style=\"font-size:13px;color:#888;text-transform:uppercase;letter-spacing:0.8px;margin:0 0 6px 0;\">Vous pourriez aussi aimer<\/p>\n<h3 style=\"font-size:18px;margin:0 0 14px 0;color:#222;\">Articles similaires<\/h3>\n<ul style=\"margin:0;padding-left:20px;list-style:disc;\">\n<li style=\"margin-bottom:10px;\"><a href=\"https:\/\/monmaghreb.com\/index.php\/2026\/08\/30\/exposition-zahira-tigtate-lart-de-vivre-amazigh-une-fete-permanente-de-la-culture-berbere-au-centre-culturel-cbf-de-drancy\/\" style=\"color:#0066cc;text-decoration:none;font-weight:500;\" title=\"Exposition Zahira Tigtate : L&#8217;Art de vivre Amazigh, une f\u00eate permanente de la culture berb\u00e8re au Centre Culturel CBF de Drancy\">Exposition Zahira Tigtate : L&#8217;Art de vivre Amazigh, une f\u00eate permanente de la culture berb\u00e8re au Centre Culturel CBF de Drancy<\/a><\/li>\n<li style=\"margin-bottom:10px;\"><a href=\"https:\/\/monmaghreb.com\/index.php\/2026\/09\/04\/le-nouvel-an-amazigh-la-fete-de-la-culture-berbere-au-maroc-et-les-esperances-de-ses-defenseurs\/\" style=\"color:#0066cc;text-decoration:none;font-weight:500;\" title=\"Le Nouvel An amazigh : la f\u00eate de la culture berb\u00e8re au Maroc et les esp\u00e9rances de ses d\u00e9fenseurs\">Le Nouvel An amazigh : la f\u00eate de la culture berb\u00e8re au Maroc et les esp\u00e9rances de ses d\u00e9fenseurs<\/a><\/li>\n<li style=\"margin-bottom:10px;\"><a href=\"https:\/\/monmaghreb.com\/index.php\/2026\/08\/29\/celebration-de-la-culture-berbere-lexposition-de-zahira-tigtate-a-drancy\/\" style=\"color:#0066cc;text-decoration:none;font-weight:500;\" title=\"C\u00e9l\u00e9bration de la culture berb\u00e8re : l&#8217;exposition de Zahira Tigtate \u00e0 Drancy\">C\u00e9l\u00e9bration de la culture berb\u00e8re : l&#8217;exposition de Zahira Tigtate \u00e0 Drancy<\/a><\/li>\n<li style=\"margin-bottom:10px;\"><a href=\"https:\/\/monmaghreb.com\/index.php\/2026\/08\/30\/celebrons-ensemble-le-nouvel-an-berbere-yennayer-avec-zahira-tigtate-decouvrez-lexposition-a-new-york\/\" style=\"color:#0066cc;text-decoration:none;font-weight:500;\" title=\"C\u00e9l\u00e9brons ensemble le Nouvel An berb\u00e8re Yennayer avec Zahira Tigtate : d\u00e9couvrez l&#8217;exposition \u00e0 New York\">C\u00e9l\u00e9brons ensemble le Nouvel An berb\u00e8re Yennayer avec Zahira Tigtate : d\u00e9couvrez l&#8217;exposition \u00e0 New York<\/a><\/li>\n<li style=\"margin-bottom:10px;\"><a href=\"https:\/\/monmaghreb.com\/index.php\/2026\/08\/29\/zahira-tigtate-lexposition-lart-de-vivre-amazigh-au-centre-culturel-cbf-de-drancy\/\" style=\"color:#0066cc;text-decoration:none;font-weight:500;\" title=\"Zahira Tigtate : l&#8217;exposition \u00ab L&#8217;Art de vivre Amazigh \u00bb au Centre Culturel CBF de Drancy\">Zahira Tigtate : l&#8217;exposition \u00ab L&#8217;Art de vivre Amazigh \u00bb au Centre Culturel CBF de Drancy<\/a><\/li>\n<\/ul>\n<\/div>\n<p><\/body><br \/>\n<\/html><\/p>\n","protected":false},"excerpt":{"rendered":"<p>D\u00e9couvrez l&#8217;Expo Les Berb\u00e8res au Maroc, une journ\u00e9e culturelle incontournable pour les amoureux de l&#8217;histoire et de la culture berb\u00e8re. Explorez les richesses d<\/p>\n","protected":false},"author":1,"featured_media":9625,"comment_status":"closed","ping_status":"open","sticky":false,"template":"","format":"standard","meta":{"_yoast_wpseo_canonical":"","_yoast_wpseo_opengraph-title":"Expo Les Berb\u00e8res au Maroc : une culture en r\u00e9sistance - un voyage culturel incontournable","_yoast_wpseo_opengraph-description":"D\u00e9couvrez l'Expo Les Berb\u00e8res au Maroc, une journ\u00e9e culturelle incontournable pour les amoureux de l'histoire et de la culture berb\u00e8re. Explorez les richesses d","_yoast_wpseo_opengraph-image":"","tdm_status":"","tdm_grid_status":"","footnotes":""},"categories":[652],"tags":[2085,1765,10,5093,3153],"class_list":["post-9626","post","type-post","status-publish","format-standard","has-post-thumbnail","hentry","category-histoire-patrimoine","tag-accords-algerie-maroc","tag-art-exposition","tag-culture-berbere","tag-culture-histoire","tag-decouverte-culinaire"],"yoast_head":"<!-- This site is optimized with the Yoast SEO plugin v28.4 - https:\/\/yoast.com\/product\/yoast-seo-wordpress\/ -->\n<title>Expo Les Berb\u00e8res au Maroc : une culture en r\u00e9sistance - un<\/title>\n<meta name=\"description\" content=\"D\u00e9couvrez l&#039;Expo Les Berb\u00e8res au Maroc, une journ\u00e9e culturelle incontournable pour les amoureux de l&#039;histoire et de la culture berb\u00e8re. Explorez les richesses d\" \/>\n<meta name=\"robots\" content=\"index, follow, max-snippet:-1, max-image-preview:large, max-video-preview:-1\" \/>\n<link rel=\"canonical\" href=\"https:\/\/monmaghreb.com\/index.php\/2026\/09\/04\/expo-les-berberes-au-maroc-une-culture-en-resistance-un-voyage-culturel-incontournable\/\" \/>\n<meta property=\"og:locale\" content=\"en_US\" \/>\n<meta property=\"og:type\" content=\"article\" \/>\n<meta property=\"og:title\" content=\"Expo Les Berb\u00e8res au Maroc : une culture en r\u00e9sistance - un voyage culturel incontournable\" \/>\n<meta property=\"og:description\" content=\"D\u00e9couvrez l&#039;Expo Les Berb\u00e8res au Maroc, une journ\u00e9e culturelle incontournable pour les amoureux de l&#039;histoire et de la culture berb\u00e8re. Explorez les richesses d\" \/>\n<meta property=\"og:url\" content=\"https:\/\/monmaghreb.com\/index.php\/2026\/09\/04\/expo-les-berberes-au-maroc-une-culture-en-resistance-un-voyage-culturel-incontournable\/\" \/>\n<meta property=\"og:site_name\" content=\"Mon Maghreb\" \/>\n<meta property=\"article:author\" content=\"https:\/\/www.facebook.com\/monmaghrebcom\" \/>\n<meta property=\"article:published_time\" content=\"2026-09-04T17:05:01+00:00\" \/>\n<meta property=\"article:modified_time\" content=\"2026-09-04T17:05:12+00:00\" \/>\n<meta property=\"og:image\" content=\"https:\/\/monmaghreb.com\/wp-content\/uploads\/2026\/09\/featured-46.jpg\" \/>\n\t<meta property=\"og:image:width\" content=\"1880\" \/>\n\t<meta property=\"og:image:height\" content=\"1175\" \/>\n\t<meta property=\"og:image:type\" content=\"image\/jpeg\" \/>\n<meta name=\"author\" content=\"LaMagh\" \/>\n<meta name=\"twitter:card\" content=\"summary_large_image\" \/>\n<meta name=\"twitter:creator\" content=\"@MMaghreb50977\" \/>\n<meta name=\"twitter:label1\" content=\"Written by\" \/>\n\t<meta name=\"twitter:data1\" content=\"LaMagh\" \/>\n\t<meta name=\"twitter:label2\" content=\"Est. reading time\" \/>\n\t<meta name=\"twitter:data2\" content=\"5 minutes\" \/>\n<script type=\"application\/ld+json\" class=\"yoast-schema-graph\">{\"@context\":\"https:\\\/\\\/schema.org\",\"@graph\":[{\"@type\":\"Article\",\"@id\":\"https:\\\/\\\/monmaghreb.com\\\/index.php\\\/2026\\\/09\\\/04\\\/expo-les-berberes-au-maroc-une-culture-en-resistance-un-voyage-culturel-incontournable\\\/#article\",\"isPartOf\":{\"@id\":\"https:\\\/\\\/monmaghreb.com\\\/index.php\\\/2026\\\/09\\\/04\\\/expo-les-berberes-au-maroc-une-culture-en-resistance-un-voyage-culturel-incontournable\\\/\"},\"author\":{\"name\":\"LaMagh\",\"@id\":\"http:\\\/\\\/monmaghreb.com\\\/#\\\/schema\\\/person\\\/c469a89dc8c6b8987dcb438b1200d054\"},\"headline\":\"Expo Les Berb\u00e8res au Maroc : une culture en r\u00e9sistance &#8211; un voyage culturel incontournable\",\"datePublished\":\"2026-09-04T17:05:01+00:00\",\"dateModified\":\"2026-09-04T17:05:12+00:00\",\"mainEntityOfPage\":{\"@id\":\"https:\\\/\\\/monmaghreb.com\\\/index.php\\\/2026\\\/09\\\/04\\\/expo-les-berberes-au-maroc-une-culture-en-resistance-un-voyage-culturel-incontournable\\\/\"},\"wordCount\":962,\"publisher\":{\"@id\":\"http:\\\/\\\/monmaghreb.com\\\/#organization\"},\"image\":{\"@id\":\"https:\\\/\\\/monmaghreb.com\\\/index.php\\\/2026\\\/09\\\/04\\\/expo-les-berberes-au-maroc-une-culture-en-resistance-un-voyage-culturel-incontournable\\\/#primaryimage\"},\"thumbnailUrl\":\"https:\\\/\\\/monmaghreb.com\\\/wp-content\\\/uploads\\\/2026\\\/09\\\/featured-46.jpg\",\"keywords\":[\"accords alg\u00e9rie maroc\",\"art exposition\",\"Culture berb\u00e8re\",\"culture histoire\",\"d\u00e9couverte culinaire\"],\"articleSection\":[\"Histoire &amp; Patrimoine\"],\"inLanguage\":\"en-US\"},{\"@type\":\"WebPage\",\"@id\":\"https:\\\/\\\/monmaghreb.com\\\/index.php\\\/2026\\\/09\\\/04\\\/expo-les-berberes-au-maroc-une-culture-en-resistance-un-voyage-culturel-incontournable\\\/\",\"url\":\"https:\\\/\\\/monmaghreb.com\\\/index.php\\\/2026\\\/09\\\/04\\\/expo-les-berberes-au-maroc-une-culture-en-resistance-un-voyage-culturel-incontournable\\\/\",\"name\":\"Expo Les Berb\u00e8res au Maroc : une culture en r\u00e9sistance - un\",\"isPartOf\":{\"@id\":\"http:\\\/\\\/monmaghreb.com\\\/#website\"},\"primaryImageOfPage\":{\"@id\":\"https:\\\/\\\/monmaghreb.com\\\/index.php\\\/2026\\\/09\\\/04\\\/expo-les-berberes-au-maroc-une-culture-en-resistance-un-voyage-culturel-incontournable\\\/#primaryimage\"},\"image\":{\"@id\":\"https:\\\/\\\/monmaghreb.com\\\/index.php\\\/2026\\\/09\\\/04\\\/expo-les-berberes-au-maroc-une-culture-en-resistance-un-voyage-culturel-incontournable\\\/#primaryimage\"},\"thumbnailUrl\":\"https:\\\/\\\/monmaghreb.com\\\/wp-content\\\/uploads\\\/2026\\\/09\\\/featured-46.jpg\",\"datePublished\":\"2026-09-04T17:05:01+00:00\",\"dateModified\":\"2026-09-04T17:05:12+00:00\",\"description\":\"D\u00e9couvrez l'Expo Les Berb\u00e8res au Maroc, une journ\u00e9e culturelle incontournable pour les amoureux de l'histoire et de la culture berb\u00e8re. Explorez les richesses d\",\"breadcrumb\":{\"@id\":\"https:\\\/\\\/monmaghreb.com\\\/index.php\\\/2026\\\/09\\\/04\\\/expo-les-berberes-au-maroc-une-culture-en-resistance-un-voyage-culturel-incontournable\\\/#breadcrumb\"},\"inLanguage\":\"en-US\",\"potentialAction\":[{\"@type\":\"ReadAction\",\"target\":[\"https:\\\/\\\/monmaghreb.com\\\/index.php\\\/2026\\\/09\\\/04\\\/expo-les-berberes-au-maroc-une-culture-en-resistance-un-voyage-culturel-incontournable\\\/\"]}]},{\"@type\":\"ImageObject\",\"inLanguage\":\"en-US\",\"@id\":\"https:\\\/\\\/monmaghreb.com\\\/index.php\\\/2026\\\/09\\\/04\\\/expo-les-berberes-au-maroc-une-culture-en-resistance-un-voyage-culturel-incontournable\\\/#primaryimage\",\"url\":\"https:\\\/\\\/monmaghreb.com\\\/wp-content\\\/uploads\\\/2026\\\/09\\\/featured-46.jpg\",\"contentUrl\":\"https:\\\/\\\/monmaghreb.com\\\/wp-content\\\/uploads\\\/2026\\\/09\\\/featured-46.jpg\",\"width\":1880,\"height\":1175,\"caption\":\"Exposition Les Berb\u00e8res au Maroc - Visiteurs admirant des artefacts culturels berb\u00e8res\"},{\"@type\":\"BreadcrumbList\",\"@id\":\"https:\\\/\\\/monmaghreb.com\\\/index.php\\\/2026\\\/09\\\/04\\\/expo-les-berberes-au-maroc-une-culture-en-resistance-un-voyage-culturel-incontournable\\\/#breadcrumb\",\"itemListElement\":[{\"@type\":\"ListItem\",\"position\":1,\"name\":\"Home\",\"item\":\"http:\\\/\\\/monmaghreb.com\\\/\"},{\"@type\":\"ListItem\",\"position\":2,\"name\":\"Expo Les Berb\u00e8res au Maroc : une culture en r\u00e9sistance &#8211; un voyage culturel incontournable\"}]},{\"@type\":\"WebSite\",\"@id\":\"http:\\\/\\\/monmaghreb.com\\\/#website\",\"url\":\"http:\\\/\\\/monmaghreb.com\\\/\",\"name\":\"Mon Maghreb\",\"description\":\"MonMaghreb United\",\"publisher\":{\"@id\":\"http:\\\/\\\/monmaghreb.com\\\/#organization\"},\"alternateName\":\"Le Monde du Maghreb et au del\u00e0\",\"potentialAction\":[{\"@type\":\"SearchAction\",\"target\":{\"@type\":\"EntryPoint\",\"urlTemplate\":\"http:\\\/\\\/monmaghreb.com\\\/?s={search_term_string}\"},\"query-input\":{\"@type\":\"PropertyValueSpecification\",\"valueRequired\":true,\"valueName\":\"search_term_string\"}}],\"inLanguage\":\"en-US\"},{\"@type\":\"Organization\",\"@id\":\"http:\\\/\\\/monmaghreb.com\\\/#organization\",\"name\":\"Mon Maghreb\",\"url\":\"http:\\\/\\\/monmaghreb.com\\\/\",\"logo\":{\"@type\":\"ImageObject\",\"inLanguage\":\"en-US\",\"@id\":\"http:\\\/\\\/monmaghreb.com\\\/#\\\/schema\\\/logo\\\/image\\\/\",\"url\":\"https:\\\/\\\/monmaghreb.com\\\/wp-content\\\/uploads\\\/2025\\\/12\\\/Mon_Maghreb_Logo.jpg\",\"contentUrl\":\"https:\\\/\\\/monmaghreb.com\\\/wp-content\\\/uploads\\\/2025\\\/12\\\/Mon_Maghreb_Logo.jpg\",\"width\":814,\"height\":374,\"caption\":\"Mon Maghreb\"},\"image\":{\"@id\":\"http:\\\/\\\/monmaghreb.com\\\/#\\\/schema\\\/logo\\\/image\\\/\"}},{\"@type\":\"Person\",\"@id\":\"http:\\\/\\\/monmaghreb.com\\\/#\\\/schema\\\/person\\\/c469a89dc8c6b8987dcb438b1200d054\",\"name\":\"LaMagh\",\"image\":{\"@type\":\"ImageObject\",\"inLanguage\":\"en-US\",\"@id\":\"https:\\\/\\\/secure.gravatar.com\\\/avatar\\\/399d8144bd55fba55e056779aca52fe528bac7911f6449e54d81173d6dfd7f0a?s=96&d=mm&r=g\",\"url\":\"https:\\\/\\\/secure.gravatar.com\\\/avatar\\\/399d8144bd55fba55e056779aca52fe528bac7911f6449e54d81173d6dfd7f0a?s=96&d=mm&r=g\",\"contentUrl\":\"https:\\\/\\\/secure.gravatar.com\\\/avatar\\\/399d8144bd55fba55e056779aca52fe528bac7911f6449e54d81173d6dfd7f0a?s=96&d=mm&r=g\",\"caption\":\"LaMagh\"},\"sameAs\":[\"https:\\\/\\\/monmaghreb.com\",\"https:\\\/\\\/www.facebook.com\\\/monmaghrebcom\",\"https:\\\/\\\/x.com\\\/MMaghreb50977\"],\"url\":\"https:\\\/\\\/monmaghreb.com\\\/index.php\\\/author\\\/lamagh\\\/\"}]}<\/script>\n<!-- \/ Yoast SEO plugin. -->","yoast_head_json":{"title":"Expo Les Berb\u00e8res au Maroc : une culture en r\u00e9sistance - un","description":"D\u00e9couvrez l'Expo Les Berb\u00e8res au Maroc, une journ\u00e9e culturelle incontournable pour les amoureux de l'histoire et de la culture berb\u00e8re. Explorez les richesses d","robots":{"index":"index","follow":"follow","max-snippet":"max-snippet:-1","max-image-preview":"max-image-preview:large","max-video-preview":"max-video-preview:-1"},"canonical":"https:\/\/monmaghreb.com\/index.php\/2026\/09\/04\/expo-les-berberes-au-maroc-une-culture-en-resistance-un-voyage-culturel-incontournable\/","og_locale":"en_US","og_type":"article","og_title":"Expo Les Berb\u00e8res au Maroc : une culture en r\u00e9sistance - un voyage culturel incontournable","og_description":"D\u00e9couvrez l'Expo Les Berb\u00e8res au Maroc, une journ\u00e9e culturelle incontournable pour les amoureux de l'histoire et de la culture berb\u00e8re. Explorez les richesses d","og_url":"https:\/\/monmaghreb.com\/index.php\/2026\/09\/04\/expo-les-berberes-au-maroc-une-culture-en-resistance-un-voyage-culturel-incontournable\/","og_site_name":"Mon Maghreb","article_author":"https:\/\/www.facebook.com\/monmaghrebcom","article_published_time":"2026-09-04T17:05:01+00:00","article_modified_time":"2026-09-04T17:05:12+00:00","og_image":[{"width":1880,"height":1175,"url":"https:\/\/monmaghreb.com\/wp-content\/uploads\/2026\/09\/featured-46.jpg","type":"image\/jpeg"}],"author":"LaMagh","twitter_card":"summary_large_image","twitter_creator":"@MMaghreb50977","twitter_misc":{"Written by":"LaMagh","Est. reading time":"5 minutes"},"schema":{"@context":"https:\/\/schema.org","@graph":[{"@type":"Article","@id":"https:\/\/monmaghreb.com\/index.php\/2026\/09\/04\/expo-les-berberes-au-maroc-une-culture-en-resistance-un-voyage-culturel-incontournable\/#article","isPartOf":{"@id":"https:\/\/monmaghreb.com\/index.php\/2026\/09\/04\/expo-les-berberes-au-maroc-une-culture-en-resistance-un-voyage-culturel-incontournable\/"},"author":{"name":"LaMagh","@id":"http:\/\/monmaghreb.com\/#\/schema\/person\/c469a89dc8c6b8987dcb438b1200d054"},"headline":"Expo Les Berb\u00e8res au Maroc : une culture en r\u00e9sistance &#8211; un voyage culturel incontournable","datePublished":"2026-09-04T17:05:01+00:00","dateModified":"2026-09-04T17:05:12+00:00","mainEntityOfPage":{"@id":"https:\/\/monmaghreb.com\/index.php\/2026\/09\/04\/expo-les-berberes-au-maroc-une-culture-en-resistance-un-voyage-culturel-incontournable\/"},"wordCount":962,"publisher":{"@id":"http:\/\/monmaghreb.com\/#organization"},"image":{"@id":"https:\/\/monmaghreb.com\/index.php\/2026\/09\/04\/expo-les-berberes-au-maroc-une-culture-en-resistance-un-voyage-culturel-incontournable\/#primaryimage"},"thumbnailUrl":"https:\/\/monmaghreb.com\/wp-content\/uploads\/2026\/09\/featured-46.jpg","keywords":["accords alg\u00e9rie maroc","art exposition","Culture berb\u00e8re","culture histoire","d\u00e9couverte culinaire"],"articleSection":["Histoire &amp; Patrimoine"],"inLanguage":"en-US"},{"@type":"WebPage","@id":"https:\/\/monmaghreb.com\/index.php\/2026\/09\/04\/expo-les-berberes-au-maroc-une-culture-en-resistance-un-voyage-culturel-incontournable\/","url":"https:\/\/monmaghreb.com\/index.php\/2026\/09\/04\/expo-les-berberes-au-maroc-une-culture-en-resistance-un-voyage-culturel-incontournable\/","name":"Expo Les Berb\u00e8res au Maroc : une culture en r\u00e9sistance - un","isPartOf":{"@id":"http:\/\/monmaghreb.com\/#website"},"primaryImageOfPage":{"@id":"https:\/\/monmaghreb.com\/index.php\/2026\/09\/04\/expo-les-berberes-au-maroc-une-culture-en-resistance-un-voyage-culturel-incontournable\/#primaryimage"},"image":{"@id":"https:\/\/monmaghreb.com\/index.php\/2026\/09\/04\/expo-les-berberes-au-maroc-une-culture-en-resistance-un-voyage-culturel-incontournable\/#primaryimage"},"thumbnailUrl":"https:\/\/monmaghreb.com\/wp-content\/uploads\/2026\/09\/featured-46.jpg","datePublished":"2026-09-04T17:05:01+00:00","dateModified":"2026-09-04T17:05:12+00:00","description":"D\u00e9couvrez l'Expo Les Berb\u00e8res au Maroc, une journ\u00e9e culturelle incontournable pour les amoureux de l'histoire et de la culture berb\u00e8re. Explorez les richesses d","breadcrumb":{"@id":"https:\/\/monmaghreb.com\/index.php\/2026\/09\/04\/expo-les-berberes-au-maroc-une-culture-en-resistance-un-voyage-culturel-incontournable\/#breadcrumb"},"inLanguage":"en-US","potentialAction":[{"@type":"ReadAction","target":["https:\/\/monmaghreb.com\/index.php\/2026\/09\/04\/expo-les-berberes-au-maroc-une-culture-en-resistance-un-voyage-culturel-incontournable\/"]}]},{"@type":"ImageObject","inLanguage":"en-US","@id":"https:\/\/monmaghreb.com\/index.php\/2026\/09\/04\/expo-les-berberes-au-maroc-une-culture-en-resistance-un-voyage-culturel-incontournable\/#primaryimage","url":"https:\/\/monmaghreb.com\/wp-content\/uploads\/2026\/09\/featured-46.jpg","contentUrl":"https:\/\/monmaghreb.com\/wp-content\/uploads\/2026\/09\/featured-46.jpg","width":1880,"height":1175,"caption":"Exposition Les Berb\u00e8res au Maroc - Visiteurs admirant des artefacts culturels berb\u00e8res"},{"@type":"BreadcrumbList","@id":"https:\/\/monmaghreb.com\/index.php\/2026\/09\/04\/expo-les-berberes-au-maroc-une-culture-en-resistance-un-voyage-culturel-incontournable\/#breadcrumb","itemListElement":[{"@type":"ListItem","position":1,"name":"Home","item":"http:\/\/monmaghreb.com\/"},{"@type":"ListItem","position":2,"name":"Expo Les Berb\u00e8res au Maroc : une culture en r\u00e9sistance &#8211; un voyage culturel incontournable"}]},{"@type":"WebSite","@id":"http:\/\/monmaghreb.com\/#website","url":"http:\/\/monmaghreb.com\/","name":"Mon Maghreb","description":"MonMaghreb United","publisher":{"@id":"http:\/\/monmaghreb.com\/#organization"},"alternateName":"Le Monde du Maghreb et au del\u00e0","potentialAction":[{"@type":"SearchAction","target":{"@type":"EntryPoint","urlTemplate":"http:\/\/monmaghreb.com\/?s={search_term_string}"},"query-input":{"@type":"PropertyValueSpecification","valueRequired":true,"valueName":"search_term_string"}}],"inLanguage":"en-US"},{"@type":"Organization","@id":"http:\/\/monmaghreb.com\/#organization","name":"Mon Maghreb","url":"http:\/\/monmaghreb.com\/","logo":{"@type":"ImageObject","inLanguage":"en-US","@id":"http:\/\/monmaghreb.com\/#\/schema\/logo\/image\/","url":"https:\/\/monmaghreb.com\/wp-content\/uploads\/2025\/12\/Mon_Maghreb_Logo.jpg","contentUrl":"https:\/\/monmaghreb.com\/wp-content\/uploads\/2025\/12\/Mon_Maghreb_Logo.jpg","width":814,"height":374,"caption":"Mon Maghreb"},"image":{"@id":"http:\/\/monmaghreb.com\/#\/schema\/logo\/image\/"}},{"@type":"Person","@id":"http:\/\/monmaghreb.com\/#\/schema\/person\/c469a89dc8c6b8987dcb438b1200d054","name":"LaMagh","image":{"@type":"ImageObject","inLanguage":"en-US","@id":"https:\/\/secure.gravatar.com\/avatar\/399d8144bd55fba55e056779aca52fe528bac7911f6449e54d81173d6dfd7f0a?s=96&d=mm&r=g","url":"https:\/\/secure.gravatar.com\/avatar\/399d8144bd55fba55e056779aca52fe528bac7911f6449e54d81173d6dfd7f0a?s=96&d=mm&r=g","contentUrl":"https:\/\/secure.gravatar.com\/avatar\/399d8144bd55fba55e056779aca52fe528bac7911f6449e54d81173d6dfd7f0a?s=96&d=mm&r=g","caption":"LaMagh"},"sameAs":["https:\/\/monmaghreb.com","https:\/\/www.facebook.com\/monmaghrebcom","https:\/\/x.com\/MMaghreb50977"],"url":"https:\/\/monmaghreb.com\/index.php\/author\/lamagh\/"}]}},"_links":{"self":[{"href":"https:\/\/monmaghreb.com\/index.php\/wp-json\/wp\/v2\/posts\/9626","targetHints":{"allow":["GET"]}}],"collection":[{"href":"https:\/\/monmaghreb.com\/index.php\/wp-json\/wp\/v2\/posts"}],"about":[{"href":"https:\/\/monmaghreb.com\/index.php\/wp-json\/wp\/v2\/types\/post"}],"author":[{"embeddable":true,"href":"https:\/\/monmaghreb.com\/index.php\/wp-json\/wp\/v2\/users\/1"}],"replies":[{"embeddable":true,"href":"https:\/\/monmaghreb.com\/index.php\/wp-json\/wp\/v2\/comments?post=9626"}],"version-history":[{"count":1,"href":"https:\/\/monmaghreb.com\/index.php\/wp-json\/wp\/v2\/posts\/9626\/revisions"}],"predecessor-version":[{"id":9627,"href":"https:\/\/monmaghreb.com\/index.php\/wp-json\/wp\/v2\/posts\/9626\/revisions\/9627"}],"wp:featuredmedia":[{"embeddable":true,"href":"https:\/\/monmaghreb.com\/index.php\/wp-json\/wp\/v2\/media\/9625"}],"wp:attachment":[{"href":"https:\/\/monmaghreb.com\/index.php\/wp-json\/wp\/v2\/media?parent=9626"}],"wp:term":[{"taxonomy":"category","embeddable":true,"href":"https:\/\/monmaghreb.com\/index.php\/wp-json\/wp\/v2\/categories?post=9626"},{"taxonomy":"post_tag","embeddable":true,"href":"https:\/\/monmaghreb.com\/index.php\/wp-json\/wp\/v2\/tags?post=9626"}],"curies":[{"name":"wp","href":"https:\/\/api.w.org\/{rel}","templated":true}]}}