
{"id":9641,"date":"2026-09-04T19:58:31","date_gmt":"2026-09-04T19:58:31","guid":{"rendered":"https:\/\/monmaghreb.com\/index.php\/2026\/09\/04\/careme-et-ramadan-cuisine-commune-des-chretiens-et-des-musulmans-des-recettes-pour-tous\/"},"modified":"2026-09-04T19:58:45","modified_gmt":"2026-09-04T19:58:45","slug":"careme-et-ramadan-cuisine-commune-des-chretiens-et-des-musulmans-des-recettes-pour-tous","status":"publish","type":"post","link":"https:\/\/monmaghreb.com\/index.php\/2026\/09\/04\/careme-et-ramadan-cuisine-commune-des-chretiens-et-des-musulmans-des-recettes-pour-tous\/","title":{"rendered":"Car\u00eame et Ramadan : cuisine commune des chr\u00e9tiens et des musulmans &#8211; des recettes pour tous"},"content":{"rendered":"<p>Here is the revised article:<\/p>\n<p><script type=\"application\/ld+json\">\n{\n  \"@context\": \"https:\/\/schema.org\/\",\n  \"@type\": \"Recipe\",\n  \"name\": \"Car\u00eame et Ramadan : cuisine commune des chr\u00e9tiens et des musulmans - des <a href=\"https:\/\/monmaghreb.com\/index.php\/2026\/09\/04\/50-recettes-pour-le-ftour-ce-ramadan-2026-degustez-les-meilleures-specialites-maghrebines\/\" title=\"50 recettes pour le ftour ce Ramadan 2026 &#8211; d\u00e9gustez les meilleures sp\u00e9cialit\u00e9s maghr\u00e9bines\">recettes<\/a> pour tous\",\n  \"description\": \"Cet article pr\u00e9sente des recettes combinant les traditions culinaires des chr\u00e9tiens et des musulmans, avec des liens historiques et des ingr\u00e9dients accessibles aux cuisini\u00e8res et cuisiniers de tous niveaux.\",\n  \"prepTime\": \"PT15M\",\n  \"cookTime\": \"PT30M\",\n  \"totalTime\": \"PT45M\",\n  \"recipeYield\": \"6 \u00e0 8 personnes\",\n  \"recipeIngredient\": [\n    {\n      \"name\": \"Ingr\u00e9dients pour les courgettes farcies \u00e0 la viande mijoteuse\",\n      \"ingredients\": [\n        \"6 courgettes \u2014 moyennes et rigides\",\n        \"1 kg de viande de b\u0153uf en morceaux\",\n        \"4 oignons \u2014 r\u00e2p\u00e9s ou hach\u00e9s\",\n        \"3 gousses d'ail \u2014 finement \u00e9minc\u00e9es\",\n        \"30 g de gingembre en poudre\",\n        \"20 g de safran \u2014 dissous dans 200 ml d'eau ti\u00e8de\",\n        \"3 cuill\u00e8res \u00e0 soupe d'huile d'olive\",\n        \"2 cuill\u00e8res \u00e0 soupe de tomate concass\u00e9e\",\n        \"2 cuill\u00e8res \u00e0 caf\u00e9 de cumin\",\n        \"1 cuill\u00e8re \u00e0 caf\u00e9 de paprika\",\n        \"Sel et poivre noir\",\n        \"\u00c9pices aromatiques\"\n      ]\n    },\n    {\n      \"name\": \"Ingr\u00e9dients pour les p\u00e2tes au safran et aux noisettes\",\n      \"ingredients\": [\n        \"500 g de p\u00e2tes \u2014 spaghettis ou pappardelles\",\n        \"30 g de safran \u2014 dissous dans 200 ml d'eau ti\u00e8de\",\n        \"1 cuill\u00e8re \u00e0 soupe d'huile d'olive\",\n        \"2 cuill\u00e8res \u00e0 soupe de sucre\",\n        \"200 g de noisettes\",\n        \"Sel et poivre noir\"\n      ]\n    }\n  ],\n  \"recipeInstructions\": [\n    {\n      \"@type\": \"HowToStep\",\n      \"text\": {\n        \"name\": \"\u00c9tape 1: Pr\u00e9paration des courgettes\",\n        \"instructions\": \"Coupez les courgettes en deux longues et creusez-les avec un couteau pour enlever la chair. M\u00e9langez les \u00e9pices aromatiques avec le gingembre, l'ail et les oignons, puis assaisonnez-les avec du sel et du poivre noir. Enfournez les courgettes dans un plat \u00e0 four et farcitez-les avec la pr\u00e9paration. Enfournez au four \u00e0 200\u00b0C pendant 30 minutes.\"\n      }\n    },\n    {\n      \"@type\": \"HowToStep\",\n      \"text\": {\n        \"name\": \"\u00c9tape 2: Pr\u00e9paration de la viande mijoteuse\",\n        \"instructions\": \"Faites cuire la viande dans une casserole avec l'huile d'olive, la tomate concass\u00e9e et l'eau ti\u00e8de dissout avec le safran. Ajoutez le m\u00e9lange d'\u00e9pices aromatiques et laissez mijoter pendant 15 minutes.\"\n      }\n    },\n    {\n      \"@type\": \"HowToStep\",\n      \"text\": {\n        \"name\": \"\u00c9tape 3: Pr\u00e9paration des p\u00e2tes au safran et aux noisettes\",\n        \"instructions\": \"Faites cuire les p\u00e2tes selon les indications sur le paquet. M\u00e9langez l'huile d'olive, le sucre et le safran dans une po\u00eale, puis ajoutez les noisettes et les p\u00e2tes cuites. M\u00e9langez bien et servez.\"\n      }\n    }\n  ],\n  \"recipeCategory\": \"Main Course\",\n  \"recipeCuisine\": \"Marocaine\",\n  \"keywords\": [\n    \"recette\",\n    \"maghreb\",\n    \"cuisine commune\",\n    \"chr\u00e9tiens\",\n    \"musulmans\"\n  ],\n  \"datePublished\": \"2026-09-04\",\n  \"author\": {\n    \"@type\": \"Organization\",\n    \"name\": \"\"\n  }\n}\n<\/script><\/p>\n<p>Le Maroc, l&#8217;Alg\u00e9rie et la Tunisie sont des pays riches d&#8217;une culture culinaire unique qui se transmet de g\u00e9n\u00e9ration en g\u00e9n\u00e9ration. La semaine de P\u00e2ques et le mois de Ramadan sont deux moments forts dans l&#8217;ann\u00e9e o\u00f9 les foyers s&#8217;ouvrent aux convives pour des repas riches et savoureux. Cette ann\u00e9e, d\u00e9couvrez notre s\u00e9lection de recettes qui m\u00ealent les traditions des chr\u00e9tiens et des musulmans pour un moment de convivialit\u00e9 et d&#8217;entente.<\/p>\n<h2>Histoire et origines<\/h2>\n<p>Les liens entre la cuisine chr\u00e9tienne et musulmane sont \u00e9troits, notamment en Alg\u00e9rie et au Maroc, o\u00f9 les populations ont partag\u00e9 leur pass\u00e9 historique, leur culture et leur religion. Au cours des si\u00e8cles, les recettes se sont \u00e9chang\u00e9es et ont \u00e9t\u00e9 m\u00eal\u00e9es pour former une cuisine maghr\u00e9bine riche et diversifi\u00e9e. Pour les chr\u00e9tiens, le car\u00eame est un moment pour se souvenir de la faim et de la privation, tandis que pour les musulmans, le Ramadan est un mois pour se laver du p\u00e9ch\u00e9 et se rapprocher de Dieu. Ces deux moments forts ont inspir\u00e9 nos recettes, qui combinent les traditions de chaque communaut\u00e9 pour cr\u00e9er des plats d\u00e9licieux et uniques.<\/p>\n<h2>Ingr\u00e9dients pour 6 \u00e0 8 personnes<\/h2>\n<p>Pour cet article, nous avons s\u00e9lectionn\u00e9 des recettes qui sont accessibles aux cuisini\u00e8res et cuisiniers de tous niveaux. Voici les ingr\u00e9dients pour chaque recette :<\/p>\n<h3>Courgettes farcies \u00e0 la viande mijoteuse<\/h3>\n<ul>\n<li><b>6 courgettes<\/b> \u2014 moyennes et rigides, que vous pouvez acheter \u00e0 votre \u00e9picerie locale ou les cultiver vous-m\u00eame si vous avez un jardin.<\/li>\n<li><b>1 kg de viande de b\u0153uf en morceaux<\/b> \u2014 vous pouvez utiliser d&#8217;autres types de viande, tels que le poulet ou le mouton, si vous pr\u00e9f\u00e9rez.<\/li>\n<li><b>4 oignons<\/b> \u2014 r\u00e2p\u00e9s, que vous pouvez \u00e9plucher et hacher finement pour une consistance plus homog\u00e8ne.<\/li>\n<li><b>3 gousses d&#8217;ail<\/b> \u2014 finement \u00e9minc\u00e9es, pour ajouter une profondeur de go\u00fbt \u00e0 vos courgettes.<\/li>\n<li><b>30 g de gingembre en poudre<\/b> \u2014 que vous pouvez trouver dans les \u00e9piciers sp\u00e9cialis\u00e9s ou les supermarch\u00e9s.<\/li>\n<li><b>20 g de safran<\/b> \u2014 dissous dans 200 ml d&#8217;eau ti\u00e8de, pour donner un joli jaune \u00e0 vos courgettes.<\/li>\n<li><b>3 cuill\u00e8res \u00e0 soupe d&#8217;huile d&#8217;olive<\/b> \u2014 que vous pouvez substituer \u00e0 d&#8217;autres huiles v\u00e9g\u00e9tales si vous pr\u00e9f\u00e9rez.<\/li>\n<li><b>2 cuill\u00e8res \u00e0 soupe de tomate concass\u00e9e<\/b> \u2014 que vous pouvez substituer \u00e0 d&#8217;autres tomates fra\u00eeches ou \u00e9cras\u00e9es si vous pr\u00e9f\u00e9rez.<\/li>\n<li><b>2 cuill\u00e8res \u00e0 caf\u00e9 de cumin<\/b> \u2014 que vous pouvez substituer \u00e0 d&#8217;autres \u00e9pices aromatiques si vous pr\u00e9f\u00e9rez.<\/li>\n<li><b>1 cuill\u00e8re \u00e0 caf\u00e9 de paprika<\/b> \u2014 que vous pouvez substituer \u00e0 d&#8217;autres \u00e9pices aromatiques si vous pr\u00e9f\u00e9rez.<\/li>\n<li><b>Sel et poivre noir<\/b> \u2014 selon le go\u00fbt, que vous pouvez ajuster en fonction de vos pr\u00e9f\u00e9rences personnelles.<\/li>\n<li><b>\u00c9pices aromatiques<\/b> \u2014 selon les go\u00fbts et pr\u00e9f\u00e9rences, que vous pouvez ajuster en fonction de vos pr\u00e9f\u00e9rences personnelles.<\/li>\n<\/ul>\n<h3>P\u00e2tes au safran et aux noisettes<\/h3>\n<ul>\n<li><b>500 g de p\u00e2tes<\/b> \u2014 spaghettis ou pappardelles, que vous pouvez acheter \u00e0 votre \u00e9picerie locale ou les cultiver vous-m\u00eame si vous avez un jardin.<\/li>\n<li><b>30 g de safran<\/b> \u2014 dissous dans 200 ml d&#8217;eau ti\u00e8de, pour donner un joli jaune \u00e0 vos p\u00e2tes.<\/li>\n<li><b>1 cuill\u00e8re \u00e0 soupe d&#8217;huile d&#8217;olive<\/b> \u2014 que vous pouvez substituer \u00e0 d&#8217;autres huiles v\u00e9g\u00e9tales si vous pr\u00e9f\u00e9rez.<\/li>\n<li><b>1 cuill\u00e8re \u00e0 soupe de sel<\/b> \u2014 selon le go\u00fbt, que vous pouvez ajuster en fonction de vos pr\u00e9f\u00e9rences personnelles.<\/li>\n<li><b>300 g de noisettes<\/b> \u2014 effil\u00e9es, que vous pouvez acheter \u00e0 votre \u00e9picerie locale ou les cultiver vous-m\u00eame si vous avez un jardin.<\/li>\n<li><b>1 cuill\u00e8re \u00e0 soupe de paprika<\/b> \u2014 que vous pouvez substituer \u00e0 d&#8217;autres \u00e9pices aromatiques si vous pr\u00e9f\u00e9rez.<\/li>\n<li><b>\u00c9pices aromatiques<\/b> \u2014 selon les go\u00fbts et pr\u00e9f\u00e9rences, que vous pouvez ajuster en fonction de vos pr\u00e9f\u00e9rences personnelles.<\/li>\n<\/ul>\n<h3>Soupe de lentilles marocaine<\/h3>\n<ul>\n<li><b>500 g de lentilles vertes<\/b> \u2014 que vous pouvez acheter \u00e0 votre \u00e9picerie locale ou les cultiver vous-m\u00eame si vous avez un jardin.<\/li>\n<li><b>4 oignons<\/b> \u2014 finement hach\u00e9s, que vous pouvez \u00e9plucher et hacher finement pour une consistance plus homog\u00e8ne.<\/li>\n<li><b>3 gousses d&#8217;ail<\/b> \u2014 finement \u00e9minc\u00e9es, pour ajouter une profondeur de go\u00fbt \u00e0 votre soupe.<\/li>\n<li><b>2 cuill\u00e8res \u00e0 soupe d&#8217;huile d&#8217;olive<\/b> \u2014 que vous pouvez substituer \u00e0 d&#8217;autres huiles v\u00e9g\u00e9tales si vous pr\u00e9f\u00e9rez.<\/li>\n<li><b>1 cuill\u00e8re \u00e0 caf\u00e9 de cumin<\/b> \u2014 que vous pouvez substituer \u00e0 d&#8217;autres \u00e9pices aromatiques si vous pr\u00e9f\u00e9rez.<\/li>\n<li><b>1 cuill\u00e8re \u00e0 caf\u00e9 de curcuma<\/b> \u2014 que vous pouvez substituer \u00e0 d&#8217;autres \u00e9pices aromatiques si vous pr\u00e9f\u00e9rez.<\/li>\n<li><b>1 cuill\u00e8re \u00e0 soupe de sel<\/b> \u2014 selon le go\u00fbt, que vous pouvez ajuster en fonction de vos pr\u00e9f\u00e9rences personnelles.<\/li>\n<li><b>1 cuill\u00e8re \u00e0 soupe de paprika<\/b> \u2014 que vous pouvez substituer \u00e0 d&#8217;autres \u00e9pices aromatiques si vous pr\u00e9f\u00e9rez.<\/li>\n<li><b>4 cuill\u00e8res \u00e0 soupe de l&#8217;eau ti\u00e8de<\/b> \u2014 que vous pouvez ajuster en fonction de vos pr\u00e9f\u00e9rences personnelles.<\/li>\n<\/ul>\n<h2>Pr\u00e9paration \u00e9tape par \u00e9tape<\/h2>\n<p>Temps de pr\u00e9paration : 30 minutes \u00e0 1 heure | Temps de cuisson : 1 \u00e0 2 heures | Difficult\u00e9 : Facile \u00e0 moyen<\/p>\n<div style=\"background:#f8f9fa;border-left:4px solid #0066cc;border-radius:6px;padding:20px 24px;margin:32px 0;\">\n<p style=\"font-size:13px;color:#888;text-transform:uppercase;letter-spacing:0.8px;margin:0 0 6px 0;\">Vous pourriez aussi aimer<\/p>\n<h3 style=\"font-size:18px;margin:0 0 14px 0;color:#222;\">Articles similaires<\/h3>\n<ul style=\"margin:0;padding-left:20px;list-style:disc;\">\n<li style=\"margin-bottom:10px;\"><a href=\"https:\/\/monmaghreb.com\/index.php\/2026\/09\/04\/50-recettes-pour-le-ftour-ce-ramadan-2026-degustez-les-meilleures-specialites-maghrebines\/\" style=\"color:#0066cc;text-decoration:none;font-weight:500;\" title=\"50 recettes pour le ftour ce Ramadan 2026 &#8211; d\u00e9gustez les meilleures sp\u00e9cialit\u00e9s maghr\u00e9bines\">50 recettes pour le ftour ce Ramadan 2026 &#8211; d\u00e9gustez les meilleures sp\u00e9cialit\u00e9s maghr\u00e9bines<\/a><\/li>\n<li style=\"margin-bottom:10px;\"><a href=\"https:\/\/monmaghreb.com\/index.php\/2026\/09\/04\/43-recettes-de-desserts-et-patisseries-a-preparer-pendant-le-ramadan-des-recettes-traditionnelles-et-modernes\/\" style=\"color:#0066cc;text-decoration:none;font-weight:500;\" title=\"43 recettes de desserts et p\u00e2tisseries \u00e0 pr\u00e9parer pendant le Ramadan : des recettes traditionnelles et modernes\">43 recettes de desserts et p\u00e2tisseries \u00e0 pr\u00e9parer pendant le Ramadan : des recettes traditionnelles et modernes<\/a><\/li>\n<li style=\"margin-bottom:10px;\"><a href=\"https:\/\/monmaghreb.com\/index.php\/2026\/08\/31\/fin-du-ramadan-2026-10-recettes-de-couscous-maghrebines-a-essayer\/\" style=\"color:#0066cc;text-decoration:none;font-weight:500;\" title=\"Fin du Ramadan 2026 : 10 recettes de couscous maghr\u00e9bines \u00e0 essayer\">Fin du Ramadan 2026 : 10 recettes de couscous maghr\u00e9bines \u00e0 essayer<\/a><\/li>\n<li style=\"margin-bottom:10px;\"><a href=\"https:\/\/monmaghreb.com\/index.php\/2026\/08\/31\/100-recettes-maghrebines-pour-les-10-derniers-jours-de-ramadan-2026-un-guide-complet-pour-les-lecteurs-maghrebins-de-la-diaspora\/\" style=\"color:#0066cc;text-decoration:none;font-weight:500;\" title=\"100 recettes maghr\u00e9bines pour les 10 derniers jours de Ramadan 2026 : un guide complet pour les lecteurs maghr\u00e9bins de la diaspora\">100 recettes maghr\u00e9bines pour les 10 derniers jours de Ramadan 2026 : un guide complet pour les lecteurs maghr\u00e9bins de la diaspora<\/a><\/li>\n<li style=\"margin-bottom:10px;\"><a href=\"https:\/\/monmaghreb.com\/index.php\/2026\/08\/30\/fin-du-ramadan-2026-ces-10-recettes-de-couscous-vont-regaler-toute-la-tablee-sans-exception\/\" style=\"color:#0066cc;text-decoration:none;font-weight:500;\" title=\"Fin du Ramadan 2026 : ces 10 recettes de couscous vont r\u00e9galer toute la tabl\u00e9e sans exception\">Fin du Ramadan 2026 : ces 10 recettes de couscous vont r\u00e9galer toute la tabl\u00e9e sans exception<\/a><\/li>\n<\/ul>\n<\/div>\n<h3>Courgettes farcies \u00e0 la viande mijoteuse<\/h3>\n<ol>\n<li><b>Pr\u00e9parez la viande mijoteuse<\/b> : dans une grande casserole, faites chauffer l&#8217;huile d&#8217;olive. Ajoutez les oignons et l&#8217;ail et faites revenir 5 minutes en remuant. Ajoutez les morceaux de viande et faites-les dorer 5 minutes en remuant. Ajoutez le gingembre, le safran, le cumin, le paprika et le sel. Laissez mijoter \u00e0 feu doux pendant 1 heure, en remuant r\u00e9guli\u00e8rement.<\/li>\n<li><b>Pr\u00e9parez les courgettes<\/b> : coupez les courgettes en deux et retirez le coeur. Enlevez la chair du coeur et coupez-la en petits cubes. Retrouvez les courgettes dans leur coeur et placez-les dans une grande casserole d&#8217;eau bouillante pendant 5 minutes. Enl\u00e8vez-les de l&#8217;eau et mettez-les \u00e0 refroidir. Faites-les sauter dans l&#8217;huile d&#8217;olive dans une grande casserole.<\/li>\n<li><b>Mettez les courgettes \u00e0 farcir<\/b> : lorsque les courgettes sont froides, remplissez-les de la viande mijoteuse. R\u00e9servez.<\/li>\n<li><b>Faites dorer les courgettes farcies<\/b> : dans votre tajine ou une cocotte \u00e0 fond \u00e9pais, faites chauffer l&#8217;huile d&#8217;olive \u00e0 feu moyen-vif. D\u00e9posez les courgettes farcies c\u00f4t\u00e9 peau vers le bas. Faites-les dorer 5 \u00e0 7 minutes en remuant, jusqu&#8217;\u00e0 ce que la peau soit bien color\u00e9e et l\u00e9g\u00e8rement croustillante.<\/li>\n<li><b>Servir<\/b> : une fois les courgettes cuites, servez-les chaud, accompagn\u00e9es de votre choix de l\u00e9gumes ou de grains.<\/li>\n<\/ol>\n<h3>P\u00e2tes au safran et aux noisettes<\/h3>\n<ol>\n<li><b>Pr\u00e9parez les p\u00e2tes<\/b> : faites cuire les p\u00e2tes selon les instructions du fabricant. \u00c9gouttez-les et laissez-les refroidir.<\/li>\n<li><b>Mettez les p\u00e2tes au safran<\/b> : dans une grande casserole, faites chauffer l&#8217;huile d&#8217;olive. Ajoutez les p\u00e2tes, le safran, le sel et le paprika. Laissez mijoter \u00e0 feu doux pendant 5 minutes, en remuant r\u00e9guli\u00e8rement.<\/li>\n<li><b>Mettez les noisettes<\/b> : ajoutez les noisettes effil\u00e9es et laissez-les cuites pendant 2 minutes, en remuant r\u00e9guli\u00e8rement.<\/li>\n<li><b>Servir<\/b> : une fois les p\u00e2tes cuites, servez-les chaud, accompagn\u00e9es de votre choix de l\u00e9gumes ou de grains.<\/li>\n<\/ol>\n<h3>Soupe de lentilles marocaine<\/h3>\n<ol>\n<li><b>Pr\u00e9parez la soupe<\/b> : dans une grande casserole, faites chauffer l&#8217;huile d&#8217;olive. Ajoutez les oignons et l&#8217;ail et faites revenir 5 minutes en remuant. Ajoutez les lentilles, le cumin, le curcuma, le sel et le paprika. Laissez mijoter \u00e0 feu doux pendant 1 heure, en remuant r\u00e9guli\u00e8rement.<\/li>\n<li><b>Servir<\/b> : une fois la soupe cuite, servez-la chaud, accompagn\u00e9e de votre choix de l\u00e9gumes ou de grains.<\/li>\n<\/ol>\n","protected":false},"excerpt":{"rendered":"<p>M\u00ealons les traditions des chr\u00e9tiens et des musulmans pour un repas de P\u00e2ques et de Ramadan uniques. D\u00e9couvrez notre s\u00e9lection de recettes.<\/p>\n","protected":false},"author":1,"featured_media":9640,"comment_status":"closed","ping_status":"open","sticky":false,"template":"","format":"standard","meta":{"_yoast_wpseo_canonical":"","_yoast_wpseo_opengraph-title":"Car\u00eame et Ramadan : cuisine commune des chr\u00e9tiens et des musulmans - des recettes pour tous","_yoast_wpseo_opengraph-description":"M\u00ealons les traditions des chr\u00e9tiens et des musulmans pour un repas de P\u00e2ques et de Ramadan uniques. D\u00e9couvrez notre s\u00e9lection de recettes.","_yoast_wpseo_opengraph-image":"","tdm_status":"","tdm_grid_status":"","footnotes":""},"categories":[651],"tags":[4542,72,564,8,5266,5265],"class_list":["post-9641","post","type-post","status-publish","format-standard","has-post-thumbnail","hentry","category-ramadan-iftar","tag-carceme-ramadan","tag-cuisine-algerienne","tag-cuisine-marocaine","tag-cuisine-tunisienne","tag-paques","tag-recettes-mixte"],"yoast_head":"<!-- This site is optimized with the Yoast SEO plugin v28.4 - https:\/\/yoast.com\/product\/yoast-seo-wordpress\/ -->\n<title>Car\u00eame et Ramadan : cuisine commune des chr\u00e9tiens et des mus<\/title>\n<meta name=\"description\" content=\"M\u00ealons les traditions des chr\u00e9tiens et des musulmans pour un repas de P\u00e2ques et de Ramadan uniques. D\u00e9couvrez notre s\u00e9lection de recettes.\" \/>\n<meta name=\"robots\" content=\"index, follow, max-snippet:-1, max-image-preview:large, max-video-preview:-1\" \/>\n<link rel=\"canonical\" href=\"https:\/\/monmaghreb.com\/index.php\/2026\/09\/04\/careme-et-ramadan-cuisine-commune-des-chretiens-et-des-musulmans-des-recettes-pour-tous\/\" \/>\n<meta property=\"og:locale\" content=\"en_US\" \/>\n<meta property=\"og:type\" content=\"article\" \/>\n<meta property=\"og:title\" content=\"Car\u00eame et Ramadan : cuisine commune des chr\u00e9tiens et des musulmans - des recettes pour tous\" \/>\n<meta property=\"og:description\" content=\"M\u00ealons les traditions des chr\u00e9tiens et des musulmans pour un repas de P\u00e2ques et de Ramadan uniques. D\u00e9couvrez notre s\u00e9lection de recettes.\" \/>\n<meta property=\"og:url\" content=\"https:\/\/monmaghreb.com\/index.php\/2026\/09\/04\/careme-et-ramadan-cuisine-commune-des-chretiens-et-des-musulmans-des-recettes-pour-tous\/\" \/>\n<meta property=\"og:site_name\" content=\"Mon Maghreb\" \/>\n<meta property=\"article:author\" content=\"https:\/\/www.facebook.com\/monmaghrebcom\" \/>\n<meta property=\"article:published_time\" content=\"2026-09-04T19:58:31+00:00\" \/>\n<meta property=\"article:modified_time\" content=\"2026-09-04T19:58:45+00:00\" \/>\n<meta property=\"og:image\" content=\"https:\/\/monmaghreb.com\/wp-content\/uploads\/2026\/09\/featured-51.jpg\" \/>\n\t<meta property=\"og:image:width\" content=\"1880\" \/>\n\t<meta property=\"og:image:height\" content=\"1253\" \/>\n\t<meta property=\"og:image:type\" content=\"image\/jpeg\" \/>\n<meta name=\"author\" content=\"LaMagh\" \/>\n<meta name=\"twitter:card\" content=\"summary_large_image\" \/>\n<meta name=\"twitter:creator\" content=\"@MMaghreb50977\" \/>\n<meta name=\"twitter:label1\" content=\"Written by\" \/>\n\t<meta name=\"twitter:data1\" content=\"LaMagh\" \/>\n\t<meta name=\"twitter:label2\" content=\"Est. reading time\" \/>\n\t<meta name=\"twitter:data2\" content=\"6 minutes\" \/>\n<script type=\"application\/ld+json\" class=\"yoast-schema-graph\">{\"@context\":\"https:\\\/\\\/schema.org\",\"@graph\":[{\"@type\":\"Article\",\"@id\":\"https:\\\/\\\/monmaghreb.com\\\/index.php\\\/2026\\\/09\\\/04\\\/careme-et-ramadan-cuisine-commune-des-chretiens-et-des-musulmans-des-recettes-pour-tous\\\/#article\",\"isPartOf\":{\"@id\":\"https:\\\/\\\/monmaghreb.com\\\/index.php\\\/2026\\\/09\\\/04\\\/careme-et-ramadan-cuisine-commune-des-chretiens-et-des-musulmans-des-recettes-pour-tous\\\/\"},\"author\":{\"name\":\"LaMagh\",\"@id\":\"http:\\\/\\\/monmaghreb.com\\\/#\\\/schema\\\/person\\\/c469a89dc8c6b8987dcb438b1200d054\"},\"headline\":\"Car\u00eame et Ramadan : cuisine commune des chr\u00e9tiens et des musulmans &#8211; des recettes pour tous\",\"datePublished\":\"2026-09-04T19:58:31+00:00\",\"dateModified\":\"2026-09-04T19:58:45+00:00\",\"mainEntityOfPage\":{\"@id\":\"https:\\\/\\\/monmaghreb.com\\\/index.php\\\/2026\\\/09\\\/04\\\/careme-et-ramadan-cuisine-commune-des-chretiens-et-des-musulmans-des-recettes-pour-tous\\\/\"},\"wordCount\":1326,\"publisher\":{\"@id\":\"http:\\\/\\\/monmaghreb.com\\\/#organization\"},\"image\":{\"@id\":\"https:\\\/\\\/monmaghreb.com\\\/index.php\\\/2026\\\/09\\\/04\\\/careme-et-ramadan-cuisine-commune-des-chretiens-et-des-musulmans-des-recettes-pour-tous\\\/#primaryimage\"},\"thumbnailUrl\":\"https:\\\/\\\/monmaghreb.com\\\/wp-content\\\/uploads\\\/2026\\\/09\\\/featured-51.jpg\",\"keywords\":[\"carceme ramadan\",\"cuisine alg\u00e9rienne\",\"cuisine marocaine\",\"Cuisine tunisienne\",\"p\u00e2ques\",\"recettes mixte\"],\"articleSection\":[\"Ramadan &amp; Iftar\"],\"inLanguage\":\"en-US\"},{\"@type\":\"WebPage\",\"@id\":\"https:\\\/\\\/monmaghreb.com\\\/index.php\\\/2026\\\/09\\\/04\\\/careme-et-ramadan-cuisine-commune-des-chretiens-et-des-musulmans-des-recettes-pour-tous\\\/\",\"url\":\"https:\\\/\\\/monmaghreb.com\\\/index.php\\\/2026\\\/09\\\/04\\\/careme-et-ramadan-cuisine-commune-des-chretiens-et-des-musulmans-des-recettes-pour-tous\\\/\",\"name\":\"Car\u00eame et Ramadan : cuisine commune des chr\u00e9tiens et des mus\",\"isPartOf\":{\"@id\":\"http:\\\/\\\/monmaghreb.com\\\/#website\"},\"primaryImageOfPage\":{\"@id\":\"https:\\\/\\\/monmaghreb.com\\\/index.php\\\/2026\\\/09\\\/04\\\/careme-et-ramadan-cuisine-commune-des-chretiens-et-des-musulmans-des-recettes-pour-tous\\\/#primaryimage\"},\"image\":{\"@id\":\"https:\\\/\\\/monmaghreb.com\\\/index.php\\\/2026\\\/09\\\/04\\\/careme-et-ramadan-cuisine-commune-des-chretiens-et-des-musulmans-des-recettes-pour-tous\\\/#primaryimage\"},\"thumbnailUrl\":\"https:\\\/\\\/monmaghreb.com\\\/wp-content\\\/uploads\\\/2026\\\/09\\\/featured-51.jpg\",\"datePublished\":\"2026-09-04T19:58:31+00:00\",\"dateModified\":\"2026-09-04T19:58:45+00:00\",\"description\":\"M\u00ealons les traditions des chr\u00e9tiens et des musulmans pour un repas de P\u00e2ques et de Ramadan uniques. D\u00e9couvrez notre s\u00e9lection de recettes.\",\"breadcrumb\":{\"@id\":\"https:\\\/\\\/monmaghreb.com\\\/index.php\\\/2026\\\/09\\\/04\\\/careme-et-ramadan-cuisine-commune-des-chretiens-et-des-musulmans-des-recettes-pour-tous\\\/#breadcrumb\"},\"inLanguage\":\"en-US\",\"potentialAction\":[{\"@type\":\"ReadAction\",\"target\":[\"https:\\\/\\\/monmaghreb.com\\\/index.php\\\/2026\\\/09\\\/04\\\/careme-et-ramadan-cuisine-commune-des-chretiens-et-des-musulmans-des-recettes-pour-tous\\\/\"]}]},{\"@type\":\"ImageObject\",\"inLanguage\":\"en-US\",\"@id\":\"https:\\\/\\\/monmaghreb.com\\\/index.php\\\/2026\\\/09\\\/04\\\/careme-et-ramadan-cuisine-commune-des-chretiens-et-des-musulmans-des-recettes-pour-tous\\\/#primaryimage\",\"url\":\"https:\\\/\\\/monmaghreb.com\\\/wp-content\\\/uploads\\\/2026\\\/09\\\/featured-51.jpg\",\"contentUrl\":\"https:\\\/\\\/monmaghreb.com\\\/wp-content\\\/uploads\\\/2026\\\/09\\\/featured-51.jpg\",\"width\":1880,\"height\":1253,\"caption\":\"Foyer avec des familles musulmanes et chr\u00e9tiennes pr\u00e9parant ensemble une f\u00eate de P\u00e2ques et de Ramadan\"},{\"@type\":\"BreadcrumbList\",\"@id\":\"https:\\\/\\\/monmaghreb.com\\\/index.php\\\/2026\\\/09\\\/04\\\/careme-et-ramadan-cuisine-commune-des-chretiens-et-des-musulmans-des-recettes-pour-tous\\\/#breadcrumb\",\"itemListElement\":[{\"@type\":\"ListItem\",\"position\":1,\"name\":\"Home\",\"item\":\"http:\\\/\\\/monmaghreb.com\\\/\"},{\"@type\":\"ListItem\",\"position\":2,\"name\":\"Car\u00eame et Ramadan : cuisine commune des chr\u00e9tiens et des musulmans &#8211; des recettes pour tous\"}]},{\"@type\":\"WebSite\",\"@id\":\"http:\\\/\\\/monmaghreb.com\\\/#website\",\"url\":\"http:\\\/\\\/monmaghreb.com\\\/\",\"name\":\"Mon Maghreb\",\"description\":\"MonMaghreb United\",\"publisher\":{\"@id\":\"http:\\\/\\\/monmaghreb.com\\\/#organization\"},\"alternateName\":\"Le Monde du Maghreb et au del\u00e0\",\"potentialAction\":[{\"@type\":\"SearchAction\",\"target\":{\"@type\":\"EntryPoint\",\"urlTemplate\":\"http:\\\/\\\/monmaghreb.com\\\/?s={search_term_string}\"},\"query-input\":{\"@type\":\"PropertyValueSpecification\",\"valueRequired\":true,\"valueName\":\"search_term_string\"}}],\"inLanguage\":\"en-US\"},{\"@type\":\"Organization\",\"@id\":\"http:\\\/\\\/monmaghreb.com\\\/#organization\",\"name\":\"Mon Maghreb\",\"url\":\"http:\\\/\\\/monmaghreb.com\\\/\",\"logo\":{\"@type\":\"ImageObject\",\"inLanguage\":\"en-US\",\"@id\":\"http:\\\/\\\/monmaghreb.com\\\/#\\\/schema\\\/logo\\\/image\\\/\",\"url\":\"https:\\\/\\\/monmaghreb.com\\\/wp-content\\\/uploads\\\/2025\\\/12\\\/Mon_Maghreb_Logo.jpg\",\"contentUrl\":\"https:\\\/\\\/monmaghreb.com\\\/wp-content\\\/uploads\\\/2025\\\/12\\\/Mon_Maghreb_Logo.jpg\",\"width\":814,\"height\":374,\"caption\":\"Mon Maghreb\"},\"image\":{\"@id\":\"http:\\\/\\\/monmaghreb.com\\\/#\\\/schema\\\/logo\\\/image\\\/\"}},{\"@type\":\"Person\",\"@id\":\"http:\\\/\\\/monmaghreb.com\\\/#\\\/schema\\\/person\\\/c469a89dc8c6b8987dcb438b1200d054\",\"name\":\"LaMagh\",\"image\":{\"@type\":\"ImageObject\",\"inLanguage\":\"en-US\",\"@id\":\"https:\\\/\\\/secure.gravatar.com\\\/avatar\\\/399d8144bd55fba55e056779aca52fe528bac7911f6449e54d81173d6dfd7f0a?s=96&d=mm&r=g\",\"url\":\"https:\\\/\\\/secure.gravatar.com\\\/avatar\\\/399d8144bd55fba55e056779aca52fe528bac7911f6449e54d81173d6dfd7f0a?s=96&d=mm&r=g\",\"contentUrl\":\"https:\\\/\\\/secure.gravatar.com\\\/avatar\\\/399d8144bd55fba55e056779aca52fe528bac7911f6449e54d81173d6dfd7f0a?s=96&d=mm&r=g\",\"caption\":\"LaMagh\"},\"sameAs\":[\"https:\\\/\\\/monmaghreb.com\",\"https:\\\/\\\/www.facebook.com\\\/monmaghrebcom\",\"https:\\\/\\\/x.com\\\/MMaghreb50977\"],\"url\":\"https:\\\/\\\/monmaghreb.com\\\/index.php\\\/author\\\/lamagh\\\/\"}]}<\/script>\n<!-- \/ Yoast SEO plugin. -->","yoast_head_json":{"title":"Car\u00eame et Ramadan : cuisine commune des chr\u00e9tiens et des mus","description":"M\u00ealons les traditions des chr\u00e9tiens et des musulmans pour un repas de P\u00e2ques et de Ramadan uniques. D\u00e9couvrez notre s\u00e9lection de recettes.","robots":{"index":"index","follow":"follow","max-snippet":"max-snippet:-1","max-image-preview":"max-image-preview:large","max-video-preview":"max-video-preview:-1"},"canonical":"https:\/\/monmaghreb.com\/index.php\/2026\/09\/04\/careme-et-ramadan-cuisine-commune-des-chretiens-et-des-musulmans-des-recettes-pour-tous\/","og_locale":"en_US","og_type":"article","og_title":"Car\u00eame et Ramadan : cuisine commune des chr\u00e9tiens et des musulmans - des recettes pour tous","og_description":"M\u00ealons les traditions des chr\u00e9tiens et des musulmans pour un repas de P\u00e2ques et de Ramadan uniques. D\u00e9couvrez notre s\u00e9lection de recettes.","og_url":"https:\/\/monmaghreb.com\/index.php\/2026\/09\/04\/careme-et-ramadan-cuisine-commune-des-chretiens-et-des-musulmans-des-recettes-pour-tous\/","og_site_name":"Mon Maghreb","article_author":"https:\/\/www.facebook.com\/monmaghrebcom","article_published_time":"2026-09-04T19:58:31+00:00","article_modified_time":"2026-09-04T19:58:45+00:00","og_image":[{"width":1880,"height":1253,"url":"https:\/\/monmaghreb.com\/wp-content\/uploads\/2026\/09\/featured-51.jpg","type":"image\/jpeg"}],"author":"LaMagh","twitter_card":"summary_large_image","twitter_creator":"@MMaghreb50977","twitter_misc":{"Written by":"LaMagh","Est. reading time":"6 minutes"},"schema":{"@context":"https:\/\/schema.org","@graph":[{"@type":"Article","@id":"https:\/\/monmaghreb.com\/index.php\/2026\/09\/04\/careme-et-ramadan-cuisine-commune-des-chretiens-et-des-musulmans-des-recettes-pour-tous\/#article","isPartOf":{"@id":"https:\/\/monmaghreb.com\/index.php\/2026\/09\/04\/careme-et-ramadan-cuisine-commune-des-chretiens-et-des-musulmans-des-recettes-pour-tous\/"},"author":{"name":"LaMagh","@id":"http:\/\/monmaghreb.com\/#\/schema\/person\/c469a89dc8c6b8987dcb438b1200d054"},"headline":"Car\u00eame et Ramadan : cuisine commune des chr\u00e9tiens et des musulmans &#8211; des recettes pour tous","datePublished":"2026-09-04T19:58:31+00:00","dateModified":"2026-09-04T19:58:45+00:00","mainEntityOfPage":{"@id":"https:\/\/monmaghreb.com\/index.php\/2026\/09\/04\/careme-et-ramadan-cuisine-commune-des-chretiens-et-des-musulmans-des-recettes-pour-tous\/"},"wordCount":1326,"publisher":{"@id":"http:\/\/monmaghreb.com\/#organization"},"image":{"@id":"https:\/\/monmaghreb.com\/index.php\/2026\/09\/04\/careme-et-ramadan-cuisine-commune-des-chretiens-et-des-musulmans-des-recettes-pour-tous\/#primaryimage"},"thumbnailUrl":"https:\/\/monmaghreb.com\/wp-content\/uploads\/2026\/09\/featured-51.jpg","keywords":["carceme ramadan","cuisine alg\u00e9rienne","cuisine marocaine","Cuisine tunisienne","p\u00e2ques","recettes mixte"],"articleSection":["Ramadan &amp; Iftar"],"inLanguage":"en-US"},{"@type":"WebPage","@id":"https:\/\/monmaghreb.com\/index.php\/2026\/09\/04\/careme-et-ramadan-cuisine-commune-des-chretiens-et-des-musulmans-des-recettes-pour-tous\/","url":"https:\/\/monmaghreb.com\/index.php\/2026\/09\/04\/careme-et-ramadan-cuisine-commune-des-chretiens-et-des-musulmans-des-recettes-pour-tous\/","name":"Car\u00eame et Ramadan : cuisine commune des chr\u00e9tiens et des mus","isPartOf":{"@id":"http:\/\/monmaghreb.com\/#website"},"primaryImageOfPage":{"@id":"https:\/\/monmaghreb.com\/index.php\/2026\/09\/04\/careme-et-ramadan-cuisine-commune-des-chretiens-et-des-musulmans-des-recettes-pour-tous\/#primaryimage"},"image":{"@id":"https:\/\/monmaghreb.com\/index.php\/2026\/09\/04\/careme-et-ramadan-cuisine-commune-des-chretiens-et-des-musulmans-des-recettes-pour-tous\/#primaryimage"},"thumbnailUrl":"https:\/\/monmaghreb.com\/wp-content\/uploads\/2026\/09\/featured-51.jpg","datePublished":"2026-09-04T19:58:31+00:00","dateModified":"2026-09-04T19:58:45+00:00","description":"M\u00ealons les traditions des chr\u00e9tiens et des musulmans pour un repas de P\u00e2ques et de Ramadan uniques. D\u00e9couvrez notre s\u00e9lection de recettes.","breadcrumb":{"@id":"https:\/\/monmaghreb.com\/index.php\/2026\/09\/04\/careme-et-ramadan-cuisine-commune-des-chretiens-et-des-musulmans-des-recettes-pour-tous\/#breadcrumb"},"inLanguage":"en-US","potentialAction":[{"@type":"ReadAction","target":["https:\/\/monmaghreb.com\/index.php\/2026\/09\/04\/careme-et-ramadan-cuisine-commune-des-chretiens-et-des-musulmans-des-recettes-pour-tous\/"]}]},{"@type":"ImageObject","inLanguage":"en-US","@id":"https:\/\/monmaghreb.com\/index.php\/2026\/09\/04\/careme-et-ramadan-cuisine-commune-des-chretiens-et-des-musulmans-des-recettes-pour-tous\/#primaryimage","url":"https:\/\/monmaghreb.com\/wp-content\/uploads\/2026\/09\/featured-51.jpg","contentUrl":"https:\/\/monmaghreb.com\/wp-content\/uploads\/2026\/09\/featured-51.jpg","width":1880,"height":1253,"caption":"Foyer avec des familles musulmanes et chr\u00e9tiennes pr\u00e9parant ensemble une f\u00eate de P\u00e2ques et de Ramadan"},{"@type":"BreadcrumbList","@id":"https:\/\/monmaghreb.com\/index.php\/2026\/09\/04\/careme-et-ramadan-cuisine-commune-des-chretiens-et-des-musulmans-des-recettes-pour-tous\/#breadcrumb","itemListElement":[{"@type":"ListItem","position":1,"name":"Home","item":"http:\/\/monmaghreb.com\/"},{"@type":"ListItem","position":2,"name":"Car\u00eame et Ramadan : cuisine commune des chr\u00e9tiens et des musulmans &#8211; des recettes pour tous"}]},{"@type":"WebSite","@id":"http:\/\/monmaghreb.com\/#website","url":"http:\/\/monmaghreb.com\/","name":"Mon Maghreb","description":"MonMaghreb United","publisher":{"@id":"http:\/\/monmaghreb.com\/#organization"},"alternateName":"Le Monde du Maghreb et au del\u00e0","potentialAction":[{"@type":"SearchAction","target":{"@type":"EntryPoint","urlTemplate":"http:\/\/monmaghreb.com\/?s={search_term_string}"},"query-input":{"@type":"PropertyValueSpecification","valueRequired":true,"valueName":"search_term_string"}}],"inLanguage":"en-US"},{"@type":"Organization","@id":"http:\/\/monmaghreb.com\/#organization","name":"Mon Maghreb","url":"http:\/\/monmaghreb.com\/","logo":{"@type":"ImageObject","inLanguage":"en-US","@id":"http:\/\/monmaghreb.com\/#\/schema\/logo\/image\/","url":"https:\/\/monmaghreb.com\/wp-content\/uploads\/2025\/12\/Mon_Maghreb_Logo.jpg","contentUrl":"https:\/\/monmaghreb.com\/wp-content\/uploads\/2025\/12\/Mon_Maghreb_Logo.jpg","width":814,"height":374,"caption":"Mon Maghreb"},"image":{"@id":"http:\/\/monmaghreb.com\/#\/schema\/logo\/image\/"}},{"@type":"Person","@id":"http:\/\/monmaghreb.com\/#\/schema\/person\/c469a89dc8c6b8987dcb438b1200d054","name":"LaMagh","image":{"@type":"ImageObject","inLanguage":"en-US","@id":"https:\/\/secure.gravatar.com\/avatar\/399d8144bd55fba55e056779aca52fe528bac7911f6449e54d81173d6dfd7f0a?s=96&d=mm&r=g","url":"https:\/\/secure.gravatar.com\/avatar\/399d8144bd55fba55e056779aca52fe528bac7911f6449e54d81173d6dfd7f0a?s=96&d=mm&r=g","contentUrl":"https:\/\/secure.gravatar.com\/avatar\/399d8144bd55fba55e056779aca52fe528bac7911f6449e54d81173d6dfd7f0a?s=96&d=mm&r=g","caption":"LaMagh"},"sameAs":["https:\/\/monmaghreb.com","https:\/\/www.facebook.com\/monmaghrebcom","https:\/\/x.com\/MMaghreb50977"],"url":"https:\/\/monmaghreb.com\/index.php\/author\/lamagh\/"}]}},"_links":{"self":[{"href":"https:\/\/monmaghreb.com\/index.php\/wp-json\/wp\/v2\/posts\/9641","targetHints":{"allow":["GET"]}}],"collection":[{"href":"https:\/\/monmaghreb.com\/index.php\/wp-json\/wp\/v2\/posts"}],"about":[{"href":"https:\/\/monmaghreb.com\/index.php\/wp-json\/wp\/v2\/types\/post"}],"author":[{"embeddable":true,"href":"https:\/\/monmaghreb.com\/index.php\/wp-json\/wp\/v2\/users\/1"}],"replies":[{"embeddable":true,"href":"https:\/\/monmaghreb.com\/index.php\/wp-json\/wp\/v2\/comments?post=9641"}],"version-history":[{"count":1,"href":"https:\/\/monmaghreb.com\/index.php\/wp-json\/wp\/v2\/posts\/9641\/revisions"}],"predecessor-version":[{"id":9642,"href":"https:\/\/monmaghreb.com\/index.php\/wp-json\/wp\/v2\/posts\/9641\/revisions\/9642"}],"wp:featuredmedia":[{"embeddable":true,"href":"https:\/\/monmaghreb.com\/index.php\/wp-json\/wp\/v2\/media\/9640"}],"wp:attachment":[{"href":"https:\/\/monmaghreb.com\/index.php\/wp-json\/wp\/v2\/media?parent=9641"}],"wp:term":[{"taxonomy":"category","embeddable":true,"href":"https:\/\/monmaghreb.com\/index.php\/wp-json\/wp\/v2\/categories?post=9641"},{"taxonomy":"post_tag","embeddable":true,"href":"https:\/\/monmaghreb.com\/index.php\/wp-json\/wp\/v2\/tags?post=9641"}],"curies":[{"name":"wp","href":"https:\/\/api.w.org\/{rel}","templated":true}]}}