{"id":991,"date":"2026-03-10T18:28:06","date_gmt":"2026-03-10T18:28:06","guid":{"rendered":"https:\/\/monmaghreb.com\/index.php\/2026\/03\/10\/algerie-et-espagne-la-controverse-du-gazoduc-maghreb-europe-en-detail\/"},"modified":"2026-03-10T18:28:10","modified_gmt":"2026-03-10T18:28:10","slug":"algerie-et-espagne-la-controverse-du-gazoduc-maghreb-europe-en-detail","status":"publish","type":"post","link":"https:\/\/monmaghreb.com\/index.php\/2026\/03\/10\/algerie-et-espagne-la-controverse-du-gazoduc-maghreb-europe-en-detail\/","title":{"rendered":"Alg\u00e9rie et Espagne : la controverse du gazoduc Maghreb Europe en d\u00e9tail"},"content":{"rendered":"<p><!DOCTYPE html><br \/>\n<html lang='fr'><br \/>\n<head><br \/>\n  <meta charset='UTF-8'><br \/>\n  <title>La controverse du gazoduc Maghreb Europe<\/title><br \/>\n<\/head><br \/>\n<body><\/p>\n<h1>Alg\u00e9rie et Espagne : la controverse du gazoduc Maghreb Europe en d\u00e9tail<\/h1>\n<p>Les \u00e9changes entre l&#8217;Espagne et l&#8217;<a href=\"https:\/\/monmaghreb.com\/index.php\/2026\/03\/10\/restitution-memorielle-les-armes-de-lemir-abdelkader-bientot-de-retour-en-algerie\/\" title=\"Restitution M\u00e9morielle : Les Armes de l\u2019\u00c9mir Abdelkader Bient\u00f4t de Retour en Alg\u00e9rie\">Alg\u00e9rie<\/a> se sont fortement accentu\u00e9s ces derni\u00e8res ann\u00e9es, notamment dans le domaine \u00e9nerg\u00e9tique. Le projet Gazoduc Maghreb Europe (GME) est \u00e0 la fois un symbole de cette collaboration prosp\u00e8re et d&#8217;une controverse intense. Pourtant, il est important de comprendre l&#8217;origine et l&#8217;objectif de ce gazoduc pour saisir la port\u00e9e de son impact sur les \u00e9conomies alg\u00e9rienne et espagnole.<\/p>\n<h2>L&#8217;origine et l&#8217;objectif du gazoduc<\/h2>\n<p>Le projet du gazoduc Maghreb Europe, \u00e9galement connu sous le nom de Gazalia, a \u00e9t\u00e9 propos\u00e9 pour la premi\u00e8re fois en 2007. \u00c0 l&#8217;\u00e9poque, les gouvernements alg\u00e9rien et espagnol ont vu l&#8217;int\u00e9r\u00eat d&#8217;une coop\u00e9ration \u00e9nerg\u00e9tique renforc\u00e9e entre les deux pays. L&#8217;objectif premier du gazoduc est de faciliter les \u00e9changes d&#8217;hydrocarbures entre l&#8217;Alg\u00e9rie et l&#8217;Espagne, permettant \u00e0 l&#8217;Alg\u00e9rie de diversifier ses exportations en Europe et \u00e0 l&#8217;Espagne de r\u00e9duire son d\u00e9pendance aux autres producteurs de gaz naturel.<\/p>\n<p>En outre, le Gazoduc Maghreb Europe devrait \u00e9galement aider \u00e0 am\u00e9liorer la s\u00e9curit\u00e9 \u00e9nerg\u00e9tique de la r\u00e9gion, en cr\u00e9ant un lien direct entre les deux pays et en renfor\u00e7ant leur capacit\u00e9 \u00e0 g\u00e9rer les fluctuations du march\u00e9 \u00e9nerg\u00e9tique.<\/p>\n<h2>Le processus de conception du gazoduc<\/h2>\n<p>La conception du Gazoduc Maghreb Europe a \u00e9t\u00e9 marqu\u00e9e par une collaboration \u00e9troite entre les gouvernements alg\u00e9rien et espagnol. Les n\u00e9gociations ont commenc\u00e9 en 2007, mais il a fallu plusieurs ann\u00e9es pour aboutir \u00e0 un accord de coop\u00e9ration \u00e9nerg\u00e9tique entre les deux pays, sign\u00e9 officiellement en 2014.<\/p>\n<p>Cependant, le processus a \u00e9t\u00e9 compliqu\u00e9 par des diff\u00e9rences d&#8217;int\u00e9r\u00eats entre les deux parties. Les alg\u00e9riens ont insist\u00e9 pour que leur part dans les revenus du gazoduc soit \u00e9quitablement r\u00e9partie, tandis que les Espagnols se sont inqui\u00e9t\u00e9s de la s\u00e9curit\u00e9 et de l&#8217;environnementalit\u00e9 du projet.<\/p>\n<h2>Les obstacles rencontr\u00e9s<\/h2>\n<p>Un des principaux obstacles au Gazoduc Maghreb Europe a \u00e9t\u00e9 l&#8217;opposition de certaines organisations \u00e9cologiques, qui ont soulev\u00e9 des inqui\u00e9tudes quant aux impacts environnementaux du pipeline. Les pays espagnols ont \u00e9galement fait face \u00e0 des difficult\u00e9s techniques pour la construction du gazoduc.<\/p>\n<p>Le terrain rocailleux et accident\u00e9 du secteur du d\u00e9troit de Gibraltar a \u00e9t\u00e9 particuli\u00e8rement difficile \u00e0 traverser, n\u00e9cessitant une infrastructure co\u00fbteuse. De plus, les autorit\u00e9s espagnoles ont soulev\u00e9 des inqui\u00e9tudes quant \u00e0 la s\u00e9curit\u00e9 du gazoduc, notamment en ce qui concerne le risque de sabotage.<\/p>\n<h2>Le statut actuel du projet<\/h2>\n<p>Bien que le Gazoduc Maghreb Europe soit officiellement en construction depuis 2018, son avancement a \u00e9t\u00e9 lent. Les difficult\u00e9s techniques, financi\u00e8res et politiques ont retard\u00e9 plusieurs phases du pipeline.<\/p>\n<p>Cependant, le projet a fait une premi\u00e8re \u00e9tape importante en 2020 avec la mise en service d&#8217;un court segment entre le Maroc et l&#8217;Espagne. Cependant, la section alg\u00e9ro-marocaine reste encore inachev\u00e9e.<\/p>\n<h2>Quelles sont les cons\u00e9quences de ce retard?<\/h2>\n<p>Le retard du Gazoduc Maghreb Europe a eu des cons\u00e9quences n\u00e9gatives pour les \u00e9conomies alg\u00e9rienne et espagnole. L&#8217;Alg\u00e9rie a vu ses exportations d&#8217;hydrocarbures diminuer en Europe, alors que l&#8217;Espagne a continu\u00e9 \u00e0 souffrir de sa d\u00e9pendance aux autres pays producteurs.<\/p>\n<p>De plus, le retard du Gazoduc Maghreb Europe a \u00e9t\u00e9 utilis\u00e9 par certains acteurs politiques pour justifier des accusations de corruption et de mauvaise gestion des ressources \u00e9nerg\u00e9tiques alg\u00e9riennes.<\/p>\n<h2>Appel \u00e0 l&#8217;action<\/h2>\n<p>Les citoyens maghr\u00e9bins de la diaspora ont un r\u00f4le important \u00e0 jouer dans le processus du Gazoduc Maghreb Europe. Vous pouvez contacter vos \u00e9lus locaux et nationaux pour exprimer votre opinion sur ce projet, ainsi que les cons\u00e9quences n\u00e9gatives qu&#8217;il a pu avoir jusqu&#8217;\u00e0 pr\u00e9sent.<\/p>\n<p>En tant que citoyens engag\u00e9s, vous pouvez \u00e9galement soutenir des organisations \u00e9cologiques qui s&#8217;opposent aux projets d&#8217;infrastructure \u00e9nerg\u00e9tique jug\u00e9s n\u00e9fastes pour l&#8217;environnement. Ensemble, nous pouvons cr\u00e9er un changement positif dans le domaine de l&#8217;\u00e9nergie et favoriser une transition durable vers les \u00e9nergies renouvelables.<\/p>\n<div style=\"background:#f8f9fa;border-left:4px solid #0066cc;border-radius:6px;padding:20px 24px;margin:32px 0;\">\n<p style=\"font-size:13px;color:#888;text-transform:uppercase;letter-spacing:0.8px;margin:0 0 6px 0;\">Vous pourriez aussi aimer<\/p>\n<h3 style=\"font-size:18px;margin:0 0 14px 0;color:#222;\">Articles similaires<\/h3>\n<ul style=\"margin:0;padding-left:20px;list-style:disc;\">\n<li style=\"margin-bottom:10px;\"><a href=\"https:\/\/monmaghreb.com\/index.php\/2026\/03\/10\/restitution-memorielle-les-armes-de-lemir-abdelkader-bientot-de-retour-en-algerie\/\" style=\"color:#0066cc;text-decoration:none;font-weight:500;\" title=\"Restitution M\u00e9morielle : Les Armes de l\u2019\u00c9mir Abdelkader Bient\u00f4t de Retour en Alg\u00e9rie\">Restitution M\u00e9morielle : Les Armes de l\u2019\u00c9mir Abdelkader Bient\u00f4t de Retour en Alg\u00e9rie<\/a><\/li>\n<li style=\"margin-bottom:10px;\"><a href=\"https:\/\/monmaghreb.com\/index.php\/2026\/03\/08\/le-maroc-nouveau-rival-du-tourisme-du-maghreb-en-france-en-2025-un-appel-aux-lecteurs-de-la-diaspora\/\" style=\"color:#0066cc;text-decoration:none;font-weight:500;\" title=\"Le Maroc, nouveau rival du tourisme du Maghreb en France en 2025 : un appel aux lecteurs de la diaspora\">Le Maroc, nouveau rival du tourisme du Maghreb en France en 2025 : un appel aux lecteurs de la diaspora<\/a><\/li>\n<li style=\"margin-bottom:10px;\"><a href=\"https:\/\/monmaghreb.com\/index.php\/2026\/03\/07\/les-remedes-naturels-du-maghreb-transmis-de-generation-en-generation\/\" style=\"color:#0066cc;text-decoration:none;font-weight:500;\" title=\"Les rem\u00e8des naturels du Maghreb transmis de g\u00e9n\u00e9ration en g\u00e9n\u00e9ration\">Les rem\u00e8des naturels du Maghreb transmis de g\u00e9n\u00e9ration en g\u00e9n\u00e9ration<\/a><\/li>\n<li style=\"margin-bottom:10px;\"><a href=\"https:\/\/monmaghreb.com\/index.php\/2026\/03\/07\/les-plages-les-plus-belles-dalgerie-a-visiter-cet-ete\/\" style=\"color:#0066cc;text-decoration:none;font-weight:500;\" title=\"Les plages les plus belles d&#8217;Alg\u00e9rie \u00e0 visiter cet \u00e9t\u00e9\">Les plages les plus belles d&#8217;Alg\u00e9rie \u00e0 visiter cet \u00e9t\u00e9<\/a><\/li>\n<li style=\"margin-bottom:10px;\"><a href=\"https:\/\/monmaghreb.com\/index.php\/2026\/03\/07\/les-hammams-du-maghreb-un-rituel-de-bien-etre-ancestral\/\" style=\"color:#0066cc;text-decoration:none;font-weight:500;\" title=\"Les hammams du Maghreb : un rituel de bien-\u00eatre ancestral\">Les hammams du Maghreb : un rituel de bien-\u00eatre ancestral<\/a><\/li>\n<\/ul>\n<\/div>\n<p><\/body><br \/>\n<\/html><\/p>\n","protected":false},"excerpt":{"rendered":"<p>D\u00e9couvrez la controverse autour du Gazoduc Maghreb Europe, un projet d&#8217;\u00e9changes \u00e9nerg\u00e9tiques entre l&#8217;Alg\u00e9rie et l&#8217;Espagne. Une collaboration prosp\u00e8re mais aussi<\/p>\n","protected":false},"author":1,"featured_media":990,"comment_status":"closed","ping_status":"open","sticky":false,"template":"","format":"standard","meta":{"_yoast_wpseo_focuskw":"","_yoast_wpseo_title":"","_yoast_wpseo_metadesc":"","_yoast_wpseo_canonical":"","_yoast_wpseo_opengraph-title":"","_yoast_wpseo_opengraph-description":"","_yoast_wpseo_opengraph-image":"","tdm_status":"","tdm_grid_status":"","footnotes":""},"categories":[508],"tags":[739,735,736,738,737],"class_list":["post-991","post","type-post","status-publish","format-standard","has-post-thumbnail","hentry","category-algerie","tag-affaires-internationales","tag-algerie-espagne","tag-energie","tag-maghreb-europe","tag-politique"],"yoast_head":"<!-- This site is optimized with the Yoast SEO plugin v27.4 - https:\/\/yoast.com\/product\/yoast-seo-wordpress\/ -->\n<title>Alg\u00e9rie et Espagne : la controverse du gazoduc Maghreb Europe en d\u00e9tail - Mon Maghreb<\/title>\n<meta name=\"robots\" content=\"index, follow, max-snippet:-1, max-image-preview:large, max-video-preview:-1\" \/>\n<link rel=\"canonical\" href=\"https:\/\/monmaghreb.com\/index.php\/2026\/03\/10\/algerie-et-espagne-la-controverse-du-gazoduc-maghreb-europe-en-detail\/\" \/>\n<meta property=\"og:locale\" content=\"en_US\" \/>\n<meta property=\"og:type\" content=\"article\" \/>\n<meta property=\"og:title\" content=\"Alg\u00e9rie et Espagne : la controverse du gazoduc Maghreb Europe en d\u00e9tail - Mon Maghreb\" \/>\n<meta property=\"og:description\" content=\"D\u00e9couvrez la controverse autour du Gazoduc Maghreb Europe, un projet d&#039;\u00e9changes \u00e9nerg\u00e9tiques entre l&#039;Alg\u00e9rie et l&#039;Espagne. Une collaboration prosp\u00e8re mais aussi\" \/>\n<meta property=\"og:url\" content=\"https:\/\/monmaghreb.com\/index.php\/2026\/03\/10\/algerie-et-espagne-la-controverse-du-gazoduc-maghreb-europe-en-detail\/\" \/>\n<meta property=\"og:site_name\" content=\"Mon Maghreb\" \/>\n<meta property=\"article:author\" content=\"https:\/\/www.facebook.com\/monmaghrebcom\" \/>\n<meta property=\"article:published_time\" content=\"2026-03-10T18:28:06+00:00\" \/>\n<meta property=\"article:modified_time\" content=\"2026-03-10T18:28:10+00:00\" \/>\n<meta property=\"og:image\" content=\"https:\/\/monmaghreb.com\/wp-content\/uploads\/2026\/03\/featured-47.jpg\" \/>\n\t<meta property=\"og:image:width\" content=\"1880\" \/>\n\t<meta property=\"og:image:height\" content=\"1253\" \/>\n\t<meta property=\"og:image:type\" content=\"image\/jpeg\" \/>\n<meta name=\"author\" content=\"LaMagh\" \/>\n<meta name=\"twitter:card\" content=\"summary_large_image\" \/>\n<meta name=\"twitter:creator\" content=\"@MMaghreb50977\" \/>\n<meta name=\"twitter:label1\" content=\"Written by\" \/>\n\t<meta name=\"twitter:data1\" content=\"LaMagh\" \/>\n\t<meta name=\"twitter:label2\" content=\"Est. reading time\" \/>\n\t<meta name=\"twitter:data2\" content=\"4 minutes\" \/>\n<script type=\"application\/ld+json\" class=\"yoast-schema-graph\">{\"@context\":\"https:\\\/\\\/schema.org\",\"@graph\":[{\"@type\":\"Article\",\"@id\":\"https:\\\/\\\/monmaghreb.com\\\/index.php\\\/2026\\\/03\\\/10\\\/algerie-et-espagne-la-controverse-du-gazoduc-maghreb-europe-en-detail\\\/#article\",\"isPartOf\":{\"@id\":\"https:\\\/\\\/monmaghreb.com\\\/index.php\\\/2026\\\/03\\\/10\\\/algerie-et-espagne-la-controverse-du-gazoduc-maghreb-europe-en-detail\\\/\"},\"author\":{\"name\":\"LaMagh\",\"@id\":\"http:\\\/\\\/monmaghreb.com\\\/#\\\/schema\\\/person\\\/c469a89dc8c6b8987dcb438b1200d054\"},\"headline\":\"Alg\u00e9rie et Espagne : la controverse du gazoduc Maghreb Europe en d\u00e9tail\",\"datePublished\":\"2026-03-10T18:28:06+00:00\",\"dateModified\":\"2026-03-10T18:28:10+00:00\",\"mainEntityOfPage\":{\"@id\":\"https:\\\/\\\/monmaghreb.com\\\/index.php\\\/2026\\\/03\\\/10\\\/algerie-et-espagne-la-controverse-du-gazoduc-maghreb-europe-en-detail\\\/\"},\"wordCount\":796,\"publisher\":{\"@id\":\"http:\\\/\\\/monmaghreb.com\\\/#organization\"},\"image\":{\"@id\":\"https:\\\/\\\/monmaghreb.com\\\/index.php\\\/2026\\\/03\\\/10\\\/algerie-et-espagne-la-controverse-du-gazoduc-maghreb-europe-en-detail\\\/#primaryimage\"},\"thumbnailUrl\":\"https:\\\/\\\/monmaghreb.com\\\/wp-content\\\/uploads\\\/2026\\\/03\\\/featured-47.jpg\",\"keywords\":[\"affaires internationales\",\"alg\u00e9rie espagne\",\"\u00e9nergie\",\"maghreb europe\",\"politique\"],\"articleSection\":[\"Alg\u00e9rie\"],\"inLanguage\":\"en-US\"},{\"@type\":\"WebPage\",\"@id\":\"https:\\\/\\\/monmaghreb.com\\\/index.php\\\/2026\\\/03\\\/10\\\/algerie-et-espagne-la-controverse-du-gazoduc-maghreb-europe-en-detail\\\/\",\"url\":\"https:\\\/\\\/monmaghreb.com\\\/index.php\\\/2026\\\/03\\\/10\\\/algerie-et-espagne-la-controverse-du-gazoduc-maghreb-europe-en-detail\\\/\",\"name\":\"Alg\u00e9rie et Espagne : la controverse du gazoduc Maghreb Europe en d\u00e9tail - Mon Maghreb\",\"isPartOf\":{\"@id\":\"http:\\\/\\\/monmaghreb.com\\\/#website\"},\"primaryImageOfPage\":{\"@id\":\"https:\\\/\\\/monmaghreb.com\\\/index.php\\\/2026\\\/03\\\/10\\\/algerie-et-espagne-la-controverse-du-gazoduc-maghreb-europe-en-detail\\\/#primaryimage\"},\"image\":{\"@id\":\"https:\\\/\\\/monmaghreb.com\\\/index.php\\\/2026\\\/03\\\/10\\\/algerie-et-espagne-la-controverse-du-gazoduc-maghreb-europe-en-detail\\\/#primaryimage\"},\"thumbnailUrl\":\"https:\\\/\\\/monmaghreb.com\\\/wp-content\\\/uploads\\\/2026\\\/03\\\/featured-47.jpg\",\"datePublished\":\"2026-03-10T18:28:06+00:00\",\"dateModified\":\"2026-03-10T18:28:10+00:00\",\"breadcrumb\":{\"@id\":\"https:\\\/\\\/monmaghreb.com\\\/index.php\\\/2026\\\/03\\\/10\\\/algerie-et-espagne-la-controverse-du-gazoduc-maghreb-europe-en-detail\\\/#breadcrumb\"},\"inLanguage\":\"en-US\",\"potentialAction\":[{\"@type\":\"ReadAction\",\"target\":[\"https:\\\/\\\/monmaghreb.com\\\/index.php\\\/2026\\\/03\\\/10\\\/algerie-et-espagne-la-controverse-du-gazoduc-maghreb-europe-en-detail\\\/\"]}]},{\"@type\":\"ImageObject\",\"inLanguage\":\"en-US\",\"@id\":\"https:\\\/\\\/monmaghreb.com\\\/index.php\\\/2026\\\/03\\\/10\\\/algerie-et-espagne-la-controverse-du-gazoduc-maghreb-europe-en-detail\\\/#primaryimage\",\"url\":\"https:\\\/\\\/monmaghreb.com\\\/wp-content\\\/uploads\\\/2026\\\/03\\\/featured-47.jpg\",\"contentUrl\":\"https:\\\/\\\/monmaghreb.com\\\/wp-content\\\/uploads\\\/2026\\\/03\\\/featured-47.jpg\",\"width\":1880,\"height\":1253,\"caption\":\"Gazoduc Maghreb Europe - Alg\u00e9rie et Espagne ennemi jumel\u00e9 pour la construction d'un gazoduc transfrontalier\"},{\"@type\":\"BreadcrumbList\",\"@id\":\"https:\\\/\\\/monmaghreb.com\\\/index.php\\\/2026\\\/03\\\/10\\\/algerie-et-espagne-la-controverse-du-gazoduc-maghreb-europe-en-detail\\\/#breadcrumb\",\"itemListElement\":[{\"@type\":\"ListItem\",\"position\":1,\"name\":\"Home\",\"item\":\"http:\\\/\\\/monmaghreb.com\\\/\"},{\"@type\":\"ListItem\",\"position\":2,\"name\":\"Alg\u00e9rie et Espagne : la controverse du gazoduc Maghreb Europe en d\u00e9tail\"}]},{\"@type\":\"WebSite\",\"@id\":\"http:\\\/\\\/monmaghreb.com\\\/#website\",\"url\":\"http:\\\/\\\/monmaghreb.com\\\/\",\"name\":\"Mon Maghreb\",\"description\":\"MonMaghreb United\",\"publisher\":{\"@id\":\"http:\\\/\\\/monmaghreb.com\\\/#organization\"},\"alternateName\":\"Le Monde du Maghreb et au del\u00e0\",\"potentialAction\":[{\"@type\":\"SearchAction\",\"target\":{\"@type\":\"EntryPoint\",\"urlTemplate\":\"http:\\\/\\\/monmaghreb.com\\\/?s={search_term_string}\"},\"query-input\":{\"@type\":\"PropertyValueSpecification\",\"valueRequired\":true,\"valueName\":\"search_term_string\"}}],\"inLanguage\":\"en-US\"},{\"@type\":\"Organization\",\"@id\":\"http:\\\/\\\/monmaghreb.com\\\/#organization\",\"name\":\"Mon Maghreb\",\"url\":\"http:\\\/\\\/monmaghreb.com\\\/\",\"logo\":{\"@type\":\"ImageObject\",\"inLanguage\":\"en-US\",\"@id\":\"http:\\\/\\\/monmaghreb.com\\\/#\\\/schema\\\/logo\\\/image\\\/\",\"url\":\"https:\\\/\\\/monmaghreb.com\\\/wp-content\\\/uploads\\\/2025\\\/12\\\/Mon_Maghreb_Logo.jpg\",\"contentUrl\":\"https:\\\/\\\/monmaghreb.com\\\/wp-content\\\/uploads\\\/2025\\\/12\\\/Mon_Maghreb_Logo.jpg\",\"width\":814,\"height\":374,\"caption\":\"Mon Maghreb\"},\"image\":{\"@id\":\"http:\\\/\\\/monmaghreb.com\\\/#\\\/schema\\\/logo\\\/image\\\/\"}},{\"@type\":\"Person\",\"@id\":\"http:\\\/\\\/monmaghreb.com\\\/#\\\/schema\\\/person\\\/c469a89dc8c6b8987dcb438b1200d054\",\"name\":\"LaMagh\",\"image\":{\"@type\":\"ImageObject\",\"inLanguage\":\"en-US\",\"@id\":\"https:\\\/\\\/secure.gravatar.com\\\/avatar\\\/399d8144bd55fba55e056779aca52fe528bac7911f6449e54d81173d6dfd7f0a?s=96&d=mm&r=g\",\"url\":\"https:\\\/\\\/secure.gravatar.com\\\/avatar\\\/399d8144bd55fba55e056779aca52fe528bac7911f6449e54d81173d6dfd7f0a?s=96&d=mm&r=g\",\"contentUrl\":\"https:\\\/\\\/secure.gravatar.com\\\/avatar\\\/399d8144bd55fba55e056779aca52fe528bac7911f6449e54d81173d6dfd7f0a?s=96&d=mm&r=g\",\"caption\":\"LaMagh\"},\"sameAs\":[\"https:\\\/\\\/monmaghreb.com\",\"https:\\\/\\\/www.facebook.com\\\/monmaghrebcom\",\"https:\\\/\\\/x.com\\\/MMaghreb50977\"],\"url\":\"https:\\\/\\\/monmaghreb.com\\\/index.php\\\/author\\\/lamagh\\\/\"}]}<\/script>\n<!-- \/ Yoast SEO plugin. -->","yoast_head_json":{"title":"Alg\u00e9rie et Espagne : la controverse du gazoduc Maghreb Europe en d\u00e9tail - Mon Maghreb","robots":{"index":"index","follow":"follow","max-snippet":"max-snippet:-1","max-image-preview":"max-image-preview:large","max-video-preview":"max-video-preview:-1"},"canonical":"https:\/\/monmaghreb.com\/index.php\/2026\/03\/10\/algerie-et-espagne-la-controverse-du-gazoduc-maghreb-europe-en-detail\/","og_locale":"en_US","og_type":"article","og_title":"Alg\u00e9rie et Espagne : la controverse du gazoduc Maghreb Europe en d\u00e9tail - Mon Maghreb","og_description":"D\u00e9couvrez la controverse autour du Gazoduc Maghreb Europe, un projet d'\u00e9changes \u00e9nerg\u00e9tiques entre l'Alg\u00e9rie et l'Espagne. Une collaboration prosp\u00e8re mais aussi","og_url":"https:\/\/monmaghreb.com\/index.php\/2026\/03\/10\/algerie-et-espagne-la-controverse-du-gazoduc-maghreb-europe-en-detail\/","og_site_name":"Mon Maghreb","article_author":"https:\/\/www.facebook.com\/monmaghrebcom","article_published_time":"2026-03-10T18:28:06+00:00","article_modified_time":"2026-03-10T18:28:10+00:00","og_image":[{"width":1880,"height":1253,"url":"https:\/\/monmaghreb.com\/wp-content\/uploads\/2026\/03\/featured-47.jpg","type":"image\/jpeg"}],"author":"LaMagh","twitter_card":"summary_large_image","twitter_creator":"@MMaghreb50977","twitter_misc":{"Written by":"LaMagh","Est. reading time":"4 minutes"},"schema":{"@context":"https:\/\/schema.org","@graph":[{"@type":"Article","@id":"https:\/\/monmaghreb.com\/index.php\/2026\/03\/10\/algerie-et-espagne-la-controverse-du-gazoduc-maghreb-europe-en-detail\/#article","isPartOf":{"@id":"https:\/\/monmaghreb.com\/index.php\/2026\/03\/10\/algerie-et-espagne-la-controverse-du-gazoduc-maghreb-europe-en-detail\/"},"author":{"name":"LaMagh","@id":"http:\/\/monmaghreb.com\/#\/schema\/person\/c469a89dc8c6b8987dcb438b1200d054"},"headline":"Alg\u00e9rie et Espagne : la controverse du gazoduc Maghreb Europe en d\u00e9tail","datePublished":"2026-03-10T18:28:06+00:00","dateModified":"2026-03-10T18:28:10+00:00","mainEntityOfPage":{"@id":"https:\/\/monmaghreb.com\/index.php\/2026\/03\/10\/algerie-et-espagne-la-controverse-du-gazoduc-maghreb-europe-en-detail\/"},"wordCount":796,"publisher":{"@id":"http:\/\/monmaghreb.com\/#organization"},"image":{"@id":"https:\/\/monmaghreb.com\/index.php\/2026\/03\/10\/algerie-et-espagne-la-controverse-du-gazoduc-maghreb-europe-en-detail\/#primaryimage"},"thumbnailUrl":"https:\/\/monmaghreb.com\/wp-content\/uploads\/2026\/03\/featured-47.jpg","keywords":["affaires internationales","alg\u00e9rie espagne","\u00e9nergie","maghreb europe","politique"],"articleSection":["Alg\u00e9rie"],"inLanguage":"en-US"},{"@type":"WebPage","@id":"https:\/\/monmaghreb.com\/index.php\/2026\/03\/10\/algerie-et-espagne-la-controverse-du-gazoduc-maghreb-europe-en-detail\/","url":"https:\/\/monmaghreb.com\/index.php\/2026\/03\/10\/algerie-et-espagne-la-controverse-du-gazoduc-maghreb-europe-en-detail\/","name":"Alg\u00e9rie et Espagne : la controverse du gazoduc Maghreb Europe en d\u00e9tail - Mon Maghreb","isPartOf":{"@id":"http:\/\/monmaghreb.com\/#website"},"primaryImageOfPage":{"@id":"https:\/\/monmaghreb.com\/index.php\/2026\/03\/10\/algerie-et-espagne-la-controverse-du-gazoduc-maghreb-europe-en-detail\/#primaryimage"},"image":{"@id":"https:\/\/monmaghreb.com\/index.php\/2026\/03\/10\/algerie-et-espagne-la-controverse-du-gazoduc-maghreb-europe-en-detail\/#primaryimage"},"thumbnailUrl":"https:\/\/monmaghreb.com\/wp-content\/uploads\/2026\/03\/featured-47.jpg","datePublished":"2026-03-10T18:28:06+00:00","dateModified":"2026-03-10T18:28:10+00:00","breadcrumb":{"@id":"https:\/\/monmaghreb.com\/index.php\/2026\/03\/10\/algerie-et-espagne-la-controverse-du-gazoduc-maghreb-europe-en-detail\/#breadcrumb"},"inLanguage":"en-US","potentialAction":[{"@type":"ReadAction","target":["https:\/\/monmaghreb.com\/index.php\/2026\/03\/10\/algerie-et-espagne-la-controverse-du-gazoduc-maghreb-europe-en-detail\/"]}]},{"@type":"ImageObject","inLanguage":"en-US","@id":"https:\/\/monmaghreb.com\/index.php\/2026\/03\/10\/algerie-et-espagne-la-controverse-du-gazoduc-maghreb-europe-en-detail\/#primaryimage","url":"https:\/\/monmaghreb.com\/wp-content\/uploads\/2026\/03\/featured-47.jpg","contentUrl":"https:\/\/monmaghreb.com\/wp-content\/uploads\/2026\/03\/featured-47.jpg","width":1880,"height":1253,"caption":"Gazoduc Maghreb Europe - Alg\u00e9rie et Espagne ennemi jumel\u00e9 pour la construction d'un gazoduc transfrontalier"},{"@type":"BreadcrumbList","@id":"https:\/\/monmaghreb.com\/index.php\/2026\/03\/10\/algerie-et-espagne-la-controverse-du-gazoduc-maghreb-europe-en-detail\/#breadcrumb","itemListElement":[{"@type":"ListItem","position":1,"name":"Home","item":"http:\/\/monmaghreb.com\/"},{"@type":"ListItem","position":2,"name":"Alg\u00e9rie et Espagne : la controverse du gazoduc Maghreb Europe en d\u00e9tail"}]},{"@type":"WebSite","@id":"http:\/\/monmaghreb.com\/#website","url":"http:\/\/monmaghreb.com\/","name":"Mon Maghreb","description":"MonMaghreb United","publisher":{"@id":"http:\/\/monmaghreb.com\/#organization"},"alternateName":"Le Monde du Maghreb et au del\u00e0","potentialAction":[{"@type":"SearchAction","target":{"@type":"EntryPoint","urlTemplate":"http:\/\/monmaghreb.com\/?s={search_term_string}"},"query-input":{"@type":"PropertyValueSpecification","valueRequired":true,"valueName":"search_term_string"}}],"inLanguage":"en-US"},{"@type":"Organization","@id":"http:\/\/monmaghreb.com\/#organization","name":"Mon Maghreb","url":"http:\/\/monmaghreb.com\/","logo":{"@type":"ImageObject","inLanguage":"en-US","@id":"http:\/\/monmaghreb.com\/#\/schema\/logo\/image\/","url":"https:\/\/monmaghreb.com\/wp-content\/uploads\/2025\/12\/Mon_Maghreb_Logo.jpg","contentUrl":"https:\/\/monmaghreb.com\/wp-content\/uploads\/2025\/12\/Mon_Maghreb_Logo.jpg","width":814,"height":374,"caption":"Mon Maghreb"},"image":{"@id":"http:\/\/monmaghreb.com\/#\/schema\/logo\/image\/"}},{"@type":"Person","@id":"http:\/\/monmaghreb.com\/#\/schema\/person\/c469a89dc8c6b8987dcb438b1200d054","name":"LaMagh","image":{"@type":"ImageObject","inLanguage":"en-US","@id":"https:\/\/secure.gravatar.com\/avatar\/399d8144bd55fba55e056779aca52fe528bac7911f6449e54d81173d6dfd7f0a?s=96&d=mm&r=g","url":"https:\/\/secure.gravatar.com\/avatar\/399d8144bd55fba55e056779aca52fe528bac7911f6449e54d81173d6dfd7f0a?s=96&d=mm&r=g","contentUrl":"https:\/\/secure.gravatar.com\/avatar\/399d8144bd55fba55e056779aca52fe528bac7911f6449e54d81173d6dfd7f0a?s=96&d=mm&r=g","caption":"LaMagh"},"sameAs":["https:\/\/monmaghreb.com","https:\/\/www.facebook.com\/monmaghrebcom","https:\/\/x.com\/MMaghreb50977"],"url":"https:\/\/monmaghreb.com\/index.php\/author\/lamagh\/"}]}},"_links":{"self":[{"href":"https:\/\/monmaghreb.com\/index.php\/wp-json\/wp\/v2\/posts\/991","targetHints":{"allow":["GET"]}}],"collection":[{"href":"https:\/\/monmaghreb.com\/index.php\/wp-json\/wp\/v2\/posts"}],"about":[{"href":"https:\/\/monmaghreb.com\/index.php\/wp-json\/wp\/v2\/types\/post"}],"author":[{"embeddable":true,"href":"https:\/\/monmaghreb.com\/index.php\/wp-json\/wp\/v2\/users\/1"}],"replies":[{"embeddable":true,"href":"https:\/\/monmaghreb.com\/index.php\/wp-json\/wp\/v2\/comments?post=991"}],"version-history":[{"count":1,"href":"https:\/\/monmaghreb.com\/index.php\/wp-json\/wp\/v2\/posts\/991\/revisions"}],"predecessor-version":[{"id":992,"href":"https:\/\/monmaghreb.com\/index.php\/wp-json\/wp\/v2\/posts\/991\/revisions\/992"}],"wp:featuredmedia":[{"embeddable":true,"href":"https:\/\/monmaghreb.com\/index.php\/wp-json\/wp\/v2\/media\/990"}],"wp:attachment":[{"href":"https:\/\/monmaghreb.com\/index.php\/wp-json\/wp\/v2\/media?parent=991"}],"wp:term":[{"taxonomy":"category","embeddable":true,"href":"https:\/\/monmaghreb.com\/index.php\/wp-json\/wp\/v2\/categories?post=991"},{"taxonomy":"post_tag","embeddable":true,"href":"https:\/\/monmaghreb.com\/index.php\/wp-json\/wp\/v2\/tags?post=991"}],"curies":[{"name":"wp","href":"https:\/\/api.w.org\/{rel}","templated":true}]}}